{"id":15340,"date":"2022-02-04T13:06:00","date_gmt":"2022-02-04T12:06:00","guid":{"rendered":"https:\/\/beautytherapy.absolution-cosmetics.com\/solution-pores-dilates\/"},"modified":"2024-03-04T11:07:39","modified_gmt":"2024-03-04T10:07:39","slug":"natural-solution-for-open-pores","status":"publish","type":"post","link":"https:\/\/beautytherapy.absolution-cosmetics.com\/en\/take-care-of-your-skin\/natural-solution-for-open-pores\/","title":{"rendered":"Open pores: how to deal with them naturally!"},"content":{"rendered":"<section class=\"block-grid-wrapper block-grid-for-core-paragraph\">\n      <div class=\"default-editor-content grid-for-core-paragraph container-fluid container-px-1\">\n        <div class=\"row row-cols-1 align-center\">\n          <div class=\"cell\">\n            \n<p>Pores are tiny openings in the skin from which sebum and sweat are secreted to the skin surface. If you have dry skin, your pores are probably invisible, but if you have combination or oily skin, it&#8217;s quite a different matter\u2026&nbsp;We talk about &#8220;dilated pores&#8221; or &#8220;open pores&#8221; when they are clearly visible to the naked eye. And while the size of your pores is largely determined by genetics, they may also look larger if they become clogged due to a combination of excess sebum and dead cells. The good news is that there are natural ways to tighten them!<\/p>\n          <\/div>\n        <\/div>\n      <\/div>\n\n      <\/section>\n\n<section class=\"block-grid-wrapper block-grid-for-core-heading\">\n      <div class=\"default-editor-content grid-for-core-heading container-fluid container-px-1\">\n        <div class=\"row row-cols-1 align-center\">\n          <div class=\"cell\">\n            \n<h2 class=\"wp-block-heading\">What causes open pores?<\/h2>\n          <\/div>\n        <\/div>\n      <\/div>\n\n      <\/section>\n\n<section class=\"block-grid-wrapper block-grid-for-core-paragraph\">\n      <div class=\"default-editor-content grid-for-core-paragraph container-fluid container-px-1\">\n        <div class=\"row row-cols-1 align-center\">\n          <div class=\"cell\">\n            \n<p>Before you start seeking radical solutions to deal with open pores, it&#8217;s important to remember that the appearance of skin pores is mostly down to genetics, although other factors may cause them to become dilated.&nbsp;The most common of these are:<\/p>\n          <\/div>\n        <\/div>\n      <\/div>\n\n      <\/section>\n\n<section class=\"block-grid-wrapper block-grid-for-core-list\">\n      <div class=\"default-editor-content grid-for-core-list container-fluid container-px-1\">\n        <div class=\"row row-cols-1 align-center\">\n          <div class=\"cell\">\n            \n<ul class=\"is-style-list-with-line wp-block-list\">\n<li>a high level of sebum production;<\/li>\n\n\n\n<li>a reduction in skin elasticity;<\/li>\n\n\n\n<li>chronic acne;<\/li>\n\n\n\n<li>hormonal changes at different times in life (puberty, pregnancy, menstruation, menopause, etc.);<\/li>\n\n\n\n<li>skin damage due to sun exposure or smoking;<\/li>\n\n\n\n<li>radiation burn, also known as radiation dermatitis \u2013 damage to the skin as a result of radiotherapy treatments for cancer;<\/li>\n\n\n\n<li>Vitamin A deficiency.<\/li>\n<\/ul>\n          <\/div>\n        <\/div>\n      <\/div>\n\n      <\/section>\n\n<section class=\"block-grid-wrapper block-grid-for-core-paragraph\">\n      <div class=\"default-editor-content grid-for-core-paragraph container-fluid container-px-1\">\n        <div class=\"row row-cols-1 align-center\">\n          <div class=\"cell\">\n            \n<p>Dilated pores are usually most visible on the nose, as sebaceous glands are larger in this part of the face.&nbsp;Because sebum production is higher here, the skin looks greasy \u2013 and this can make pores look even bigger. Many conventional makeup products will also clog pores, especially if you haven&#8217;t removed makeup and cleansed your skin correctly.&nbsp;It&#8217;s also worth noting that people who suffer from cystic acne are more likely to have very large pores, as the cysts that occur as a result of this skin condition can cause pores to stretch.<\/p>\n          <\/div>\n        <\/div>\n      <\/div>\n\n      <\/section>\n\n<section class=\"block-grid-wrapper block-grid-for-core-heading\">\n      <div class=\"default-editor-content grid-for-core-heading container-fluid container-px-1\">\n        <div class=\"row row-cols-1 align-center\">\n          <div class=\"cell\">\n            \n<h2 class=\"wp-block-heading\">How to tighten dilated pores and avoid blackheads<\/h2>\n          <\/div>\n        <\/div>\n      <\/div>\n\n      <\/section>\n\n<section class=\"block-grid-wrapper block-grid-for-core-paragraph\">\n      <div class=\"default-editor-content grid-for-core-paragraph container-fluid container-px-1\">\n        <div class=\"row row-cols-1 align-center\">\n          <div class=\"cell\">\n            \n<p>In order to&nbsp;<strong><span style=\"text-decoration: underline;\"><a href=\"https:\/\/www.absolution-cosmetics.com\/en\/72-organic-face-moisturizers\" target=\"_blank\" rel=\"noreferrer noopener\">treat dilated pores naturally<\/a>,<\/span><\/strong> the first thing you need to do is look at the factors causing them, so you can act on those that can be eliminated or improved.&nbsp;If you suffer from open pores, make sure you avoid potential pore-clogging ingredients, such as silicones. These are often found in conventional makeup products, where they&#8217;re used for their blurring and skin-smoothing effects, but they will only make the problem worse.&nbsp;<a><strong><span style=\"text-decoration: underline;\">Plus, they&#8217;re not biodegradable \u2013 another good reason to avoid them!<\/span><\/strong><\/a>&nbsp;<\/p>\n          <\/div>\n        <\/div>\n      <\/div>\n\n      <\/section>\n\n<section class=\"block-grid-wrapper block-grid-for-core-paragraph\">\n      <div class=\"default-editor-content grid-for-core-paragraph container-fluid container-px-1\">\n        <div class=\"row row-cols-1 align-center\">\n          <div class=\"cell\">\n            \n<p>At the other end of the spectrum, you should also stay away from products that may dry out or irritate the skin, as these could end up triggering excessive sebum production. This is known as the rebound effect, when your skin&#8217;s clever ecosystem goes into overdrive to try and compensate for the dryness!&nbsp;Do not use the following:<\/p>\n          <\/div>\n        <\/div>\n      <\/div>\n\n      <\/section>\n\n<section class=\"block-grid-wrapper block-grid-for-core-list\">\n      <div class=\"default-editor-content grid-for-core-list container-fluid container-px-1\">\n        <div class=\"row row-cols-1 align-center\">\n          <div class=\"cell\">\n            \n<ul class=\"is-style-list-with-line wp-block-list\">\n<li>Very thick or oily creams. Instead, opt for products with light, fluid textures. &nbsp;<\/li>\n\n\n\n<li>Soaps that are not suitable for the face.<\/li>\n\n\n\n<li>Overly abrasive face scrubs.<\/li>\n\n\n\n<li>Homemade products or &#8220;folk remedies&#8221; that can dry out the skin (baking soda, toothpaste, alcohol, lemon, etc.).<\/li>\n<\/ul>\n          <\/div>\n        <\/div>\n      <\/div>\n\n      <\/section>\n\n<section class=\"block-grid-wrapper block-grid-for-core-heading\">\n      <div class=\"default-editor-content grid-for-core-heading container-fluid container-px-1\">\n        <div class=\"row row-cols-1 align-center\">\n          <div class=\"cell\">\n            \n<h2 class=\"wp-block-heading\">Natural ways to tackle open pores and reveal clearer, radiant skin<\/h2>\n          <\/div>\n        <\/div>\n      <\/div>\n\n      <\/section>\n\n<section class=\"block-grid-wrapper block-grid-for-core-paragraph\">\n      <div class=\"default-editor-content grid-for-core-paragraph container-fluid container-px-1\">\n        <div class=\"row row-cols-1 align-center\">\n          <div class=\"cell\">\n            \n<p>In addition to acting on factors that can aggravate open pores, you need to establish a skincare routine that will help to tighten pores and cleanse away impurities. Isabelle Carron has developed several products that address&nbsp;<a href=\"https:\/\/www.absolution-cosmetics.com\/en\/78-oily-skin-organic-skincare-products\" target=\"_blank\" rel=\"noreferrer noopener\"><strong><span style=\"text-decoration: underline;\">oily skin and dilated pores<\/span><\/strong><\/a>,<a>&nbsp;<\/a>made with over 99% naturally derived ingredients and over 50% certified-organic ingredients. They deliver visible results after just a few weeks of use \u2013 and the results last!&nbsp;<\/p>\n          <\/div>\n        <\/div>\n      <\/div>\n\n      <\/section>\n\n<section class=\"block-grid-wrapper block-grid-for-core-list\">\n      <div class=\"default-editor-content grid-for-core-list container-fluid container-px-1\">\n        <div class=\"row row-cols-1 align-center\">\n          <div class=\"cell\">\n            \n<ul class=\"is-style-list-with-line wp-block-list\">\n<li>Gently cleanse and exfoliate. Use Le Nettoyant Puret\u00e9 with the Konjac Sponge to help control sebum production and deeply cleanse the skin. This duo helps to tighten pores (thanks to the natural salicylic acid in Le Nettoyant Puret\u00e9) and smooth the skin&#8217;s texture. Use morning and evening.<\/li>\n\n\n\n<li>Gently purify with Le Masque Puret\u00e9 D\u00e9toxifiant. Formulated with Mat\u00e9, White Clay and Birch&nbsp;<a>Sap<\/a>, this purifying mask fights blemishes, removes impurities without being harsh on the skin, and helps to maintain balance and vitality. Simply apply, leave on for 10 minutes, then rinse off. Use twice a week if you have oily skin, blemishes, or open pores.&nbsp;<\/li>\n\n\n\n<li>Deeply hydrate with Le S\u00e9rum Anti-Soif. Our thirst-quenching serum (anti-soif literally translates as anti-thirst) contains Aloe Vera, Alpine Skullcap and Elderberry Flower, and is suitable for anyone whose skin is prone to dryness and dehydration. Use every morning to help keep your skin clear and radiant!<\/li>\n<\/ul>\n          <\/div>\n        <\/div>\n      <\/div>\n\n      <\/section>\n\n\n<section   class=\"section-image-product-unique wp-block-acf-image-product-unique  image-product-unique\">\n\n  <div class=\"container-fluid container-px-1\">\n    <div class=\"row row-cols-2\">\n      <div class=\"product-col\">\n        <!-- Temporary exit until we fix integration with shopify -->\n        <!--           \r\n<article class=\"product-miniature js-product-miniature product-with-buttons\" data-id-product=\"293\">\r\n\r\n  <div class=\"thumbnail-container\">\r\n          <a href=\"https:\/\/www.absolution-cosmetics.com\/index.php?controller=product&id_product=293&id_lang=1\" class=\"thumbnail product-thumbnail\">\r\n        <img data-lazy-img data-fade-in data-src=\"\" \/>\r\n      <\/a>\r\n    \r\n\r\n    <div class=\"product-info-wrapper\">\r\n      <div class=\"product-description\">\r\n        \r\n        <div class=\"title-price-wrapper\">\r\n          \r\n          <h2 class=\"product-title h2\">\r\n                      <\/h2>\r\n\r\n          \r\n          <div class=\"product-short-description\">\r\n                      <\/div>\r\n\r\n          \n<span class=\"inline-rating\">\n  <span class=\"stars-wrapper\">\n    \n    \n                  <svg xmlns=\"http:\/\/www.w3.org\/2000\/svg\" viewBox=\"0 0 14 14\"><path data-name=\"Star\" d=\"M7 11.609 2.673 14l.826-5.065L0 5.348l4.837-.739L7 0l2.163 4.609L14 5.348l-3.5 3.587.826 5.065z\" fill=\"#1d1d1b\" opacity=\".4\"\/><\/svg>              <svg xmlns=\"http:\/\/www.w3.org\/2000\/svg\" viewBox=\"0 0 14 14\"><path data-name=\"Star\" d=\"M7 11.609 2.673 14l.826-5.065L0 5.348l4.837-.739L7 0l2.163 4.609L14 5.348l-3.5 3.587.826 5.065z\" fill=\"#1d1d1b\" opacity=\".4\"\/><\/svg>              <svg xmlns=\"http:\/\/www.w3.org\/2000\/svg\" viewBox=\"0 0 14 14\"><path data-name=\"Star\" d=\"M7 11.609 2.673 14l.826-5.065L0 5.348l4.837-.739L7 0l2.163 4.609L14 5.348l-3.5 3.587.826 5.065z\" fill=\"#1d1d1b\" opacity=\".4\"\/><\/svg>              <svg xmlns=\"http:\/\/www.w3.org\/2000\/svg\" viewBox=\"0 0 14 14\"><path data-name=\"Star\" d=\"M7 11.609 2.673 14l.826-5.065L0 5.348l4.837-.739L7 0l2.163 4.609L14 5.348l-3.5 3.587.826 5.065z\" fill=\"#1d1d1b\" opacity=\".4\"\/><\/svg>              <svg xmlns=\"http:\/\/www.w3.org\/2000\/svg\" viewBox=\"0 0 14 14\"><path data-name=\"Star\" d=\"M7 11.609 2.673 14l.826-5.065L0 5.348l4.837-.739L7 0l2.163 4.609L14 5.348l-3.5 3.587.826 5.065z\" fill=\"#1d1d1b\" opacity=\".4\"\/><\/svg>            <\/span>\n\n  <span class=\"average\">0.0<\/span>\n  <span class=\"reviews-count\">\n    0 reviews  <\/span>\n<\/span>\n\r\n                  <\/div>\r\n      <\/div>\r\n    <\/div>\r\n\r\n  <\/div>\r\n\r\n\r\n<\/article>\r\n         -->\n      <\/div>\n\n      \n        <div class=\"product-image-col\">\n          <figure>\n            <picture><source  data-srcset=\"https:\/\/beautytherapy.absolution-cosmetics.com\/wp-content\/uploads\/2022\/02\/prod-1906-le-masque-purete-detoxifiant-687x687-fs-890x1334-069019f9f508.jpg\" media=\"(min-width: 64em) and (min-resolution: 192dpi), (min-width: 64em) and (-webkit-min-device-pixel-ratio: 2)\"><source  data-srcset=\"https:\/\/beautytherapy.absolution-cosmetics.com\/wp-content\/uploads\/2022\/02\/prod-1906-le-masque-purete-detoxifiant-687x687-fs-890x1334-2a72117483c6.jpg\" media=\"(min-width: 48em) and (min-resolution: 192dpi), (min-width: 48em) and (-webkit-min-device-pixel-ratio: 2)\"><source  data-srcset=\"https:\/\/beautytherapy.absolution-cosmetics.com\/wp-content\/uploads\/2022\/02\/prod-1906-le-masque-purete-detoxifiant-687x687-fs-445x667-3be71749efd5.jpg\" media=\"(min-width: 64em)\"><source  data-srcset=\"https:\/\/beautytherapy.absolution-cosmetics.com\/wp-content\/uploads\/2022\/02\/prod-1906-le-masque-purete-detoxifiant-687x687-fs-445x667-e265ccb6d4fb.jpg\" media=\"(min-width: 48em)\"><img data-fade-in data-lazy-img data-src=\"https:\/\/beautytherapy.absolution-cosmetics.com\/wp-content\/uploads\/2022\/02\/prod-1906-le-masque-purete-detoxifiant-687x687-fs-690x840-c8b9a3a307d2.jpg\" alt=\"\" style=\";--aspect-ratio-small: 0.82142857142857;--aspect-ratio-medium: 0.6671664167916;--aspect-ratio-large: 0.6671664167916;--aspect-ratio-medium_retina: 0.6671664167916;--aspect-ratio-large_retina: 0.6671664167916\" data-has-aspect-ratio=\"true\" \/><\/picture>          <\/figure>\n        <\/div>\n          <\/div>\n  <\/div>\n\n<\/section>\n\n\n\r\n\r\n  <section  class=\"section-maillage-3-articles wp-block-acf-maillage-3-articles  section-content section-three-articles\"     itemprop=\"hasPart\" itemscope itemtype=\"https:\/\/schema.org\/WebPageElement\">\r\n\r\n    <div class=\"container-fluid container-px-1\">\r\n\r\n              <h2 class=\"section-title\">\r\n          You might also like &#8230;        <\/h2>\r\n      \r\n      <div class=\"row row-cols-1 lg:row-cols-3 maillage-articles-slider\">\r\n        \r\n          <div class=\"col-post\">\r\n                          <a href=\"https:\/\/beautytherapy.absolution-cosmetics.com\/en\/take-care-of-your-skin\/the-benefits-of-facial-lymphatic-drainage\/\" itemprop=\"url mainEntityOfPage\">\r\n                \r\n                <figure>\r\n                  <picture><source srcset=\"https:\/\/beautytherapy.absolution-cosmetics.com\/wp-content\/uploads\/2024\/02\/rouleau_jade_modele_web-1152x710-c-590x300-232173083481.jpg\" media=\"(min-width: 64em) and (min-resolution: 192dpi), (min-width: 64em) and (-webkit-min-device-pixel-ratio: 2)\"><source srcset=\"https:\/\/beautytherapy.absolution-cosmetics.com\/wp-content\/uploads\/2024\/02\/rouleau_jade_modele_web-1152x710-c-300x200-d12aa28a297a.jpg\" media=\"(min-width: 48em) and (min-resolution: 192dpi), (min-width: 48em) and (-webkit-min-device-pixel-ratio: 2)\"><source srcset=\"https:\/\/beautytherapy.absolution-cosmetics.com\/wp-content\/uploads\/2024\/02\/rouleau_jade_modele_web-1152x710-c-295x150-495ce3e1bb41.jpg\" media=\"(min-width: 64em)\"><source srcset=\"https:\/\/beautytherapy.absolution-cosmetics.com\/wp-content\/uploads\/2024\/02\/rouleau_jade_modele_web-1152x710-c-150x100-e0af6e948299.jpg\" media=\"(min-width: 48em)\"><img decoding=\"async\" src=\"https:\/\/beautytherapy.absolution-cosmetics.com\/wp-content\/uploads\/2024\/02\/rouleau_jade_modele_web-1152x710-c-512x260-9180f4bb4ab3.jpg\" alt=\"\" style=\";--aspect-ratio-small: 1.9692307692308;--aspect-ratio-medium: 1.5;--aspect-ratio-large: 1.9666666666667;--aspect-ratio-medium_retina: 1.5;--aspect-ratio-large_retina: 1.9666666666667\" data-has-aspect-ratio=\"true\" \/><\/picture>                <\/figure>\r\n              <\/a>\r\n            \r\n            \r\n<div class=\"post-subheader\">\r\n      <ul class=\"tags-list\" itemprop=\"keywords\">\r\n\r\n                  <li>\r\n          <a href=\"https:\/\/beautytherapy.absolution-cosmetics.com\/en\/tag\/drainage\/\">\r\n            Drainage          <\/a>\r\n        <\/li>\r\n          <\/ul>\r\n  \r\n  <span class=\"entry-date\" itemprop=\"datePublished\">\r\n    4 Mar. 2021  <\/span>\r\n\r\n  <span class=\"author\" itemprop=\"author\" itemscope itemtype=\"http:\/\/schema.org\/Person\">\r\n    By    <a href=\"https:\/\/beautytherapy.absolution-cosmetics.com\/en\/author\/l-equipe-absolution\/\" class=\"author-name\" itemprop=\"url\">\r\n      Edito Beauty Therapy    <\/a>\r\n  <\/span>\r\n<\/div>\r\n\r\n            <h3>The benefits of facial lymphatic drainage<\/h3>\r\n\r\n            <a class=\"btn btn-secondary\" href=\"https:\/\/beautytherapy.absolution-cosmetics.com\/en\/take-care-of-your-skin\/the-benefits-of-facial-lymphatic-drainage\/\" itemprop=\"url\">\r\n              <span>Read the article<\/span>\r\n            <\/a>\r\n          <\/div>\r\n\r\n        \r\n          <div class=\"col-post\">\r\n                          <a href=\"https:\/\/beautytherapy.absolution-cosmetics.com\/en\/take-care-of-your-skin\/face-masks-how-to-choose\/\" itemprop=\"url mainEntityOfPage\">\r\n                \r\n                <figure>\r\n                  <picture><source srcset=\"https:\/\/beautytherapy.absolution-cosmetics.com\/wp-content\/uploads\/2024\/01\/masque-sur-mesure-1152x710-c-590x300-232173083481.jpg\" media=\"(min-width: 64em) and (min-resolution: 192dpi), (min-width: 64em) and (-webkit-min-device-pixel-ratio: 2)\"><source srcset=\"https:\/\/beautytherapy.absolution-cosmetics.com\/wp-content\/uploads\/2024\/01\/masque-sur-mesure-1152x710-c-300x200-d12aa28a297a.jpg\" media=\"(min-width: 48em) and (min-resolution: 192dpi), (min-width: 48em) and (-webkit-min-device-pixel-ratio: 2)\"><source srcset=\"https:\/\/beautytherapy.absolution-cosmetics.com\/wp-content\/uploads\/2024\/01\/masque-sur-mesure-1152x710-c-295x150-495ce3e1bb41.jpg\" media=\"(min-width: 64em)\"><source srcset=\"https:\/\/beautytherapy.absolution-cosmetics.com\/wp-content\/uploads\/2024\/01\/masque-sur-mesure-1152x710-c-150x100-e0af6e948299.jpg\" media=\"(min-width: 48em)\"><img decoding=\"async\" src=\"https:\/\/beautytherapy.absolution-cosmetics.com\/wp-content\/uploads\/2024\/01\/masque-sur-mesure-1152x710-c-512x260-9180f4bb4ab3.jpg\" alt=\"\" style=\";--aspect-ratio-small: 1.9692307692308;--aspect-ratio-medium: 1.5;--aspect-ratio-large: 1.9666666666667;--aspect-ratio-medium_retina: 1.5;--aspect-ratio-large_retina: 1.9666666666667\" data-has-aspect-ratio=\"true\" \/><\/picture>                <\/figure>\r\n              <\/a>\r\n            \r\n            \r\n<div class=\"post-subheader\">\r\n      <ul class=\"tags-list\" itemprop=\"keywords\">\r\n\r\n                  <li>\r\n          <a href=\"https:\/\/beautytherapy.absolution-cosmetics.com\/en\/tag\/masks\/\">\r\n            Masks          <\/a>\r\n        <\/li>\r\n          <\/ul>\r\n  \r\n  <span class=\"entry-date\" itemprop=\"datePublished\">\r\n    19 Apr. 2022  <\/span>\r\n\r\n  <span class=\"author\" itemprop=\"author\" itemscope itemtype=\"http:\/\/schema.org\/Person\">\r\n    By    <a href=\"https:\/\/beautytherapy.absolution-cosmetics.com\/en\/author\/l-equipe-absolution\/\" class=\"author-name\" itemprop=\"url\">\r\n      Edito Beauty Therapy    <\/a>\r\n  <\/span>\r\n<\/div>\r\n\r\n            <h3>A face mask tailored to your skin&#8217;s needs, to make it look more beautiful<\/h3>\r\n\r\n            <a class=\"btn btn-secondary\" href=\"https:\/\/beautytherapy.absolution-cosmetics.com\/en\/take-care-of-your-skin\/face-masks-how-to-choose\/\" itemprop=\"url\">\r\n              <span>Read the article<\/span>\r\n            <\/a>\r\n          <\/div>\r\n\r\n              <\/div>\r\n    <\/div>\r\n  <\/section>\r\n\r\n","protected":false},"excerpt":{"rendered":"<p>Pores are tiny openings in the skin from which sebum and sweat are secreted to the skin surface. If you have dry skin, your pores are probably invisible, but if you have combination or oily skin, it&#8217;s quite a different matter\u2026&nbsp;We talk about &#8220;dilated pores&#8221; or &#8220;open pores&#8221; when they are clearly visible to the [&hellip;]<\/p>\n","protected":false},"author":24,"featured_media":15204,"comment_status":"open","ping_status":"closed","sticky":false,"template":"","format":"standard","meta":{"_acf_changed":false,"footnotes":""},"categories":[1001,1002,1003],"tags":[1167],"class_list":["post-15340","post","type-post","status-publish","format-standard","has-post-thumbnail","hentry","category-take-care-of-your-skin","category-rituals","category-right-techniques","tag-dilated-pores"],"acf":[],"yoast_head":"<!-- This site is optimized with the Yoast SEO plugin v27.5 - https:\/\/yoast.com\/product\/yoast-seo-wordpress\/ -->\n<title>Open pores: how to deal with them naturally! - Beauty Therapy<\/title>\n<meta name=\"description\" content=\"Pores are tiny openings in the skin from which sebum and sweat are secreted to the skin surface. If you have dry skin, your pores are probably invisible, but if you have combination or oily skin, it&#039;s quite a different matter\u2026 We talk about &quot;dilated pores&quot; or &quot;open pores&quot; when they are clearly visible to the naked eye. And while the size of your pores is largely determined by genetics, they may also look larger if they become clogged due to a combination of excess sebum and dead cells. The good news is that there are natural ways to tighten them!\" \/>\n<meta name=\"robots\" content=\"index, follow, max-snippet:-1, max-image-preview:large, max-video-preview:-1\" \/>\n<link rel=\"canonical\" href=\"https:\/\/beautytherapy.absolution-cosmetics.com\/en\/take-care-of-your-skin\/natural-solution-for-open-pores\/\" \/>\n<meta property=\"og:locale\" content=\"en_US\" \/>\n<meta property=\"og:type\" content=\"article\" \/>\n<meta property=\"og:title\" content=\"Open pores: how to deal with them naturally! - Beauty Therapy\" \/>\n<meta property=\"og:description\" content=\"Pores are tiny openings in the skin from which sebum and sweat are secreted to the skin surface. If you have dry skin, your pores are probably invisible, but if you have combination or oily skin, it&#039;s quite a different matter\u2026 We talk about &quot;dilated pores&quot; or &quot;open pores&quot; when they are clearly visible to the naked eye. And while the size of your pores is largely determined by genetics, they may also look larger if they become clogged due to a combination of excess sebum and dead cells. The good news is that there are natural ways to tighten them!\" \/>\n<meta property=\"og:url\" content=\"https:\/\/beautytherapy.absolution-cosmetics.com\/en\/take-care-of-your-skin\/natural-solution-for-open-pores\/\" \/>\n<meta property=\"og:site_name\" content=\"Beauty Therapy\" \/>\n<meta property=\"article:author\" content=\"https:\/\/www.facebook.com\/absolutioncosmetics\" \/>\n<meta property=\"article:published_time\" content=\"2022-02-04T12:06:00+00:00\" \/>\n<meta property=\"article:modified_time\" content=\"2024-03-04T10:07:39+00:00\" \/>\n<meta property=\"og:image\" content=\"https:\/\/beautytherapy.absolution-cosmetics.com\/wp-content\/uploads\/2024\/02\/masque_antisoif_modele_5_web_absolution-1152x710-c.jpg\" \/>\n\t<meta property=\"og:image:width\" content=\"1152\" \/>\n\t<meta property=\"og:image:height\" content=\"710\" \/>\n\t<meta property=\"og:image:type\" content=\"image\/jpeg\" \/>\n<meta name=\"author\" content=\"Edito Beauty Therapy\" \/>\n<meta name=\"twitter:card\" content=\"summary_large_image\" \/>\n<meta name=\"twitter:label1\" content=\"Written by\" \/>\n\t<meta name=\"twitter:data1\" content=\"Edito Beauty Therapy\" \/>\n\t<meta name=\"twitter:label2\" content=\"Est. reading time\" \/>\n\t<meta name=\"twitter:data2\" content=\"4 minutes\" \/>\n<script type=\"application\/ld+json\" class=\"yoast-schema-graph\">{\"@context\":\"https:\\\/\\\/schema.org\",\"@graph\":[{\"@type\":\"Article\",\"@id\":\"https:\\\/\\\/beautytherapy.absolution-cosmetics.com\\\/en\\\/take-care-of-your-skin\\\/natural-solution-for-open-pores\\\/#article\",\"isPartOf\":{\"@id\":\"https:\\\/\\\/beautytherapy.absolution-cosmetics.com\\\/en\\\/take-care-of-your-skin\\\/natural-solution-for-open-pores\\\/\"},\"author\":{\"name\":\"Edito Beauty Therapy\",\"@id\":\"https:\\\/\\\/beautytherapy.absolution-cosmetics.com\\\/en\\\/#\\\/schema\\\/person\\\/39fa4ed518c548c2f2b7d6a399786b66\"},\"headline\":\"Open pores: how to deal with them naturally!\",\"datePublished\":\"2022-02-04T12:06:00+00:00\",\"dateModified\":\"2024-03-04T10:07:39+00:00\",\"mainEntityOfPage\":{\"@id\":\"https:\\\/\\\/beautytherapy.absolution-cosmetics.com\\\/en\\\/take-care-of-your-skin\\\/natural-solution-for-open-pores\\\/\"},\"wordCount\":746,\"commentCount\":0,\"publisher\":{\"@id\":\"https:\\\/\\\/beautytherapy.absolution-cosmetics.com\\\/en\\\/#organization\"},\"image\":{\"@id\":\"https:\\\/\\\/beautytherapy.absolution-cosmetics.com\\\/en\\\/take-care-of-your-skin\\\/natural-solution-for-open-pores\\\/#primaryimage\"},\"thumbnailUrl\":\"https:\\\/\\\/beautytherapy.absolution-cosmetics.com\\\/wp-content\\\/uploads\\\/2024\\\/02\\\/masque_antisoif_modele_5_web_absolution-1152x710-c.jpg\",\"keywords\":[\"Dilated pores\"],\"articleSection\":[\"Caring for your skin\",\"Rituals\",\"The right techniques\"],\"inLanguage\":\"en-US\",\"potentialAction\":[{\"@type\":\"CommentAction\",\"name\":\"Comment\",\"target\":[\"https:\\\/\\\/beautytherapy.absolution-cosmetics.com\\\/en\\\/take-care-of-your-skin\\\/natural-solution-for-open-pores\\\/#respond\"]}]},{\"@type\":\"WebPage\",\"@id\":\"https:\\\/\\\/beautytherapy.absolution-cosmetics.com\\\/en\\\/take-care-of-your-skin\\\/natural-solution-for-open-pores\\\/\",\"url\":\"https:\\\/\\\/beautytherapy.absolution-cosmetics.com\\\/en\\\/take-care-of-your-skin\\\/natural-solution-for-open-pores\\\/\",\"name\":\"Open pores: how to deal with them naturally! - Beauty Therapy\",\"isPartOf\":{\"@id\":\"https:\\\/\\\/beautytherapy.absolution-cosmetics.com\\\/en\\\/#website\"},\"primaryImageOfPage\":{\"@id\":\"https:\\\/\\\/beautytherapy.absolution-cosmetics.com\\\/en\\\/take-care-of-your-skin\\\/natural-solution-for-open-pores\\\/#primaryimage\"},\"image\":{\"@id\":\"https:\\\/\\\/beautytherapy.absolution-cosmetics.com\\\/en\\\/take-care-of-your-skin\\\/natural-solution-for-open-pores\\\/#primaryimage\"},\"thumbnailUrl\":\"https:\\\/\\\/beautytherapy.absolution-cosmetics.com\\\/wp-content\\\/uploads\\\/2024\\\/02\\\/masque_antisoif_modele_5_web_absolution-1152x710-c.jpg\",\"datePublished\":\"2022-02-04T12:06:00+00:00\",\"dateModified\":\"2024-03-04T10:07:39+00:00\",\"description\":\"Pores are tiny openings in the skin from which sebum and sweat are secreted to the skin surface. If you have dry skin, your pores are probably invisible, but if you have combination or oily skin, it's quite a different matter\u2026 We talk about \\\"dilated pores\\\" or \\\"open pores\\\" when they are clearly visible to the naked eye. And while the size of your pores is largely determined by genetics, they may also look larger if they become clogged due to a combination of excess sebum and dead cells. The good news is that there are natural ways to tighten them!\",\"breadcrumb\":{\"@id\":\"https:\\\/\\\/beautytherapy.absolution-cosmetics.com\\\/en\\\/take-care-of-your-skin\\\/natural-solution-for-open-pores\\\/#breadcrumb\"},\"inLanguage\":\"en-US\",\"potentialAction\":[{\"@type\":\"ReadAction\",\"target\":[\"https:\\\/\\\/beautytherapy.absolution-cosmetics.com\\\/en\\\/take-care-of-your-skin\\\/natural-solution-for-open-pores\\\/\"]}]},{\"@type\":\"ImageObject\",\"inLanguage\":\"en-US\",\"@id\":\"https:\\\/\\\/beautytherapy.absolution-cosmetics.com\\\/en\\\/take-care-of-your-skin\\\/natural-solution-for-open-pores\\\/#primaryimage\",\"url\":\"https:\\\/\\\/beautytherapy.absolution-cosmetics.com\\\/wp-content\\\/uploads\\\/2024\\\/02\\\/masque_antisoif_modele_5_web_absolution-1152x710-c.jpg\",\"contentUrl\":\"https:\\\/\\\/beautytherapy.absolution-cosmetics.com\\\/wp-content\\\/uploads\\\/2024\\\/02\\\/masque_antisoif_modele_5_web_absolution-1152x710-c.jpg\",\"width\":1152,\"height\":710},{\"@type\":\"BreadcrumbList\",\"@id\":\"https:\\\/\\\/beautytherapy.absolution-cosmetics.com\\\/en\\\/take-care-of-your-skin\\\/natural-solution-for-open-pores\\\/#breadcrumb\",\"itemListElement\":[{\"@type\":\"ListItem\",\"position\":1,\"name\":\"Home\",\"item\":\"https:\\\/\\\/beautytherapy.absolution-cosmetics.com\\\/en\\\/\"},{\"@type\":\"ListItem\",\"position\":2,\"name\":\"Caring for your skin\",\"item\":\"https:\\\/\\\/beautytherapy.absolution-cosmetics.com\\\/en\\\/take-care-of-your-skin\\\/\"},{\"@type\":\"ListItem\",\"position\":3,\"name\":\"Open pores: how to deal with them naturally!\"}]},{\"@type\":\"WebSite\",\"@id\":\"https:\\\/\\\/beautytherapy.absolution-cosmetics.com\\\/en\\\/#website\",\"url\":\"https:\\\/\\\/beautytherapy.absolution-cosmetics.com\\\/en\\\/\",\"name\":\"Beauty Therapy\",\"description\":\"\",\"publisher\":{\"@id\":\"https:\\\/\\\/beautytherapy.absolution-cosmetics.com\\\/en\\\/#organization\"},\"inLanguage\":\"en-US\"},{\"@type\":\"Organization\",\"@id\":\"https:\\\/\\\/beautytherapy.absolution-cosmetics.com\\\/en\\\/#organization\",\"name\":\"Beauty Therapy\",\"url\":\"https:\\\/\\\/beautytherapy.absolution-cosmetics.com\\\/en\\\/\",\"logo\":{\"@type\":\"ImageObject\",\"inLanguage\":\"en-US\",\"@id\":\"https:\\\/\\\/beautytherapy.absolution-cosmetics.com\\\/en\\\/#\\\/schema\\\/logo\\\/image\\\/\",\"url\":\"https:\\\/\\\/beautytherapy.absolution-cosmetics.com\\\/wp-content\\\/uploads\\\/2020\\\/02\\\/beauty-therapy-logo.png\",\"contentUrl\":\"https:\\\/\\\/beautytherapy.absolution-cosmetics.com\\\/wp-content\\\/uploads\\\/2020\\\/02\\\/beauty-therapy-logo.png\",\"width\":424,\"height\":212,\"caption\":\"Beauty Therapy\"},\"image\":{\"@id\":\"https:\\\/\\\/beautytherapy.absolution-cosmetics.com\\\/en\\\/#\\\/schema\\\/logo\\\/image\\\/\"}},{\"@type\":\"Person\",\"@id\":\"https:\\\/\\\/beautytherapy.absolution-cosmetics.com\\\/en\\\/#\\\/schema\\\/person\\\/39fa4ed518c548c2f2b7d6a399786b66\",\"name\":\"Edito Beauty Therapy\",\"description\":\"L\u2019objectif d\u2019Absolution est \u00e0 la fois tout simple et merveilleusement complexe : retrouver la Beaut\u00e9 ! Celle du monde qui nous entoure, celle du monde que l\u2019on contient... celle qui se cache dans votre reflet le matin ! Les soins Absolution effacent les scories de nos vies d\u2019urbains : chaque jour ils offrent \u00e0 notre peau un retour \u00e0 sa beaut\u00e9 originelle en restaurant son \u00e9cosyst\u00e8me naturel et en l\u2019amenant \u00e0 son \u00e9tat optimum. \u00c9labor\u00e9e \u00e0 partir d\u2019extraits v\u00e9g\u00e9taux certifi\u00e9s bio ou sauvages, de min\u00e9raux et de vitamines, Absolution allie d\u00e9licatesse des textures et des senteurs, simplicit\u00e9 d\u2019utilisation et totale efficacit\u00e9 des formules. Absolution c\u2019est aussi une volont\u00e9 : celle de transmettre une fa\u00e7on de voir le monde qui fait \u00e9merger la beaut\u00e9 partout o\u00f9 elle est. Partagez-la avec nous ! @absolution_cosmetics #absolutioncosmetics #retrouverlabeaut\u00e9\",\"sameAs\":[\"https:\\\/\\\/www.absolution-cosmetics.com\\\/fr\\\/\",\"https:\\\/\\\/www.facebook.com\\\/absolutioncosmetics\",\"https:\\\/\\\/www.instagram.com\\\/absolution_cosmetics\\\/\"],\"url\":\"https:\\\/\\\/beautytherapy.absolution-cosmetics.com\\\/en\\\/author\\\/l-equipe-absolution\\\/\"}]}<\/script>\n<!-- \/ Yoast SEO plugin. -->","yoast_head_json":{"title":"Open pores: how to deal with them naturally! - Beauty Therapy","description":"Pores are tiny openings in the skin from which sebum and sweat are secreted to the skin surface. If you have dry skin, your pores are probably invisible, but if you have combination or oily skin, it's quite a different matter\u2026 We talk about \"dilated pores\" or \"open pores\" when they are clearly visible to the naked eye. And while the size of your pores is largely determined by genetics, they may also look larger if they become clogged due to a combination of excess sebum and dead cells. The good news is that there are natural ways to tighten them!","robots":{"index":"index","follow":"follow","max-snippet":"max-snippet:-1","max-image-preview":"max-image-preview:large","max-video-preview":"max-video-preview:-1"},"canonical":"https:\/\/beautytherapy.absolution-cosmetics.com\/en\/take-care-of-your-skin\/natural-solution-for-open-pores\/","og_locale":"en_US","og_type":"article","og_title":"Open pores: how to deal with them naturally! - Beauty Therapy","og_description":"Pores are tiny openings in the skin from which sebum and sweat are secreted to the skin surface. If you have dry skin, your pores are probably invisible, but if you have combination or oily skin, it's quite a different matter\u2026 We talk about \"dilated pores\" or \"open pores\" when they are clearly visible to the naked eye. And while the size of your pores is largely determined by genetics, they may also look larger if they become clogged due to a combination of excess sebum and dead cells. The good news is that there are natural ways to tighten them!","og_url":"https:\/\/beautytherapy.absolution-cosmetics.com\/en\/take-care-of-your-skin\/natural-solution-for-open-pores\/","og_site_name":"Beauty Therapy","article_author":"https:\/\/www.facebook.com\/absolutioncosmetics","article_published_time":"2022-02-04T12:06:00+00:00","article_modified_time":"2024-03-04T10:07:39+00:00","og_image":[{"width":1152,"height":710,"url":"https:\/\/beautytherapy.absolution-cosmetics.com\/wp-content\/uploads\/2024\/02\/masque_antisoif_modele_5_web_absolution-1152x710-c.jpg","type":"image\/jpeg"}],"author":"Edito Beauty Therapy","twitter_card":"summary_large_image","twitter_misc":{"Written by":"Edito Beauty Therapy","Est. reading time":"4 minutes"},"schema":{"@context":"https:\/\/schema.org","@graph":[{"@type":"Article","@id":"https:\/\/beautytherapy.absolution-cosmetics.com\/en\/take-care-of-your-skin\/natural-solution-for-open-pores\/#article","isPartOf":{"@id":"https:\/\/beautytherapy.absolution-cosmetics.com\/en\/take-care-of-your-skin\/natural-solution-for-open-pores\/"},"author":{"name":"Edito Beauty Therapy","@id":"https:\/\/beautytherapy.absolution-cosmetics.com\/en\/#\/schema\/person\/39fa4ed518c548c2f2b7d6a399786b66"},"headline":"Open pores: how to deal with them naturally!","datePublished":"2022-02-04T12:06:00+00:00","dateModified":"2024-03-04T10:07:39+00:00","mainEntityOfPage":{"@id":"https:\/\/beautytherapy.absolution-cosmetics.com\/en\/take-care-of-your-skin\/natural-solution-for-open-pores\/"},"wordCount":746,"commentCount":0,"publisher":{"@id":"https:\/\/beautytherapy.absolution-cosmetics.com\/en\/#organization"},"image":{"@id":"https:\/\/beautytherapy.absolution-cosmetics.com\/en\/take-care-of-your-skin\/natural-solution-for-open-pores\/#primaryimage"},"thumbnailUrl":"https:\/\/beautytherapy.absolution-cosmetics.com\/wp-content\/uploads\/2024\/02\/masque_antisoif_modele_5_web_absolution-1152x710-c.jpg","keywords":["Dilated pores"],"articleSection":["Caring for your skin","Rituals","The right techniques"],"inLanguage":"en-US","potentialAction":[{"@type":"CommentAction","name":"Comment","target":["https:\/\/beautytherapy.absolution-cosmetics.com\/en\/take-care-of-your-skin\/natural-solution-for-open-pores\/#respond"]}]},{"@type":"WebPage","@id":"https:\/\/beautytherapy.absolution-cosmetics.com\/en\/take-care-of-your-skin\/natural-solution-for-open-pores\/","url":"https:\/\/beautytherapy.absolution-cosmetics.com\/en\/take-care-of-your-skin\/natural-solution-for-open-pores\/","name":"Open pores: how to deal with them naturally! - Beauty Therapy","isPartOf":{"@id":"https:\/\/beautytherapy.absolution-cosmetics.com\/en\/#website"},"primaryImageOfPage":{"@id":"https:\/\/beautytherapy.absolution-cosmetics.com\/en\/take-care-of-your-skin\/natural-solution-for-open-pores\/#primaryimage"},"image":{"@id":"https:\/\/beautytherapy.absolution-cosmetics.com\/en\/take-care-of-your-skin\/natural-solution-for-open-pores\/#primaryimage"},"thumbnailUrl":"https:\/\/beautytherapy.absolution-cosmetics.com\/wp-content\/uploads\/2024\/02\/masque_antisoif_modele_5_web_absolution-1152x710-c.jpg","datePublished":"2022-02-04T12:06:00+00:00","dateModified":"2024-03-04T10:07:39+00:00","description":"Pores are tiny openings in the skin from which sebum and sweat are secreted to the skin surface. If you have dry skin, your pores are probably invisible, but if you have combination or oily skin, it's quite a different matter\u2026 We talk about \"dilated pores\" or \"open pores\" when they are clearly visible to the naked eye. And while the size of your pores is largely determined by genetics, they may also look larger if they become clogged due to a combination of excess sebum and dead cells. The good news is that there are natural ways to tighten them!","breadcrumb":{"@id":"https:\/\/beautytherapy.absolution-cosmetics.com\/en\/take-care-of-your-skin\/natural-solution-for-open-pores\/#breadcrumb"},"inLanguage":"en-US","potentialAction":[{"@type":"ReadAction","target":["https:\/\/beautytherapy.absolution-cosmetics.com\/en\/take-care-of-your-skin\/natural-solution-for-open-pores\/"]}]},{"@type":"ImageObject","inLanguage":"en-US","@id":"https:\/\/beautytherapy.absolution-cosmetics.com\/en\/take-care-of-your-skin\/natural-solution-for-open-pores\/#primaryimage","url":"https:\/\/beautytherapy.absolution-cosmetics.com\/wp-content\/uploads\/2024\/02\/masque_antisoif_modele_5_web_absolution-1152x710-c.jpg","contentUrl":"https:\/\/beautytherapy.absolution-cosmetics.com\/wp-content\/uploads\/2024\/02\/masque_antisoif_modele_5_web_absolution-1152x710-c.jpg","width":1152,"height":710},{"@type":"BreadcrumbList","@id":"https:\/\/beautytherapy.absolution-cosmetics.com\/en\/take-care-of-your-skin\/natural-solution-for-open-pores\/#breadcrumb","itemListElement":[{"@type":"ListItem","position":1,"name":"Home","item":"https:\/\/beautytherapy.absolution-cosmetics.com\/en\/"},{"@type":"ListItem","position":2,"name":"Caring for your skin","item":"https:\/\/beautytherapy.absolution-cosmetics.com\/en\/take-care-of-your-skin\/"},{"@type":"ListItem","position":3,"name":"Open pores: how to deal with them naturally!"}]},{"@type":"WebSite","@id":"https:\/\/beautytherapy.absolution-cosmetics.com\/en\/#website","url":"https:\/\/beautytherapy.absolution-cosmetics.com\/en\/","name":"Beauty Therapy","description":"","publisher":{"@id":"https:\/\/beautytherapy.absolution-cosmetics.com\/en\/#organization"},"inLanguage":"en-US"},{"@type":"Organization","@id":"https:\/\/beautytherapy.absolution-cosmetics.com\/en\/#organization","name":"Beauty Therapy","url":"https:\/\/beautytherapy.absolution-cosmetics.com\/en\/","logo":{"@type":"ImageObject","inLanguage":"en-US","@id":"https:\/\/beautytherapy.absolution-cosmetics.com\/en\/#\/schema\/logo\/image\/","url":"https:\/\/beautytherapy.absolution-cosmetics.com\/wp-content\/uploads\/2020\/02\/beauty-therapy-logo.png","contentUrl":"https:\/\/beautytherapy.absolution-cosmetics.com\/wp-content\/uploads\/2020\/02\/beauty-therapy-logo.png","width":424,"height":212,"caption":"Beauty Therapy"},"image":{"@id":"https:\/\/beautytherapy.absolution-cosmetics.com\/en\/#\/schema\/logo\/image\/"}},{"@type":"Person","@id":"https:\/\/beautytherapy.absolution-cosmetics.com\/en\/#\/schema\/person\/39fa4ed518c548c2f2b7d6a399786b66","name":"Edito Beauty Therapy","description":"L\u2019objectif d\u2019Absolution est \u00e0 la fois tout simple et merveilleusement complexe : retrouver la Beaut\u00e9 ! Celle du monde qui nous entoure, celle du monde que l\u2019on contient... celle qui se cache dans votre reflet le matin ! Les soins Absolution effacent les scories de nos vies d\u2019urbains : chaque jour ils offrent \u00e0 notre peau un retour \u00e0 sa beaut\u00e9 originelle en restaurant son \u00e9cosyst\u00e8me naturel et en l\u2019amenant \u00e0 son \u00e9tat optimum. \u00c9labor\u00e9e \u00e0 partir d\u2019extraits v\u00e9g\u00e9taux certifi\u00e9s bio ou sauvages, de min\u00e9raux et de vitamines, Absolution allie d\u00e9licatesse des textures et des senteurs, simplicit\u00e9 d\u2019utilisation et totale efficacit\u00e9 des formules. Absolution c\u2019est aussi une volont\u00e9 : celle de transmettre une fa\u00e7on de voir le monde qui fait \u00e9merger la beaut\u00e9 partout o\u00f9 elle est. Partagez-la avec nous ! @absolution_cosmetics #absolutioncosmetics #retrouverlabeaut\u00e9","sameAs":["https:\/\/www.absolution-cosmetics.com\/fr\/","https:\/\/www.facebook.com\/absolutioncosmetics","https:\/\/www.instagram.com\/absolution_cosmetics\/"],"url":"https:\/\/beautytherapy.absolution-cosmetics.com\/en\/author\/l-equipe-absolution\/"}]}},"_links":{"self":[{"href":"https:\/\/beautytherapy.absolution-cosmetics.com\/en\/wp-json\/wp\/v2\/posts\/15340","targetHints":{"allow":["GET"]}}],"collection":[{"href":"https:\/\/beautytherapy.absolution-cosmetics.com\/en\/wp-json\/wp\/v2\/posts"}],"about":[{"href":"https:\/\/beautytherapy.absolution-cosmetics.com\/en\/wp-json\/wp\/v2\/types\/post"}],"author":[{"embeddable":true,"href":"https:\/\/beautytherapy.absolution-cosmetics.com\/en\/wp-json\/wp\/v2\/users\/24"}],"replies":[{"embeddable":true,"href":"https:\/\/beautytherapy.absolution-cosmetics.com\/en\/wp-json\/wp\/v2\/comments?post=15340"}],"version-history":[{"count":3,"href":"https:\/\/beautytherapy.absolution-cosmetics.com\/en\/wp-json\/wp\/v2\/posts\/15340\/revisions"}],"predecessor-version":[{"id":17260,"href":"https:\/\/beautytherapy.absolution-cosmetics.com\/en\/wp-json\/wp\/v2\/posts\/15340\/revisions\/17260"}],"wp:featuredmedia":[{"embeddable":true,"href":"https:\/\/beautytherapy.absolution-cosmetics.com\/en\/wp-json\/wp\/v2\/media\/15204"}],"wp:attachment":[{"href":"https:\/\/beautytherapy.absolution-cosmetics.com\/en\/wp-json\/wp\/v2\/media?parent=15340"}],"wp:term":[{"taxonomy":"category","embeddable":true,"href":"https:\/\/beautytherapy.absolution-cosmetics.com\/en\/wp-json\/wp\/v2\/categories?post=15340"},{"taxonomy":"post_tag","embeddable":true,"href":"https:\/\/beautytherapy.absolution-cosmetics.com\/en\/wp-json\/wp\/v2\/tags?post=15340"}],"curies":[{"name":"wp","href":"https:\/\/api.w.org\/{rel}","templated":true}]}}