{"id":24770,"date":"2022-02-04T12:45:00","date_gmt":"2022-02-04T11:45:00","guid":{"rendered":"https:\/\/beautytherapy.absolution-cosmetics.com\/wellness\/peau-mixte-deshydratee-et-pores-dilates-que-faire\/"},"modified":"2024-12-27T11:41:23","modified_gmt":"2024-12-27T10:41:23","slug":"combination-skin-dehydrated-pores","status":"publish","type":"post","link":"https:\/\/beautytherapy.absolution-cosmetics.com\/en\/take-care-of-your-skin\/combination-skin-dehydrated-pores\/","title":{"rendered":"How to take care of dehydrated combination skin with enlarged pores?"},"content":{"rendered":"<section class=\"block-grid-wrapper block-grid-for-core-paragraph\">\n      <div class=\"default-editor-content grid-for-core-paragraph container-fluid container-px-1\">\n        <div class=\"row row-cols-1 align-center\">\n          <div class=\"cell\">\n            \n<p>Combination skin is characterized by enlarged pores in the T-zone (forehead, nose, and chin) and is naturally more prone to dehydration. This is because finding the right balance between a purifying routine (for areas with excess sebum) and a hydrating routine (for drier areas) can be challenging.<\/p>\n          <\/div>\n        <\/div>\n      <\/div>\n\n      <\/section>\n\n<section class=\"block-grid-wrapper block-grid-for-core-paragraph\">\n      <div class=\"default-editor-content grid-for-core-paragraph container-fluid container-px-1\">\n        <div class=\"row row-cols-1 align-center\">\n          <div class=\"cell\">\n            \n<p>We\u2019ll explain everything you need to know about combination skin: why it tends to be dehydrated, how to care for it, and how to reduce the risk of imperfections caused by enlarged pores.<\/p>\n          <\/div>\n        <\/div>\n      <\/div>\n\n      <\/section>\n\n<section class=\"block-grid-wrapper block-grid-for-core-heading\">\n      <div class=\"default-editor-content grid-for-core-heading container-fluid container-px-1\">\n        <div class=\"row row-cols-1 align-center\">\n          <div class=\"cell\">\n            \n<h2 class=\"wp-block-heading\">Combination Skin: How to Identify It?<\/h2>\n          <\/div>\n        <\/div>\n      <\/div>\n\n      <\/section>\n\n<section class=\"block-grid-wrapper block-grid-for-core-paragraph\">\n      <div class=\"default-editor-content grid-for-core-paragraph container-fluid container-px-1\">\n        <div class=\"row row-cols-1 align-center\">\n          <div class=\"cell\">\n            \n<p>The term &#8220;combination skin&#8221; is quite self-explanatory: it refers to skin that is oily in some areas and tends to be dry in others. For instance, with combination skin, it&#8217;s common to have an overactive T-zone (forehead, nose, and chin) that produces excess sebum, while the cheeks may feel uncomfortable and dry due to fewer sebaceous glands in that area.<\/p>\n          <\/div>\n        <\/div>\n      <\/div>\n\n      <\/section>\n\n<section class=\"block-grid-wrapper block-grid-for-core-heading\">\n      <div class=\"default-editor-content grid-for-core-heading container-fluid container-px-1\">\n        <div class=\"row row-cols-1 align-center\">\n          <div class=\"cell\">\n            \n<h3 class=\"wp-block-heading\">Signs of Combination Skin<\/h3>\n          <\/div>\n        <\/div>\n      <\/div>\n\n      <\/section>\n\n<section class=\"block-grid-wrapper block-grid-for-core-list\">\n      <div class=\"default-editor-content grid-for-core-list container-fluid container-px-1\">\n        <div class=\"row row-cols-1 align-center\">\n          <div class=\"cell\">\n            \n<ul class=\"wp-block-list\">\n<li><strong>Oily Areas (T-zone):<\/strong>\n<ul class=\"wp-block-list\">\n<li>Shine appearing by midday.<\/li>\n\n\n\n<li>Enlarged pores.<\/li>\n\n\n\n<li>Occasional acne breakouts.<\/li>\n<\/ul>\n<\/li>\n\n\n\n<li><strong>Dry Areas (Cheeks):<\/strong>\n<ul class=\"wp-block-list\">\n<li>Flakiness or peeling skin.<\/li>\n\n\n\n<li>Redness.<\/li>\n\n\n\n<li>A feeling of tightness or roughness.<\/li>\n<\/ul>\n<\/li>\n<\/ul>\n          <\/div>\n        <\/div>\n      <\/div>\n\n      <\/section>\n\n<section class=\"block-grid-wrapper block-grid-for-core-heading\">\n      <div class=\"default-editor-content grid-for-core-heading container-fluid container-px-1\">\n        <div class=\"row row-cols-1 align-center\">\n          <div class=\"cell\">\n            \n<h3 class=\"wp-block-heading\">Causes and Influences<\/h3>\n          <\/div>\n        <\/div>\n      <\/div>\n\n      <\/section>\n\n<section class=\"block-grid-wrapper block-grid-for-core-paragraph\">\n      <div class=\"default-editor-content grid-for-core-paragraph container-fluid container-px-1\">\n        <div class=\"row row-cols-1 align-center\">\n          <div class=\"cell\">\n            \n<p>Combination skin is largely determined by genetic predisposition but can change over time due to:<\/p>\n          <\/div>\n        <\/div>\n      <\/div>\n\n      <\/section>\n\n<section class=\"block-grid-wrapper block-grid-for-core-list\">\n      <div class=\"default-editor-content grid-for-core-list container-fluid container-px-1\">\n        <div class=\"row row-cols-1 align-center\">\n          <div class=\"cell\">\n            \n<ul class=\"wp-block-list\">\n<li>Hormonal fluctuations (puberty, menstrual cycle, pregnancy, menopause).<\/li>\n\n\n\n<li>Seasonal variations (drier in winter, oilier in summer).<\/li>\n\n\n\n<li>Certain treatments (contraceptives, acne antibiotics).<\/li>\n<\/ul>\n          <\/div>\n        <\/div>\n      <\/div>\n\n      <\/section>\n\n<section class=\"block-grid-wrapper block-grid-for-core-paragraph\">\n      <div class=\"default-editor-content grid-for-core-paragraph container-fluid container-px-1\">\n        <div class=\"row row-cols-1 align-center\">\n          <div class=\"cell\">\n            \n<p>As we age, skin naturally becomes drier, meaning combination or oily skin doesn\u2019t remain that way forever. The balance between dryness and oiliness in combination skin constantly evolves, influenced by internal and external factors.<\/p>\n          <\/div>\n        <\/div>\n      <\/div>\n\n      <\/section>\n\n<section class=\"block-grid-wrapper block-grid-for-core-heading\">\n      <div class=\"default-editor-content grid-for-core-heading container-fluid container-px-1\">\n        <div class=\"row row-cols-1 align-center\">\n          <div class=\"cell\">\n            \n<h3 class=\"wp-block-heading\">Observing Your Skin<\/h3>\n          <\/div>\n        <\/div>\n      <\/div>\n\n      <\/section>\n\n<section class=\"block-grid-wrapper block-grid-for-core-paragraph\">\n      <div class=\"default-editor-content grid-for-core-paragraph container-fluid container-px-1\">\n        <div class=\"row row-cols-1 align-center\">\n          <div class=\"cell\">\n            \n<p>Combination skin doesn\u2019t follow strict rules\u2014it\u2019s not perpetually &#8220;50% oily and 50% dry.&#8221; It varies based on your environment, hormones, and skincare routine. To effectively care for your combination skin, particularly when it\u2019s dehydrated with enlarged pores, it\u2019s essential to monitor its changes and adapt your routine accordingly.<\/p>\n          <\/div>\n        <\/div>\n      <\/div>\n\n      <\/section>\n\n<section class=\"block-grid-wrapper block-grid-for-core-heading\">\n      <div class=\"default-editor-content grid-for-core-heading container-fluid container-px-1\">\n        <div class=\"row row-cols-1 align-center\">\n          <div class=\"cell\">\n            \n<h2 class=\"wp-block-heading\">Dehydrated Combination Skin and Enlarged Pores: Why Do They Go Hand in Hand?<\/h2>\n          <\/div>\n        <\/div>\n      <\/div>\n\n      <\/section>\n\n<section class=\"block-grid-wrapper block-grid-for-core-paragraph\">\n      <div class=\"default-editor-content grid-for-core-paragraph container-fluid container-px-1\">\n        <div class=\"row row-cols-1 align-center\">\n          <div class=\"cell\">\n            \n<p>Combination skin that\u2019s also dehydrated often comes with enlarged, visible pores, particularly on the forehead, nose, and chin. In oily areas, these pores tend to clog quickly due to a build-up of dead skin cells, sebum, and bacteria naturally present on the skin. When this accumulation oxidizes upon contact with air, it leads to what we commonly call blackheads.<\/p>\n          <\/div>\n        <\/div>\n      <\/div>\n\n      <\/section>\n\n<section class=\"block-grid-wrapper block-grid-for-core-paragraph\">\n      <div class=\"default-editor-content grid-for-core-paragraph container-fluid container-px-1\">\n        <div class=\"row row-cols-1 align-center\">\n          <div class=\"cell\">\n            \n<p>When dehydrated skin is added to the mix, affecting both oily and dry areas, the skin becomes itchy and prone to surface wrinkles or fine lines. These issues deepen alongside clogged, enlarged pores, resulting in a complexion that appears tired, marked, and more prone to imperfections.<\/p>\n          <\/div>\n        <\/div>\n      <\/div>\n\n      <\/section>\n\n<section class=\"block-grid-wrapper block-grid-for-core-paragraph\">\n      <div class=\"default-editor-content grid-for-core-paragraph container-fluid container-px-1\">\n        <div class=\"row row-cols-1 align-center\">\n          <div class=\"cell\">\n            \n<p>Addressing this combination requires targeted care that balances hydration, regulates sebum, and minimizes pore blockages. A well-rounded routine can help restore a smoother, healthier appearance.<\/p>\n          <\/div>\n        <\/div>\n      <\/div>\n\n      <\/section>\n\n<section class=\"block-grid-wrapper block-grid-for-core-heading\">\n      <div class=\"default-editor-content grid-for-core-heading container-fluid container-px-1\">\n        <div class=\"row row-cols-1 align-center\">\n          <div class=\"cell\">\n            \n<h2 class=\"wp-block-heading\">Dehydrated Combination Skin and Enlarged Pores: An Effective Skincare Routine<\/h2>\n          <\/div>\n        <\/div>\n      <\/div>\n\n      <\/section>\n\n<section class=\"block-grid-wrapper block-grid-for-core-paragraph\">\n      <div class=\"default-editor-content grid-for-core-paragraph container-fluid container-px-1\">\n        <div class=\"row row-cols-1 align-center\">\n          <div class=\"cell\">\n            \n<p><strong>This is why Absolution has designed a skincare routine to hydrate and treat your combination skin:<\/strong><\/p>\n          <\/div>\n        <\/div>\n      <\/div>\n\n      <\/section>\n\n<section class=\"block-grid-wrapper block-grid-for-core-paragraph\">\n      <div class=\"default-editor-content grid-for-core-paragraph container-fluid container-px-1\">\n        <div class=\"row row-cols-1 align-center\">\n          <div class=\"cell\">\n            \n<p><strong>Cleanse your skin every evening<\/strong> with <strong>Le Nettoyant Puret\u00e9<\/strong>. Formulated with Oat, Chamomile, and White Willow, it cleanses and purifies the skin while gradually reducing imperfections. In the morning, do not cleanse your skin to avoid weakening the hydrolipidic film, and opt for a hydrosol or fresh water from the tap if it is not too hard.<\/p>\n          <\/div>\n        <\/div>\n      <\/div>\n\n      <\/section>\n\n<section class=\"block-grid-wrapper block-grid-for-core-paragraph\">\n      <div class=\"default-editor-content grid-for-core-paragraph container-fluid container-px-1\">\n        <div class=\"row row-cols-1 align-center\">\n          <div class=\"cell\">\n            \n<p><strong>Tone your skin<\/strong> with <strong>La Brume Syst\u00e9mique<\/strong>. It hydrates the skin and reduces imperfections without drying out the epidermis.<\/p>\n          <\/div>\n        <\/div>\n      <\/div>\n\n      <\/section>\n\n<section class=\"block-grid-wrapper block-grid-for-core-paragraph\">\n      <div class=\"default-editor-content grid-for-core-paragraph container-fluid container-px-1\">\n        <div class=\"row row-cols-1 align-center\">\n          <div class=\"cell\">\n            \n<p><strong>Apply La Cr\u00e8me de Sant\u00e9<\/strong>, our special care for dehydrated combination skin. Its rich cocktail of prebiotics and botanicals hydrates, balances, and regulates the epidermis.<\/p>\n          <\/div>\n        <\/div>\n      <\/div>\n\n      <\/section>\n\n<section class=\"block-grid-wrapper block-grid-for-core-paragraph\">\n      <div class=\"default-editor-content grid-for-core-paragraph container-fluid container-px-1\">\n        <div class=\"row row-cols-1 align-center\">\n          <div class=\"cell\">\n            \n<p><strong>Use makeup<\/strong> that does not dry out or make your skin oily. Absolution has partnered with Christophe Danchaud, the makeup artist to the stars, to create a makeup range that cares for and enhances the skin without any controversial ingredients.<\/p>\n          <\/div>\n        <\/div>\n      <\/div>\n\n      <\/section>\n\n<section class=\"block-grid-wrapper block-grid-for-core-paragraph\">\n      <div class=\"default-editor-content grid-for-core-paragraph container-fluid container-px-1\">\n        <div class=\"row row-cols-1 align-center\">\n          <div class=\"cell\">\n            \n<p><strong>In the evening, remove your makeup<\/strong> with <strong>La Cr\u00e8me Douce D\u00e9maquillante<\/strong>, made with Pracaxi, St. John\u2019s Wort, and Neroli. It cleanses, removes makeup, and softens your skin without damaging your dehydrated combination skin. Don\u2019t forget to complete your evening routine with a facial oil suitable for your skin.<\/p>\n          <\/div>\n        <\/div>\n      <\/div>\n\n      <\/section>\n\n\n<section   class=\"section-image-product-unique wp-block-acf-image-product-unique  image-product-unique\">\n\n  <div class=\"container-fluid container-px-1\">\n    <div class=\"row row-cols-2\">\n      <div class=\"product-col\">\n        <!-- Temporary exit until we fix integration with shopify -->\n        <!--           \r\n<article class=\"product-miniature js-product-miniature product-with-buttons\" data-id-product=\"83\">\r\n\r\n  <div class=\"thumbnail-container\">\r\n          <a href=\"https:\/\/www.absolution-cosmetics.com\/index.php?controller=product&id_product=83&id_lang=1\" class=\"thumbnail product-thumbnail\">\r\n        <img data-lazy-img data-fade-in data-src=\"\" \/>\r\n      <\/a>\r\n    \r\n\r\n    <div class=\"product-info-wrapper\">\r\n      <div class=\"product-description\">\r\n        \r\n        <div class=\"title-price-wrapper\">\r\n          \r\n          <h2 class=\"product-title h2\">\r\n                      <\/h2>\r\n\r\n          \r\n          <div class=\"product-short-description\">\r\n                      <\/div>\r\n\r\n          \n<span class=\"inline-rating\">\n  <span class=\"stars-wrapper\">\n    \n    \n                  <svg xmlns=\"http:\/\/www.w3.org\/2000\/svg\" viewBox=\"0 0 14 14\"><path data-name=\"Star\" d=\"M7 11.609 2.673 14l.826-5.065L0 5.348l4.837-.739L7 0l2.163 4.609L14 5.348l-3.5 3.587.826 5.065z\" fill=\"#1d1d1b\" opacity=\".4\"\/><\/svg>              <svg xmlns=\"http:\/\/www.w3.org\/2000\/svg\" viewBox=\"0 0 14 14\"><path data-name=\"Star\" d=\"M7 11.609 2.673 14l.826-5.065L0 5.348l4.837-.739L7 0l2.163 4.609L14 5.348l-3.5 3.587.826 5.065z\" fill=\"#1d1d1b\" opacity=\".4\"\/><\/svg>              <svg xmlns=\"http:\/\/www.w3.org\/2000\/svg\" viewBox=\"0 0 14 14\"><path data-name=\"Star\" d=\"M7 11.609 2.673 14l.826-5.065L0 5.348l4.837-.739L7 0l2.163 4.609L14 5.348l-3.5 3.587.826 5.065z\" fill=\"#1d1d1b\" opacity=\".4\"\/><\/svg>              <svg xmlns=\"http:\/\/www.w3.org\/2000\/svg\" viewBox=\"0 0 14 14\"><path data-name=\"Star\" d=\"M7 11.609 2.673 14l.826-5.065L0 5.348l4.837-.739L7 0l2.163 4.609L14 5.348l-3.5 3.587.826 5.065z\" fill=\"#1d1d1b\" opacity=\".4\"\/><\/svg>              <svg xmlns=\"http:\/\/www.w3.org\/2000\/svg\" viewBox=\"0 0 14 14\"><path data-name=\"Star\" d=\"M7 11.609 2.673 14l.826-5.065L0 5.348l4.837-.739L7 0l2.163 4.609L14 5.348l-3.5 3.587.826 5.065z\" fill=\"#1d1d1b\" opacity=\".4\"\/><\/svg>            <\/span>\n\n  <span class=\"average\">0.0<\/span>\n  <span class=\"reviews-count\">\n    0 reviews  <\/span>\n<\/span>\n\r\n                  <\/div>\r\n      <\/div>\r\n    <\/div>\r\n\r\n  <\/div>\r\n\r\n\r\n<\/article>\r\n         -->\n      <\/div>\n\n      \n        <div class=\"product-image-col\">\n          <figure>\n            <picture><source  data-srcset=\"https:\/\/beautytherapy.absolution-cosmetics.com\/wp-content\/uploads\/2022\/02\/prod-1799-le-gel-nettoyant-purete-687x687-fs-890x1334-069019f9f508.jpg\" media=\"(min-width: 64em) and (min-resolution: 192dpi), (min-width: 64em) and (-webkit-min-device-pixel-ratio: 2)\"><source  data-srcset=\"https:\/\/beautytherapy.absolution-cosmetics.com\/wp-content\/uploads\/2022\/02\/prod-1799-le-gel-nettoyant-purete-687x687-fs-890x1334-2a72117483c6.jpg\" media=\"(min-width: 48em) and (min-resolution: 192dpi), (min-width: 48em) and (-webkit-min-device-pixel-ratio: 2)\"><source  data-srcset=\"https:\/\/beautytherapy.absolution-cosmetics.com\/wp-content\/uploads\/2022\/02\/prod-1799-le-gel-nettoyant-purete-687x687-fs-445x667-3be71749efd5.jpg\" media=\"(min-width: 64em)\"><source  data-srcset=\"https:\/\/beautytherapy.absolution-cosmetics.com\/wp-content\/uploads\/2022\/02\/prod-1799-le-gel-nettoyant-purete-687x687-fs-445x667-e265ccb6d4fb.jpg\" media=\"(min-width: 48em)\"><img data-fade-in data-lazy-img data-src=\"https:\/\/beautytherapy.absolution-cosmetics.com\/wp-content\/uploads\/2022\/02\/prod-1799-le-gel-nettoyant-purete-687x687-fs-690x840-c8b9a3a307d2.jpg\" alt=\"\" style=\";--aspect-ratio-small: 0.82142857142857;--aspect-ratio-medium: 0.6671664167916;--aspect-ratio-large: 0.6671664167916;--aspect-ratio-medium_retina: 0.6671664167916;--aspect-ratio-large_retina: 0.6671664167916\" data-has-aspect-ratio=\"true\" \/><\/picture>          <\/figure>\n        <\/div>\n          <\/div>\n  <\/div>\n\n<\/section>\n\n\n\r\n\r\n  <section  class=\"section-maillage-3-articles wp-block-acf-maillage-3-articles  section-content section-three-articles\"     itemprop=\"hasPart\" itemscope itemtype=\"https:\/\/schema.org\/WebPageElement\">\r\n\r\n    <div class=\"container-fluid container-px-1\">\r\n\r\n      \r\n      <div class=\"row row-cols-1 lg:row-cols-3 maillage-articles-slider\">\r\n        \r\n          <div class=\"col-post\">\r\n                          <a href=\"https:\/\/beautytherapy.absolution-cosmetics.com\/en\/take-care-of-your-skin\/face-oils-must-beauty-routine\/\" itemprop=\"url mainEntityOfPage\">\r\n                \r\n                <figure>\r\n                  <picture><source srcset=\"https:\/\/beautytherapy.absolution-cosmetics.com\/wp-content\/uploads\/2024\/01\/huile-soin-visage-1152x710-c-590x300-232173083481.jpg\" media=\"(min-width: 64em) and (min-resolution: 192dpi), (min-width: 64em) and (-webkit-min-device-pixel-ratio: 2)\"><source srcset=\"https:\/\/beautytherapy.absolution-cosmetics.com\/wp-content\/uploads\/2024\/01\/huile-soin-visage-1152x710-c-300x200-d12aa28a297a.jpg\" media=\"(min-width: 48em) and (min-resolution: 192dpi), (min-width: 48em) and (-webkit-min-device-pixel-ratio: 2)\"><source srcset=\"https:\/\/beautytherapy.absolution-cosmetics.com\/wp-content\/uploads\/2024\/01\/huile-soin-visage-1152x710-c-295x150-495ce3e1bb41.jpg\" media=\"(min-width: 64em)\"><source srcset=\"https:\/\/beautytherapy.absolution-cosmetics.com\/wp-content\/uploads\/2024\/01\/huile-soin-visage-1152x710-c-150x100-e0af6e948299.jpg\" media=\"(min-width: 48em)\"><img decoding=\"async\" src=\"https:\/\/beautytherapy.absolution-cosmetics.com\/wp-content\/uploads\/2024\/01\/huile-soin-visage-1152x710-c-512x260-9180f4bb4ab3.jpg\" alt=\"\" style=\";--aspect-ratio-small: 1.9692307692308;--aspect-ratio-medium: 1.5;--aspect-ratio-large: 1.9666666666667;--aspect-ratio-medium_retina: 1.5;--aspect-ratio-large_retina: 1.9666666666667\" data-has-aspect-ratio=\"true\" \/><\/picture>                <\/figure>\r\n              <\/a>\r\n            \r\n            \r\n<div class=\"post-subheader\">\r\n      <ul class=\"tags-list\" itemprop=\"keywords\">\r\n\r\n                  <li>\r\n          <a href=\"https:\/\/beautytherapy.absolution-cosmetics.com\/en\/tag\/oils\/\">\r\n            Oils          <\/a>\r\n        <\/li>\r\n          <\/ul>\r\n  \r\n  <span class=\"entry-date\" itemprop=\"datePublished\">\r\n    19 Apr. 2022  <\/span>\r\n\r\n  <span class=\"author\" itemprop=\"author\" itemscope itemtype=\"http:\/\/schema.org\/Person\">\r\n    By    <a href=\"https:\/\/beautytherapy.absolution-cosmetics.com\/en\/author\/l-equipe-absolution\/\" class=\"author-name\" itemprop=\"url\">\r\n      Edito Beauty Therapy    <\/a>\r\n  <\/span>\r\n<\/div>\r\n\r\n            <h3>Face oils: a must-have in your beauty routine!\u00a0<\/h3>\r\n\r\n            <a class=\"btn btn-secondary\" href=\"https:\/\/beautytherapy.absolution-cosmetics.com\/en\/take-care-of-your-skin\/face-oils-must-beauty-routine\/\" itemprop=\"url\">\r\n              <span>Read the article<\/span>\r\n            <\/a>\r\n          <\/div>\r\n\r\n        \r\n          <div class=\"col-post\">\r\n                          <a href=\"https:\/\/beautytherapy.absolution-cosmetics.com\/en\/take-care-of-your-skin\/right-techniques\/can-you-use-an-oil-when-you-have-oily-skin\/\" itemprop=\"url mainEntityOfPage\">\r\n                \r\n                <figure>\r\n                  <picture><source srcset=\"https:\/\/beautytherapy.absolution-cosmetics.com\/wp-content\/uploads\/2024\/01\/huile-peau-grasse-1000x1000-1152x710-c-590x300-232173083481.jpg\" media=\"(min-width: 64em) and (min-resolution: 192dpi), (min-width: 64em) and (-webkit-min-device-pixel-ratio: 2)\"><source srcset=\"https:\/\/beautytherapy.absolution-cosmetics.com\/wp-content\/uploads\/2024\/01\/huile-peau-grasse-1000x1000-1152x710-c-300x200-d12aa28a297a.jpg\" media=\"(min-width: 48em) and (min-resolution: 192dpi), (min-width: 48em) and (-webkit-min-device-pixel-ratio: 2)\"><source srcset=\"https:\/\/beautytherapy.absolution-cosmetics.com\/wp-content\/uploads\/2024\/01\/huile-peau-grasse-1000x1000-1152x710-c-295x150-495ce3e1bb41.jpg\" media=\"(min-width: 64em)\"><source srcset=\"https:\/\/beautytherapy.absolution-cosmetics.com\/wp-content\/uploads\/2024\/01\/huile-peau-grasse-1000x1000-1152x710-c-150x100-e0af6e948299.jpg\" media=\"(min-width: 48em)\"><img decoding=\"async\" src=\"https:\/\/beautytherapy.absolution-cosmetics.com\/wp-content\/uploads\/2024\/01\/huile-peau-grasse-1000x1000-1152x710-c-512x260-9180f4bb4ab3.jpg\" alt=\"\" style=\";--aspect-ratio-small: 1.9692307692308;--aspect-ratio-medium: 1.5;--aspect-ratio-large: 1.9666666666667;--aspect-ratio-medium_retina: 1.5;--aspect-ratio-large_retina: 1.9666666666667\" data-has-aspect-ratio=\"true\" \/><\/picture>                <\/figure>\r\n              <\/a>\r\n            \r\n            \r\n<div class=\"post-subheader\">\r\n      <ul class=\"tags-list\" itemprop=\"keywords\">\r\n\r\n                  <li>\r\n          <a href=\"https:\/\/beautytherapy.absolution-cosmetics.com\/en\/tag\/oils\/\">\r\n            Oils          <\/a>\r\n        <\/li>\r\n              <li>\r\n          <a href=\"https:\/\/beautytherapy.absolution-cosmetics.com\/en\/tag\/oily-skin\/\">\r\n            Oily skin          <\/a>\r\n        <\/li>\r\n          <\/ul>\r\n  \r\n  <span class=\"entry-date\" itemprop=\"datePublished\">\r\n    4 Aug. 2020  <\/span>\r\n\r\n  <span class=\"author\" itemprop=\"author\" itemscope itemtype=\"http:\/\/schema.org\/Person\">\r\n    By    <a href=\"https:\/\/beautytherapy.absolution-cosmetics.com\/en\/author\/l-equipe-absolution\/\" class=\"author-name\" itemprop=\"url\">\r\n      Edito Beauty Therapy    <\/a>\r\n  <\/span>\r\n<\/div>\r\n\r\n            <h3>Can you use an oil when you have oily skin?<\/h3>\r\n\r\n            <a class=\"btn btn-secondary\" href=\"https:\/\/beautytherapy.absolution-cosmetics.com\/en\/take-care-of-your-skin\/right-techniques\/can-you-use-an-oil-when-you-have-oily-skin\/\" itemprop=\"url\">\r\n              <span>Read the article<\/span>\r\n            <\/a>\r\n          <\/div>\r\n\r\n        \r\n          <div class=\"col-post\">\r\n                          <a href=\"https:\/\/beautytherapy.absolution-cosmetics.com\/en\/take-care-of-your-skin\/natural-solution-for-open-pores\/\" itemprop=\"url mainEntityOfPage\">\r\n                \r\n                <figure>\r\n                  <picture><source srcset=\"https:\/\/beautytherapy.absolution-cosmetics.com\/wp-content\/uploads\/2024\/02\/masque_antisoif_modele_5_web_absolution-1152x710-c-590x300-232173083481.jpg\" media=\"(min-width: 64em) and (min-resolution: 192dpi), (min-width: 64em) and (-webkit-min-device-pixel-ratio: 2)\"><source srcset=\"https:\/\/beautytherapy.absolution-cosmetics.com\/wp-content\/uploads\/2024\/02\/masque_antisoif_modele_5_web_absolution-1152x710-c-300x200-d12aa28a297a.jpg\" media=\"(min-width: 48em) and (min-resolution: 192dpi), (min-width: 48em) and (-webkit-min-device-pixel-ratio: 2)\"><source srcset=\"https:\/\/beautytherapy.absolution-cosmetics.com\/wp-content\/uploads\/2024\/02\/masque_antisoif_modele_5_web_absolution-1152x710-c-295x150-495ce3e1bb41.jpg\" media=\"(min-width: 64em)\"><source srcset=\"https:\/\/beautytherapy.absolution-cosmetics.com\/wp-content\/uploads\/2024\/02\/masque_antisoif_modele_5_web_absolution-1152x710-c-150x100-e0af6e948299.jpg\" media=\"(min-width: 48em)\"><img decoding=\"async\" src=\"https:\/\/beautytherapy.absolution-cosmetics.com\/wp-content\/uploads\/2024\/02\/masque_antisoif_modele_5_web_absolution-1152x710-c-512x260-9180f4bb4ab3.jpg\" alt=\"\" style=\";--aspect-ratio-small: 1.9692307692308;--aspect-ratio-medium: 1.5;--aspect-ratio-large: 1.9666666666667;--aspect-ratio-medium_retina: 1.5;--aspect-ratio-large_retina: 1.9666666666667\" data-has-aspect-ratio=\"true\" \/><\/picture>                <\/figure>\r\n              <\/a>\r\n            \r\n            \r\n<div class=\"post-subheader\">\r\n      <ul class=\"tags-list\" itemprop=\"keywords\">\r\n\r\n                  <li>\r\n          <a href=\"https:\/\/beautytherapy.absolution-cosmetics.com\/en\/tag\/dilated-pores\/\">\r\n            Dilated pores          <\/a>\r\n        <\/li>\r\n          <\/ul>\r\n  \r\n  <span class=\"entry-date\" itemprop=\"datePublished\">\r\n    4 Feb. 2022  <\/span>\r\n\r\n  <span class=\"author\" itemprop=\"author\" itemscope itemtype=\"http:\/\/schema.org\/Person\">\r\n    By    <a href=\"https:\/\/beautytherapy.absolution-cosmetics.com\/en\/author\/l-equipe-absolution\/\" class=\"author-name\" itemprop=\"url\">\r\n      Edito Beauty Therapy    <\/a>\r\n  <\/span>\r\n<\/div>\r\n\r\n            <h3>Open pores: how to deal with them naturally!<\/h3>\r\n\r\n            <a class=\"btn btn-secondary\" href=\"https:\/\/beautytherapy.absolution-cosmetics.com\/en\/take-care-of-your-skin\/natural-solution-for-open-pores\/\" itemprop=\"url\">\r\n              <span>Read the article<\/span>\r\n            <\/a>\r\n          <\/div>\r\n\r\n              <\/div>\r\n    <\/div>\r\n  <\/section>\r\n\r\n","protected":false},"excerpt":{"rendered":"<p>Combination skin is characterized by enlarged pores in the T-zone (forehead, nose, and chin) and is naturally more prone to dehydration. This is because finding the right balance between a purifying routine (for areas with excess sebum) and a hydrating routine (for drier areas) can be challenging. We\u2019ll explain everything you need to know about [&hellip;]<\/p>\n","protected":false},"author":24,"featured_media":15206,"comment_status":"closed","ping_status":"closed","sticky":false,"template":"","format":"standard","meta":{"_acf_changed":false,"footnotes":""},"categories":[1001,1002,1003],"tags":[1167,1169],"class_list":["post-24770","post","type-post","status-publish","format-standard","has-post-thumbnail","hentry","category-take-care-of-your-skin","category-rituals","category-right-techniques","tag-dilated-pores","tag-mixed-skin"],"acf":[],"yoast_head":"<!-- This site is optimized with the Yoast SEO plugin v27.5 - https:\/\/yoast.com\/product\/yoast-seo-wordpress\/ -->\n<title>How to take care of dehydrated combination skin with enlarged pores? - Beauty Therapy<\/title>\n<meta name=\"description\" content=\"Combination skin presents enlarged pores in the T-zone (forehead, nose, and chin) and is naturally more prone to dehydration because finding a balance between a purifying routine (for areas that produce too much sebum) and a hydrating routine (for other areas) is often difficult to achieve. We explain everything about what combination skin is, why it can be dehydrated, and how to reduce the risk of imperfections related to enlarged pores.\" \/>\n<meta name=\"robots\" content=\"index, follow, max-snippet:-1, max-image-preview:large, max-video-preview:-1\" \/>\n<link rel=\"canonical\" href=\"https:\/\/beautytherapy.absolution-cosmetics.com\/en\/take-care-of-your-skin\/combination-skin-dehydrated-pores\/\" \/>\n<meta property=\"og:locale\" content=\"en_US\" \/>\n<meta property=\"og:type\" content=\"article\" \/>\n<meta property=\"og:title\" content=\"How to take care of dehydrated combination skin with enlarged pores? - Beauty Therapy\" \/>\n<meta property=\"og:description\" content=\"Combination skin presents enlarged pores in the T-zone (forehead, nose, and chin) and is naturally more prone to dehydration because finding a balance between a purifying routine (for areas that produce too much sebum) and a hydrating routine (for other areas) is often difficult to achieve. We explain everything about what combination skin is, why it can be dehydrated, and how to reduce the risk of imperfections related to enlarged pores.\" \/>\n<meta property=\"og:url\" content=\"https:\/\/beautytherapy.absolution-cosmetics.com\/en\/take-care-of-your-skin\/combination-skin-dehydrated-pores\/\" \/>\n<meta property=\"og:site_name\" content=\"Beauty Therapy\" \/>\n<meta property=\"article:author\" content=\"https:\/\/www.facebook.com\/absolutioncosmetics\" \/>\n<meta property=\"article:published_time\" content=\"2022-02-04T11:45:00+00:00\" \/>\n<meta property=\"article:modified_time\" content=\"2024-12-27T10:41:23+00:00\" \/>\n<meta property=\"og:image\" content=\"https:\/\/beautytherapy.absolution-cosmetics.com\/wp-content\/uploads\/2024\/02\/banniere_filtre_visage_hydrater_2-1-1152x710-c.jpg\" \/>\n\t<meta property=\"og:image:width\" content=\"1152\" \/>\n\t<meta property=\"og:image:height\" content=\"710\" \/>\n\t<meta property=\"og:image:type\" content=\"image\/jpeg\" \/>\n<meta name=\"author\" content=\"Edito Beauty Therapy\" \/>\n<meta name=\"twitter:card\" content=\"summary_large_image\" \/>\n<meta name=\"twitter:label1\" content=\"Written by\" \/>\n\t<meta name=\"twitter:data1\" content=\"Edito Beauty Therapy\" \/>\n\t<meta name=\"twitter:label2\" content=\"Est. reading time\" \/>\n\t<meta name=\"twitter:data2\" content=\"4 minutes\" \/>\n<script type=\"application\/ld+json\" class=\"yoast-schema-graph\">{\"@context\":\"https:\\\/\\\/schema.org\",\"@graph\":[{\"@type\":\"Article\",\"@id\":\"https:\\\/\\\/beautytherapy.absolution-cosmetics.com\\\/en\\\/take-care-of-your-skin\\\/combination-skin-dehydrated-pores\\\/#article\",\"isPartOf\":{\"@id\":\"https:\\\/\\\/beautytherapy.absolution-cosmetics.com\\\/en\\\/take-care-of-your-skin\\\/combination-skin-dehydrated-pores\\\/\"},\"author\":{\"name\":\"Edito Beauty Therapy\",\"@id\":\"https:\\\/\\\/beautytherapy.absolution-cosmetics.com\\\/en\\\/#\\\/schema\\\/person\\\/39fa4ed518c548c2f2b7d6a399786b66\"},\"headline\":\"How to take care of dehydrated combination skin with enlarged pores?\",\"datePublished\":\"2022-02-04T11:45:00+00:00\",\"dateModified\":\"2024-12-27T10:41:23+00:00\",\"mainEntityOfPage\":{\"@id\":\"https:\\\/\\\/beautytherapy.absolution-cosmetics.com\\\/en\\\/take-care-of-your-skin\\\/combination-skin-dehydrated-pores\\\/\"},\"wordCount\":681,\"publisher\":{\"@id\":\"https:\\\/\\\/beautytherapy.absolution-cosmetics.com\\\/en\\\/#organization\"},\"image\":{\"@id\":\"https:\\\/\\\/beautytherapy.absolution-cosmetics.com\\\/en\\\/take-care-of-your-skin\\\/combination-skin-dehydrated-pores\\\/#primaryimage\"},\"thumbnailUrl\":\"https:\\\/\\\/beautytherapy.absolution-cosmetics.com\\\/wp-content\\\/uploads\\\/2024\\\/02\\\/banniere_filtre_visage_hydrater_2-1-1152x710-c.jpg\",\"keywords\":[\"Dilated pores\",\"Mixed skin\"],\"articleSection\":[\"Caring for your skin\",\"Rituals\",\"The right techniques\"],\"inLanguage\":\"en-US\"},{\"@type\":\"WebPage\",\"@id\":\"https:\\\/\\\/beautytherapy.absolution-cosmetics.com\\\/en\\\/take-care-of-your-skin\\\/combination-skin-dehydrated-pores\\\/\",\"url\":\"https:\\\/\\\/beautytherapy.absolution-cosmetics.com\\\/en\\\/take-care-of-your-skin\\\/combination-skin-dehydrated-pores\\\/\",\"name\":\"How to take care of dehydrated combination skin with enlarged pores? - Beauty Therapy\",\"isPartOf\":{\"@id\":\"https:\\\/\\\/beautytherapy.absolution-cosmetics.com\\\/en\\\/#website\"},\"primaryImageOfPage\":{\"@id\":\"https:\\\/\\\/beautytherapy.absolution-cosmetics.com\\\/en\\\/take-care-of-your-skin\\\/combination-skin-dehydrated-pores\\\/#primaryimage\"},\"image\":{\"@id\":\"https:\\\/\\\/beautytherapy.absolution-cosmetics.com\\\/en\\\/take-care-of-your-skin\\\/combination-skin-dehydrated-pores\\\/#primaryimage\"},\"thumbnailUrl\":\"https:\\\/\\\/beautytherapy.absolution-cosmetics.com\\\/wp-content\\\/uploads\\\/2024\\\/02\\\/banniere_filtre_visage_hydrater_2-1-1152x710-c.jpg\",\"datePublished\":\"2022-02-04T11:45:00+00:00\",\"dateModified\":\"2024-12-27T10:41:23+00:00\",\"description\":\"Combination skin presents enlarged pores in the T-zone (forehead, nose, and chin) and is naturally more prone to dehydration because finding a balance between a purifying routine (for areas that produce too much sebum) and a hydrating routine (for other areas) is often difficult to achieve. We explain everything about what combination skin is, why it can be dehydrated, and how to reduce the risk of imperfections related to enlarged pores.\",\"breadcrumb\":{\"@id\":\"https:\\\/\\\/beautytherapy.absolution-cosmetics.com\\\/en\\\/take-care-of-your-skin\\\/combination-skin-dehydrated-pores\\\/#breadcrumb\"},\"inLanguage\":\"en-US\",\"potentialAction\":[{\"@type\":\"ReadAction\",\"target\":[\"https:\\\/\\\/beautytherapy.absolution-cosmetics.com\\\/en\\\/take-care-of-your-skin\\\/combination-skin-dehydrated-pores\\\/\"]}]},{\"@type\":\"ImageObject\",\"inLanguage\":\"en-US\",\"@id\":\"https:\\\/\\\/beautytherapy.absolution-cosmetics.com\\\/en\\\/take-care-of-your-skin\\\/combination-skin-dehydrated-pores\\\/#primaryimage\",\"url\":\"https:\\\/\\\/beautytherapy.absolution-cosmetics.com\\\/wp-content\\\/uploads\\\/2024\\\/02\\\/banniere_filtre_visage_hydrater_2-1-1152x710-c.jpg\",\"contentUrl\":\"https:\\\/\\\/beautytherapy.absolution-cosmetics.com\\\/wp-content\\\/uploads\\\/2024\\\/02\\\/banniere_filtre_visage_hydrater_2-1-1152x710-c.jpg\",\"width\":1152,\"height\":710},{\"@type\":\"BreadcrumbList\",\"@id\":\"https:\\\/\\\/beautytherapy.absolution-cosmetics.com\\\/en\\\/take-care-of-your-skin\\\/combination-skin-dehydrated-pores\\\/#breadcrumb\",\"itemListElement\":[{\"@type\":\"ListItem\",\"position\":1,\"name\":\"Home\",\"item\":\"https:\\\/\\\/beautytherapy.absolution-cosmetics.com\\\/en\\\/\"},{\"@type\":\"ListItem\",\"position\":2,\"name\":\"Caring for your skin\",\"item\":\"https:\\\/\\\/beautytherapy.absolution-cosmetics.com\\\/en\\\/take-care-of-your-skin\\\/\"},{\"@type\":\"ListItem\",\"position\":3,\"name\":\"How to take care of dehydrated combination skin with enlarged pores?\"}]},{\"@type\":\"WebSite\",\"@id\":\"https:\\\/\\\/beautytherapy.absolution-cosmetics.com\\\/en\\\/#website\",\"url\":\"https:\\\/\\\/beautytherapy.absolution-cosmetics.com\\\/en\\\/\",\"name\":\"Beauty Therapy\",\"description\":\"\",\"publisher\":{\"@id\":\"https:\\\/\\\/beautytherapy.absolution-cosmetics.com\\\/en\\\/#organization\"},\"inLanguage\":\"en-US\"},{\"@type\":\"Organization\",\"@id\":\"https:\\\/\\\/beautytherapy.absolution-cosmetics.com\\\/en\\\/#organization\",\"name\":\"Beauty Therapy\",\"url\":\"https:\\\/\\\/beautytherapy.absolution-cosmetics.com\\\/en\\\/\",\"logo\":{\"@type\":\"ImageObject\",\"inLanguage\":\"en-US\",\"@id\":\"https:\\\/\\\/beautytherapy.absolution-cosmetics.com\\\/en\\\/#\\\/schema\\\/logo\\\/image\\\/\",\"url\":\"https:\\\/\\\/beautytherapy.absolution-cosmetics.com\\\/wp-content\\\/uploads\\\/2020\\\/02\\\/beauty-therapy-logo.png\",\"contentUrl\":\"https:\\\/\\\/beautytherapy.absolution-cosmetics.com\\\/wp-content\\\/uploads\\\/2020\\\/02\\\/beauty-therapy-logo.png\",\"width\":424,\"height\":212,\"caption\":\"Beauty Therapy\"},\"image\":{\"@id\":\"https:\\\/\\\/beautytherapy.absolution-cosmetics.com\\\/en\\\/#\\\/schema\\\/logo\\\/image\\\/\"}},{\"@type\":\"Person\",\"@id\":\"https:\\\/\\\/beautytherapy.absolution-cosmetics.com\\\/en\\\/#\\\/schema\\\/person\\\/39fa4ed518c548c2f2b7d6a399786b66\",\"name\":\"Edito Beauty Therapy\",\"description\":\"L\u2019objectif d\u2019Absolution est \u00e0 la fois tout simple et merveilleusement complexe : retrouver la Beaut\u00e9 ! Celle du monde qui nous entoure, celle du monde que l\u2019on contient... celle qui se cache dans votre reflet le matin ! Les soins Absolution effacent les scories de nos vies d\u2019urbains : chaque jour ils offrent \u00e0 notre peau un retour \u00e0 sa beaut\u00e9 originelle en restaurant son \u00e9cosyst\u00e8me naturel et en l\u2019amenant \u00e0 son \u00e9tat optimum. \u00c9labor\u00e9e \u00e0 partir d\u2019extraits v\u00e9g\u00e9taux certifi\u00e9s bio ou sauvages, de min\u00e9raux et de vitamines, Absolution allie d\u00e9licatesse des textures et des senteurs, simplicit\u00e9 d\u2019utilisation et totale efficacit\u00e9 des formules. Absolution c\u2019est aussi une volont\u00e9 : celle de transmettre une fa\u00e7on de voir le monde qui fait \u00e9merger la beaut\u00e9 partout o\u00f9 elle est. Partagez-la avec nous ! @absolution_cosmetics #absolutioncosmetics #retrouverlabeaut\u00e9\",\"sameAs\":[\"https:\\\/\\\/www.absolution-cosmetics.com\\\/fr\\\/\",\"https:\\\/\\\/www.facebook.com\\\/absolutioncosmetics\",\"https:\\\/\\\/www.instagram.com\\\/absolution_cosmetics\\\/\"],\"url\":\"https:\\\/\\\/beautytherapy.absolution-cosmetics.com\\\/en\\\/author\\\/l-equipe-absolution\\\/\"}]}<\/script>\n<!-- \/ Yoast SEO plugin. -->","yoast_head_json":{"title":"How to take care of dehydrated combination skin with enlarged pores? - Beauty Therapy","description":"Combination skin presents enlarged pores in the T-zone (forehead, nose, and chin) and is naturally more prone to dehydration because finding a balance between a purifying routine (for areas that produce too much sebum) and a hydrating routine (for other areas) is often difficult to achieve. We explain everything about what combination skin is, why it can be dehydrated, and how to reduce the risk of imperfections related to enlarged pores.","robots":{"index":"index","follow":"follow","max-snippet":"max-snippet:-1","max-image-preview":"max-image-preview:large","max-video-preview":"max-video-preview:-1"},"canonical":"https:\/\/beautytherapy.absolution-cosmetics.com\/en\/take-care-of-your-skin\/combination-skin-dehydrated-pores\/","og_locale":"en_US","og_type":"article","og_title":"How to take care of dehydrated combination skin with enlarged pores? - Beauty Therapy","og_description":"Combination skin presents enlarged pores in the T-zone (forehead, nose, and chin) and is naturally more prone to dehydration because finding a balance between a purifying routine (for areas that produce too much sebum) and a hydrating routine (for other areas) is often difficult to achieve. We explain everything about what combination skin is, why it can be dehydrated, and how to reduce the risk of imperfections related to enlarged pores.","og_url":"https:\/\/beautytherapy.absolution-cosmetics.com\/en\/take-care-of-your-skin\/combination-skin-dehydrated-pores\/","og_site_name":"Beauty Therapy","article_author":"https:\/\/www.facebook.com\/absolutioncosmetics","article_published_time":"2022-02-04T11:45:00+00:00","article_modified_time":"2024-12-27T10:41:23+00:00","og_image":[{"width":1152,"height":710,"url":"https:\/\/beautytherapy.absolution-cosmetics.com\/wp-content\/uploads\/2024\/02\/banniere_filtre_visage_hydrater_2-1-1152x710-c.jpg","type":"image\/jpeg"}],"author":"Edito Beauty Therapy","twitter_card":"summary_large_image","twitter_misc":{"Written by":"Edito Beauty Therapy","Est. reading time":"4 minutes"},"schema":{"@context":"https:\/\/schema.org","@graph":[{"@type":"Article","@id":"https:\/\/beautytherapy.absolution-cosmetics.com\/en\/take-care-of-your-skin\/combination-skin-dehydrated-pores\/#article","isPartOf":{"@id":"https:\/\/beautytherapy.absolution-cosmetics.com\/en\/take-care-of-your-skin\/combination-skin-dehydrated-pores\/"},"author":{"name":"Edito Beauty Therapy","@id":"https:\/\/beautytherapy.absolution-cosmetics.com\/en\/#\/schema\/person\/39fa4ed518c548c2f2b7d6a399786b66"},"headline":"How to take care of dehydrated combination skin with enlarged pores?","datePublished":"2022-02-04T11:45:00+00:00","dateModified":"2024-12-27T10:41:23+00:00","mainEntityOfPage":{"@id":"https:\/\/beautytherapy.absolution-cosmetics.com\/en\/take-care-of-your-skin\/combination-skin-dehydrated-pores\/"},"wordCount":681,"publisher":{"@id":"https:\/\/beautytherapy.absolution-cosmetics.com\/en\/#organization"},"image":{"@id":"https:\/\/beautytherapy.absolution-cosmetics.com\/en\/take-care-of-your-skin\/combination-skin-dehydrated-pores\/#primaryimage"},"thumbnailUrl":"https:\/\/beautytherapy.absolution-cosmetics.com\/wp-content\/uploads\/2024\/02\/banniere_filtre_visage_hydrater_2-1-1152x710-c.jpg","keywords":["Dilated pores","Mixed skin"],"articleSection":["Caring for your skin","Rituals","The right techniques"],"inLanguage":"en-US"},{"@type":"WebPage","@id":"https:\/\/beautytherapy.absolution-cosmetics.com\/en\/take-care-of-your-skin\/combination-skin-dehydrated-pores\/","url":"https:\/\/beautytherapy.absolution-cosmetics.com\/en\/take-care-of-your-skin\/combination-skin-dehydrated-pores\/","name":"How to take care of dehydrated combination skin with enlarged pores? - Beauty Therapy","isPartOf":{"@id":"https:\/\/beautytherapy.absolution-cosmetics.com\/en\/#website"},"primaryImageOfPage":{"@id":"https:\/\/beautytherapy.absolution-cosmetics.com\/en\/take-care-of-your-skin\/combination-skin-dehydrated-pores\/#primaryimage"},"image":{"@id":"https:\/\/beautytherapy.absolution-cosmetics.com\/en\/take-care-of-your-skin\/combination-skin-dehydrated-pores\/#primaryimage"},"thumbnailUrl":"https:\/\/beautytherapy.absolution-cosmetics.com\/wp-content\/uploads\/2024\/02\/banniere_filtre_visage_hydrater_2-1-1152x710-c.jpg","datePublished":"2022-02-04T11:45:00+00:00","dateModified":"2024-12-27T10:41:23+00:00","description":"Combination skin presents enlarged pores in the T-zone (forehead, nose, and chin) and is naturally more prone to dehydration because finding a balance between a purifying routine (for areas that produce too much sebum) and a hydrating routine (for other areas) is often difficult to achieve. We explain everything about what combination skin is, why it can be dehydrated, and how to reduce the risk of imperfections related to enlarged pores.","breadcrumb":{"@id":"https:\/\/beautytherapy.absolution-cosmetics.com\/en\/take-care-of-your-skin\/combination-skin-dehydrated-pores\/#breadcrumb"},"inLanguage":"en-US","potentialAction":[{"@type":"ReadAction","target":["https:\/\/beautytherapy.absolution-cosmetics.com\/en\/take-care-of-your-skin\/combination-skin-dehydrated-pores\/"]}]},{"@type":"ImageObject","inLanguage":"en-US","@id":"https:\/\/beautytherapy.absolution-cosmetics.com\/en\/take-care-of-your-skin\/combination-skin-dehydrated-pores\/#primaryimage","url":"https:\/\/beautytherapy.absolution-cosmetics.com\/wp-content\/uploads\/2024\/02\/banniere_filtre_visage_hydrater_2-1-1152x710-c.jpg","contentUrl":"https:\/\/beautytherapy.absolution-cosmetics.com\/wp-content\/uploads\/2024\/02\/banniere_filtre_visage_hydrater_2-1-1152x710-c.jpg","width":1152,"height":710},{"@type":"BreadcrumbList","@id":"https:\/\/beautytherapy.absolution-cosmetics.com\/en\/take-care-of-your-skin\/combination-skin-dehydrated-pores\/#breadcrumb","itemListElement":[{"@type":"ListItem","position":1,"name":"Home","item":"https:\/\/beautytherapy.absolution-cosmetics.com\/en\/"},{"@type":"ListItem","position":2,"name":"Caring for your skin","item":"https:\/\/beautytherapy.absolution-cosmetics.com\/en\/take-care-of-your-skin\/"},{"@type":"ListItem","position":3,"name":"How to take care of dehydrated combination skin with enlarged pores?"}]},{"@type":"WebSite","@id":"https:\/\/beautytherapy.absolution-cosmetics.com\/en\/#website","url":"https:\/\/beautytherapy.absolution-cosmetics.com\/en\/","name":"Beauty Therapy","description":"","publisher":{"@id":"https:\/\/beautytherapy.absolution-cosmetics.com\/en\/#organization"},"inLanguage":"en-US"},{"@type":"Organization","@id":"https:\/\/beautytherapy.absolution-cosmetics.com\/en\/#organization","name":"Beauty Therapy","url":"https:\/\/beautytherapy.absolution-cosmetics.com\/en\/","logo":{"@type":"ImageObject","inLanguage":"en-US","@id":"https:\/\/beautytherapy.absolution-cosmetics.com\/en\/#\/schema\/logo\/image\/","url":"https:\/\/beautytherapy.absolution-cosmetics.com\/wp-content\/uploads\/2020\/02\/beauty-therapy-logo.png","contentUrl":"https:\/\/beautytherapy.absolution-cosmetics.com\/wp-content\/uploads\/2020\/02\/beauty-therapy-logo.png","width":424,"height":212,"caption":"Beauty Therapy"},"image":{"@id":"https:\/\/beautytherapy.absolution-cosmetics.com\/en\/#\/schema\/logo\/image\/"}},{"@type":"Person","@id":"https:\/\/beautytherapy.absolution-cosmetics.com\/en\/#\/schema\/person\/39fa4ed518c548c2f2b7d6a399786b66","name":"Edito Beauty Therapy","description":"L\u2019objectif d\u2019Absolution est \u00e0 la fois tout simple et merveilleusement complexe : retrouver la Beaut\u00e9 ! Celle du monde qui nous entoure, celle du monde que l\u2019on contient... celle qui se cache dans votre reflet le matin ! Les soins Absolution effacent les scories de nos vies d\u2019urbains : chaque jour ils offrent \u00e0 notre peau un retour \u00e0 sa beaut\u00e9 originelle en restaurant son \u00e9cosyst\u00e8me naturel et en l\u2019amenant \u00e0 son \u00e9tat optimum. \u00c9labor\u00e9e \u00e0 partir d\u2019extraits v\u00e9g\u00e9taux certifi\u00e9s bio ou sauvages, de min\u00e9raux et de vitamines, Absolution allie d\u00e9licatesse des textures et des senteurs, simplicit\u00e9 d\u2019utilisation et totale efficacit\u00e9 des formules. Absolution c\u2019est aussi une volont\u00e9 : celle de transmettre une fa\u00e7on de voir le monde qui fait \u00e9merger la beaut\u00e9 partout o\u00f9 elle est. Partagez-la avec nous ! @absolution_cosmetics #absolutioncosmetics #retrouverlabeaut\u00e9","sameAs":["https:\/\/www.absolution-cosmetics.com\/fr\/","https:\/\/www.facebook.com\/absolutioncosmetics","https:\/\/www.instagram.com\/absolution_cosmetics\/"],"url":"https:\/\/beautytherapy.absolution-cosmetics.com\/en\/author\/l-equipe-absolution\/"}]}},"_links":{"self":[{"href":"https:\/\/beautytherapy.absolution-cosmetics.com\/en\/wp-json\/wp\/v2\/posts\/24770","targetHints":{"allow":["GET"]}}],"collection":[{"href":"https:\/\/beautytherapy.absolution-cosmetics.com\/en\/wp-json\/wp\/v2\/posts"}],"about":[{"href":"https:\/\/beautytherapy.absolution-cosmetics.com\/en\/wp-json\/wp\/v2\/types\/post"}],"author":[{"embeddable":true,"href":"https:\/\/beautytherapy.absolution-cosmetics.com\/en\/wp-json\/wp\/v2\/users\/24"}],"replies":[{"embeddable":true,"href":"https:\/\/beautytherapy.absolution-cosmetics.com\/en\/wp-json\/wp\/v2\/comments?post=24770"}],"version-history":[{"count":1,"href":"https:\/\/beautytherapy.absolution-cosmetics.com\/en\/wp-json\/wp\/v2\/posts\/24770\/revisions"}],"predecessor-version":[{"id":24772,"href":"https:\/\/beautytherapy.absolution-cosmetics.com\/en\/wp-json\/wp\/v2\/posts\/24770\/revisions\/24772"}],"wp:featuredmedia":[{"embeddable":true,"href":"https:\/\/beautytherapy.absolution-cosmetics.com\/en\/wp-json\/wp\/v2\/media\/15206"}],"wp:attachment":[{"href":"https:\/\/beautytherapy.absolution-cosmetics.com\/en\/wp-json\/wp\/v2\/media?parent=24770"}],"wp:term":[{"taxonomy":"category","embeddable":true,"href":"https:\/\/beautytherapy.absolution-cosmetics.com\/en\/wp-json\/wp\/v2\/categories?post=24770"},{"taxonomy":"post_tag","embeddable":true,"href":"https:\/\/beautytherapy.absolution-cosmetics.com\/en\/wp-json\/wp\/v2\/tags?post=24770"}],"curies":[{"name":"wp","href":"https:\/\/api.w.org\/{rel}","templated":true}]}}