{"id":12158,"date":"2020-08-04T17:32:00","date_gmt":"2020-08-04T15:32:00","guid":{"rendered":"https:\/\/beautytherapy.absolution-cosmetics.com\/?p=12158"},"modified":"2024-12-09T15:30:14","modified_gmt":"2024-12-09T14:30:14","slug":"bien-choisir-sa-creme-de-jour","status":"publish","type":"post","link":"https:\/\/beautytherapy.absolution-cosmetics.com\/fr\/prendre-soin-de-sa-peau\/bien-choisir-sa-creme-de-jour\/","title":{"rendered":"Bien choisir sa cr\u00e8me de jour"},"content":{"rendered":"<section class=\"block-grid-wrapper block-grid-for-core-paragraph\">\n      <div class=\"default-editor-content grid-for-core-paragraph container-fluid container-px-1\">\n        <div class=\"row row-cols-1 align-center\">\n          <div class=\"cell\">\n            \n<p>Hydrater, nourrir,&nbsp;matifier, r\u00e9guler, apaiser\u2026 Tous ces bienfaits cutan\u00e9s peuvent \u00eatre&nbsp;r\u00e9solus&nbsp;par un seul soin\u202f: la cr\u00e8me de jour. \u00c9tape indispensable de toute routine beaut\u00e9, nombre d\u2019entre vous ont pourtant du mal \u00e0 trouver celle qui saurait r\u00e9ellement correspondre aux besoins de leur peau. Absolution vous accompagne dans votre qu\u00eate de la cr\u00e8me de jour visage id\u00e9ale&nbsp;(et toujours certifi\u00e9e bio)\u202f!&nbsp;&nbsp;<\/p>\n          <\/div>\n        <\/div>\n      <\/div>\n\n      <\/section>\n\n<section class=\"block-grid-wrapper block-grid-for-core-heading\">\n      <div class=\"default-editor-content grid-for-core-heading container-fluid container-px-1\">\n        <div class=\"row row-cols-1 align-center\">\n          <div class=\"cell\">\n            \n<h2 class=\"wp-block-heading\">D\u00e9celer la composition id\u00e9ale de sa cr\u00e8me de jour&nbsp;&nbsp;<\/h2>\n          <\/div>\n        <\/div>\n      <\/div>\n\n      <\/section>\n\n<section class=\"block-grid-wrapper block-grid-for-core-image\">\n      <div class=\"default-editor-content grid-for-core-image container-fluid container-px-1\">\n        <div class=\"row row-cols-1 align-center\">\n          <div class=\"cell\">\n                      <\/div>\n        <\/div>\n      <\/div>\n\n      <\/section>\n\n<section class=\"block-grid-wrapper block-grid-for-core-paragraph\">\n      <div class=\"default-editor-content grid-for-core-paragraph container-fluid container-px-1\">\n        <div class=\"row row-cols-1 align-center\">\n          <div class=\"cell\">\n            \n<p>Chez Absolution, nos formules saines et certifi\u00e9es bio regorgent de bienfaits issus de la Nature. Il n\u2019est donc pas \u00e9tonnant que pour nous, une bonne cr\u00e8me de jour est celle qui viendra aussi bien soigner les exigences cutan\u00e9es de votre peau que la sublimer quotidiennement. Si nous sommes conscients que vous n\u2019\u00eates pas tous des chimistes en herbe, quelques r\u00e8gles d\u2019or sont \u00e0 suivre pour comprendre si une cr\u00e8me sera r\u00e9ellement b\u00e9n\u00e9fique pour votre \u00e9piderme\u202f:&nbsp;&nbsp;<\/p>\n          <\/div>\n        <\/div>\n      <\/div>\n\n      <\/section>\n\n<section class=\"block-grid-wrapper block-grid-for-core-paragraph\">\n      <div class=\"default-editor-content grid-for-core-paragraph container-fluid container-px-1\">\n        <div class=\"row row-cols-1 align-center\">\n          <div class=\"cell\">\n            \n<p>&#8211; Sur une liste d\u2019ingr\u00e9dients INCI, les actifs cit\u00e9s en premier sont toujours ceux qui sont pr\u00e9sents en plus grande quantit\u00e9 dans la composition. Par cons\u00e9quent, si l\u2019ingr\u00e9dient en haut de la liste est PARFUM ou&nbsp;ALCOHOL DENAT (parfum de synth\u00e8se et alcool d\u00e9natur\u00e9), vous comprendrez que ceux-ci n\u2019apportent aucun b\u00e9n\u00e9fice \u00e0 la peau, et risque m\u00eame d\u2019\u00eatre un tr\u00e8s mauvais choix pour les peaux sensibles et r\u00e9actives, qui vont souffrir de rougeurs et de d\u00e9shydratation \u00e0 leur contact. Il en est de m\u00eame pour les colorants (que l\u2019on retrouve sous la domination CI suivi de chiffres), les&nbsp;parabens&nbsp;(Sodium&nbsp;Ethylparaben&nbsp;E215, Sodium&nbsp;Propylparaben&nbsp;E217, etc.), les&nbsp;phtalates&nbsp;(Diethyl&nbsp;Phtalate) qui sont une forme de perturbateurs endocriniens ou encore les silicones (Dimethicone,&nbsp;Cyclom\u00e9thicone, etc.) qui forment un film occlusif \u00e0 la surface de la peau.&nbsp;<\/p>\n          <\/div>\n        <\/div>\n      <\/div>\n\n      <\/section>\n\n<section class=\"block-grid-wrapper block-grid-for-core-paragraph\">\n      <div class=\"default-editor-content grid-for-core-paragraph container-fluid container-px-1\">\n        <div class=\"row row-cols-1 align-center\">\n          <div class=\"cell\">\n            \n<p>&#8211; Privil\u00e9giez des actifs naturels et v\u00e9g\u00e9taux, non issus de la p\u00e9trochimie, et qui ne risquent pas de vous cr\u00e9er une pouss\u00e9e soudaine d\u2019imperfections. Pour cela, bannissez les huiles min\u00e9rales qui sont fabriqu\u00e9es \u00e0 partir de d\u00e9riv\u00e9 de p\u00e9trole&nbsp;et qui, en plus d\u2019obstruer les pores, ont un bilan \u00e9cologique d\u00e9sastreux. Pr\u00e9f\u00e9rez les huiles v\u00e9g\u00e9tales ou les beurres v\u00e9g\u00e9taux, des corps gras non occlusifs qui quand ils sont bien choisis, pourront m\u00eame venir \u00e0 la rescousse des peaux grasses, et qui ont fait leur preuve en mati\u00e8re d\u2019efficacit\u00e9. Enfin, faites confiance aussi aux actifs cibl\u00e9s comme l\u2019Aloe&nbsp;Vera ou l\u2019Acide Hyaluronique qui gorgent la peau en eau sans l\u2019alourdir, les vitamines, les peptides ou encore les c\u00e9ramides qui apportent la juste dose&nbsp;antioxydante&nbsp;\u00e0 l\u2019\u00e9piderme et le prot\u00e8ge aussi bien contre les m\u00e9faits de la pollution que du vieillissement cutan\u00e9.&nbsp;&nbsp;<\/p>\n          <\/div>\n        <\/div>\n      <\/div>\n\n      <\/section>\n\n<section class=\"block-grid-wrapper block-grid-for-core-paragraph\">\n      <div class=\"default-editor-content grid-for-core-paragraph container-fluid container-px-1\">\n        <div class=\"row row-cols-1 align-center\">\n          <div class=\"cell\">\n            \n<p>C\u2019est pourquoi chez Absolution, nos formulations contiennent 99,9% d\u2019ingr\u00e9dients d\u2019origine naturelle, dont 96% de plantes m\u00e9dicinales, et en moyenne 52% d\u2019ingr\u00e9dients issus de l\u2019agriculture biologique certifi\u00e9e. Sans&nbsp;paraben, sans huiles min\u00e9rales, sans&nbsp;phtalates, et sans aucune trace de p\u00e9trochimie ou de sel d\u2019aluminium.&nbsp;<br><br>&nbsp;<\/p>\n          <\/div>\n        <\/div>\n      <\/div>\n\n      <\/section>\n\n<section class=\"block-grid-wrapper block-grid-for-core-heading\">\n      <div class=\"default-editor-content grid-for-core-heading container-fluid container-px-1\">\n        <div class=\"row row-cols-1 align-center\">\n          <div class=\"cell\">\n            \n<h2 class=\"wp-block-heading\">Comprendre les besoins de sa peau&nbsp;&nbsp;<\/h2>\n          <\/div>\n        <\/div>\n      <\/div>\n\n      <\/section>\n\n<section class=\"block-grid-wrapper block-grid-for-core-heading\">\n      <div class=\"default-editor-content grid-for-core-heading container-fluid container-px-1\">\n        <div class=\"row row-cols-1 align-center\">\n          <div class=\"cell\">\n            \n<h3 class=\"wp-block-heading\">J\u2019ai une peau normale&nbsp;&nbsp;<\/h3>\n          <\/div>\n        <\/div>\n      <\/div>\n\n      <\/section>\n\n<section class=\"block-grid-wrapper block-grid-for-core-paragraph\">\n      <div class=\"default-editor-content grid-for-core-paragraph container-fluid container-px-1\">\n        <div class=\"row row-cols-1 align-center\">\n          <div class=\"cell\">\n            \n<p>Les peaux normales sont sans doute les peaux les plus chanceuses car elles n\u2019ont aucune probl\u00e9matique cutan\u00e9e particuli\u00e8re. Cependant, ce n\u2019est pas pour autant que celles-ci doivent \u00eatre dispens\u00e9es de l\u2019application d\u2019une cr\u00e8me de jour quotidienne. Privil\u00e9giez des formules hydratantes et \u00ab\u202fbooster\u202fd\u2019\u00e9clat\u202f\u00bb pour leur apporter du&nbsp;glow.&nbsp;&nbsp;<\/p>\n          <\/div>\n        <\/div>\n      <\/div>\n\n      <\/section>\n\n<section class=\"block-grid-wrapper block-grid-for-core-paragraph\">\n      <div class=\"default-editor-content grid-for-core-paragraph container-fluid container-px-1\">\n        <div class=\"row row-cols-1 align-center\">\n          <div class=\"cell\">\n            \n<p>Nous vous recommandons\u202f: notre incontournable\u00a0<a href=\"https:\/\/www.absolution-cosmetics.com\/fr\/cremes-visage-bio\/329-la-creme-beau-jour.html\" target=\"_blank\" rel=\"noreferrer noopener\"><strong><span style=\"text-decoration: underline;\">Cr\u00e8me Beau Jour<\/span><\/strong><\/a>, qui revitalise, prot\u00e8ge et r\u00e9g\u00e9n\u00e8re en un seul geste. Elle apportera \u00e0 votre peau normale tous les nutriments n\u00e9cessaires \u00e0 son \u00e9quilibre et \u00e0 sa beaut\u00e9. Acide Hyaluronique et\u00a0Aloe\u00a0Vera hydratants, Calcium r\u00e9g\u00e9n\u00e9rant, Chaga revitalisant et Patchouli\u00a0\u00e9quilibrant font d\u2019elle l\u2019alli\u00e9 id\u00e9al de toutes les journ\u00e9es survolt\u00e9es. <\/p>\n          <\/div>\n        <\/div>\n      <\/div>\n\n      <\/section>\n\n<section class=\"block-grid-wrapper block-grid-for-core-heading\">\n      <div class=\"default-editor-content grid-for-core-heading container-fluid container-px-1\">\n        <div class=\"row row-cols-1 align-center\">\n          <div class=\"cell\">\n            \n<h3 class=\"wp-block-heading\">J\u2019ai une peau s\u00e8che&nbsp;&nbsp;<\/h3>\n          <\/div>\n        <\/div>\n      <\/div>\n\n      <\/section>\n\n<section class=\"block-grid-wrapper block-grid-for-core-paragraph\">\n      <div class=\"default-editor-content grid-for-core-paragraph container-fluid container-px-1\">\n        <div class=\"row row-cols-1 align-center\">\n          <div class=\"cell\">\n            \n<p>Inconforts, tiraillements et sensations de s\u00e9cheresse font partie de votre quotidien\u202f? Bien plus que d\u2019un grand verre d\u2019eau, votre peau a surtout besoin de lipides, et donc de nutrition.&nbsp;&nbsp;<\/p>\n          <\/div>\n        <\/div>\n      <\/div>\n\n      <\/section>\n\n<section class=\"block-grid-wrapper block-grid-for-core-paragraph\">\n      <div class=\"default-editor-content grid-for-core-paragraph container-fluid container-px-1\">\n        <div class=\"row row-cols-1 align-center\">\n          <div class=\"cell\">\n            \n<p>Avec sa texture confortable qui nourrit en profondeur, votre peau ne pourra bient\u00f4t plus se passer de&nbsp;<a href=\"https:\/\/www.absolution-cosmetics.com\/fr\/cremes-visage-bio\/13-la-creme-riche.html\" target=\"_blank\" rel=\"noreferrer noopener\"><strong><span style=\"text-decoration: underline;\">La Cr\u00e8me Riche<\/span><\/strong><\/a>. Instantan\u00e9ment, elle calme les irritations et prot\u00e8ge les peaux mises \u00e0 rude \u00e9preuve par les agressions ext\u00e9rieures (le froid, le vent, la pollution) ou les contrari\u00e9t\u00e9s du quotidien (le stress, l\u2019eau calcaire et chlor\u00e9e dans nos maisons, un environnement cl\u00f4t). Gr\u00e2ce \u00e0 son m\u00e9lange de plantes apaisantes surdou\u00e9es (Calendula, N\u00e9roli, Onagre, Rose Musqu\u00e9e) et de Miel, votre peau retrouve toute sa souplesse et les inconforts ne sont plus qu\u2019un lointain souvenir&#8230; Une cr\u00e8me r\u00e9confortante \u00e0 coupler avec&nbsp;<a href=\"https:\/\/www.absolution-cosmetics.com\/fr\/huile-visage-bio\/32-addiction-l-huile-visage-.html\" target=\"_blank\" rel=\"noreferrer noopener\"><strong><span style=\"text-decoration: underline;\">l\u2019Huile Addiction<\/span><\/strong><\/a>&nbsp;pour les \u00e9pidermes les plus rugueux.&nbsp;&nbsp;<\/p>\n          <\/div>\n        <\/div>\n      <\/div>\n\n      <\/section>\n\n<section class=\"block-grid-wrapper block-grid-for-core-heading\">\n      <div class=\"default-editor-content grid-for-core-heading container-fluid container-px-1\">\n        <div class=\"row row-cols-1 align-center\">\n          <div class=\"cell\">\n            \n<h3 class=\"wp-block-heading\">J\u2019ai une peau mixte \u00e0 grasse&nbsp;<\/h3>\n          <\/div>\n        <\/div>\n      <\/div>\n\n      <\/section>\n\n<section class=\"block-grid-wrapper block-grid-for-core-paragraph\">\n      <div class=\"default-editor-content grid-for-core-paragraph container-fluid container-px-1\">\n        <div class=\"row row-cols-1 align-center\">\n          <div class=\"cell\">\n            \n<p>Si vous avez une peau qui a tendance \u00e0 briller, que ce soit sur la zone T ou sur l\u2019ensemble du visage, c\u2019est que celle-ci a besoin d\u2019\u00eatre r\u00e9\u00e9quilibr\u00e9e. Pour r\u00e9guler votre peau grasse tout en douceur, misez sur des textures l\u00e9g\u00e8res et enrichies en huiles v\u00e9g\u00e9tales&nbsp;r\u00e9\u00e9quilibrantes&nbsp;comme l\u2019huile de Jojoba ou de&nbsp;Tulsi\u202f; mais faites aussi confiance aux actifs naturels&nbsp;assainissants&nbsp;(extrait d\u2019Anthyllide), anti-imperfections (BioEcolia) et astringents (hydrolat de Rose&nbsp;Damascena).&nbsp;&nbsp;<\/p>\n          <\/div>\n        <\/div>\n      <\/div>\n\n      <\/section>\n\n<section class=\"block-grid-wrapper block-grid-for-core-paragraph\">\n      <div class=\"default-editor-content grid-for-core-paragraph container-fluid container-px-1\">\n        <div class=\"row row-cols-1 align-center\">\n          <div class=\"cell\">\n            \n<p>Retrouvez tous ces actifs dans&nbsp;<a href=\"https:\/\/www.absolution-cosmetics.com\/fr\/cremes-visage-bio\/111-la-creme-de-sante.html\" target=\"_blank\" rel=\"noreferrer noopener\"><strong><span style=\"text-decoration: underline;\">La Cr\u00e8me de Sant\u00e9<\/span><\/strong><\/a>, la cr\u00e8me id\u00e9ale pour hydrater, r\u00e9\u00e9quilibrer et apaiser tout en apportant les ingr\u00e9dients essentiels au bon fonctionnement et \u00e0 son \u00e9clat.&nbsp;&nbsp;<\/p>\n          <\/div>\n        <\/div>\n      <\/div>\n\n      <\/section>\n\n<section class=\"block-grid-wrapper block-grid-for-core-paragraph\">\n      <div class=\"default-editor-content grid-for-core-paragraph container-fluid container-px-1\">\n        <div class=\"row row-cols-1 align-center\">\n          <div class=\"cell\">\n            \n<p>Et si vous avez les joues qui tiraillent (la grande complexit\u00e9 des peaux mixtes\u202f!), quelques gouttes du&nbsp;<a href=\"https:\/\/www.absolution-cosmetics.com\/fr\/serums-et-cures\/54-serum-anti-soif.html\" target=\"_blank\" rel=\"noreferrer noopener\"><strong><span style=\"text-decoration: underline;\">S\u00e9rum Anti-Soif<\/span><\/strong><\/a>&nbsp;les aideront \u00e0 retrouver tout leur confort\u2026 tout en restant parfaitement&nbsp;matifi\u00e9es\u202f!&nbsp;<\/p>\n          <\/div>\n        <\/div>\n      <\/div>\n\n      <\/section>\n\n<section class=\"block-grid-wrapper block-grid-for-core-heading\">\n      <div class=\"default-editor-content grid-for-core-heading container-fluid container-px-1\">\n        <div class=\"row row-cols-1 align-center\">\n          <div class=\"cell\">\n            \n<h3 class=\"wp-block-heading\">J\u2019ai une peau mature&nbsp;&nbsp;&nbsp;<\/h3>\n          <\/div>\n        <\/div>\n      <\/div>\n\n      <\/section>\n\n<section class=\"block-grid-wrapper block-grid-for-core-paragraph\">\n      <div class=\"default-editor-content grid-for-core-paragraph container-fluid container-px-1\">\n        <div class=\"row row-cols-1 align-center\">\n          <div class=\"cell\">\n            \n<p>Pour raffermir et unifier votre teint, faites confiance aux actifs pro-\u00e2ge\u202f! Pr\u00e9servez votre peau du vieillissement cutan\u00e9 gr\u00e2ce \u00e0&nbsp;<a href=\"https:\/\/www.absolution-cosmetics.com\/fr\/visage\/167-la-creme-du-temps.html\" target=\"_blank\" rel=\"noreferrer noopener\"><strong><span style=\"text-decoration: underline;\">La Cr\u00e8me du Temps<\/span><\/strong><\/a>. Ce cocktail exclusif raffermissant, d\u00e9froissant et r\u00e9parateur pr\u00e9vient et corrige les signes du temps qui passe\u202f: rides et ridules, peau plus s\u00e8che et sensible, perte d\u2019\u00e9clat et de fermet\u00e9, tiraillements. Avec elle, pas de promesse de jeunesse \u00e9ternelle mais simplement toutes les cartes en main n\u00e9cessaires pour rester soi et continuer \u00e0 se plaire. Au c\u0153ur de sa formule, du&nbsp;Wakam\u00e9&nbsp;Atlantique antioxydant, de l\u2019Huile de P\u00e9pins de Grenade qui lutte contre les radicaux libres, de l\u2019Edelweiss des Alpes qui lutte contre le rel\u00e2chement cutan\u00e9 mais aussi du Narcisse des Po\u00e8tes qui aide \u00e0 r\u00e9duire les taches brunes et pr\u00e9vient la synth\u00e8se de la m\u00e9lanine.&nbsp;&nbsp;<\/p>\n          <\/div>\n        <\/div>\n      <\/div>\n\n      <\/section>\n\n<section class=\"block-grid-wrapper block-grid-for-core-paragraph\">\n      <div class=\"default-editor-content grid-for-core-paragraph container-fluid container-px-1\">\n        <div class=\"row row-cols-1 align-center\">\n          <div class=\"cell\">\n            \n<p><img loading=\"lazy\" decoding=\"async\" src=\"https:\/\/www.absolution-cosmetics.com\/img\/cms\/img_blog\/visage-huile-anti-ride-creme.jpg\" width=\"1080\" height=\"1080\" alt=\"visage-huile-anti-ride-creme.jpg\"><\/p>\n          <\/div>\n        <\/div>\n      <\/div>\n\n      <\/section>\n\n<section class=\"block-grid-wrapper block-grid-for-core-heading\">\n      <div class=\"default-editor-content grid-for-core-heading container-fluid container-px-1\">\n        <div class=\"row row-cols-1 align-center\">\n          <div class=\"cell\">\n            \n<h2 class=\"wp-block-heading\"><br>Que faire lorsque ma peau n\u2019en fait qu\u2019\u00e0 sa t\u00eate\u202f?&nbsp;&nbsp;<\/h2>\n          <\/div>\n        <\/div>\n      <\/div>\n\n      <\/section>\n\n<section class=\"block-grid-wrapper block-grid-for-core-paragraph\">\n      <div class=\"default-editor-content grid-for-core-paragraph container-fluid container-px-1\">\n        <div class=\"row row-cols-1 align-center\">\n          <div class=\"cell\">\n            \n<p>La peau est un organe tr\u00e8s complexe qui a sans cesse besoin d\u2019\u00eatre \u00e9cout\u00e9. Elle refl\u00e8te vos \u00e9motions, votre environnement mais aussi votre intimit\u00e9. Il n\u2019est donc pas rare que celle-ci ait parfois du mal \u00e0 s\u2019adapter. Comme vous, elle a ses \u00ab\u202fhumeurs\u202f\u00bb et ses besoins changent tous les jours. Teint terne, imperfections soudaines, rougeurs, sensibilit\u00e9, apparition des premiers signes de l\u2019\u00e2ge\u2026 Pour apporter \u00e0 votre \u00e9piderme une solution sur-mesure, d\u00e9couvrez nos&nbsp;<a href=\"https:\/\/www.absolution-cosmetics.com\/fr\/45-serums-et-cures\" target=\"_blank\" rel=\"noreferrer noopener\"><strong><span style=\"text-decoration: underline;\">Boosters<\/span><\/strong><\/a>.&nbsp;&nbsp;<\/p>\n          <\/div>\n        <\/div>\n      <\/div>\n\n      <\/section>","protected":false},"excerpt":{"rendered":"<p>Hydrater, nourrir,&nbsp;matifier, r\u00e9guler, apaiser\u2026 Tous ces bienfaits cutan\u00e9s peuvent \u00eatre&nbsp;r\u00e9solus&nbsp;par un seul soin\u202f: la cr\u00e8me de jour. \u00c9tape indispensable de toute routine beaut\u00e9, nombre d\u2019entre vous ont pourtant du mal \u00e0 trouver celle qui saurait r\u00e9ellement correspondre aux besoins de leur peau. Absolution vous accompagne dans votre qu\u00eate de la cr\u00e8me de jour visage id\u00e9ale&nbsp;(et [&hellip;]<\/p>\n","protected":false},"author":24,"featured_media":23134,"comment_status":"open","ping_status":"closed","sticky":false,"template":"","format":"standard","meta":{"_acf_changed":false,"footnotes":""},"categories":[990,991],"tags":[1108,1100],"class_list":["post-12158","post","type-post","status-publish","format-standard","has-post-thumbnail","hentry","category-prendre-soin-de-sa-peau","category-rituels","tag-cremes-visage","tag-hydratation"],"acf":[],"yoast_head":"<!-- This site is optimized with the Yoast SEO plugin v27.4 - https:\/\/yoast.com\/product\/yoast-seo-wordpress\/ -->\n<title>Bien choisir sa cr\u00e8me de jour - Beauty Therapy<\/title>\n<meta name=\"description\" content=\"Hydrater, nourrir, matifier, r\u00e9guler, apaiser\u2026 Tous ces bienfaits cutan\u00e9s peuvent \u00eatre r\u00e9solus par un seul soin\u202f: la cr\u00e8me de jour. \u00c9tape indispensable de toute routine beaut\u00e9, nombre d\u2019entre vous ont pourtant du mal \u00e0 trouver celle qui saurait r\u00e9ellement correspondre aux besoins de leur peau. Absolution vous accompagne dans votre qu\u00eate de la cr\u00e8me de jour visage id\u00e9ale (et toujours certifi\u00e9e bio)\u202f!\" \/>\n<meta name=\"robots\" content=\"index, follow, max-snippet:-1, max-image-preview:large, max-video-preview:-1\" \/>\n<link rel=\"canonical\" href=\"https:\/\/beautytherapy.absolution-cosmetics.com\/fr\/prendre-soin-de-sa-peau\/bien-choisir-sa-creme-de-jour\/\" \/>\n<meta property=\"og:locale\" content=\"fr_FR\" \/>\n<meta property=\"og:type\" content=\"article\" \/>\n<meta property=\"og:title\" content=\"Bien choisir sa cr\u00e8me de jour - Beauty Therapy\" \/>\n<meta property=\"og:description\" content=\"Hydrater, nourrir, matifier, r\u00e9guler, apaiser\u2026 Tous ces bienfaits cutan\u00e9s peuvent \u00eatre r\u00e9solus par un seul soin\u202f: la cr\u00e8me de jour. \u00c9tape indispensable de toute routine beaut\u00e9, nombre d\u2019entre vous ont pourtant du mal \u00e0 trouver celle qui saurait r\u00e9ellement correspondre aux besoins de leur peau. Absolution vous accompagne dans votre qu\u00eate de la cr\u00e8me de jour visage id\u00e9ale (et toujours certifi\u00e9e bio)\u202f!\" \/>\n<meta property=\"og:url\" content=\"https:\/\/beautytherapy.absolution-cosmetics.com\/fr\/prendre-soin-de-sa-peau\/bien-choisir-sa-creme-de-jour\/\" \/>\n<meta property=\"og:site_name\" content=\"Beauty Therapy\" \/>\n<meta property=\"article:author\" content=\"https:\/\/www.facebook.com\/absolutioncosmetics\" \/>\n<meta property=\"article:published_time\" content=\"2020-08-04T15:32:00+00:00\" \/>\n<meta property=\"article:modified_time\" content=\"2024-12-09T14:30:14+00:00\" \/>\n<meta property=\"og:image\" content=\"https:\/\/beautytherapy.absolution-cosmetics.com\/wp-content\/uploads\/2024\/12\/08_24_ABSOLUTION_82-scaled.jpg\" \/>\n\t<meta property=\"og:image:width\" content=\"1707\" \/>\n\t<meta property=\"og:image:height\" content=\"2560\" \/>\n\t<meta property=\"og:image:type\" content=\"image\/jpeg\" \/>\n<meta name=\"author\" content=\"Edito Beauty Therapy\" \/>\n<meta name=\"twitter:card\" content=\"summary_large_image\" \/>\n<meta name=\"twitter:label1\" content=\"\u00c9crit par\" \/>\n\t<meta name=\"twitter:data1\" content=\"Edito Beauty Therapy\" \/>\n\t<meta name=\"twitter:label2\" content=\"Dur\u00e9e de lecture estim\u00e9e\" \/>\n\t<meta name=\"twitter:data2\" content=\"7 minutes\" \/>\n<script type=\"application\/ld+json\" class=\"yoast-schema-graph\">{\"@context\":\"https:\\\/\\\/schema.org\",\"@graph\":[{\"@type\":\"Article\",\"@id\":\"https:\\\/\\\/beautytherapy.absolution-cosmetics.com\\\/fr\\\/prendre-soin-de-sa-peau\\\/bien-choisir-sa-creme-de-jour\\\/#article\",\"isPartOf\":{\"@id\":\"https:\\\/\\\/beautytherapy.absolution-cosmetics.com\\\/fr\\\/prendre-soin-de-sa-peau\\\/bien-choisir-sa-creme-de-jour\\\/\"},\"author\":{\"name\":\"Edito Beauty Therapy\",\"@id\":\"https:\\\/\\\/beautytherapy.absolution-cosmetics.com\\\/fr\\\/#\\\/schema\\\/person\\\/39fa4ed518c548c2f2b7d6a399786b66\"},\"headline\":\"Bien choisir sa cr\u00e8me de jour\",\"datePublished\":\"2020-08-04T15:32:00+00:00\",\"dateModified\":\"2024-12-09T14:30:14+00:00\",\"mainEntityOfPage\":{\"@id\":\"https:\\\/\\\/beautytherapy.absolution-cosmetics.com\\\/fr\\\/prendre-soin-de-sa-peau\\\/bien-choisir-sa-creme-de-jour\\\/\"},\"wordCount\":1316,\"commentCount\":0,\"publisher\":{\"@id\":\"https:\\\/\\\/beautytherapy.absolution-cosmetics.com\\\/fr\\\/#organization\"},\"image\":{\"@id\":\"https:\\\/\\\/beautytherapy.absolution-cosmetics.com\\\/fr\\\/prendre-soin-de-sa-peau\\\/bien-choisir-sa-creme-de-jour\\\/#primaryimage\"},\"thumbnailUrl\":\"https:\\\/\\\/beautytherapy.absolution-cosmetics.com\\\/wp-content\\\/uploads\\\/2024\\\/12\\\/08_24_ABSOLUTION_82-scaled.jpg\",\"keywords\":[\"Cr\u00e8mes visage\",\"Hydratation\"],\"articleSection\":[\"Prendre soin de sa peau\",\"Rituels\"],\"inLanguage\":\"fr-FR\",\"potentialAction\":[{\"@type\":\"CommentAction\",\"name\":\"Comment\",\"target\":[\"https:\\\/\\\/beautytherapy.absolution-cosmetics.com\\\/fr\\\/prendre-soin-de-sa-peau\\\/bien-choisir-sa-creme-de-jour\\\/#respond\"]}]},{\"@type\":\"WebPage\",\"@id\":\"https:\\\/\\\/beautytherapy.absolution-cosmetics.com\\\/fr\\\/prendre-soin-de-sa-peau\\\/bien-choisir-sa-creme-de-jour\\\/\",\"url\":\"https:\\\/\\\/beautytherapy.absolution-cosmetics.com\\\/fr\\\/prendre-soin-de-sa-peau\\\/bien-choisir-sa-creme-de-jour\\\/\",\"name\":\"Bien choisir sa cr\u00e8me de jour - Beauty Therapy\",\"isPartOf\":{\"@id\":\"https:\\\/\\\/beautytherapy.absolution-cosmetics.com\\\/fr\\\/#website\"},\"primaryImageOfPage\":{\"@id\":\"https:\\\/\\\/beautytherapy.absolution-cosmetics.com\\\/fr\\\/prendre-soin-de-sa-peau\\\/bien-choisir-sa-creme-de-jour\\\/#primaryimage\"},\"image\":{\"@id\":\"https:\\\/\\\/beautytherapy.absolution-cosmetics.com\\\/fr\\\/prendre-soin-de-sa-peau\\\/bien-choisir-sa-creme-de-jour\\\/#primaryimage\"},\"thumbnailUrl\":\"https:\\\/\\\/beautytherapy.absolution-cosmetics.com\\\/wp-content\\\/uploads\\\/2024\\\/12\\\/08_24_ABSOLUTION_82-scaled.jpg\",\"datePublished\":\"2020-08-04T15:32:00+00:00\",\"dateModified\":\"2024-12-09T14:30:14+00:00\",\"description\":\"Hydrater, nourrir, matifier, r\u00e9guler, apaiser\u2026 Tous ces bienfaits cutan\u00e9s peuvent \u00eatre r\u00e9solus par un seul soin\u202f: la cr\u00e8me de jour. \u00c9tape indispensable de toute routine beaut\u00e9, nombre d\u2019entre vous ont pourtant du mal \u00e0 trouver celle qui saurait r\u00e9ellement correspondre aux besoins de leur peau. Absolution vous accompagne dans votre qu\u00eate de la cr\u00e8me de jour visage id\u00e9ale (et toujours certifi\u00e9e bio)\u202f!\",\"breadcrumb\":{\"@id\":\"https:\\\/\\\/beautytherapy.absolution-cosmetics.com\\\/fr\\\/prendre-soin-de-sa-peau\\\/bien-choisir-sa-creme-de-jour\\\/#breadcrumb\"},\"inLanguage\":\"fr-FR\",\"potentialAction\":[{\"@type\":\"ReadAction\",\"target\":[\"https:\\\/\\\/beautytherapy.absolution-cosmetics.com\\\/fr\\\/prendre-soin-de-sa-peau\\\/bien-choisir-sa-creme-de-jour\\\/\"]}]},{\"@type\":\"ImageObject\",\"inLanguage\":\"fr-FR\",\"@id\":\"https:\\\/\\\/beautytherapy.absolution-cosmetics.com\\\/fr\\\/prendre-soin-de-sa-peau\\\/bien-choisir-sa-creme-de-jour\\\/#primaryimage\",\"url\":\"https:\\\/\\\/beautytherapy.absolution-cosmetics.com\\\/wp-content\\\/uploads\\\/2024\\\/12\\\/08_24_ABSOLUTION_82-scaled.jpg\",\"contentUrl\":\"https:\\\/\\\/beautytherapy.absolution-cosmetics.com\\\/wp-content\\\/uploads\\\/2024\\\/12\\\/08_24_ABSOLUTION_82-scaled.jpg\",\"width\":1707,\"height\":2560},{\"@type\":\"BreadcrumbList\",\"@id\":\"https:\\\/\\\/beautytherapy.absolution-cosmetics.com\\\/fr\\\/prendre-soin-de-sa-peau\\\/bien-choisir-sa-creme-de-jour\\\/#breadcrumb\",\"itemListElement\":[{\"@type\":\"ListItem\",\"position\":1,\"name\":\"Home\",\"item\":\"https:\\\/\\\/beautytherapy.absolution-cosmetics.com\\\/fr\\\/\"},{\"@type\":\"ListItem\",\"position\":2,\"name\":\"Prendre soin de sa peau\",\"item\":\"https:\\\/\\\/beautytherapy.absolution-cosmetics.com\\\/fr\\\/prendre-soin-de-sa-peau\\\/\"},{\"@type\":\"ListItem\",\"position\":3,\"name\":\"Bien choisir sa cr\u00e8me de jour\"}]},{\"@type\":\"WebSite\",\"@id\":\"https:\\\/\\\/beautytherapy.absolution-cosmetics.com\\\/fr\\\/#website\",\"url\":\"https:\\\/\\\/beautytherapy.absolution-cosmetics.com\\\/fr\\\/\",\"name\":\"Beauty Therapy\",\"description\":\"\",\"publisher\":{\"@id\":\"https:\\\/\\\/beautytherapy.absolution-cosmetics.com\\\/fr\\\/#organization\"},\"inLanguage\":\"fr-FR\"},{\"@type\":\"Organization\",\"@id\":\"https:\\\/\\\/beautytherapy.absolution-cosmetics.com\\\/fr\\\/#organization\",\"name\":\"Beauty Therapy\",\"url\":\"https:\\\/\\\/beautytherapy.absolution-cosmetics.com\\\/fr\\\/\",\"logo\":{\"@type\":\"ImageObject\",\"inLanguage\":\"fr-FR\",\"@id\":\"https:\\\/\\\/beautytherapy.absolution-cosmetics.com\\\/fr\\\/#\\\/schema\\\/logo\\\/image\\\/\",\"url\":\"https:\\\/\\\/beautytherapy.absolution-cosmetics.com\\\/wp-content\\\/uploads\\\/2020\\\/02\\\/beauty-therapy-logo.png\",\"contentUrl\":\"https:\\\/\\\/beautytherapy.absolution-cosmetics.com\\\/wp-content\\\/uploads\\\/2020\\\/02\\\/beauty-therapy-logo.png\",\"width\":424,\"height\":212,\"caption\":\"Beauty Therapy\"},\"image\":{\"@id\":\"https:\\\/\\\/beautytherapy.absolution-cosmetics.com\\\/fr\\\/#\\\/schema\\\/logo\\\/image\\\/\"}},{\"@type\":\"Person\",\"@id\":\"https:\\\/\\\/beautytherapy.absolution-cosmetics.com\\\/fr\\\/#\\\/schema\\\/person\\\/39fa4ed518c548c2f2b7d6a399786b66\",\"name\":\"Edito Beauty Therapy\",\"description\":\"L\u2019objectif d\u2019Absolution est \u00e0 la fois tout simple et merveilleusement complexe : retrouver la Beaut\u00e9 ! Celle du monde qui nous entoure, celle du monde que l\u2019on contient... celle qui se cache dans votre reflet le matin ! Les soins Absolution effacent les scories de nos vies d\u2019urbains : chaque jour ils offrent \u00e0 notre peau un retour \u00e0 sa beaut\u00e9 originelle en restaurant son \u00e9cosyst\u00e8me naturel et en l\u2019amenant \u00e0 son \u00e9tat optimum. \u00c9labor\u00e9e \u00e0 partir d\u2019extraits v\u00e9g\u00e9taux certifi\u00e9s bio ou sauvages, de min\u00e9raux et de vitamines, Absolution allie d\u00e9licatesse des textures et des senteurs, simplicit\u00e9 d\u2019utilisation et totale efficacit\u00e9 des formules. Absolution c\u2019est aussi une volont\u00e9 : celle de transmettre une fa\u00e7on de voir le monde qui fait \u00e9merger la beaut\u00e9 partout o\u00f9 elle est. Partagez-la avec nous ! @absolution_cosmetics #absolutioncosmetics #retrouverlabeaut\u00e9\",\"sameAs\":[\"https:\\\/\\\/www.absolution-cosmetics.com\\\/fr\\\/\",\"https:\\\/\\\/www.facebook.com\\\/absolutioncosmetics\",\"https:\\\/\\\/www.instagram.com\\\/absolution_cosmetics\\\/\"],\"url\":\"https:\\\/\\\/beautytherapy.absolution-cosmetics.com\\\/fr\\\/author\\\/l-equipe-absolution\\\/\"}]}<\/script>\n<!-- \/ Yoast SEO plugin. -->","yoast_head_json":{"title":"Bien choisir sa cr\u00e8me de jour - Beauty Therapy","description":"Hydrater, nourrir, matifier, r\u00e9guler, apaiser\u2026 Tous ces bienfaits cutan\u00e9s peuvent \u00eatre r\u00e9solus par un seul soin\u202f: la cr\u00e8me de jour. \u00c9tape indispensable de toute routine beaut\u00e9, nombre d\u2019entre vous ont pourtant du mal \u00e0 trouver celle qui saurait r\u00e9ellement correspondre aux besoins de leur peau. Absolution vous accompagne dans votre qu\u00eate de la cr\u00e8me de jour visage id\u00e9ale (et toujours certifi\u00e9e bio)\u202f!","robots":{"index":"index","follow":"follow","max-snippet":"max-snippet:-1","max-image-preview":"max-image-preview:large","max-video-preview":"max-video-preview:-1"},"canonical":"https:\/\/beautytherapy.absolution-cosmetics.com\/fr\/prendre-soin-de-sa-peau\/bien-choisir-sa-creme-de-jour\/","og_locale":"fr_FR","og_type":"article","og_title":"Bien choisir sa cr\u00e8me de jour - Beauty Therapy","og_description":"Hydrater, nourrir, matifier, r\u00e9guler, apaiser\u2026 Tous ces bienfaits cutan\u00e9s peuvent \u00eatre r\u00e9solus par un seul soin\u202f: la cr\u00e8me de jour. \u00c9tape indispensable de toute routine beaut\u00e9, nombre d\u2019entre vous ont pourtant du mal \u00e0 trouver celle qui saurait r\u00e9ellement correspondre aux besoins de leur peau. Absolution vous accompagne dans votre qu\u00eate de la cr\u00e8me de jour visage id\u00e9ale (et toujours certifi\u00e9e bio)\u202f!","og_url":"https:\/\/beautytherapy.absolution-cosmetics.com\/fr\/prendre-soin-de-sa-peau\/bien-choisir-sa-creme-de-jour\/","og_site_name":"Beauty Therapy","article_author":"https:\/\/www.facebook.com\/absolutioncosmetics","article_published_time":"2020-08-04T15:32:00+00:00","article_modified_time":"2024-12-09T14:30:14+00:00","og_image":[{"width":1707,"height":2560,"url":"https:\/\/beautytherapy.absolution-cosmetics.com\/wp-content\/uploads\/2024\/12\/08_24_ABSOLUTION_82-scaled.jpg","type":"image\/jpeg"}],"author":"Edito Beauty Therapy","twitter_card":"summary_large_image","twitter_misc":{"\u00c9crit par":"Edito Beauty Therapy","Dur\u00e9e de lecture estim\u00e9e":"7 minutes"},"schema":{"@context":"https:\/\/schema.org","@graph":[{"@type":"Article","@id":"https:\/\/beautytherapy.absolution-cosmetics.com\/fr\/prendre-soin-de-sa-peau\/bien-choisir-sa-creme-de-jour\/#article","isPartOf":{"@id":"https:\/\/beautytherapy.absolution-cosmetics.com\/fr\/prendre-soin-de-sa-peau\/bien-choisir-sa-creme-de-jour\/"},"author":{"name":"Edito Beauty Therapy","@id":"https:\/\/beautytherapy.absolution-cosmetics.com\/fr\/#\/schema\/person\/39fa4ed518c548c2f2b7d6a399786b66"},"headline":"Bien choisir sa cr\u00e8me de jour","datePublished":"2020-08-04T15:32:00+00:00","dateModified":"2024-12-09T14:30:14+00:00","mainEntityOfPage":{"@id":"https:\/\/beautytherapy.absolution-cosmetics.com\/fr\/prendre-soin-de-sa-peau\/bien-choisir-sa-creme-de-jour\/"},"wordCount":1316,"commentCount":0,"publisher":{"@id":"https:\/\/beautytherapy.absolution-cosmetics.com\/fr\/#organization"},"image":{"@id":"https:\/\/beautytherapy.absolution-cosmetics.com\/fr\/prendre-soin-de-sa-peau\/bien-choisir-sa-creme-de-jour\/#primaryimage"},"thumbnailUrl":"https:\/\/beautytherapy.absolution-cosmetics.com\/wp-content\/uploads\/2024\/12\/08_24_ABSOLUTION_82-scaled.jpg","keywords":["Cr\u00e8mes visage","Hydratation"],"articleSection":["Prendre soin de sa peau","Rituels"],"inLanguage":"fr-FR","potentialAction":[{"@type":"CommentAction","name":"Comment","target":["https:\/\/beautytherapy.absolution-cosmetics.com\/fr\/prendre-soin-de-sa-peau\/bien-choisir-sa-creme-de-jour\/#respond"]}]},{"@type":"WebPage","@id":"https:\/\/beautytherapy.absolution-cosmetics.com\/fr\/prendre-soin-de-sa-peau\/bien-choisir-sa-creme-de-jour\/","url":"https:\/\/beautytherapy.absolution-cosmetics.com\/fr\/prendre-soin-de-sa-peau\/bien-choisir-sa-creme-de-jour\/","name":"Bien choisir sa cr\u00e8me de jour - Beauty Therapy","isPartOf":{"@id":"https:\/\/beautytherapy.absolution-cosmetics.com\/fr\/#website"},"primaryImageOfPage":{"@id":"https:\/\/beautytherapy.absolution-cosmetics.com\/fr\/prendre-soin-de-sa-peau\/bien-choisir-sa-creme-de-jour\/#primaryimage"},"image":{"@id":"https:\/\/beautytherapy.absolution-cosmetics.com\/fr\/prendre-soin-de-sa-peau\/bien-choisir-sa-creme-de-jour\/#primaryimage"},"thumbnailUrl":"https:\/\/beautytherapy.absolution-cosmetics.com\/wp-content\/uploads\/2024\/12\/08_24_ABSOLUTION_82-scaled.jpg","datePublished":"2020-08-04T15:32:00+00:00","dateModified":"2024-12-09T14:30:14+00:00","description":"Hydrater, nourrir, matifier, r\u00e9guler, apaiser\u2026 Tous ces bienfaits cutan\u00e9s peuvent \u00eatre r\u00e9solus par un seul soin\u202f: la cr\u00e8me de jour. \u00c9tape indispensable de toute routine beaut\u00e9, nombre d\u2019entre vous ont pourtant du mal \u00e0 trouver celle qui saurait r\u00e9ellement correspondre aux besoins de leur peau. Absolution vous accompagne dans votre qu\u00eate de la cr\u00e8me de jour visage id\u00e9ale (et toujours certifi\u00e9e bio)\u202f!","breadcrumb":{"@id":"https:\/\/beautytherapy.absolution-cosmetics.com\/fr\/prendre-soin-de-sa-peau\/bien-choisir-sa-creme-de-jour\/#breadcrumb"},"inLanguage":"fr-FR","potentialAction":[{"@type":"ReadAction","target":["https:\/\/beautytherapy.absolution-cosmetics.com\/fr\/prendre-soin-de-sa-peau\/bien-choisir-sa-creme-de-jour\/"]}]},{"@type":"ImageObject","inLanguage":"fr-FR","@id":"https:\/\/beautytherapy.absolution-cosmetics.com\/fr\/prendre-soin-de-sa-peau\/bien-choisir-sa-creme-de-jour\/#primaryimage","url":"https:\/\/beautytherapy.absolution-cosmetics.com\/wp-content\/uploads\/2024\/12\/08_24_ABSOLUTION_82-scaled.jpg","contentUrl":"https:\/\/beautytherapy.absolution-cosmetics.com\/wp-content\/uploads\/2024\/12\/08_24_ABSOLUTION_82-scaled.jpg","width":1707,"height":2560},{"@type":"BreadcrumbList","@id":"https:\/\/beautytherapy.absolution-cosmetics.com\/fr\/prendre-soin-de-sa-peau\/bien-choisir-sa-creme-de-jour\/#breadcrumb","itemListElement":[{"@type":"ListItem","position":1,"name":"Home","item":"https:\/\/beautytherapy.absolution-cosmetics.com\/fr\/"},{"@type":"ListItem","position":2,"name":"Prendre soin de sa peau","item":"https:\/\/beautytherapy.absolution-cosmetics.com\/fr\/prendre-soin-de-sa-peau\/"},{"@type":"ListItem","position":3,"name":"Bien choisir sa cr\u00e8me de jour"}]},{"@type":"WebSite","@id":"https:\/\/beautytherapy.absolution-cosmetics.com\/fr\/#website","url":"https:\/\/beautytherapy.absolution-cosmetics.com\/fr\/","name":"Beauty Therapy","description":"","publisher":{"@id":"https:\/\/beautytherapy.absolution-cosmetics.com\/fr\/#organization"},"inLanguage":"fr-FR"},{"@type":"Organization","@id":"https:\/\/beautytherapy.absolution-cosmetics.com\/fr\/#organization","name":"Beauty Therapy","url":"https:\/\/beautytherapy.absolution-cosmetics.com\/fr\/","logo":{"@type":"ImageObject","inLanguage":"fr-FR","@id":"https:\/\/beautytherapy.absolution-cosmetics.com\/fr\/#\/schema\/logo\/image\/","url":"https:\/\/beautytherapy.absolution-cosmetics.com\/wp-content\/uploads\/2020\/02\/beauty-therapy-logo.png","contentUrl":"https:\/\/beautytherapy.absolution-cosmetics.com\/wp-content\/uploads\/2020\/02\/beauty-therapy-logo.png","width":424,"height":212,"caption":"Beauty Therapy"},"image":{"@id":"https:\/\/beautytherapy.absolution-cosmetics.com\/fr\/#\/schema\/logo\/image\/"}},{"@type":"Person","@id":"https:\/\/beautytherapy.absolution-cosmetics.com\/fr\/#\/schema\/person\/39fa4ed518c548c2f2b7d6a399786b66","name":"Edito Beauty Therapy","description":"L\u2019objectif d\u2019Absolution est \u00e0 la fois tout simple et merveilleusement complexe : retrouver la Beaut\u00e9 ! Celle du monde qui nous entoure, celle du monde que l\u2019on contient... celle qui se cache dans votre reflet le matin ! Les soins Absolution effacent les scories de nos vies d\u2019urbains : chaque jour ils offrent \u00e0 notre peau un retour \u00e0 sa beaut\u00e9 originelle en restaurant son \u00e9cosyst\u00e8me naturel et en l\u2019amenant \u00e0 son \u00e9tat optimum. \u00c9labor\u00e9e \u00e0 partir d\u2019extraits v\u00e9g\u00e9taux certifi\u00e9s bio ou sauvages, de min\u00e9raux et de vitamines, Absolution allie d\u00e9licatesse des textures et des senteurs, simplicit\u00e9 d\u2019utilisation et totale efficacit\u00e9 des formules. Absolution c\u2019est aussi une volont\u00e9 : celle de transmettre une fa\u00e7on de voir le monde qui fait \u00e9merger la beaut\u00e9 partout o\u00f9 elle est. Partagez-la avec nous ! @absolution_cosmetics #absolutioncosmetics #retrouverlabeaut\u00e9","sameAs":["https:\/\/www.absolution-cosmetics.com\/fr\/","https:\/\/www.facebook.com\/absolutioncosmetics","https:\/\/www.instagram.com\/absolution_cosmetics\/"],"url":"https:\/\/beautytherapy.absolution-cosmetics.com\/fr\/author\/l-equipe-absolution\/"}]}},"_links":{"self":[{"href":"https:\/\/beautytherapy.absolution-cosmetics.com\/fr\/wp-json\/wp\/v2\/posts\/12158","targetHints":{"allow":["GET"]}}],"collection":[{"href":"https:\/\/beautytherapy.absolution-cosmetics.com\/fr\/wp-json\/wp\/v2\/posts"}],"about":[{"href":"https:\/\/beautytherapy.absolution-cosmetics.com\/fr\/wp-json\/wp\/v2\/types\/post"}],"author":[{"embeddable":true,"href":"https:\/\/beautytherapy.absolution-cosmetics.com\/fr\/wp-json\/wp\/v2\/users\/24"}],"replies":[{"embeddable":true,"href":"https:\/\/beautytherapy.absolution-cosmetics.com\/fr\/wp-json\/wp\/v2\/comments?post=12158"}],"version-history":[{"count":6,"href":"https:\/\/beautytherapy.absolution-cosmetics.com\/fr\/wp-json\/wp\/v2\/posts\/12158\/revisions"}],"predecessor-version":[{"id":24512,"href":"https:\/\/beautytherapy.absolution-cosmetics.com\/fr\/wp-json\/wp\/v2\/posts\/12158\/revisions\/24512"}],"wp:featuredmedia":[{"embeddable":true,"href":"https:\/\/beautytherapy.absolution-cosmetics.com\/fr\/wp-json\/wp\/v2\/media\/23134"}],"wp:attachment":[{"href":"https:\/\/beautytherapy.absolution-cosmetics.com\/fr\/wp-json\/wp\/v2\/media?parent=12158"}],"wp:term":[{"taxonomy":"category","embeddable":true,"href":"https:\/\/beautytherapy.absolution-cosmetics.com\/fr\/wp-json\/wp\/v2\/categories?post=12158"},{"taxonomy":"post_tag","embeddable":true,"href":"https:\/\/beautytherapy.absolution-cosmetics.com\/fr\/wp-json\/wp\/v2\/tags?post=12158"}],"curies":[{"name":"wp","href":"https:\/\/api.w.org\/{rel}","templated":true}]}}