{"id":12235,"date":"2019-05-04T17:17:00","date_gmt":"2019-05-04T15:17:00","guid":{"rendered":"https:\/\/beautytherapy.absolution-cosmetics.com\/?p=12235"},"modified":"2024-12-27T16:52:20","modified_gmt":"2024-12-27T15:52:20","slug":"prendre-soin-de-sa-peau-apres-60-ans","status":"publish","type":"post","link":"https:\/\/beautytherapy.absolution-cosmetics.com\/fr\/bien-etre\/prendre-soin-de-sa-peau-apres-60-ans\/","title":{"rendered":"Prendre soin de sa peau apr\u00e8s 60 ans"},"content":{"rendered":"<section class=\"block-grid-wrapper block-grid-for-core-paragraph\">\n      <div class=\"default-editor-content grid-for-core-paragraph container-fluid container-px-1\">\n        <div class=\"row row-cols-1 align-center\">\n          <div class=\"cell\">\n            \n<p>Et si nous aussi on arr\u00eatait de vouloir \u00e0 tout prix remonter le temps, lutter contre le vieillissement cutan\u00e9 et effacer toutes nos rides ? Pass\u00e9 60 ans, il est donc temps d\u2019arr\u00eater de culpabiliser et de commencer \u00e0 s\u2019assumer en portant un regard plein de bienveillance sur soi, \u00e0 l\u2019instar d\u2019Anna Magnani. Apprenez \u00e0 conna\u00eetre les caract\u00e9ristiques de votre peau mature, pour r\u00e9pondre \u00e0 ses besoins sp\u00e9cifiques avec des&nbsp;<a href=\"https:\/\/www.absolution-cosmetics.com\/fr\/2-visage\" target=\"_blank\" rel=\"noreferrer noopener\">cosm\u00e9tiques bio respectueux, efficaces et naturels<\/a>.<\/p>\n          <\/div>\n        <\/div>\n      <\/div>\n\n      <\/section>\n\n<section class=\"block-grid-wrapper block-grid-for-core-paragraph\">\n      <div class=\"default-editor-content grid-for-core-paragraph container-fluid container-px-1\">\n        <div class=\"row row-cols-1 align-center\">\n          <div class=\"cell\">\n            \n<p>Voici quelques conseils pr\u00e9cieux pour prendre soin de vous avec sagesse, et<strong><span style=\"text-decoration: underline;\">&nbsp;<a href=\"https:\/\/www.absolution-cosmetics.com\/fr\/visage\/167-la-creme-du-temps.html\" target=\"_blank\" rel=\"noreferrer noopener\">positiver le temps qui passe<\/a><\/span><\/strong>&nbsp;!<\/p>\n          <\/div>\n        <\/div>\n      <\/div>\n\n      <\/section>\n\n\r\n<section   class=\"section-description-text-background-color wp-block-acf-description-text-background-color  section-editorial-text-with-background\" style=\"--bg-color: #84A8BA;\"\r\n   itemprop=\"hasPart\" itemscope itemtype=\"https:\/\/schema.org\/WebPageElement\">\r\n\r\n  <div class=\"container-fluid container-px-1 text-container text-center\" style=\"--text-color: #FFFFFF;\">\r\n\r\n          <p class=\"title h2\">\r\n        \u00ab Laissez-moi mes rides, j&rsquo;ai mis toute une vie pour les obtenir. \u00bb      <\/p>\r\n    \r\n          <div class=\"description editorial-text\">\r\n        <p>disait Anna Magnani.<\/p>\n      <\/div>\r\n    \r\n    \r\n  <\/div>\r\n\r\n<\/section>\r\n\n\n<section class=\"block-grid-wrapper block-grid-for-core-heading\">\n      <div class=\"default-editor-content grid-for-core-heading container-fluid container-px-1\">\n        <div class=\"row row-cols-1 align-center\">\n          <div class=\"cell\">\n            \n<h2 class=\"wp-block-heading\">Comprendre la peau mature*<\/h2>\n          <\/div>\n        <\/div>\n      <\/div>\n\n      <\/section>\n\n\r\n<section    class=\"section-image-with-text wp-block-acf-image-with-text  section-text-scroll-and-image\">\r\n  <div class=\"container-fluid container-px-1\">\r\n\r\n\r\n\r\n    <div class=\"row row-cols-1 lg:row-cols-2\">\r\n      <div class=\"media-col img-left order-1\">\r\n                  \r\n                    <figure>\r\n            <picture><source  data-srcset=\"https:\/\/beautytherapy.absolution-cosmetics.com\/wp-content\/uploads\/2024\/01\/79-600x400-s-896x896-ac47c4550e24.jpg\" media=\"(min-width: 64em) and (min-resolution: 192dpi), (min-width: 64em) and (-webkit-min-device-pixel-ratio: 2)\"><source  data-srcset=\"https:\/\/beautytherapy.absolution-cosmetics.com\/wp-content\/uploads\/2024\/01\/79-600x400-s-1366x1366-5e84b0fc2480.jpg\" media=\"(min-width: 48em) and (min-resolution: 192dpi), (min-width: 48em) and (-webkit-min-device-pixel-ratio: 2)\"><source  data-srcset=\"https:\/\/beautytherapy.absolution-cosmetics.com\/wp-content\/uploads\/2024\/01\/79-600x400-s-448x448-9a4936a0dab1.jpg\" media=\"(min-width: 64em)\"><source  data-srcset=\"https:\/\/beautytherapy.absolution-cosmetics.com\/wp-content\/uploads\/2024\/01\/79-600x400-s-768x768-a4174d3ca482.jpg\" media=\"(min-width: 48em)\"><img data-fade-in data-lazy-img data-src=\"https:\/\/beautytherapy.absolution-cosmetics.com\/wp-content\/uploads\/2024\/01\/79-600x400-s-690x964-a09531fcfebc.jpg\" alt=\"\" style=\";--aspect-ratio-small: 0.71576763485477;--aspect-ratio-medium: 1;--aspect-ratio-large: 1;--aspect-ratio-medium_retina: 1;--aspect-ratio-large_retina: 1\" data-has-aspect-ratio=\"true\" \/><\/picture>          <\/figure>\r\n              <\/div>\r\n\r\n      <div class=\"content-col txt-right order-2\">\r\n                  <div class=\"editorial-text\">\r\n            <p><!-- wp:paragraph {\"uniqueId\":\"082b7b16-0c94-4b56-815b-03f93ff8f046\"} --><\/p>\n<p>Conna\u00eetre l\u2019\u00e9tat et le fonctionnement physiologique de la peau \u00e0 tout \u00e2ge permet de mieux comprendre ses besoins, et d\u2019y r\u00e9pondre avec\u00a0<strong><a href=\"https:\/\/www.absolution-cosmetics.com\/fr\/blog\/soins-visage\/soin-anti-age-efficace\" target=\"_blank\" rel=\"noreferrer noopener\">des soins adapt\u00e9s et efficaces<\/a><\/strong>.<\/p>\n<p><!-- \/wp:paragraph --> <!-- wp:paragraph {\"uniqueId\":\"cfcf1102-b819-4a20-ad2d-fd72760e2704\"} --><\/p>\n<p>M\u00eame si la peau vieillit au fil des ann\u00e9es, on remarque que le vieillissement cutan\u00e9 s\u2019acc\u00e9l\u00e8re chez les femmes apr\u00e8s la m\u00e9nopause : l\u2019\u00e9quilibre de la peau se voit perturb\u00e9 par l\u2019arr\u00eat de production d\u2019hormones. Voil\u00e0 pourquoi les signes de l\u2019\u00e2ge sont d\u2019autant plus visibles vers 60 ans chez la femme que chez l\u2019homme.<\/p>\n<p><!-- \/wp:paragraph --> <!-- wp:paragraph {\"uniqueId\":\"befe7955-ae27-4e6e-8fdd-6116ba3cf012\"} --><\/p>\n<p>Apr\u00e8s 60 ans, l\u2019\u00e9piderme pr\u00e9sente les caract\u00e9ristiques suivantes\u00a0:<\/p>\n<p><!-- \/wp:paragraph --> <!-- wp:list {\"uniqueId\":\"99aec06c-e6cb-45f5-bfd2-4afb5ed40e49\"} --><\/p>\n<ul><!-- wp:list-item {\"uniqueId\":\"6a18fdfb-0bb5-447a-91ba-d161b1b394bf\"} --><\/p>\n<li>\u00a0\u00a0\u00a0\u00a0\u00a0\u00a0\u00a0La peau est\u00a0<strong>plus fine<\/strong>, on estime qu\u2019elle perd environ 6% d\u2019\u00e9paisseur par d\u00e9cennie. Elle perd en volume.<\/li>\n<p><!-- \/wp:list-item --> <!-- wp:list-item {\"uniqueId\":\"7acb0713-2d6d-4c3d-bef7-fdd2d65843cf\"} --><\/p>\n<li>\u00a0\u00a0\u00a0\u00a0\u00a0\u00a0\u00a0La peau est\u00a0<strong>plus s\u00e8che<\/strong>, voire rugueuse.<\/li>\n<p><!-- \/wp:list-item --> <!-- wp:list-item {\"uniqueId\":\"dbee522b-459a-441c-a861-c83e9bc4794f\"} --><\/p>\n<li>\u00a0\u00a0\u00a0\u00a0\u00a0\u00a0\u00a0La peau\u00a0<strong>se rel\u00e2che<\/strong>\u00a0et\u00a0<strong>perd en souplesse<\/strong>.<\/li>\n<p><!-- \/wp:list-item --> <!-- wp:list-item {\"uniqueId\":\"0794e88d-6191-42e1-b058-c0e3eba22b15\"} --><\/p>\n<li>\u00a0\u00a0\u00a0\u00a0\u00a0\u00a0\u00a0Les\u00a0<strong>rides et sillons<\/strong>\u00a0sont plus marqu\u00e9s, plus profonds.<\/li>\n<p><!-- \/wp:list-item --> <!-- wp:list-item {\"uniqueId\":\"9ee1aee7-b52f-4fab-ab6d-0b7579c5c294\"} --><\/p>\n<li>\u00a0\u00a0\u00a0\u00a0\u00a0\u00a0\u00a0Les\u00a0<strong><a href=\"https:\/\/www.absolution-cosmetics.com\/fr\/blog\/creme\/creme-contre-imperfections-pour-peau-noire\" target=\"_blank\" rel=\"noreferrer noopener\">taches pigmentaires<\/a><\/strong>\u00a0sont plus nombreuses et plus visibles.<\/li>\n<p><!-- \/wp:list-item --><\/ul>\n<p><!-- \/wp:list --> <!-- wp:paragraph {\"uniqueId\":\"aa40fec5-4644-4165-9640-10682dff1bb7\"} --><\/p>\n<p>Cela s\u2019explique notamment par la d\u00e9gradation de deux propri\u00e9t\u00e9s essentielles \u00e0 la peau.<\/p>\n<p><!-- \/wp:paragraph --> <!-- wp:list {\"uniqueId\":\"85f96d67-330b-4e6a-a020-4a3157110a75\"} --><\/p>\n<ul><!-- wp:list-item {\"uniqueId\":\"473d33e4-07bc-40c3-8eb6-8a8310708231\"} --><\/p>\n<li>\u00a0\u00a0\u00a0\u00a0\u00a0\u00a0\u00a0D\u2019une part,\u00a0<strong>la perte en \u00e9lasticit\u00e9<\/strong>.<\/li>\n<p><!-- \/wp:list-item --><\/ul>\n<p><!-- \/wp:list --> <!-- wp:paragraph {\"uniqueId\":\"0d738624-2bf7-430a-97e4-d74a8550f0db\"} --><\/p>\n<p>Les fibres d\u2019\u00e9lastine jouent un r\u00f4le majeur dans la qualit\u00e9 de la peau\u00a0: elles assurent l\u2019\u00e9lasticit\u00e9 du tissu cutan\u00e9. Or, pass\u00e9 60 ans, elles se d\u00e9t\u00e9riorent, rendant la peau moins souple.<\/p>\n<p><!-- \/wp:paragraph --> <!-- wp:list {\"uniqueId\":\"44981221-fecb-4811-84aa-4c47724f5907\"} --><\/p>\n<ul><!-- wp:list-item {\"uniqueId\":\"cbd2ac0b-8b0f-4b1c-b2f5-495568b232aa\"} --><\/p>\n<li>\u00a0\u00a0\u00a0\u00a0\u00a0\u00a0\u00a0D\u2019autre part,\u00a0<strong>la perte en fermet\u00e9<\/strong>.<\/li>\n<p><!-- \/wp:list-item --><\/ul>\n<p><!-- \/wp:list --> <!-- wp:paragraph {\"uniqueId\":\"05435b55-67bf-48bc-81b1-307707d4ce32\"} --><\/p>\n<p>La teneur en fibres de collag\u00e8ne diminue elle aussi avec le temps, notamment apr\u00e8s 60 ans. R\u00e9sultat :\u00a0<strong><a href=\"https:\/\/www.absolution-cosmetics.com\/fr\/serums-et-cures\/134-le-booster-lift.html\" target=\"_blank\" rel=\"noreferrer noopener\">la peau perd progressivement en fermet\u00e9, s\u2019affaisse et se rel\u00e2che<\/a><\/strong>. La peau \u00e9volue donc avec le temps. Il s\u2019agit bien \u00e9videmment d\u2019un ph\u00e9nom\u00e8ne totalement naturel, mais qui peut \u00eatre \u00e9galement amplifi\u00e9 par d\u2019autres facteurs ext\u00e9rieurs comme la pollution, le stress, l\u2019exposition aux \u00e9crans, au soleil\u2026<\/p>\n<p><!-- \/wp:paragraph --> <!-- wp:paragraph {\"uniqueId\":\"0cc8b1a7-3bba-4bbe-9cc9-ddccedfc73d4\"} --><\/p>\n<p>Le stress, \u00e0 titre d\u2019exemple, creuse davantage les traits de la peau car il est responsable d\u2019un renouvellement cellulaire plus lent et d\u2019une production de collag\u00e8ne ralentie. Si la peau a souffert du stress pendant de nombreuses ann\u00e9es, elle sera plus d\u2019autant plus fragile apr\u00e8s 60 ans.<\/p>\n<p><!-- \/wp:paragraph --> <!-- wp:paragraph {\"uniqueId\":\"1c8a34c6-fac9-4a1e-ba45-114c291ba10c\"} --><\/p>\n<p>Avec ces diff\u00e9rents changements, la peau perd sa capacit\u00e9 \u00e0 attirer et \u00e0 retenir l\u2019eau. Elle s\u2019affine, s\u2019ass\u00e8che, perd en souplesse et en tonicit\u00e9 et se creuse. Elle a donc des besoins sp\u00e9cifiques auxquels les cosm\u00e9tiques bio et naturels peuvent r\u00e9pondre efficacement pour l\u2019aider \u00e0 conserver son \u00e9quilibre.<\/p>\n<p><!-- \/wp:paragraph --><\/p>\n          <\/div>\r\n              <\/div>\r\n    <\/div>\r\n  <\/div>\r\n<\/section>\r\n\n\n<section class=\"block-grid-wrapper block-grid-for-core-heading\">\n      <div class=\"default-editor-content grid-for-core-heading container-fluid container-px-1\">\n        <div class=\"row row-cols-1 align-center\">\n          <div class=\"cell\">\n            \n<h2 class=\"wp-block-heading\">Quels sont les besoins de la peau \u00e0 partir de 60 ans ?<\/h2>\n          <\/div>\n        <\/div>\n      <\/div>\n\n      <\/section>\n\n\r\n<section    class=\"section-image-with-text wp-block-acf-image-with-text  section-text-scroll-and-image\">\r\n  <div class=\"container-fluid container-px-1\">\r\n\r\n\r\n\r\n    <div class=\"row row-cols-1 lg:row-cols-2\">\r\n      <div class=\"media-col img-right order-2\">\r\n                  \r\n                    <figure>\r\n            <picture><source  data-srcset=\"https:\/\/beautytherapy.absolution-cosmetics.com\/wp-content\/uploads\/2024\/01\/step1-routine-60-ans-1080x1080-s-896x896-ac47c4550e24.jpg\" media=\"(min-width: 64em) and (min-resolution: 192dpi), (min-width: 64em) and (-webkit-min-device-pixel-ratio: 2)\"><source  data-srcset=\"https:\/\/beautytherapy.absolution-cosmetics.com\/wp-content\/uploads\/2024\/01\/step1-routine-60-ans-1080x1080-s-1366x1366-5e84b0fc2480.jpg\" media=\"(min-width: 48em) and (min-resolution: 192dpi), (min-width: 48em) and (-webkit-min-device-pixel-ratio: 2)\"><source  data-srcset=\"https:\/\/beautytherapy.absolution-cosmetics.com\/wp-content\/uploads\/2024\/01\/step1-routine-60-ans-1080x1080-s-448x448-9a4936a0dab1.jpg\" media=\"(min-width: 64em)\"><source  data-srcset=\"https:\/\/beautytherapy.absolution-cosmetics.com\/wp-content\/uploads\/2024\/01\/step1-routine-60-ans-1080x1080-s-768x768-a4174d3ca482.jpg\" media=\"(min-width: 48em)\"><img data-fade-in data-lazy-img data-src=\"https:\/\/beautytherapy.absolution-cosmetics.com\/wp-content\/uploads\/2024\/01\/step1-routine-60-ans-1080x1080-s-690x964-a09531fcfebc.jpg\" alt=\"\" style=\";--aspect-ratio-small: 0.71576763485477;--aspect-ratio-medium: 1;--aspect-ratio-large: 1;--aspect-ratio-medium_retina: 1;--aspect-ratio-large_retina: 1\" data-has-aspect-ratio=\"true\" \/><\/picture>          <\/figure>\r\n              <\/div>\r\n\r\n      <div class=\"content-col txt-left order-1\">\r\n                  <div class=\"editorial-text\">\r\n            <p><!-- wp:list {\"uniqueId\":\"490060f7-9f7d-47f0-987f-5a2a4695fd45\"} --><\/p>\n<p>Au regard de ces changements, un soin cosm\u00e9tique adapt\u00e9 \u00e0 une peau mature de 60 ans et plus r\u00e9pondra aux besoins suivants\u00a0:<\/p>\n<ul>\n<li><strong><a href=\"https:\/\/www.absolution-cosmetics.com\/fr\/visage\/167-la-creme-du-temps.html\" target=\"_blank\" rel=\"noopener\"><span style=\"text-decoration: underline;\">Hydratation<\/span><\/a>\u00a0et\u00a0<span style=\"text-decoration: underline;\"><a href=\"https:\/\/www.absolution-cosmetics.com\/fr\/huile-visage-bio\/32-96-addiction-l-huile-visage-.html#\/22-contenance-30_ml\" target=\"_blank\" rel=\"noopener\">nutrition<\/a><\/span><\/strong><span style=\"text-decoration: underline;\">\u00a0<\/span> \u2013 Il est n\u00e9cessaire de r\u00e9hydrater la peau en profondeur avec des actifs adapt\u00e9s et de r\u00e9tablir le film hydrolipidique, pour mieux prot\u00e9ger la peau des agressions ext\u00e9rieures et pr\u00e9venir la s\u00e9cheresse cutan\u00e9e.<\/li>\n<li><strong>Stimuler la production naturelle de collag\u00e8ne<\/strong>\u00a0pour\u00a0<a href=\"https:\/\/www.absolution-cosmetics.com\/fr\/blog\/p-les-soins-indispensables-pour-raffermir-lovale-du-visage\" target=\"_blank\" rel=\"noreferrer noopener\">r<span style=\"text-decoration: underline;\"><strong>affermir les tissus<\/strong><\/span><\/a> et agir sur le rel\u00e2chement. La peau sera ainsi repulp\u00e9e et plus rebondie.<\/li>\n<li><strong>Stimuler la production naturelle de fibres d\u2019\u00e9lastine<\/strong> pour redonner souplesse \u00e0 la peau et att\u00e9nuer les rides.<\/li>\n<li><strong>Harmoniser la pigmentation de la peau et am\u00e9liorer la microcirculation cutan\u00e9e<\/strong> pour att\u00e9nuer les taches blanches ou brunes, et homog\u00e9n\u00e9iser le teint.<\/li>\n<\/ul>\n<p><!-- \/wp:list --><\/p>\n          <\/div>\r\n              <\/div>\r\n    <\/div>\r\n  <\/div>\r\n<\/section>\r\n\n\n<section class=\"block-grid-wrapper block-grid-for-core-list\">\n      <div class=\"default-editor-content grid-for-core-list container-fluid container-px-1\">\n        <div class=\"row row-cols-1 align-center\">\n          <div class=\"cell\">\n            \n<ul class=\"wp-block-list\">\n<li><\/li>\n<\/ul>\n          <\/div>\n        <\/div>\n      <\/div>\n\n      <\/section>\n\n<section class=\"block-grid-wrapper block-grid-for-core-heading\">\n      <div class=\"default-editor-content grid-for-core-heading container-fluid container-px-1\">\n        <div class=\"row row-cols-1 align-center\">\n          <div class=\"cell\">\n            \n<h2 class=\"wp-block-heading\"><a href=\"https:\/\/www.absolution-cosmetics.com\/fr\/2-visage\">Peau mature : apr\u00e8s 60 ans, quel rituel beaut\u00e9 ?<\/a><\/h2>\n          <\/div>\n        <\/div>\n      <\/div>\n\n      <\/section>\n\n<section class=\"block-grid-wrapper block-grid-for-core-paragraph\">\n      <div class=\"default-editor-content grid-for-core-paragraph container-fluid container-px-1\">\n        <div class=\"row row-cols-1 align-center\">\n          <div class=\"cell\">\n            \n<p>Fragiles et particuli\u00e8rement sensibles, les peaux moins jeunes ont besoin d\u2019\u00eatre chouchout\u00e9es. Petit tour d\u2019horizon sur le rituel beaut\u00e9 \u00e0 adopter pour garder une belle peau \u00e9clatante, m\u00eame \u00e0 60 ans !&nbsp;<\/p>\n          <\/div>\n        <\/div>\n      <\/div>\n\n      <\/section>\n\n<section class=\"block-grid-wrapper block-grid-for-core-heading\">\n      <div class=\"default-editor-content grid-for-core-heading container-fluid container-px-1\">\n        <div class=\"row row-cols-1 align-center\">\n          <div class=\"cell\">\n            \n<h3 class=\"wp-block-heading\">Des cosm\u00e9tiques bio et naturels<\/h3>\n          <\/div>\n        <\/div>\n      <\/div>\n\n      <\/section>\n\n<section class=\"block-grid-wrapper block-grid-for-core-paragraph\">\n      <div class=\"default-editor-content grid-for-core-paragraph container-fluid container-px-1\">\n        <div class=\"row row-cols-1 align-center\">\n          <div class=\"cell\">\n            \n<p>Gr\u00e2ce \u00e0 leurs profils biologiques, les actifs cosm\u00e9tiques naturels (huiles v\u00e9g\u00e9tales, eaux florales, oligo-\u00e9l\u00e9ments, vitamines\u2026) ont une grande affinit\u00e9 avec la peau. Les soins bio p\u00e9n\u00e8trent et interagissent mieux avec la peau, ce qui assure leur efficacit\u00e9.<\/p>\n          <\/div>\n        <\/div>\n      <\/div>\n\n      <\/section>\n\n<section class=\"block-grid-wrapper block-grid-for-core-paragraph\">\n      <div class=\"default-editor-content grid-for-core-paragraph container-fluid container-px-1\">\n        <div class=\"row row-cols-1 align-center\">\n          <div class=\"cell\">\n            \n<p>De plus, ils sont sans risque pour votre peau ni pour votre sant\u00e9. Formul\u00e9s sans parabens, PEG, phtalates, huiles min\u00e9rales, OGM, parfums ni colorants synth\u00e9tiques, les cosm\u00e9tiques Absolution assurent douceur et innocuit\u00e9 aux peaux moins jeunes, particuli\u00e8rement sensibles et fragiles.<\/p>\n          <\/div>\n        <\/div>\n      <\/div>\n\n      <\/section>\n\n<section class=\"block-grid-wrapper block-grid-for-core-buttons\">\n      <div class=\"default-editor-content grid-for-core-buttons container-fluid container-px-1\">\n        <div class=\"row row-cols-1 align-center\">\n          <div class=\"cell\">\n            \n<div class=\"wp-block-buttons is-layout-flex wp-block-buttons-is-layout-flex\">\n<div class=\"wp-block-button is-style-outline is-style-outline--2\"><a class=\"wp-block-button__link wp-element-button\" href=\"https:\/\/www.absolution-cosmetics.com\/fr\/2-visage\">D\u00e9couvrir nos soins<\/a><\/div>\n<\/div>\n          <\/div>\n        <\/div>\n      <\/div>\n\n      <\/section>\n\n<section class=\"block-grid-wrapper block-grid-for-core-heading\">\n      <div class=\"default-editor-content grid-for-core-heading container-fluid container-px-1\">\n        <div class=\"row row-cols-1 align-center\">\n          <div class=\"cell\">\n            \n<h2 class=\"wp-block-heading\">Ne jamais sauter l\u2019\u00e9tape du nettoyage<\/h2>\n          <\/div>\n        <\/div>\n      <\/div>\n\n      <\/section>\n\n\r\n<section    class=\"section-image-with-text wp-block-acf-image-with-text  section-text-scroll-and-image\">\r\n  <div class=\"container-fluid container-px-1\">\r\n\r\n\r\n\r\n    <div class=\"row row-cols-1 lg:row-cols-2\">\r\n      <div class=\"media-col img-left order-1\">\r\n                  \r\n                    <figure>\r\n            <picture><source  data-srcset=\"https:\/\/beautytherapy.absolution-cosmetics.com\/wp-content\/uploads\/2024\/01\/creme-routine-60-ans-1080x1080-s-896x896-ac47c4550e24.jpg\" media=\"(min-width: 64em) and (min-resolution: 192dpi), (min-width: 64em) and (-webkit-min-device-pixel-ratio: 2)\"><source  data-srcset=\"https:\/\/beautytherapy.absolution-cosmetics.com\/wp-content\/uploads\/2024\/01\/creme-routine-60-ans-1080x1080-s-1366x1366-5e84b0fc2480.jpg\" media=\"(min-width: 48em) and (min-resolution: 192dpi), (min-width: 48em) and (-webkit-min-device-pixel-ratio: 2)\"><source  data-srcset=\"https:\/\/beautytherapy.absolution-cosmetics.com\/wp-content\/uploads\/2024\/01\/creme-routine-60-ans-1080x1080-s-448x448-9a4936a0dab1.jpg\" media=\"(min-width: 64em)\"><source  data-srcset=\"https:\/\/beautytherapy.absolution-cosmetics.com\/wp-content\/uploads\/2024\/01\/creme-routine-60-ans-1080x1080-s-768x768-a4174d3ca482.jpg\" media=\"(min-width: 48em)\"><img data-fade-in data-lazy-img data-src=\"https:\/\/beautytherapy.absolution-cosmetics.com\/wp-content\/uploads\/2024\/01\/creme-routine-60-ans-1080x1080-s-690x964-a09531fcfebc.jpg\" alt=\"\" style=\";--aspect-ratio-small: 0.71576763485477;--aspect-ratio-medium: 1;--aspect-ratio-large: 1;--aspect-ratio-medium_retina: 1;--aspect-ratio-large_retina: 1\" data-has-aspect-ratio=\"true\" \/><\/picture>          <\/figure>\r\n              <\/div>\r\n\r\n      <div class=\"content-col txt-right order-2\">\r\n                  <div class=\"editorial-text\">\r\n            <p><!-- wp:paragraph {\"uniqueId\":\"9e5d0eae-3735-4140-b928-ee46d2877cef\"} --><\/p>\n<p>Matin et soir, commencez toujours votre rituel beaut\u00e9 par un nettoyage du visage et du cou. Vous aidez ainsi votre peau \u00e0 se maintenir en bonne sant\u00e9. Cela lui permet d\u2019\u00eatre bien oxyg\u00e9n\u00e9e et de mieux se renouveler. Propre et fra\u00eeche, elle accueille efficacement les diff\u00e9rents soins que vous lui appliquez ensuite.<\/p>\n<p><!-- \/wp:paragraph --> <!-- wp:paragraph {\"uniqueId\":\"e335a527-1749-4fba-9ed1-0bd3e596b743\"} --><\/p>\n<p>La peau mature \u00e9tant une peau fine et sensible, privil\u00e9giez un nettoyant visage doux, bio et naturel, qui la purifiera sans l\u2018agresser. Nous vous recommandons d\u2019opter pour un nettoyage plus profond le soir, avec\u00a0<strong><span style=\"text-decoration: underline;\"><a href=\"https:\/\/www.absolution-cosmetics.com\/fr\/home\/83-458-le-gel-nettoyant-purete.html#\/47-contenance-100_ml\" target=\"_blank\" rel=\"noreferrer noopener\">Le Nettoyant Puret\u00e9<\/a><\/span>\u00a0<\/strong>ou\u00a0<span style=\"text-decoration: underline;\"><strong><a href=\"https:\/\/www.absolution-cosmetics.com\/fr\/nettoyant-et-demaquillant-bio-visage\/84-106-la-creme-douce-demaquillante.html#\/47-contenance-100_ml\" target=\"_blank\" rel=\"noreferrer noopener\">La Cr\u00e8me Douce D\u00e9maquillante<\/a><\/strong><\/span>, et d\u2019offrir \u00e0 votre peau un peu de fra\u00eecheur le matin avec\u00a0<span style=\"text-decoration: underline;\"><a href=\"https:\/\/www.absolution-cosmetics.com\/fr\/nettoyant-et-demaquillant-bio-visage\/11-91-l-eau-soir-et-matin.html#\/23-contenance-150_ml\" target=\"_blank\" rel=\"noreferrer noopener\"><strong>L\u2019Eau Soir et Matin<\/strong>\u00a0<\/a><\/span>ou\u00a0<span style=\"text-decoration: underline;\"><strong><a href=\"https:\/\/www.absolution-cosmetics.com\/fr\/essence-et-tonique\/82-la-brume-systemique.html\" target=\"_blank\" rel=\"noreferrer noopener\">La Brume Syst\u00e9mique<\/a><\/strong><\/span>, qui permettront de la r\u00e9veiller sans solliciter son film hydrolipidique.<\/p>\n<p><!-- \/wp:paragraph --><\/p>\n          <\/div>\r\n              <\/div>\r\n    <\/div>\r\n  <\/div>\r\n<\/section>\r\n\n\n<section class=\"block-grid-wrapper block-grid-for-core-heading\">\n      <div class=\"default-editor-content grid-for-core-heading container-fluid container-px-1\">\n        <div class=\"row row-cols-1 align-center\">\n          <div class=\"cell\">\n            \n<h2 class=\"wp-block-heading\">Exfoliez\u2026 avec d\u00e9licatesse<\/h2>\n          <\/div>\n        <\/div>\n      <\/div>\n\n      <\/section>\n\n<section class=\"block-grid-wrapper block-grid-for-core-paragraph\">\n      <div class=\"default-editor-content grid-for-core-paragraph container-fluid container-px-1\">\n        <div class=\"row row-cols-1 align-center\">\n          <div class=\"cell\">\n            \n<p>Si dans nos jeunes ann\u00e9es, la peau se renouvelle int\u00e9gralement en 28 jours en moyenne, le processus de r\u00e9g\u00e9n\u00e9ration naturel se ralentit avec le temps. Pass\u00e9 60 ans,&nbsp;<span style=\"text-decoration: underline;\"><strong>exfolier la peau en douceur<\/strong><\/span>&nbsp;est indispensable pour relancer ses capacit\u00e9s \u00e0 se r\u00e9g\u00e9n\u00e9rer elle-m\u00eame. Le gommage l\u2019aide aussi \u00e0 se d\u00e9barrasser de ses cellules mortes, favorisant ainsi l\u2019\u00e9clat du teint.&nbsp;<\/p>\n          <\/div>\n        <\/div>\n      <\/div>\n\n      <\/section>\n\n<section class=\"block-grid-wrapper block-grid-for-core-paragraph\">\n      <div class=\"default-editor-content grid-for-core-paragraph container-fluid container-px-1\">\n        <div class=\"row row-cols-1 align-center\">\n          <div class=\"cell\">\n            \n<p>Une peau mature \u00e9tant particuli\u00e8rement sensible, veillez \u00e0 lui appliquer un gommage visage bio non agressif, avec des gestes doux et circulaires, tous les 10 jours environ. Au quotidien,<strong>&nbsp;<span style=\"text-decoration: underline;\"><a href=\"https:\/\/www.absolution-cosmetics.com\/fr\/accessoires\/69-l-eponge-konjac.html\" target=\"_blank\" rel=\"noreferrer noopener\">L\u2019\u00c9ponge Konjac<\/a>&nbsp;<\/span><\/strong>assure une exfoliation extr\u00eamement douce et permet de stimuler votre \u00e9piderme pendant le nettoyage du soir.&nbsp;<\/p>\n          <\/div>\n        <\/div>\n      <\/div>\n\n      <\/section>\n\n<section class=\"block-grid-wrapper block-grid-for-core-paragraph\">\n      <div class=\"default-editor-content grid-for-core-paragraph container-fluid container-px-1\">\n        <div class=\"row row-cols-1 align-center\">\n          <div class=\"cell\">\n            \n<p><a href=\"https:\/\/www.absolution-cosmetics.com\/fr\/masques-et-gommage\/61-100-la-creme-gommante.html#\/19-contenance-50_ml\"><\/a><\/p>\n          <\/div>\n        <\/div>\n      <\/div>\n\n      <\/section>\n\n<section class=\"block-grid-wrapper block-grid-for-core-heading\">\n      <div class=\"default-editor-content grid-for-core-heading container-fluid container-px-1\">\n        <div class=\"row row-cols-1 align-center\">\n          <div class=\"cell\">\n            \n<h2 class=\"wp-block-heading\">Hydratez, hydratez, hydratez !<\/h2>\n          <\/div>\n        <\/div>\n      <\/div>\n\n      <\/section>\n\n<section class=\"block-grid-wrapper block-grid-for-core-image\">\n      <div class=\"default-editor-content grid-for-core-image container-fluid container-px-1\">\n        <div class=\"row row-cols-1 align-center\">\n          <div class=\"cell\">\n            \n<figure class=\"wp-block-image\"><img decoding=\"async\" src=\"https:\/\/www.absolution-cosmetics.com\/img\/resp\/cms\/img_blog\/creme-temps-application-750x375-s.jpg\" alt=\"\"\/><\/figure>\n          <\/div>\n        <\/div>\n      <\/div>\n\n      <\/section>\n\n<section class=\"block-grid-wrapper block-grid-for-core-paragraph\">\n      <div class=\"default-editor-content grid-for-core-paragraph container-fluid container-px-1\">\n        <div class=\"row row-cols-1 align-center\">\n          <div class=\"cell\">\n            \n<p>Au quotidien, ne sautez pas la case hydratation non plus. Les peaux moins jeunes sont des peaux d\u00e9shydrat\u00e9es, ternes, surtout pass\u00e9 60 ans. Pour retrouver et conserver une peau belle et lumineuse, misez tout sur l\u2019hydratation. Les effets se font sentir tr\u00e8s rapidement, les actifs hydratants venant combler les manques de la peau. Une cr\u00e8me antirides tr\u00e8s hydratante, appliqu\u00e9e matin et soir, aide \u00e0 redonner de la souplesse, de la fra\u00eecheur et de l\u2019\u00e9clat \u00e0 la peau, et aide \u00e0 att\u00e9nuer les rides.<\/p>\n          <\/div>\n        <\/div>\n      <\/div>\n\n      <\/section>\n\n<section class=\"block-grid-wrapper block-grid-for-core-paragraph\">\n      <div class=\"default-editor-content grid-for-core-paragraph container-fluid container-px-1\">\n        <div class=\"row row-cols-1 align-center\">\n          <div class=\"cell\">\n            \n<p>Mettez le temps de votre c\u00f4t\u00e9 avec&nbsp;<a href=\"https:\/\/www.absolution-cosmetics.com\/fr\/visage\/167-la-creme-du-temps.html\" target=\"_blank\" rel=\"noreferrer noopener\"><strong><span style=\"text-decoration: underline;\">La Cr\u00e8me du Temps<\/span><\/strong><\/a>, un cocktail exclusif raffermissant, d\u00e9froissant et r\u00e9parateur (Narcisse des Po\u00e8tes, Grenade, Edelweiss, Wakam\u00e9 Atlantique ainsi que 18 extraits v\u00e9g\u00e9taux) qui redensifie l\u2019\u00e9piderme, combat les rides et les ridules, relance le renouvellement cellulaire et att\u00e9nue les taches. Sa forte concentration en polyph\u00e9nols et en beta-sitost\u00e9rols lui conf\u00e8re \u00e9galement des vertus protectrices et apaisantes\u2026 Et parce que les peaux moins jeunes ont besoin de soins sur-mesure, La Cr\u00e8me du Temps s\u2019accordera \u00e0 merveille avec Les&nbsp;<strong><a href=\"https:\/\/www.absolution-cosmetics.com\/fr\/serums-et-cures\/134-le-booster-lift.html\" target=\"_blank\" rel=\"noreferrer noopener\"><span style=\"text-decoration: underline;\">Boosters LIFT<\/span><\/a><\/strong>&nbsp;et&nbsp;<strong><a href=\"https:\/\/www.absolution-cosmetics.com\/fr\/serums-et-cures\/14-le-booster-superfood.html\" target=\"_blank\" rel=\"noreferrer noopener\"><span style=\"text-decoration: underline;\">SUPERFOOD<\/span><\/a><\/strong>.&nbsp;&nbsp;<\/p>\n          <\/div>\n        <\/div>\n      <\/div>\n\n      <\/section>\n\n<section class=\"block-grid-wrapper block-grid-for-core-heading\">\n      <div class=\"default-editor-content grid-for-core-heading container-fluid container-px-1\">\n        <div class=\"row row-cols-1 align-center\">\n          <div class=\"cell\">\n            \n<h3 class=\"wp-block-heading\">Nutrition et protection<\/h3>\n          <\/div>\n        <\/div>\n      <\/div>\n\n      <\/section>\n\n<section class=\"block-grid-wrapper block-grid-for-core-paragraph\">\n      <div class=\"default-editor-content grid-for-core-paragraph container-fluid container-px-1\">\n        <div class=\"row row-cols-1 align-center\">\n          <div class=\"cell\">\n            \n<p>Si hydrater votre peau apr\u00e8s 60 ans est indispensable, la nourrir avec des acides gras essentiels l\u2019est tout autant. Les actifs nourrissants restaurent le film hydrolipidique de la peau, formant une barri\u00e8re qui emp\u00eache l\u2019eau de s\u2019\u00e9vaporer.<\/p>\n          <\/div>\n        <\/div>\n      <\/div>\n\n      <\/section>\n\n<section class=\"block-grid-wrapper block-grid-for-core-paragraph\">\n      <div class=\"default-editor-content grid-for-core-paragraph container-fluid container-px-1\">\n        <div class=\"row row-cols-1 align-center\">\n          <div class=\"cell\">\n            \n<p>En nourrissant la peau, on maintient ainsi son taux d\u2019hydratation naturelle, tout en am\u00e9liorant sa souplesse, et ses d\u00e9fenses contre les agressions ext\u00e9rieures.<\/p>\n          <\/div>\n        <\/div>\n      <\/div>\n\n      <\/section>\n\n<section class=\"block-grid-wrapper block-grid-for-core-paragraph\">\n      <div class=\"default-editor-content grid-for-core-paragraph container-fluid container-px-1\">\n        <div class=\"row row-cols-1 align-center\">\n          <div class=\"cell\">\n            \n<p>Apr\u00e8s un gommage, appliquez toujours un&nbsp;<strong>masque visage<\/strong>. C\u2019est l\u2019\u00e9tape incontournable pour pr\u00e9server l\u2019\u00e9quilibre de votre peau. L\u2019exfoliation douce a affin\u00e9 le grain de peau, il est maintenant pr\u00eat \u00e0 recevoir un soin profond.<\/p>\n          <\/div>\n        <\/div>\n      <\/div>\n\n      <\/section>\n\n<section class=\"block-grid-wrapper block-grid-for-core-paragraph\">\n      <div class=\"default-editor-content grid-for-core-paragraph container-fluid container-px-1\">\n        <div class=\"row row-cols-1 align-center\">\n          <div class=\"cell\">\n            \n<p>Les peaux moins jeunes appr\u00e9cieront un masque raffermissant&nbsp;<a href=\"https:\/\/www.absolution-cosmetics.com\/fr\/masques-et-gommage\/403-le-masque-du-temps-redensifiant.html\">Le Masque du Temps Redensifiant<\/a>&nbsp;qui relance et booste la production naturelle de collag\u00e8ne, tonifie les tissus, att\u00e9nue les taches et pr\u00e9vient leur formation.<\/p>\n          <\/div>\n        <\/div>\n      <\/div>\n\n      <\/section>\n\n\n\n<section class=\"block-grid-wrapper block-grid-for-core-paragraph\">\n      <div class=\"default-editor-content grid-for-core-paragraph container-fluid container-px-1\">\n        <div class=\"row row-cols-1 align-center\">\n          <div class=\"cell\">\n            \n<p><a href=\"https:\/\/www.absolution-cosmetics.com\/fr\/masques-et-gommage\/403-le-masque-du-temps-redensifiant.html\"><\/a><a href=\"https:\/\/www.absolution-cosmetics.com\/fr\/cremes-visage-bio\/13-la-creme-riche.html\"><\/a><\/p>\n          <\/div>\n        <\/div>\n      <\/div>\n\n      <\/section>\n\n<section class=\"block-grid-wrapper block-grid-for-core-heading\">\n      <div class=\"default-editor-content grid-for-core-heading container-fluid container-px-1\">\n        <div class=\"row row-cols-1 align-center\">\n          <div class=\"cell\">\n            \n<h2 class=\"wp-block-heading\">N\u2019oubliez pas le contour des yeux et des l\u00e8vres<\/h2>\n          <\/div>\n        <\/div>\n      <\/div>\n\n      <\/section>\n\n<section class=\"block-grid-wrapper block-grid-for-core-paragraph\">\n      <div class=\"default-editor-content grid-for-core-paragraph container-fluid container-px-1\">\n        <div class=\"row row-cols-1 align-center\">\n          <div class=\"cell\">\n            \n<p>La peau du contour des yeux ainsi que celle du contour des l\u00e8vres est bien plus fine et fragile que sur l\u2019ensemble du reste du visage. Surtout apr\u00e8s 60 ans&nbsp;! Ne l\u00e9sinez pas sur les soins contour des yeux et des l\u00e8vres. Ils att\u00e9nueront les petites ridules qui s\u2019y sont form\u00e9es avec le temps.<\/p>\n          <\/div>\n        <\/div>\n      <\/div>\n\n      <\/section>\n\n<section class=\"block-grid-wrapper block-grid-for-core-paragraph\">\n      <div class=\"default-editor-content grid-for-core-paragraph container-fluid container-px-1\">\n        <div class=\"row row-cols-1 align-center\">\n          <div class=\"cell\">\n            \n<p>Pour l\u2019hydratation et la protection de vos l\u00e8vres, transportez&nbsp;<strong><a href=\"https:\/\/www.absolution-cosmetics.com\/fr\/soin-des-levres\/20-le-baume.html\" target=\"_blank\" rel=\"noreferrer noopener\">Le Baume<\/a><\/strong>&nbsp;partout avec vous. Sa texture est id\u00e9ale pour retrouver des l\u00e8vres souples, et sa richesse en Calendula cicatrisant, en P\u00e9rilla nourrissante et en M\u00e9rula antioxydant permettent de retarder l\u2019apparition des signes de l\u2019\u00e2ge sur cette zone si fragile et sollicit\u00e9e.<\/p>\n          <\/div>\n        <\/div>\n      <\/div>\n\n      <\/section>\n\n<section class=\"block-grid-wrapper block-grid-for-core-paragraph\">\n      <div class=\"default-editor-content grid-for-core-paragraph container-fluid container-px-1\">\n        <div class=\"row row-cols-1 align-center\">\n          <div class=\"cell\">\n            \n<p>Vos yeux quant \u00e0 eux aimeront&nbsp;<strong><a href=\"https:\/\/www.absolution-cosmetics.com\/fr\/soin-des-yeux\/18-le-soin-regard.html\" target=\"_blank\" rel=\"noreferrer noopener\">Le Soin Regard<\/a><\/strong>, riche en Caf\u00e9 Vert d\u00e9congestionnant, id\u00e9al pour att\u00e9nuer les poches et les cernes, ou&nbsp;<strong><a href=\"https:\/\/www.absolution-cosmetics.com\/fr\/soin-des-yeux\/129-la-creme-reparatrice-regard.html\" target=\"_blank\" rel=\"noreferrer noopener\">La Cr\u00e8me R\u00e9paratrice Regard<\/a><\/strong>&nbsp;riche en Acide Hyaluronique&nbsp;qui permet de lisser et raffermir le contour de l\u2019\u0153il.<\/p>\n          <\/div>\n        <\/div>\n      <\/div>\n\n      <\/section>\n\n\n<section   class=\"section-image-product-unique wp-block-acf-image-product-unique  image-product-unique\">\n\n  <div class=\"container-fluid container-px-1\">\n    <div class=\"row row-cols-2\">\n      <div class=\"product-col\">\n        <!-- Temporary exit until we fix integration with shopify -->\n        <!--           \r\n<article class=\"product-miniature js-product-miniature product-with-buttons\" data-id-product=\"129\">\r\n\r\n  <div class=\"thumbnail-container\">\r\n          <a href=\"https:\/\/www.absolution-cosmetics.com\/index.php?controller=product&id_product=129&id_lang=1\" class=\"thumbnail product-thumbnail\">\r\n        <img data-lazy-img data-fade-in data-src=\"\" \/>\r\n      <\/a>\r\n    \r\n\r\n    <div class=\"product-info-wrapper\">\r\n      <div class=\"product-description\">\r\n        \r\n        <div class=\"title-price-wrapper\">\r\n          \r\n          <h2 class=\"product-title h2\">\r\n                      <\/h2>\r\n\r\n          \r\n          <div class=\"product-short-description\">\r\n                      <\/div>\r\n\r\n          \n<span class=\"inline-rating\">\n  <span class=\"stars-wrapper\">\n    \n    \n                  <svg xmlns=\"http:\/\/www.w3.org\/2000\/svg\" viewBox=\"0 0 14 14\"><path data-name=\"Star\" d=\"M7 11.609 2.673 14l.826-5.065L0 5.348l4.837-.739L7 0l2.163 4.609L14 5.348l-3.5 3.587.826 5.065z\" fill=\"#1d1d1b\" opacity=\".4\"\/><\/svg>              <svg xmlns=\"http:\/\/www.w3.org\/2000\/svg\" viewBox=\"0 0 14 14\"><path data-name=\"Star\" d=\"M7 11.609 2.673 14l.826-5.065L0 5.348l4.837-.739L7 0l2.163 4.609L14 5.348l-3.5 3.587.826 5.065z\" fill=\"#1d1d1b\" opacity=\".4\"\/><\/svg>              <svg xmlns=\"http:\/\/www.w3.org\/2000\/svg\" viewBox=\"0 0 14 14\"><path data-name=\"Star\" d=\"M7 11.609 2.673 14l.826-5.065L0 5.348l4.837-.739L7 0l2.163 4.609L14 5.348l-3.5 3.587.826 5.065z\" fill=\"#1d1d1b\" opacity=\".4\"\/><\/svg>              <svg xmlns=\"http:\/\/www.w3.org\/2000\/svg\" viewBox=\"0 0 14 14\"><path data-name=\"Star\" d=\"M7 11.609 2.673 14l.826-5.065L0 5.348l4.837-.739L7 0l2.163 4.609L14 5.348l-3.5 3.587.826 5.065z\" fill=\"#1d1d1b\" opacity=\".4\"\/><\/svg>              <svg xmlns=\"http:\/\/www.w3.org\/2000\/svg\" viewBox=\"0 0 14 14\"><path data-name=\"Star\" d=\"M7 11.609 2.673 14l.826-5.065L0 5.348l4.837-.739L7 0l2.163 4.609L14 5.348l-3.5 3.587.826 5.065z\" fill=\"#1d1d1b\" opacity=\".4\"\/><\/svg>            <\/span>\n\n  <span class=\"average\">0.0<\/span>\n  <span class=\"reviews-count\">\n    avis  <\/span>\n<\/span>\n\r\n                  <\/div>\r\n      <\/div>\r\n    <\/div>\r\n\r\n  <\/div>\r\n\r\n\r\n<\/article>\r\n         -->\n      <\/div>\n\n      \n        <div class=\"product-image-col\">\n          <figure>\n            <picture><source  data-srcset=\"https:\/\/beautytherapy.absolution-cosmetics.com\/wp-content\/uploads\/2024\/01\/soin-regard-application-1080x1080-s-890x1334-069019f9f508.jpg\" media=\"(min-width: 64em) and (min-resolution: 192dpi), (min-width: 64em) and (-webkit-min-device-pixel-ratio: 2)\"><source  data-srcset=\"https:\/\/beautytherapy.absolution-cosmetics.com\/wp-content\/uploads\/2024\/01\/soin-regard-application-1080x1080-s-890x1334-2a72117483c6.jpg\" media=\"(min-width: 48em) and (min-resolution: 192dpi), (min-width: 48em) and (-webkit-min-device-pixel-ratio: 2)\"><source  data-srcset=\"https:\/\/beautytherapy.absolution-cosmetics.com\/wp-content\/uploads\/2024\/01\/soin-regard-application-1080x1080-s-445x667-3be71749efd5.jpg\" media=\"(min-width: 64em)\"><source  data-srcset=\"https:\/\/beautytherapy.absolution-cosmetics.com\/wp-content\/uploads\/2024\/01\/soin-regard-application-1080x1080-s-445x667-e265ccb6d4fb.jpg\" media=\"(min-width: 48em)\"><img data-fade-in data-lazy-img data-src=\"https:\/\/beautytherapy.absolution-cosmetics.com\/wp-content\/uploads\/2024\/01\/soin-regard-application-1080x1080-s-690x840-c8b9a3a307d2.jpg\" alt=\"\" style=\";--aspect-ratio-small: 0.82142857142857;--aspect-ratio-medium: 0.6671664167916;--aspect-ratio-large: 0.6671664167916;--aspect-ratio-medium_retina: 0.6671664167916;--aspect-ratio-large_retina: 0.6671664167916\" data-has-aspect-ratio=\"true\" \/><\/picture>          <\/figure>\n        <\/div>\n          <\/div>\n  <\/div>\n\n<\/section>\n\n\n<section class=\"block-grid-wrapper block-grid-for-core-heading\">\n      <div class=\"default-editor-content grid-for-core-heading container-fluid container-px-1\">\n        <div class=\"row row-cols-1 align-center\">\n          <div class=\"cell\">\n            \n<h2 class=\"wp-block-heading\">Le pouvoir des actifs pro-\u00e2ge<\/h2>\n          <\/div>\n        <\/div>\n      <\/div>\n\n      <\/section>\n\n<section class=\"block-grid-wrapper block-grid-for-core-paragraph\">\n      <div class=\"default-editor-content grid-for-core-paragraph container-fluid container-px-1\">\n        <div class=\"row row-cols-1 align-center\">\n          <div class=\"cell\">\n            \n<p>Une bonne cr\u00e8me pour peaux matures contiendra des actifs cosm\u00e9tiques naturels cibl\u00e9s pro-\u00e2ge, antirides. Parmi lesquels :<\/p>\n          <\/div>\n        <\/div>\n      <\/div>\n\n      <\/section>\n\n<section class=\"block-grid-wrapper block-grid-for-core-list\">\n      <div class=\"default-editor-content grid-for-core-list container-fluid container-px-1\">\n        <div class=\"row row-cols-1 align-center\">\n          <div class=\"cell\">\n            \n<ul class=\"wp-block-list\">\n<li>Des&nbsp;<strong>antioxydants<\/strong>&nbsp;(<a href=\"https:\/\/www.absolution-cosmetics.com\/fr\/lexique\/T\/the-vert\" target=\"_blank\" rel=\"noreferrer noopener\">th\u00e9 vert<\/a>, huiles v\u00e9g\u00e9tales\u2026) pour prot\u00e9ger la peau contre les radicaux libres et ralentir le vieillissement cutan\u00e9.<\/li>\n\n\n\n<li>De l\u2019<strong><a href=\"https:\/\/www.absolution-cosmetics.com\/fr\/lexique\/A\/acide-hyaluronique\" target=\"_blank\" rel=\"noreferrer noopener\">acide hyaluronique<\/a>&nbsp;<\/strong>pour pr\u00e9server l\u2019\u00e9lasticit\u00e9 de la peau. Son taux s\u2019amenuise naturellement avec le temps, une cr\u00e8me riche en acide hyaluronique r\u00e9hydratera alors la peau en profondeur, et maintiendra le bon fonctionnement de la coh\u00e9sion cellulaire. La peau sera plus souple et plus lisse.&nbsp;<\/li>\n\n\n\n<li>Du&nbsp;<strong>collag\u00e8ne<\/strong>&nbsp;ou des actifs aidant \u00e0 augmenter la synth\u00e8se de collag\u00e8ne (<a href=\"https:\/\/www.absolution-cosmetics.com\/fr\/lexique\/C\/calcium\" target=\"_blank\" rel=\"noreferrer noopener\">calcium&nbsp;ketogluconate<\/a>,&nbsp;<a href=\"https:\/\/www.absolution-cosmetics.com\/fr\/lexique\/C\/centella-asiatica\" target=\"_blank\" rel=\"noreferrer noopener\">centella asiatica<\/a>&#8230;) pour redonner \u00e0 la peau de l\u2019\u00e9lasticit\u00e9 et du tonus.&nbsp;<\/li>\n\n\n\n<li>Du&nbsp;<strong>calcium<\/strong>&nbsp;(fortifiant) et des&nbsp;<strong>acides naturels<\/strong>&nbsp;de type&nbsp;<a href=\"https:\/\/www.absolution-cosmetics.com\/fr\/lexique\/A\/ahas\" target=\"_blank\" rel=\"noreferrer noopener\">AHA<\/a>&nbsp;pour booster la r\u00e9g\u00e9n\u00e9ration des cellules.<\/li>\n\n\n\n<li>Des&nbsp;<strong>prot\u00e9ines v\u00e9g\u00e9tales<\/strong>&nbsp;pour redensifier la peau et la raffermir. On en trouve notamment dans l\u2019excellente&nbsp;<a href=\"https:\/\/www.absolution-cosmetics.com\/fr\/lexique\/A\/argan\" target=\"_blank\" rel=\"noreferrer noopener\">Huile d\u2019Argan<\/a>.&nbsp;<\/li>\n<\/ul>\n          <\/div>\n        <\/div>\n      <\/div>\n\n      <\/section>\n\n<section class=\"block-grid-wrapper block-grid-for-core-paragraph\">\n      <div class=\"default-editor-content grid-for-core-paragraph container-fluid container-px-1\">\n        <div class=\"row row-cols-1 align-center\">\n          <div class=\"cell\">\n            \n<p><\/p>\n          <\/div>\n        <\/div>\n      <\/div>\n\n      <\/section>\n\n<section class=\"block-grid-wrapper block-grid-for-core-heading\">\n      <div class=\"default-editor-content grid-for-core-heading container-fluid container-px-1\">\n        <div class=\"row row-cols-1 align-center\">\n          <div class=\"cell\">\n            \n<h2 class=\"wp-block-heading\">Pro-\u00e2ge<\/h2>\n          <\/div>\n        <\/div>\n      <\/div>\n\n      <\/section>\n\n<section class=\"block-grid-wrapper block-grid-for-core-paragraph\">\n      <div class=\"default-editor-content grid-for-core-paragraph container-fluid container-px-1\">\n        <div class=\"row row-cols-1 align-center\">\n          <div class=\"cell\">\n            \n<p>Parce qu\u2019Absolution s\u2019inscrit volontairement dans la d\u00e9marche pro-\u00e2ge nous avons d\u00e9cid\u00e9 de faire dispara\u00eetre progressivement les revendications \u201canti-\u00e2ge\u201d de nos packagings\u2026 sans changer nos formules bien entendu \ud83d\ude09<\/p>\n          <\/div>\n        <\/div>\n      <\/div>\n\n      <\/section>\n\n<section class=\"block-grid-wrapper block-grid-for-core-paragraph\">\n      <div class=\"default-editor-content grid-for-core-paragraph container-fluid container-px-1\">\n        <div class=\"row row-cols-1 align-center\">\n          <div class=\"cell\">\n            \n<p>Alors pass\u00e9 60 ans, des rides OUI, mais avec panache ! Avec ce rituel, votre peau gardera sa pleine sant\u00e9, et vous dira merci.<\/p>\n          <\/div>\n        <\/div>\n      <\/div>\n\n      <\/section>\n\n<section class=\"block-grid-wrapper block-grid-for-core-buttons\">\n      <div class=\"default-editor-content grid-for-core-buttons container-fluid container-px-1\">\n        <div class=\"row row-cols-1 align-center\">\n          <div class=\"cell\">\n            \n<div class=\"wp-block-buttons is-layout-flex wp-block-buttons-is-layout-flex\">\n<div class=\"wp-block-button is-style-outline is-style-outline--3\"><a class=\"wp-block-button__link wp-element-button\" href=\"https:\/\/www.absolution-cosmetics.com\/fr\/content\/32-routine-soin-visage-anti-rides-absolution\">Ma routine pro-\u00e2ge<\/a><\/div>\n<\/div>\n          <\/div>\n        <\/div>\n      <\/div>\n\n      <\/section>\n\n\r\n<section   class=\"section-separator wp-block-acf-separator  baseline\">\r\n\r\n  \r\n    <div class=\"svg-border-1\"><\/div>\r\n\r\n  \r\n<\/section>\r\n\n\n\r\n\r\n  <section  class=\"section-maillage-3-articles wp-block-acf-maillage-3-articles  section-content section-three-articles\"     itemprop=\"hasPart\" itemscope itemtype=\"https:\/\/schema.org\/WebPageElement\">\r\n\r\n    <div class=\"container-fluid container-px-1\">\r\n\r\n              <h2 class=\"section-title\">\r\n          Pour aller plus loin &#8230;        <\/h2>\r\n      \r\n      <div class=\"row row-cols-1 lg:row-cols-3 maillage-articles-slider\">\r\n        \r\n          <div class=\"col-post\">\r\n                          <a href=\"https:\/\/beautytherapy.absolution-cosmetics.com\/fr\/prendre-soin-de-sa-peau\/drainage-lymphatique-du-visage-quels-bienfaits\/\" itemprop=\"url mainEntityOfPage\">\r\n                \r\n                <figure>\r\n                  <picture><source srcset=\"https:\/\/beautytherapy.absolution-cosmetics.com\/wp-content\/uploads\/2024\/02\/rouleau_jade_modele_web-1152x710-c-590x300-232173083481.jpg\" media=\"(min-width: 64em) and (min-resolution: 192dpi), (min-width: 64em) and (-webkit-min-device-pixel-ratio: 2)\"><source srcset=\"https:\/\/beautytherapy.absolution-cosmetics.com\/wp-content\/uploads\/2024\/02\/rouleau_jade_modele_web-1152x710-c-300x200-d12aa28a297a.jpg\" media=\"(min-width: 48em) and (min-resolution: 192dpi), (min-width: 48em) and (-webkit-min-device-pixel-ratio: 2)\"><source srcset=\"https:\/\/beautytherapy.absolution-cosmetics.com\/wp-content\/uploads\/2024\/02\/rouleau_jade_modele_web-1152x710-c-295x150-495ce3e1bb41.jpg\" media=\"(min-width: 64em)\"><source srcset=\"https:\/\/beautytherapy.absolution-cosmetics.com\/wp-content\/uploads\/2024\/02\/rouleau_jade_modele_web-1152x710-c-150x100-e0af6e948299.jpg\" media=\"(min-width: 48em)\"><img decoding=\"async\" src=\"https:\/\/beautytherapy.absolution-cosmetics.com\/wp-content\/uploads\/2024\/02\/rouleau_jade_modele_web-1152x710-c-512x260-9180f4bb4ab3.jpg\" alt=\"\" style=\";--aspect-ratio-small: 1.9692307692308;--aspect-ratio-medium: 1.5;--aspect-ratio-large: 1.9666666666667;--aspect-ratio-medium_retina: 1.5;--aspect-ratio-large_retina: 1.9666666666667\" data-has-aspect-ratio=\"true\" \/><\/picture>                <\/figure>\r\n              <\/a>\r\n            \r\n            \r\n<div class=\"post-subheader\">\r\n      <ul class=\"tags-list\" itemprop=\"keywords\">\r\n\r\n                  <li>\r\n          <a href=\"https:\/\/beautytherapy.absolution-cosmetics.com\/fr\/tag\/drainage\/\">\r\n            Drainage          <\/a>\r\n        <\/li>\r\n          <\/ul>\r\n  \r\n  <span class=\"entry-date\" itemprop=\"datePublished\">\r\n    4 Mar. 2023  <\/span>\r\n\r\n  <span class=\"author\" itemprop=\"author\" itemscope itemtype=\"http:\/\/schema.org\/Person\">\r\n    Par    <a href=\"https:\/\/beautytherapy.absolution-cosmetics.com\/fr\/author\/l-equipe-absolution\/\" class=\"author-name\" itemprop=\"url\">\r\n      Edito Beauty Therapy    <\/a>\r\n  <\/span>\r\n<\/div>\r\n\r\n            <h3>Drainage lymphatique du visage : quels bienfaits ?<\/h3>\r\n\r\n            <a class=\"btn btn-secondary\" href=\"https:\/\/beautytherapy.absolution-cosmetics.com\/fr\/prendre-soin-de-sa-peau\/drainage-lymphatique-du-visage-quels-bienfaits\/\" itemprop=\"url\">\r\n              <span>Lire l&rsquo;article<\/span>\r\n            <\/a>\r\n          <\/div>\r\n\r\n        \r\n          <div class=\"col-post\">\r\n                          <a href=\"https:\/\/beautytherapy.absolution-cosmetics.com\/fr\/prendre-soin-de-sa-peau\/plantes-et-actifs\/huile-anti-rides-pour-visage\/\" itemprop=\"url mainEntityOfPage\">\r\n                \r\n                <figure>\r\n                  <picture><source srcset=\"https:\/\/beautytherapy.absolution-cosmetics.com\/wp-content\/uploads\/2024\/02\/0004s_0004_mood_catalogue_textures_huile-1152x710-c-1-590x300-232173083481.jpg\" media=\"(min-width: 64em) and (min-resolution: 192dpi), (min-width: 64em) and (-webkit-min-device-pixel-ratio: 2)\"><source srcset=\"https:\/\/beautytherapy.absolution-cosmetics.com\/wp-content\/uploads\/2024\/02\/0004s_0004_mood_catalogue_textures_huile-1152x710-c-1-300x200-d12aa28a297a.jpg\" media=\"(min-width: 48em) and (min-resolution: 192dpi), (min-width: 48em) and (-webkit-min-device-pixel-ratio: 2)\"><source srcset=\"https:\/\/beautytherapy.absolution-cosmetics.com\/wp-content\/uploads\/2024\/02\/0004s_0004_mood_catalogue_textures_huile-1152x710-c-1-295x150-495ce3e1bb41.jpg\" media=\"(min-width: 64em)\"><source srcset=\"https:\/\/beautytherapy.absolution-cosmetics.com\/wp-content\/uploads\/2024\/02\/0004s_0004_mood_catalogue_textures_huile-1152x710-c-1-150x100-e0af6e948299.jpg\" media=\"(min-width: 48em)\"><img decoding=\"async\" src=\"https:\/\/beautytherapy.absolution-cosmetics.com\/wp-content\/uploads\/2024\/02\/0004s_0004_mood_catalogue_textures_huile-1152x710-c-1-512x260-9180f4bb4ab3.jpg\" alt=\"\" style=\";--aspect-ratio-small: 1.9692307692308;--aspect-ratio-medium: 1.5;--aspect-ratio-large: 1.9666666666667;--aspect-ratio-medium_retina: 1.5;--aspect-ratio-large_retina: 1.9666666666667\" data-has-aspect-ratio=\"true\" \/><\/picture>                <\/figure>\r\n              <\/a>\r\n            \r\n            \r\n<div class=\"post-subheader\">\r\n      <ul class=\"tags-list\" itemprop=\"keywords\">\r\n\r\n                  <li>\r\n          <a href=\"https:\/\/beautytherapy.absolution-cosmetics.com\/fr\/tag\/huiles\/\">\r\n            Huiles          <\/a>\r\n        <\/li>\r\n              <li>\r\n          <a href=\"https:\/\/beautytherapy.absolution-cosmetics.com\/fr\/tag\/rides\/\">\r\n            Rides          <\/a>\r\n        <\/li>\r\n          <\/ul>\r\n  \r\n  <span class=\"entry-date\" itemprop=\"datePublished\">\r\n    7 F\u00e9v. 2022  <\/span>\r\n\r\n  <span class=\"author\" itemprop=\"author\" itemscope itemtype=\"http:\/\/schema.org\/Person\">\r\n    Par    <a href=\"https:\/\/beautytherapy.absolution-cosmetics.com\/fr\/author\/l-equipe-absolution\/\" class=\"author-name\" itemprop=\"url\">\r\n      Edito Beauty Therapy    <\/a>\r\n  <\/span>\r\n<\/div>\r\n\r\n            <h3>\u00c0 la d\u00e9couverte des huiles anti-rides pour le visage<\/h3>\r\n\r\n            <a class=\"btn btn-secondary\" href=\"https:\/\/beautytherapy.absolution-cosmetics.com\/fr\/prendre-soin-de-sa-peau\/plantes-et-actifs\/huile-anti-rides-pour-visage\/\" itemprop=\"url\">\r\n              <span>Lire l&rsquo;article<\/span>\r\n            <\/a>\r\n          <\/div>\r\n\r\n              <\/div>\r\n    <\/div>\r\n  <\/section>\r\n\r\n","protected":false},"excerpt":{"rendered":"<p>Et si nous aussi on arr\u00eatait de vouloir \u00e0 tout prix remonter le temps, lutter contre le vieillissement cutan\u00e9 et effacer toutes nos rides ? Pass\u00e9 60 ans, il est donc temps d\u2019arr\u00eater de culpabiliser et de commencer \u00e0 s\u2019assumer en portant un regard plein de bienveillance sur soi, \u00e0 l\u2019instar d\u2019Anna Magnani. Apprenez \u00e0 [&hellip;]<\/p>\n","protected":false},"author":24,"featured_media":12236,"comment_status":"open","ping_status":"0","sticky":false,"template":"","format":"standard","meta":{"_acf_changed":false,"footnotes":""},"categories":[995,997],"tags":[1114,1106],"class_list":["post-12235","post","type-post","status-publish","format-standard","has-post-thumbnail","hentry","category-bien-etre","category-bien-etre-et-beaute","tag-peau-mature","tag-pro-age"],"acf":[],"yoast_head":"<!-- This site is optimized with the Yoast SEO plugin v27.5 - https:\/\/yoast.com\/product\/yoast-seo-wordpress\/ -->\n<title>Prendre soin de sa peau apr\u00e8s 60 ans - Beauty Therapy<\/title>\n<meta name=\"description\" content=\"Et si nous aussi on arr\u00eatait de vouloir \u00e0 tout prix remonter le temps, lutter contre le vieillissement cutan\u00e9 et effacer toutes nos rides ? Pass\u00e9 60 ans, il est donc temps d\u2019arr\u00eater de culpabiliser et de commencer \u00e0 s\u2019assumer en portant un regard plein de bienveillance sur soi, \u00e0 l\u2019instar d\u2019Anna Magnani. Apprenez \u00e0 conna\u00eetre les caract\u00e9ristiques de votre peau mature, pour r\u00e9pondre \u00e0 ses besoins sp\u00e9cifiques avec des cosm\u00e9tiques bio respectueux, efficaces et naturels.\" \/>\n<meta name=\"robots\" content=\"index, follow, max-snippet:-1, max-image-preview:large, max-video-preview:-1\" \/>\n<link rel=\"canonical\" href=\"https:\/\/beautytherapy.absolution-cosmetics.com\/fr\/bien-etre\/prendre-soin-de-sa-peau-apres-60-ans\/\" \/>\n<meta property=\"og:locale\" content=\"fr_FR\" \/>\n<meta property=\"og:type\" content=\"article\" \/>\n<meta property=\"og:title\" content=\"Prendre soin de sa peau apr\u00e8s 60 ans - Beauty Therapy\" \/>\n<meta property=\"og:description\" content=\"Et si nous aussi on arr\u00eatait de vouloir \u00e0 tout prix remonter le temps, lutter contre le vieillissement cutan\u00e9 et effacer toutes nos rides ? Pass\u00e9 60 ans, il est donc temps d\u2019arr\u00eater de culpabiliser et de commencer \u00e0 s\u2019assumer en portant un regard plein de bienveillance sur soi, \u00e0 l\u2019instar d\u2019Anna Magnani. Apprenez \u00e0 conna\u00eetre les caract\u00e9ristiques de votre peau mature, pour r\u00e9pondre \u00e0 ses besoins sp\u00e9cifiques avec des cosm\u00e9tiques bio respectueux, efficaces et naturels.\" \/>\n<meta property=\"og:url\" content=\"https:\/\/beautytherapy.absolution-cosmetics.com\/fr\/bien-etre\/prendre-soin-de-sa-peau-apres-60-ans\/\" \/>\n<meta property=\"og:site_name\" content=\"Beauty Therapy\" \/>\n<meta property=\"article:author\" content=\"https:\/\/www.facebook.com\/absolutioncosmetics\" \/>\n<meta property=\"article:published_time\" content=\"2019-05-04T15:17:00+00:00\" \/>\n<meta property=\"article:modified_time\" content=\"2024-12-27T15:52:20+00:00\" \/>\n<meta property=\"og:image\" content=\"https:\/\/beautytherapy.absolution-cosmetics.com\/wp-content\/uploads\/2024\/01\/74-1152x710-c.jpg\" \/>\n\t<meta property=\"og:image:width\" content=\"1152\" \/>\n\t<meta property=\"og:image:height\" content=\"710\" \/>\n\t<meta property=\"og:image:type\" content=\"image\/jpeg\" \/>\n<meta name=\"author\" content=\"Edito Beauty Therapy\" \/>\n<meta name=\"twitter:card\" content=\"summary_large_image\" \/>\n<meta name=\"twitter:label1\" content=\"\u00c9crit par\" \/>\n\t<meta name=\"twitter:data1\" content=\"Edito Beauty Therapy\" \/>\n\t<meta name=\"twitter:label2\" content=\"Dur\u00e9e de lecture estim\u00e9e\" \/>\n\t<meta name=\"twitter:data2\" content=\"6 minutes\" \/>\n<script type=\"application\/ld+json\" class=\"yoast-schema-graph\">{\"@context\":\"https:\\\/\\\/schema.org\",\"@graph\":[{\"@type\":\"Article\",\"@id\":\"https:\\\/\\\/beautytherapy.absolution-cosmetics.com\\\/fr\\\/bien-etre\\\/prendre-soin-de-sa-peau-apres-60-ans\\\/#article\",\"isPartOf\":{\"@id\":\"https:\\\/\\\/beautytherapy.absolution-cosmetics.com\\\/fr\\\/bien-etre\\\/prendre-soin-de-sa-peau-apres-60-ans\\\/\"},\"author\":{\"name\":\"Edito Beauty Therapy\",\"@id\":\"https:\\\/\\\/beautytherapy.absolution-cosmetics.com\\\/fr\\\/#\\\/schema\\\/person\\\/39fa4ed518c548c2f2b7d6a399786b66\"},\"headline\":\"Prendre soin de sa peau apr\u00e8s 60 ans\",\"datePublished\":\"2019-05-04T15:17:00+00:00\",\"dateModified\":\"2024-12-27T15:52:20+00:00\",\"mainEntityOfPage\":{\"@id\":\"https:\\\/\\\/beautytherapy.absolution-cosmetics.com\\\/fr\\\/bien-etre\\\/prendre-soin-de-sa-peau-apres-60-ans\\\/\"},\"wordCount\":1183,\"commentCount\":0,\"publisher\":{\"@id\":\"https:\\\/\\\/beautytherapy.absolution-cosmetics.com\\\/fr\\\/#organization\"},\"image\":{\"@id\":\"https:\\\/\\\/beautytherapy.absolution-cosmetics.com\\\/fr\\\/bien-etre\\\/prendre-soin-de-sa-peau-apres-60-ans\\\/#primaryimage\"},\"thumbnailUrl\":\"https:\\\/\\\/beautytherapy.absolution-cosmetics.com\\\/wp-content\\\/uploads\\\/2024\\\/01\\\/74-1152x710-c.jpg\",\"keywords\":[\"Peau mature\",\"Pro-\u00e2ge\"],\"articleSection\":[\"Bien-\u00eatre\",\"Bien-\u00eatre et beaut\u00e9\"],\"inLanguage\":\"fr-FR\",\"potentialAction\":[{\"@type\":\"CommentAction\",\"name\":\"Comment\",\"target\":[\"https:\\\/\\\/beautytherapy.absolution-cosmetics.com\\\/fr\\\/bien-etre\\\/prendre-soin-de-sa-peau-apres-60-ans\\\/#respond\"]}]},{\"@type\":\"WebPage\",\"@id\":\"https:\\\/\\\/beautytherapy.absolution-cosmetics.com\\\/fr\\\/bien-etre\\\/prendre-soin-de-sa-peau-apres-60-ans\\\/\",\"url\":\"https:\\\/\\\/beautytherapy.absolution-cosmetics.com\\\/fr\\\/bien-etre\\\/prendre-soin-de-sa-peau-apres-60-ans\\\/\",\"name\":\"Prendre soin de sa peau apr\u00e8s 60 ans - Beauty Therapy\",\"isPartOf\":{\"@id\":\"https:\\\/\\\/beautytherapy.absolution-cosmetics.com\\\/fr\\\/#website\"},\"primaryImageOfPage\":{\"@id\":\"https:\\\/\\\/beautytherapy.absolution-cosmetics.com\\\/fr\\\/bien-etre\\\/prendre-soin-de-sa-peau-apres-60-ans\\\/#primaryimage\"},\"image\":{\"@id\":\"https:\\\/\\\/beautytherapy.absolution-cosmetics.com\\\/fr\\\/bien-etre\\\/prendre-soin-de-sa-peau-apres-60-ans\\\/#primaryimage\"},\"thumbnailUrl\":\"https:\\\/\\\/beautytherapy.absolution-cosmetics.com\\\/wp-content\\\/uploads\\\/2024\\\/01\\\/74-1152x710-c.jpg\",\"datePublished\":\"2019-05-04T15:17:00+00:00\",\"dateModified\":\"2024-12-27T15:52:20+00:00\",\"description\":\"Et si nous aussi on arr\u00eatait de vouloir \u00e0 tout prix remonter le temps, lutter contre le vieillissement cutan\u00e9 et effacer toutes nos rides ? Pass\u00e9 60 ans, il est donc temps d\u2019arr\u00eater de culpabiliser et de commencer \u00e0 s\u2019assumer en portant un regard plein de bienveillance sur soi, \u00e0 l\u2019instar d\u2019Anna Magnani. Apprenez \u00e0 conna\u00eetre les caract\u00e9ristiques de votre peau mature, pour r\u00e9pondre \u00e0 ses besoins sp\u00e9cifiques avec des cosm\u00e9tiques bio respectueux, efficaces et naturels.\",\"breadcrumb\":{\"@id\":\"https:\\\/\\\/beautytherapy.absolution-cosmetics.com\\\/fr\\\/bien-etre\\\/prendre-soin-de-sa-peau-apres-60-ans\\\/#breadcrumb\"},\"inLanguage\":\"fr-FR\",\"potentialAction\":[{\"@type\":\"ReadAction\",\"target\":[\"https:\\\/\\\/beautytherapy.absolution-cosmetics.com\\\/fr\\\/bien-etre\\\/prendre-soin-de-sa-peau-apres-60-ans\\\/\"]}]},{\"@type\":\"ImageObject\",\"inLanguage\":\"fr-FR\",\"@id\":\"https:\\\/\\\/beautytherapy.absolution-cosmetics.com\\\/fr\\\/bien-etre\\\/prendre-soin-de-sa-peau-apres-60-ans\\\/#primaryimage\",\"url\":\"https:\\\/\\\/beautytherapy.absolution-cosmetics.com\\\/wp-content\\\/uploads\\\/2024\\\/01\\\/74-1152x710-c.jpg\",\"contentUrl\":\"https:\\\/\\\/beautytherapy.absolution-cosmetics.com\\\/wp-content\\\/uploads\\\/2024\\\/01\\\/74-1152x710-c.jpg\",\"width\":1152,\"height\":710},{\"@type\":\"BreadcrumbList\",\"@id\":\"https:\\\/\\\/beautytherapy.absolution-cosmetics.com\\\/fr\\\/bien-etre\\\/prendre-soin-de-sa-peau-apres-60-ans\\\/#breadcrumb\",\"itemListElement\":[{\"@type\":\"ListItem\",\"position\":1,\"name\":\"Home\",\"item\":\"https:\\\/\\\/beautytherapy.absolution-cosmetics.com\\\/fr\\\/\"},{\"@type\":\"ListItem\",\"position\":2,\"name\":\"Bien-\u00eatre\",\"item\":\"https:\\\/\\\/beautytherapy.absolution-cosmetics.com\\\/fr\\\/bien-etre\\\/\"},{\"@type\":\"ListItem\",\"position\":3,\"name\":\"Prendre soin de sa peau apr\u00e8s 60 ans\"}]},{\"@type\":\"WebSite\",\"@id\":\"https:\\\/\\\/beautytherapy.absolution-cosmetics.com\\\/fr\\\/#website\",\"url\":\"https:\\\/\\\/beautytherapy.absolution-cosmetics.com\\\/fr\\\/\",\"name\":\"Beauty Therapy\",\"description\":\"\",\"publisher\":{\"@id\":\"https:\\\/\\\/beautytherapy.absolution-cosmetics.com\\\/fr\\\/#organization\"},\"inLanguage\":\"fr-FR\"},{\"@type\":\"Organization\",\"@id\":\"https:\\\/\\\/beautytherapy.absolution-cosmetics.com\\\/fr\\\/#organization\",\"name\":\"Beauty Therapy\",\"url\":\"https:\\\/\\\/beautytherapy.absolution-cosmetics.com\\\/fr\\\/\",\"logo\":{\"@type\":\"ImageObject\",\"inLanguage\":\"fr-FR\",\"@id\":\"https:\\\/\\\/beautytherapy.absolution-cosmetics.com\\\/fr\\\/#\\\/schema\\\/logo\\\/image\\\/\",\"url\":\"https:\\\/\\\/beautytherapy.absolution-cosmetics.com\\\/wp-content\\\/uploads\\\/2020\\\/02\\\/beauty-therapy-logo.png\",\"contentUrl\":\"https:\\\/\\\/beautytherapy.absolution-cosmetics.com\\\/wp-content\\\/uploads\\\/2020\\\/02\\\/beauty-therapy-logo.png\",\"width\":424,\"height\":212,\"caption\":\"Beauty Therapy\"},\"image\":{\"@id\":\"https:\\\/\\\/beautytherapy.absolution-cosmetics.com\\\/fr\\\/#\\\/schema\\\/logo\\\/image\\\/\"}},{\"@type\":\"Person\",\"@id\":\"https:\\\/\\\/beautytherapy.absolution-cosmetics.com\\\/fr\\\/#\\\/schema\\\/person\\\/39fa4ed518c548c2f2b7d6a399786b66\",\"name\":\"Edito Beauty Therapy\",\"description\":\"L\u2019objectif d\u2019Absolution est \u00e0 la fois tout simple et merveilleusement complexe : retrouver la Beaut\u00e9 ! Celle du monde qui nous entoure, celle du monde que l\u2019on contient... celle qui se cache dans votre reflet le matin ! Les soins Absolution effacent les scories de nos vies d\u2019urbains : chaque jour ils offrent \u00e0 notre peau un retour \u00e0 sa beaut\u00e9 originelle en restaurant son \u00e9cosyst\u00e8me naturel et en l\u2019amenant \u00e0 son \u00e9tat optimum. \u00c9labor\u00e9e \u00e0 partir d\u2019extraits v\u00e9g\u00e9taux certifi\u00e9s bio ou sauvages, de min\u00e9raux et de vitamines, Absolution allie d\u00e9licatesse des textures et des senteurs, simplicit\u00e9 d\u2019utilisation et totale efficacit\u00e9 des formules. Absolution c\u2019est aussi une volont\u00e9 : celle de transmettre une fa\u00e7on de voir le monde qui fait \u00e9merger la beaut\u00e9 partout o\u00f9 elle est. Partagez-la avec nous ! @absolution_cosmetics #absolutioncosmetics #retrouverlabeaut\u00e9\",\"sameAs\":[\"https:\\\/\\\/www.absolution-cosmetics.com\\\/fr\\\/\",\"https:\\\/\\\/www.facebook.com\\\/absolutioncosmetics\",\"https:\\\/\\\/www.instagram.com\\\/absolution_cosmetics\\\/\"],\"url\":\"https:\\\/\\\/beautytherapy.absolution-cosmetics.com\\\/fr\\\/author\\\/l-equipe-absolution\\\/\"}]}<\/script>\n<!-- \/ Yoast SEO plugin. -->","yoast_head_json":{"title":"Prendre soin de sa peau apr\u00e8s 60 ans - Beauty Therapy","description":"Et si nous aussi on arr\u00eatait de vouloir \u00e0 tout prix remonter le temps, lutter contre le vieillissement cutan\u00e9 et effacer toutes nos rides ? Pass\u00e9 60 ans, il est donc temps d\u2019arr\u00eater de culpabiliser et de commencer \u00e0 s\u2019assumer en portant un regard plein de bienveillance sur soi, \u00e0 l\u2019instar d\u2019Anna Magnani. Apprenez \u00e0 conna\u00eetre les caract\u00e9ristiques de votre peau mature, pour r\u00e9pondre \u00e0 ses besoins sp\u00e9cifiques avec des cosm\u00e9tiques bio respectueux, efficaces et naturels.","robots":{"index":"index","follow":"follow","max-snippet":"max-snippet:-1","max-image-preview":"max-image-preview:large","max-video-preview":"max-video-preview:-1"},"canonical":"https:\/\/beautytherapy.absolution-cosmetics.com\/fr\/bien-etre\/prendre-soin-de-sa-peau-apres-60-ans\/","og_locale":"fr_FR","og_type":"article","og_title":"Prendre soin de sa peau apr\u00e8s 60 ans - Beauty Therapy","og_description":"Et si nous aussi on arr\u00eatait de vouloir \u00e0 tout prix remonter le temps, lutter contre le vieillissement cutan\u00e9 et effacer toutes nos rides ? Pass\u00e9 60 ans, il est donc temps d\u2019arr\u00eater de culpabiliser et de commencer \u00e0 s\u2019assumer en portant un regard plein de bienveillance sur soi, \u00e0 l\u2019instar d\u2019Anna Magnani. Apprenez \u00e0 conna\u00eetre les caract\u00e9ristiques de votre peau mature, pour r\u00e9pondre \u00e0 ses besoins sp\u00e9cifiques avec des cosm\u00e9tiques bio respectueux, efficaces et naturels.","og_url":"https:\/\/beautytherapy.absolution-cosmetics.com\/fr\/bien-etre\/prendre-soin-de-sa-peau-apres-60-ans\/","og_site_name":"Beauty Therapy","article_author":"https:\/\/www.facebook.com\/absolutioncosmetics","article_published_time":"2019-05-04T15:17:00+00:00","article_modified_time":"2024-12-27T15:52:20+00:00","og_image":[{"width":1152,"height":710,"url":"https:\/\/beautytherapy.absolution-cosmetics.com\/wp-content\/uploads\/2024\/01\/74-1152x710-c.jpg","type":"image\/jpeg"}],"author":"Edito Beauty Therapy","twitter_card":"summary_large_image","twitter_misc":{"\u00c9crit par":"Edito Beauty Therapy","Dur\u00e9e de lecture estim\u00e9e":"6 minutes"},"schema":{"@context":"https:\/\/schema.org","@graph":[{"@type":"Article","@id":"https:\/\/beautytherapy.absolution-cosmetics.com\/fr\/bien-etre\/prendre-soin-de-sa-peau-apres-60-ans\/#article","isPartOf":{"@id":"https:\/\/beautytherapy.absolution-cosmetics.com\/fr\/bien-etre\/prendre-soin-de-sa-peau-apres-60-ans\/"},"author":{"name":"Edito Beauty Therapy","@id":"https:\/\/beautytherapy.absolution-cosmetics.com\/fr\/#\/schema\/person\/39fa4ed518c548c2f2b7d6a399786b66"},"headline":"Prendre soin de sa peau apr\u00e8s 60 ans","datePublished":"2019-05-04T15:17:00+00:00","dateModified":"2024-12-27T15:52:20+00:00","mainEntityOfPage":{"@id":"https:\/\/beautytherapy.absolution-cosmetics.com\/fr\/bien-etre\/prendre-soin-de-sa-peau-apres-60-ans\/"},"wordCount":1183,"commentCount":0,"publisher":{"@id":"https:\/\/beautytherapy.absolution-cosmetics.com\/fr\/#organization"},"image":{"@id":"https:\/\/beautytherapy.absolution-cosmetics.com\/fr\/bien-etre\/prendre-soin-de-sa-peau-apres-60-ans\/#primaryimage"},"thumbnailUrl":"https:\/\/beautytherapy.absolution-cosmetics.com\/wp-content\/uploads\/2024\/01\/74-1152x710-c.jpg","keywords":["Peau mature","Pro-\u00e2ge"],"articleSection":["Bien-\u00eatre","Bien-\u00eatre et beaut\u00e9"],"inLanguage":"fr-FR","potentialAction":[{"@type":"CommentAction","name":"Comment","target":["https:\/\/beautytherapy.absolution-cosmetics.com\/fr\/bien-etre\/prendre-soin-de-sa-peau-apres-60-ans\/#respond"]}]},{"@type":"WebPage","@id":"https:\/\/beautytherapy.absolution-cosmetics.com\/fr\/bien-etre\/prendre-soin-de-sa-peau-apres-60-ans\/","url":"https:\/\/beautytherapy.absolution-cosmetics.com\/fr\/bien-etre\/prendre-soin-de-sa-peau-apres-60-ans\/","name":"Prendre soin de sa peau apr\u00e8s 60 ans - Beauty Therapy","isPartOf":{"@id":"https:\/\/beautytherapy.absolution-cosmetics.com\/fr\/#website"},"primaryImageOfPage":{"@id":"https:\/\/beautytherapy.absolution-cosmetics.com\/fr\/bien-etre\/prendre-soin-de-sa-peau-apres-60-ans\/#primaryimage"},"image":{"@id":"https:\/\/beautytherapy.absolution-cosmetics.com\/fr\/bien-etre\/prendre-soin-de-sa-peau-apres-60-ans\/#primaryimage"},"thumbnailUrl":"https:\/\/beautytherapy.absolution-cosmetics.com\/wp-content\/uploads\/2024\/01\/74-1152x710-c.jpg","datePublished":"2019-05-04T15:17:00+00:00","dateModified":"2024-12-27T15:52:20+00:00","description":"Et si nous aussi on arr\u00eatait de vouloir \u00e0 tout prix remonter le temps, lutter contre le vieillissement cutan\u00e9 et effacer toutes nos rides ? Pass\u00e9 60 ans, il est donc temps d\u2019arr\u00eater de culpabiliser et de commencer \u00e0 s\u2019assumer en portant un regard plein de bienveillance sur soi, \u00e0 l\u2019instar d\u2019Anna Magnani. Apprenez \u00e0 conna\u00eetre les caract\u00e9ristiques de votre peau mature, pour r\u00e9pondre \u00e0 ses besoins sp\u00e9cifiques avec des cosm\u00e9tiques bio respectueux, efficaces et naturels.","breadcrumb":{"@id":"https:\/\/beautytherapy.absolution-cosmetics.com\/fr\/bien-etre\/prendre-soin-de-sa-peau-apres-60-ans\/#breadcrumb"},"inLanguage":"fr-FR","potentialAction":[{"@type":"ReadAction","target":["https:\/\/beautytherapy.absolution-cosmetics.com\/fr\/bien-etre\/prendre-soin-de-sa-peau-apres-60-ans\/"]}]},{"@type":"ImageObject","inLanguage":"fr-FR","@id":"https:\/\/beautytherapy.absolution-cosmetics.com\/fr\/bien-etre\/prendre-soin-de-sa-peau-apres-60-ans\/#primaryimage","url":"https:\/\/beautytherapy.absolution-cosmetics.com\/wp-content\/uploads\/2024\/01\/74-1152x710-c.jpg","contentUrl":"https:\/\/beautytherapy.absolution-cosmetics.com\/wp-content\/uploads\/2024\/01\/74-1152x710-c.jpg","width":1152,"height":710},{"@type":"BreadcrumbList","@id":"https:\/\/beautytherapy.absolution-cosmetics.com\/fr\/bien-etre\/prendre-soin-de-sa-peau-apres-60-ans\/#breadcrumb","itemListElement":[{"@type":"ListItem","position":1,"name":"Home","item":"https:\/\/beautytherapy.absolution-cosmetics.com\/fr\/"},{"@type":"ListItem","position":2,"name":"Bien-\u00eatre","item":"https:\/\/beautytherapy.absolution-cosmetics.com\/fr\/bien-etre\/"},{"@type":"ListItem","position":3,"name":"Prendre soin de sa peau apr\u00e8s 60 ans"}]},{"@type":"WebSite","@id":"https:\/\/beautytherapy.absolution-cosmetics.com\/fr\/#website","url":"https:\/\/beautytherapy.absolution-cosmetics.com\/fr\/","name":"Beauty Therapy","description":"","publisher":{"@id":"https:\/\/beautytherapy.absolution-cosmetics.com\/fr\/#organization"},"inLanguage":"fr-FR"},{"@type":"Organization","@id":"https:\/\/beautytherapy.absolution-cosmetics.com\/fr\/#organization","name":"Beauty Therapy","url":"https:\/\/beautytherapy.absolution-cosmetics.com\/fr\/","logo":{"@type":"ImageObject","inLanguage":"fr-FR","@id":"https:\/\/beautytherapy.absolution-cosmetics.com\/fr\/#\/schema\/logo\/image\/","url":"https:\/\/beautytherapy.absolution-cosmetics.com\/wp-content\/uploads\/2020\/02\/beauty-therapy-logo.png","contentUrl":"https:\/\/beautytherapy.absolution-cosmetics.com\/wp-content\/uploads\/2020\/02\/beauty-therapy-logo.png","width":424,"height":212,"caption":"Beauty Therapy"},"image":{"@id":"https:\/\/beautytherapy.absolution-cosmetics.com\/fr\/#\/schema\/logo\/image\/"}},{"@type":"Person","@id":"https:\/\/beautytherapy.absolution-cosmetics.com\/fr\/#\/schema\/person\/39fa4ed518c548c2f2b7d6a399786b66","name":"Edito Beauty Therapy","description":"L\u2019objectif d\u2019Absolution est \u00e0 la fois tout simple et merveilleusement complexe : retrouver la Beaut\u00e9 ! Celle du monde qui nous entoure, celle du monde que l\u2019on contient... celle qui se cache dans votre reflet le matin ! Les soins Absolution effacent les scories de nos vies d\u2019urbains : chaque jour ils offrent \u00e0 notre peau un retour \u00e0 sa beaut\u00e9 originelle en restaurant son \u00e9cosyst\u00e8me naturel et en l\u2019amenant \u00e0 son \u00e9tat optimum. \u00c9labor\u00e9e \u00e0 partir d\u2019extraits v\u00e9g\u00e9taux certifi\u00e9s bio ou sauvages, de min\u00e9raux et de vitamines, Absolution allie d\u00e9licatesse des textures et des senteurs, simplicit\u00e9 d\u2019utilisation et totale efficacit\u00e9 des formules. Absolution c\u2019est aussi une volont\u00e9 : celle de transmettre une fa\u00e7on de voir le monde qui fait \u00e9merger la beaut\u00e9 partout o\u00f9 elle est. Partagez-la avec nous ! @absolution_cosmetics #absolutioncosmetics #retrouverlabeaut\u00e9","sameAs":["https:\/\/www.absolution-cosmetics.com\/fr\/","https:\/\/www.facebook.com\/absolutioncosmetics","https:\/\/www.instagram.com\/absolution_cosmetics\/"],"url":"https:\/\/beautytherapy.absolution-cosmetics.com\/fr\/author\/l-equipe-absolution\/"}]}},"_links":{"self":[{"href":"https:\/\/beautytherapy.absolution-cosmetics.com\/fr\/wp-json\/wp\/v2\/posts\/12235","targetHints":{"allow":["GET"]}}],"collection":[{"href":"https:\/\/beautytherapy.absolution-cosmetics.com\/fr\/wp-json\/wp\/v2\/posts"}],"about":[{"href":"https:\/\/beautytherapy.absolution-cosmetics.com\/fr\/wp-json\/wp\/v2\/types\/post"}],"author":[{"embeddable":true,"href":"https:\/\/beautytherapy.absolution-cosmetics.com\/fr\/wp-json\/wp\/v2\/users\/24"}],"replies":[{"embeddable":true,"href":"https:\/\/beautytherapy.absolution-cosmetics.com\/fr\/wp-json\/wp\/v2\/comments?post=12235"}],"version-history":[{"count":19,"href":"https:\/\/beautytherapy.absolution-cosmetics.com\/fr\/wp-json\/wp\/v2\/posts\/12235\/revisions"}],"predecessor-version":[{"id":24798,"href":"https:\/\/beautytherapy.absolution-cosmetics.com\/fr\/wp-json\/wp\/v2\/posts\/12235\/revisions\/24798"}],"wp:featuredmedia":[{"embeddable":true,"href":"https:\/\/beautytherapy.absolution-cosmetics.com\/fr\/wp-json\/wp\/v2\/media\/12236"}],"wp:attachment":[{"href":"https:\/\/beautytherapy.absolution-cosmetics.com\/fr\/wp-json\/wp\/v2\/media?parent=12235"}],"wp:term":[{"taxonomy":"category","embeddable":true,"href":"https:\/\/beautytherapy.absolution-cosmetics.com\/fr\/wp-json\/wp\/v2\/categories?post=12235"},{"taxonomy":"post_tag","embeddable":true,"href":"https:\/\/beautytherapy.absolution-cosmetics.com\/fr\/wp-json\/wp\/v2\/tags?post=12235"}],"curies":[{"name":"wp","href":"https:\/\/api.w.org\/{rel}","templated":true}]}}