{"id":12889,"date":"2019-12-04T14:43:00","date_gmt":"2019-12-04T13:43:00","guid":{"rendered":"https:\/\/beautytherapy.absolution-cosmetics.com\/?p=12889"},"modified":"2024-12-09T15:30:16","modified_gmt":"2024-12-09T14:30:16","slug":"les-soins-indispensables-pour-raffermir-lovale-du-visage","status":"publish","type":"post","link":"https:\/\/beautytherapy.absolution-cosmetics.com\/fr\/prendre-soin-de-sa-peau\/les-soins-indispensables-pour-raffermir-lovale-du-visage\/","title":{"rendered":"Les soins indispensables pour raffermir l\u2019ovale du visage"},"content":{"rendered":"<section class=\"block-grid-wrapper block-grid-for-core-paragraph\">\n      <div class=\"default-editor-content grid-for-core-paragraph container-fluid container-px-1\">\n        <div class=\"row row-cols-1 align-center\">\n          <div class=\"cell\">\n            \n<p>Comment raffermir l\u2019ovale de son visage et lutter contre les lois de la gravit\u00e9 ? Avec le temps, la peau s\u2019affaisse, les traits se froissent et des rides commencent \u00e0 se creuser. M\u00eame si de nos jours, on consid\u00e8re les premiers signes de l\u2019\u00e2ge avec bienveillance, le vieillissement cellulaire peut \u00eatre responsable de nombreux changements cutan\u00e9s. Cela s\u2019explique essentiellement par le fait que votre peau, au fil des ann\u00e9es, perd en fermet\u00e9, en hydratation et en \u00e9lasticit\u00e9. Avec Absolution, adoptez les bons gestes et les bons soins, gorg\u00e9s d\u2019actifs pro-\u00e2ge soigneusement s\u00e9lectionn\u00e9s pour raffermir l\u2019ovale de votre visage.<\/p>\n          <\/div>\n        <\/div>\n      <\/div>\n\n      <\/section>\n\n<section class=\"block-grid-wrapper block-grid-for-core-heading\">\n      <div class=\"default-editor-content grid-for-core-heading container-fluid container-px-1\">\n        <div class=\"row row-cols-1 align-center\">\n          <div class=\"cell\">\n            \n<h2 class=\"wp-block-heading\">L\u2019ovale du visage, cette zone sensible au temps qui passe<\/h2>\n          <\/div>\n        <\/div>\n      <\/div>\n\n      <\/section>\n\n<section class=\"block-grid-wrapper block-grid-for-core-paragraph\">\n      <div class=\"default-editor-content grid-for-core-paragraph container-fluid container-px-1\">\n        <div class=\"row row-cols-1 align-center\">\n          <div class=\"cell\">\n            \n<p>L\u2019ovale du visage est particuli\u00e8rement sensible au temps qui passe. Avec les ann\u00e9es, le contour du visage devient flou, les tissus s\u2019affaissent, et des signes de l\u2019\u00e2ge finissent par appara\u00eetre. En effet, chez les femmes les plus jeunes, on constate que le visage est en forme de triangle invers\u00e9 : la pointe repr\u00e9sente le menton et les sommets sont les pommettes ou m\u00eame encore les sourcils. Mais sous l\u2019effet de la pesanteur, la peau se rel\u00e2che et cette belle g\u00e9om\u00e9trie perd de sa nettet\u00e9 et s\u2019inverse.<\/p>\n          <\/div>\n        <\/div>\n      <\/div>\n\n      <\/section>\n\n<section class=\"block-grid-wrapper block-grid-for-core-paragraph\">\n      <div class=\"default-editor-content grid-for-core-paragraph container-fluid container-px-1\">\n        <div class=\"row row-cols-1 align-center\">\n          <div class=\"cell\">\n            \n<p>De nombreux facteurs, internes comme externes, peuvent engendrer l\u2019affaissement du visage. Dans un premier temps, il est important de noter que le vieillissement cellulaire est un processus naturel de d\u00e9g\u00e9n\u00e9rescence des cellules cutan\u00e9es. L\u2019explication derri\u00e8re ce ph\u00e9nom\u00e8ne est tr\u00e8s simple : avec le temps, vos cellules fibroblastes se rar\u00e9fient et peinent \u00e0 produire du collag\u00e8ne et de l\u2019\u00e9lastine, deux \u00e9l\u00e9ments indispensables \u00e0 la tonicit\u00e9 de la peau. Cette baisse de production a alors un impact sur le rebondi de l\u2019\u00e9piderme : les tissus cutan\u00e9s, appauvris en collag\u00e8ne et en \u00e9lastine, ont du mal \u00e0 se r\u00e9g\u00e9n\u00e9rer pleinement, les premi\u00e8res rides apparaissent et le teint lui aussi, conna\u00eet son lot de contrari\u00e9t\u00e9s (manque d\u2019\u00e9clat, irr\u00e9gularit\u00e9s cutan\u00e9es, apparition de t\u00e2ches, etc.).<\/p>\n          <\/div>\n        <\/div>\n      <\/div>\n\n      <\/section>\n\n<section class=\"block-grid-wrapper block-grid-for-core-paragraph\">\n      <div class=\"default-editor-content grid-for-core-paragraph container-fluid container-px-1\">\n        <div class=\"row row-cols-1 align-center\">\n          <div class=\"cell\">\n            \n<p>Dans un second temps, on note aussi l\u2019impact de la pollution urbaine sur le vieillissement pr\u00e9matur\u00e9 de la peau. Le monoxyde de carbone, la combustion d\u2019hydrocarbures et les m\u00e9taux lourds que l\u2019atmosph\u00e8re contient favorisent la formation de radicaux libres dans le corps. Ceux-ci endommagent les cellules cutan\u00e9es et sont l\u2019une des principales causes de l\u2019affaissement de l\u2019ovale du visage d\u00e8s l\u2019\u00e2ge de 40 ans.<\/p>\n          <\/div>\n        <\/div>\n      <\/div>\n\n      <\/section>\n\n<section class=\"block-grid-wrapper block-grid-for-core-image\">\n      <div class=\"default-editor-content grid-for-core-image container-fluid container-px-1\">\n        <div class=\"row row-cols-1 align-center\">\n          <div class=\"cell\">\n            \n<figure class=\"wp-block-image\"><img decoding=\"async\" src=\"https:\/\/www.absolution-cosmetics.com\/img\/cms\/img_blog\/74.jpg\" alt=\"74.jpg\"\/><\/figure>\n          <\/div>\n        <\/div>\n      <\/div>\n\n      <\/section>\n\n<section class=\"block-grid-wrapper block-grid-for-core-heading\">\n      <div class=\"default-editor-content grid-for-core-heading container-fluid container-px-1\">\n        <div class=\"row row-cols-1 align-center\">\n          <div class=\"cell\">\n            \n<h2 class=\"wp-block-heading\">Des soins bio et une gestuelle adapt\u00e9e pour lutter contre la gravit\u00e9<\/h2>\n          <\/div>\n        <\/div>\n      <\/div>\n\n      <\/section>\n\n<section class=\"block-grid-wrapper block-grid-for-core-paragraph\">\n      <div class=\"default-editor-content grid-for-core-paragraph container-fluid container-px-1\">\n        <div class=\"row row-cols-1 align-center\">\n          <div class=\"cell\">\n            \n<p>Pour limiter les effets du temps qui passe, lutter contre les lois de la gravit\u00e9 et retrouver un ovale visiblement redessin\u00e9, Absolution a mis au point des soins aux actifs pro-\u00e2ge ultra dou\u00e9s. Avec eux, pas de promesse de jeunesse \u00e9ternelle mais simplement des objectifs atteignables gr\u00e2ce \u00e0 l\u2019aide de la nature. Associ\u00e9s \u00e0 une\u00a0<a href=\"https:\/\/beautytherapy.absolution-cosmetics.com\/fr\/bien-etre\/le-yoga-du-visage-quels-bienfaits\/\" target=\"_blank\" rel=\"noreferrer noopener\"><strong><span style=\"text-decoration: underline;\">gymnastique faciale<\/span><\/strong><\/a>\u00a0qui va venir d\u00e9tendre les muscles du visage les plus nou\u00e9s, leurs bienfaits n\u2019en seront que d\u00e9cupl\u00e9s !<\/p>\n          <\/div>\n        <\/div>\n      <\/div>\n\n      <\/section>\n\n<section class=\"block-grid-wrapper block-grid-for-core-heading\">\n      <div class=\"default-editor-content grid-for-core-heading container-fluid container-px-1\">\n        <div class=\"row row-cols-1 align-center\">\n          <div class=\"cell\">\n            \n<h3 class=\"wp-block-heading\">Un s\u00e9rum raffermissant<\/h3>\n          <\/div>\n        <\/div>\n      <\/div>\n\n      <\/section>\n\n<section class=\"block-grid-wrapper block-grid-for-core-paragraph\">\n      <div class=\"default-editor-content grid-for-core-paragraph container-fluid container-px-1\">\n        <div class=\"row row-cols-1 align-center\">\n          <div class=\"cell\">\n            \n<p>V\u00e9ritable soin quotidien aux super-pouvoirs,\u00a0<a href=\"https:\/\/www.absolution-cosmetics.com\/fr\/serums-et-cures\/134-le-booster-lift.html\" target=\"_blank\" rel=\"noreferrer noopener\"><strong><span style=\"text-decoration: underline;\">Le Booster LIFT<\/span><\/strong><\/a>\u00a0est le s\u00e9rum indispensable pour raffermir, r\u00e9hydrater et lisser votre \u00e9piderme. Aussi efficace sur les petites rides que sur celles qui sont install\u00e9es, il agit en profondeur gr\u00e2ce \u00e0 son cocktail d\u2019actifs pro-\u00e2ge soigneusement s\u00e9lectionn\u00e9s pour leurs vertus raffermissantes et redensifiantes.<\/p>\n          <\/div>\n        <\/div>\n      <\/div>\n\n      <\/section>\n\n<section class=\"block-grid-wrapper block-grid-for-core-paragraph\">\n      <div class=\"default-editor-content grid-for-core-paragraph container-fluid container-px-1\">\n        <div class=\"row row-cols-1 align-center\">\n          <div class=\"cell\">\n            \n<p>On y retrouve notamment : du Th\u00e9 de Brousse qui hydrate et stabilise la barri\u00e8re lipidique de l\u2019\u00e9piderme, de l\u2019Avoine \u00e0 l\u2019effet tenseur imm\u00e9diat, de la Pr\u00eale aux vertus raffermissantes, et du Calcium, id\u00e9al pour stimuler la production d\u2019acide hyaluronique et d\u2019\u00e9lastine.<\/p>\n          <\/div>\n        <\/div>\n      <\/div>\n\n      <\/section>\n\n<section class=\"block-grid-wrapper block-grid-for-core-paragraph\">\n      <div class=\"default-editor-content grid-for-core-paragraph container-fluid container-px-1\">\n        <div class=\"row row-cols-1 align-center\">\n          <div class=\"cell\">\n            \n<p>Utilisez\u00a0<a href=\"https:\/\/www.absolution-cosmetics.com\/fr\/serums-et-cures\/134-le-booster-lift.html\" target=\"_blank\" rel=\"noreferrer noopener\"><strong><span style=\"text-decoration: underline;\">Le Booster LIFT<\/span><\/strong><\/a>\u00a0seul, comme un soin intensif local, ou bien sous votre cr\u00e8me visage habituelle. Vous pouvez aussi le mixer \u00e0 votre\u00a0<strong><span style=\"text-decoration: underline;\"><a href=\"https:\/\/www.absolution-cosmetics.com\/fr\/71-cremes-visage-bio\" target=\"_blank\" rel=\"noreferrer noopener\">cr\u00e8me de jour et\/ou de nuit<\/a>\u00a0<\/span><\/strong>Absolution pour booster son pouvoir anti-gravit\u00e9 sur votre \u00e9piderme.<\/p>\n          <\/div>\n        <\/div>\n      <\/div>\n\n      <\/section>\n\n<section class=\"block-grid-wrapper block-grid-for-core-paragraph\">\n      <div class=\"default-editor-content grid-for-core-paragraph container-fluid container-px-1\">\n        <div class=\"row row-cols-1 align-center\">\n          <div class=\"cell\">\n            \n<p><a href=\"https:\/\/www.absolution-cosmetics.com\/fr\/content\/category\/4-humeurs-de-peau\" target=\"_blank\" rel=\"noreferrer noopener\"><strong><span style=\"text-decoration: underline;\">En savoir plus sur le Mix &amp; Match<\/span><\/strong><\/a><\/p>\n          <\/div>\n        <\/div>\n      <\/div>\n\n      <\/section>\n\n<section class=\"block-grid-wrapper block-grid-for-core-image\">\n      <div class=\"default-editor-content grid-for-core-image container-fluid container-px-1\">\n        <div class=\"row row-cols-1 align-center\">\n          <div class=\"cell\">\n                      <\/div>\n        <\/div>\n      <\/div>\n\n      <\/section>\n\n<section class=\"block-grid-wrapper block-grid-for-core-heading\">\n      <div class=\"default-editor-content grid-for-core-heading container-fluid container-px-1\">\n        <div class=\"row row-cols-1 align-center\">\n          <div class=\"cell\">\n            \n<h3 class=\"wp-block-heading\">Un masque redensifiant<\/h3>\n          <\/div>\n        <\/div>\n      <\/div>\n\n      <\/section>\n\n<section class=\"block-grid-wrapper block-grid-for-core-paragraph\">\n      <div class=\"default-editor-content grid-for-core-paragraph container-fluid container-px-1\">\n        <div class=\"row row-cols-1 align-center\">\n          <div class=\"cell\">\n            \n<p>\u00c0 la fois hydratant, redensifiant et lissant,\u00a0<a href=\"https:\/\/www.absolution-cosmetics.com\/fr\/masques-et-gommage\/23-le-masque-velours-repulpant.html\" target=\"_blank\" rel=\"noreferrer noopener\"><strong><span style=\"text-decoration: underline;\">Le\u00a0Masque Velours\u00a0Repulpant<\/span><\/strong><\/a>\u00a0ressource votre peau en actifs jeunesse. Ce soin multifonctions est aussi multi-action\u00a0: il s\u2019utilise aussi bien en masque \u00e9clair de 10 min qu\u2019en masque de nuit, et convient \u00e0 tous les types de peau m\u00eame les plus sensibles. Son plus\u00a0: il peut parfaitement \u00eatre utilis\u00e9 en masque contour des yeux, sans aucun risque de gonflements\u00a0!<\/p>\n          <\/div>\n        <\/div>\n      <\/div>\n\n      <\/section>\n\n<section class=\"block-grid-wrapper block-grid-for-core-paragraph\">\n      <div class=\"default-editor-content grid-for-core-paragraph container-fluid container-px-1\">\n        <div class=\"row row-cols-1 align-center\">\n          <div class=\"cell\">\n            \n<p>Concentr\u00e9 en actifs naturels pro-\u00e2ge, il r\u00e9pond aux besoins des peaux moins jeunes en pr\u00e9venant les signes du temps qui passe : ridules et rides, peau plus s\u00e8che et sensible, manque d\u2019\u00e9clat et de fermet\u00e9, tiraillements, etc.<\/p>\n          <\/div>\n        <\/div>\n      <\/div>\n\n      <\/section>\n\n<section class=\"block-grid-wrapper block-grid-for-core-paragraph\">\n      <div class=\"default-editor-content grid-for-core-paragraph container-fluid container-px-1\">\n        <div class=\"row row-cols-1 align-center\">\n          <div class=\"cell\">\n            \n<p>V\u00e9ritable soin activateur de jeunesse, il repulpe la peau et lisse les traits pour un \u00e9piderme imm\u00e9diatement raffermi Son secret ? 17 actifs naturels et bio capables d\u2019agir directement sur les cellules de votre peau. Au c\u0153ur de sa formulation, on retrouve la Tr\u00e9melle des Neiges, un actif rare et puissant, 10 fois plus concentr\u00e9 que l\u2019Acide Hyaluronique.<\/p>\n          <\/div>\n        <\/div>\n      <\/div>\n\n      <\/section>\n\n<section class=\"block-grid-wrapper block-grid-for-core-paragraph\">\n      <div class=\"default-editor-content grid-for-core-paragraph container-fluid container-px-1\">\n        <div class=\"row row-cols-1 align-center\">\n          <div class=\"cell\">\n            \n<p>Son odeur discr\u00e8te et sa texture r\u00e9confortante font de lui LE soin certifi\u00e9 bio indispensable pour raffermir l\u2019ovale de votre visage. \u00c0 utiliser une fois par semaine, ou aussi souvent que votre peau en exprime le besoin !<\/p>\n          <\/div>\n        <\/div>\n      <\/div>\n\n      <\/section>\n\n<section class=\"block-grid-wrapper block-grid-for-core-heading\">\n      <div class=\"default-editor-content grid-for-core-heading container-fluid container-px-1\">\n        <div class=\"row row-cols-1 align-center\">\n          <div class=\"cell\">\n            \n<h3 class=\"wp-block-heading\">Une cr\u00e8me qui met l\u2019horloge du temps sur pause<\/h3>\n          <\/div>\n        <\/div>\n      <\/div>\n\n      <\/section>\n\n<section class=\"block-grid-wrapper block-grid-for-core-paragraph\">\n      <div class=\"default-editor-content grid-for-core-paragraph container-fluid container-px-1\">\n        <div class=\"row row-cols-1 align-center\">\n          <div class=\"cell\">\n            \n<p>Cocktail exclusif raffermissant, d\u00e9froissant et r\u00e9parateur,\u00a0<a href=\"https:\/\/www.absolution-cosmetics.com\/fr\/visage\/167-la-creme-du-temps.html\" target=\"_blank\" rel=\"noreferrer noopener\"><strong><span style=\"text-decoration: underline;\">La Cr\u00e8me du Temps<\/span><\/strong><\/a>\u00a0combat quotidiennement les rides et ridules et relance le renouvellement cellulaire. Ce v\u00e9ritable bouclier protecteur \u00e0 la texture onctueuse est riche en actifs antioxydants (Wakam\u00e9 Atlantique et Huile de P\u00e9pins de Grenade) qui maintiennent la souplesse et l\u2019\u00e9lasticit\u00e9 de la peau, r\u00e9g\u00e9n\u00e8rent l\u2019\u00e9piderme, emp\u00eachent les radicaux libres de p\u00e9n\u00e9trer et apportent l\u2019hydratation dont votre peau a besoin. R\u00e9sultats ? Celle-ci est visiblement prot\u00e9g\u00e9e et son taux d\u2019hydratation naturelle est maintenu, am\u00e9liorant ainsi sa souplesse et ses d\u00e9fenses contre les agressions ext\u00e9rieures.<\/p>\n          <\/div>\n        <\/div>\n      <\/div>\n\n      <\/section>\n\n<section class=\"block-grid-wrapper block-grid-for-core-paragraph\">\n      <div class=\"default-editor-content grid-for-core-paragraph container-fluid container-px-1\">\n        <div class=\"row row-cols-1 align-center\">\n          <div class=\"cell\">\n            \n<p><a href=\"https:\/\/www.absolution-cosmetics.com\/fr\/visage\/167-la-creme-du-temps.html\" target=\"_blank\" rel=\"noreferrer noopener\"><strong><span style=\"text-decoration: underline;\">La Cr\u00e8me du Temps<\/span><\/strong><\/a>\u00a0contient aussi de l\u2019Edelweiss des Alpes, tr\u00e8s efficace contre le rel\u00e2chement cutan\u00e9, notamment au niveau du cou et des pattes d\u2019oies, mais aussi du Narcisse des Po\u00e8tes, un actif qui aide \u00e0 pr\u00e9venir les taches brunes et r\u00e9duit la synth\u00e8se de M\u00e9lanine, et du Ginseng qui stimule la production de collag\u00e8ne.<\/p>\n          <\/div>\n        <\/div>\n      <\/div>\n\n      <\/section>\n\n<section class=\"block-grid-wrapper block-grid-for-core-image\">\n      <div class=\"default-editor-content grid-for-core-image container-fluid container-px-1\">\n        <div class=\"row row-cols-1 align-center\">\n          <div class=\"cell\">\n                      <\/div>\n        <\/div>\n      <\/div>\n\n      <\/section>\n\n<section class=\"block-grid-wrapper block-grid-for-core-heading\">\n      <div class=\"default-editor-content grid-for-core-heading container-fluid container-px-1\">\n        <div class=\"row row-cols-1 align-center\">\n          <div class=\"cell\">\n            \n<h2 class=\"wp-block-heading\">Une gestuelle anti-pesanteur<\/h2>\n          <\/div>\n        <\/div>\n      <\/div>\n\n      <\/section>\n\n<section class=\"block-grid-wrapper block-grid-for-core-paragraph\">\n      <div class=\"default-editor-content grid-for-core-paragraph container-fluid container-px-1\">\n        <div class=\"row row-cols-1 align-center\">\n          <div class=\"cell\">\n            \n<p>Si les actifs pro-\u00e2ge sont indispensables pour redessiner l\u2019ovale du visage, une gestuelle adapt\u00e9e est aussi tr\u00e8s efficace pour relancer la microcirculation et d\u00e9froisser les traits. Nous vous conseillons d\u2019effectuer la gestuelle suivante apr\u00e8s avoir appliqu\u00e9 votre\u00a0<a href=\"https:\/\/www.absolution-cosmetics.com\/fr\/71-cremes-visage-bio\" target=\"_blank\" rel=\"noreferrer noopener\"><strong><span style=\"text-decoration: underline;\">cr\u00e8me quotidienne<\/span><\/strong><\/a>, ou une huile visage comme\u00a0<a href=\"https:\/\/www.absolution-cosmetics.com\/fr\/huile-visage-bio\/32-addiction-l-huile-visage-.html\" target=\"_blank\" rel=\"noreferrer noopener\"><strong><span style=\"text-decoration: underline;\">Addiction<\/span><\/strong><\/a>. Elle permettra d\u2019apporter \u00e0 votre peau tous les nutriments n\u00e9cessaires pour retrouver son \u00e9lasticit\u00e9, mais permettra aussi \u00e0 votre gymnastique faciale d\u2019\u00eatre la plus douce possible pour votre peau.<\/p>\n          <\/div>\n        <\/div>\n      <\/div>\n\n      <\/section>\n\n<section class=\"block-grid-wrapper block-grid-for-core-paragraph\">\n      <div class=\"default-editor-content grid-for-core-paragraph container-fluid container-px-1\">\n        <div class=\"row row-cols-1 align-center\">\n          <div class=\"cell\">\n            \n<p>Commencez par appliquer votre soin (votre cr\u00e8me ou votre huile pour le visage) en l\u2019\u00e9tirant par des mouvements ascendants doux. Allez de l\u2019int\u00e9rieur du visage vers l\u2019ext\u00e9rieur, au niveau du front, des joues et du menton. N\u2019oubliez pas le cou.<\/p>\n          <\/div>\n        <\/div>\n      <\/div>\n\n      <\/section>\n\n<section class=\"block-grid-wrapper block-grid-for-core-paragraph\">\n      <div class=\"default-editor-content grid-for-core-paragraph container-fluid container-px-1\">\n        <div class=\"row row-cols-1 align-center\">\n          <div class=\"cell\">\n            \n<p>Puis, pour activer la micro-circulation et dynamiser l\u2019ovale du visage, effectuez quelques petits pincements vers l\u2019ext\u00e9rieur avec le pouce et l\u2019index sur les zones cl\u00e9s : les maxillaires, les joues, les pommettes, en allant jusqu\u2019aux oreilles.<\/p>\n          <\/div>\n        <\/div>\n      <\/div>\n\n      <\/section>\n\n<section class=\"block-grid-wrapper block-grid-for-core-paragraph\">\n      <div class=\"default-editor-content grid-for-core-paragraph container-fluid container-px-1\">\n        <div class=\"row row-cols-1 align-center\">\n          <div class=\"cell\">\n            \n<p>Pour un ovale visiblement sculpt\u00e9, pensez aussi \u00e0 utiliser\u00a0<a href=\"https:\/\/www.absolution-cosmetics.com\/fr\/visage\/138-le-gua-sha.html\" target=\"_blank\" rel=\"noreferrer noopener\"><strong><span style=\"text-decoration: underline;\">Le Gua Sha<\/span><\/strong><\/a>\u00a0! Fabriqu\u00e9 en Quartz Rose, c\u2019est l\u2019outil id\u00e9al pour r\u00e9aliser un massage raffermissant qui ravive la jeunesse du visage. En seulement quelques gestes bien pr\u00e9cis (voir le sch\u00e9ma ci-dessous), il stimule les m\u00e9ridiens en douceur et am\u00e9liore la circulation du sang. Ses b\u00e9n\u00e9fices se ressentent \u00e9galement sur tout le corps car chaque partie du visage que vous travaillez correspond \u00e0 un organe\u2026 Raison de plus pour l\u2019essayer !<\/p>\n          <\/div>\n        <\/div>\n      <\/div>\n\n      <\/section>\n\n<section class=\"block-grid-wrapper block-grid-for-core-paragraph\">\n      <div class=\"default-editor-content grid-for-core-paragraph container-fluid container-px-1\">\n        <div class=\"row row-cols-1 align-center\">\n          <div class=\"cell\">\n            \n<p><strong>Notre technique de massage avec le Gua Sha<\/strong><\/p>\n          <\/div>\n        <\/div>\n      <\/div>\n\n      <\/section>\n\n<section class=\"block-grid-wrapper block-grid-for-core-paragraph\">\n      <div class=\"default-editor-content grid-for-core-paragraph container-fluid container-px-1\">\n        <div class=\"row row-cols-1 align-center\">\n          <div class=\"cell\">\n            \n<p>Appliquez\u00a0quelques gouttes de l&rsquo;huile Addiction sur visage propre puis proc\u00e9dez \u00e0 un massage du visage avec votre\u00a0<a href=\"https:\/\/www.absolution-cosmetics.com\/fr\/visage\/138-le-gua-sha.html\" target=\"_blank\" rel=\"noreferrer noopener\"><strong><span style=\"text-decoration: underline;\">Gua Sha<\/span><\/strong><\/a>. Commencez par le cou, puis remontez sur les m\u00e2choires, les joues jusqu&rsquo;au front (les num\u00e9ros pr\u00e8s des fl\u00e8ches vous indiquent l&rsquo;ordre des gestes) en r\u00e9p\u00e9tant chaque manoeuvre 3 fois. Il est important de travailler en sym\u00e9trie (cou gauche et droite, m\u00e2choire gauche et droite, etc.)<\/p>\n          <\/div>\n        <\/div>\n      <\/div>\n\n      <\/section>\n\n<section class=\"block-grid-wrapper block-grid-for-core-image\">\n      <div class=\"default-editor-content grid-for-core-image container-fluid container-px-1\">\n        <div class=\"row row-cols-1 align-center\">\n          <div class=\"cell\">\n                      <\/div>\n        <\/div>\n      <\/div>\n\n      <\/section>","protected":false},"excerpt":{"rendered":"<p>Comment raffermir l\u2019ovale de son visage et lutter contre les lois de la gravit\u00e9 ? Avec le temps, la peau s\u2019affaisse, les traits se froissent et des rides commencent \u00e0 se creuser. M\u00eame si de nos jours, on consid\u00e8re les premiers signes de l\u2019\u00e2ge avec bienveillance, le vieillissement cellulaire peut \u00eatre responsable de nombreux changements [&hellip;]<\/p>\n","protected":false},"author":24,"featured_media":12821,"comment_status":"open","ping_status":"0","sticky":false,"template":"","format":"standard","meta":{"_acf_changed":false,"footnotes":""},"categories":[992,990],"tags":[1114,1106],"class_list":["post-12889","post","type-post","status-publish","format-standard","has-post-thumbnail","hentry","category-bons-gestes","category-prendre-soin-de-sa-peau","tag-peau-mature","tag-pro-age"],"acf":[],"yoast_head":"<!-- This site is optimized with the Yoast SEO plugin v27.4 - https:\/\/yoast.com\/product\/yoast-seo-wordpress\/ -->\n<title>Les soins indispensables pour raffermir l\u2019ovale du visage - Beauty Therapy<\/title>\n<meta name=\"description\" content=\"Comment raffermir l\u2019ovale de son visage et lutter contre les lois de la gravit\u00e9 ? Avec le temps, la peau s\u2019affaisse, les traits se froissent et des rides commencent \u00e0 se creuser. M\u00eame si de nos jours, on consid\u00e8re les premiers signes de l\u2019\u00e2ge avec bienveillance, le vieillissement cellulaire peut \u00eatre responsable de nombreux changements cutan\u00e9s. Cela s\u2019explique essentiellement par le fait que votre peau, au fil des ann\u00e9es, perd en fermet\u00e9, en hydratation et en \u00e9lasticit\u00e9. Avec Absolution, adoptez les bons gestes et les bons soins, gorg\u00e9s d\u2019actifs pro-\u00e2ge soigneusement s\u00e9lectionn\u00e9s pour raffermir l\u2019ovale de votre visage.\" \/>\n<meta name=\"robots\" content=\"index, follow, max-snippet:-1, max-image-preview:large, max-video-preview:-1\" \/>\n<link rel=\"canonical\" href=\"https:\/\/beautytherapy.absolution-cosmetics.com\/fr\/prendre-soin-de-sa-peau\/les-soins-indispensables-pour-raffermir-lovale-du-visage\/\" \/>\n<meta property=\"og:locale\" content=\"fr_FR\" \/>\n<meta property=\"og:type\" content=\"article\" \/>\n<meta property=\"og:title\" content=\"Les soins indispensables pour raffermir l\u2019ovale du visage - Beauty Therapy\" \/>\n<meta property=\"og:description\" content=\"Comment raffermir l\u2019ovale de son visage et lutter contre les lois de la gravit\u00e9 ? Avec le temps, la peau s\u2019affaisse, les traits se froissent et des rides commencent \u00e0 se creuser. M\u00eame si de nos jours, on consid\u00e8re les premiers signes de l\u2019\u00e2ge avec bienveillance, le vieillissement cellulaire peut \u00eatre responsable de nombreux changements cutan\u00e9s. Cela s\u2019explique essentiellement par le fait que votre peau, au fil des ann\u00e9es, perd en fermet\u00e9, en hydratation et en \u00e9lasticit\u00e9. Avec Absolution, adoptez les bons gestes et les bons soins, gorg\u00e9s d\u2019actifs pro-\u00e2ge soigneusement s\u00e9lectionn\u00e9s pour raffermir l\u2019ovale de votre visage.\" \/>\n<meta property=\"og:url\" content=\"https:\/\/beautytherapy.absolution-cosmetics.com\/fr\/prendre-soin-de-sa-peau\/les-soins-indispensables-pour-raffermir-lovale-du-visage\/\" \/>\n<meta property=\"og:site_name\" content=\"Beauty Therapy\" \/>\n<meta property=\"article:author\" content=\"https:\/\/www.facebook.com\/absolutioncosmetics\" \/>\n<meta property=\"article:published_time\" content=\"2019-12-04T13:43:00+00:00\" \/>\n<meta property=\"article:modified_time\" content=\"2024-12-09T14:30:16+00:00\" \/>\n<meta property=\"og:image\" content=\"https:\/\/beautytherapy.absolution-cosmetics.com\/wp-content\/uploads\/2024\/02\/81-1152x710-c.jpg\" \/>\n\t<meta property=\"og:image:width\" content=\"1152\" \/>\n\t<meta property=\"og:image:height\" content=\"710\" \/>\n\t<meta property=\"og:image:type\" content=\"image\/jpeg\" \/>\n<meta name=\"author\" content=\"Edito Beauty Therapy\" \/>\n<meta name=\"twitter:card\" content=\"summary_large_image\" \/>\n<meta name=\"twitter:label1\" content=\"\u00c9crit par\" \/>\n\t<meta name=\"twitter:data1\" content=\"Edito Beauty Therapy\" \/>\n\t<meta name=\"twitter:label2\" content=\"Dur\u00e9e de lecture estim\u00e9e\" \/>\n\t<meta name=\"twitter:data2\" content=\"7 minutes\" \/>\n<script type=\"application\/ld+json\" class=\"yoast-schema-graph\">{\"@context\":\"https:\\\/\\\/schema.org\",\"@graph\":[{\"@type\":\"Article\",\"@id\":\"https:\\\/\\\/beautytherapy.absolution-cosmetics.com\\\/fr\\\/prendre-soin-de-sa-peau\\\/les-soins-indispensables-pour-raffermir-lovale-du-visage\\\/#article\",\"isPartOf\":{\"@id\":\"https:\\\/\\\/beautytherapy.absolution-cosmetics.com\\\/fr\\\/prendre-soin-de-sa-peau\\\/les-soins-indispensables-pour-raffermir-lovale-du-visage\\\/\"},\"author\":{\"name\":\"Edito Beauty Therapy\",\"@id\":\"https:\\\/\\\/beautytherapy.absolution-cosmetics.com\\\/fr\\\/#\\\/schema\\\/person\\\/39fa4ed518c548c2f2b7d6a399786b66\"},\"headline\":\"Les soins indispensables pour raffermir l\u2019ovale du visage\",\"datePublished\":\"2019-12-04T13:43:00+00:00\",\"dateModified\":\"2024-12-09T14:30:16+00:00\",\"mainEntityOfPage\":{\"@id\":\"https:\\\/\\\/beautytherapy.absolution-cosmetics.com\\\/fr\\\/prendre-soin-de-sa-peau\\\/les-soins-indispensables-pour-raffermir-lovale-du-visage\\\/\"},\"wordCount\":1440,\"commentCount\":0,\"publisher\":{\"@id\":\"https:\\\/\\\/beautytherapy.absolution-cosmetics.com\\\/fr\\\/#organization\"},\"image\":{\"@id\":\"https:\\\/\\\/beautytherapy.absolution-cosmetics.com\\\/fr\\\/prendre-soin-de-sa-peau\\\/les-soins-indispensables-pour-raffermir-lovale-du-visage\\\/#primaryimage\"},\"thumbnailUrl\":\"https:\\\/\\\/beautytherapy.absolution-cosmetics.com\\\/wp-content\\\/uploads\\\/2024\\\/02\\\/81-1152x710-c.jpg\",\"keywords\":[\"Peau mature\",\"Pro-\u00e2ge\"],\"articleSection\":[\"Bons gestes\",\"Prendre soin de sa peau\"],\"inLanguage\":\"fr-FR\",\"potentialAction\":[{\"@type\":\"CommentAction\",\"name\":\"Comment\",\"target\":[\"https:\\\/\\\/beautytherapy.absolution-cosmetics.com\\\/fr\\\/prendre-soin-de-sa-peau\\\/les-soins-indispensables-pour-raffermir-lovale-du-visage\\\/#respond\"]}]},{\"@type\":\"WebPage\",\"@id\":\"https:\\\/\\\/beautytherapy.absolution-cosmetics.com\\\/fr\\\/prendre-soin-de-sa-peau\\\/les-soins-indispensables-pour-raffermir-lovale-du-visage\\\/\",\"url\":\"https:\\\/\\\/beautytherapy.absolution-cosmetics.com\\\/fr\\\/prendre-soin-de-sa-peau\\\/les-soins-indispensables-pour-raffermir-lovale-du-visage\\\/\",\"name\":\"Les soins indispensables pour raffermir l\u2019ovale du visage - Beauty Therapy\",\"isPartOf\":{\"@id\":\"https:\\\/\\\/beautytherapy.absolution-cosmetics.com\\\/fr\\\/#website\"},\"primaryImageOfPage\":{\"@id\":\"https:\\\/\\\/beautytherapy.absolution-cosmetics.com\\\/fr\\\/prendre-soin-de-sa-peau\\\/les-soins-indispensables-pour-raffermir-lovale-du-visage\\\/#primaryimage\"},\"image\":{\"@id\":\"https:\\\/\\\/beautytherapy.absolution-cosmetics.com\\\/fr\\\/prendre-soin-de-sa-peau\\\/les-soins-indispensables-pour-raffermir-lovale-du-visage\\\/#primaryimage\"},\"thumbnailUrl\":\"https:\\\/\\\/beautytherapy.absolution-cosmetics.com\\\/wp-content\\\/uploads\\\/2024\\\/02\\\/81-1152x710-c.jpg\",\"datePublished\":\"2019-12-04T13:43:00+00:00\",\"dateModified\":\"2024-12-09T14:30:16+00:00\",\"description\":\"Comment raffermir l\u2019ovale de son visage et lutter contre les lois de la gravit\u00e9 ? Avec le temps, la peau s\u2019affaisse, les traits se froissent et des rides commencent \u00e0 se creuser. M\u00eame si de nos jours, on consid\u00e8re les premiers signes de l\u2019\u00e2ge avec bienveillance, le vieillissement cellulaire peut \u00eatre responsable de nombreux changements cutan\u00e9s. Cela s\u2019explique essentiellement par le fait que votre peau, au fil des ann\u00e9es, perd en fermet\u00e9, en hydratation et en \u00e9lasticit\u00e9. Avec Absolution, adoptez les bons gestes et les bons soins, gorg\u00e9s d\u2019actifs pro-\u00e2ge soigneusement s\u00e9lectionn\u00e9s pour raffermir l\u2019ovale de votre visage.\",\"breadcrumb\":{\"@id\":\"https:\\\/\\\/beautytherapy.absolution-cosmetics.com\\\/fr\\\/prendre-soin-de-sa-peau\\\/les-soins-indispensables-pour-raffermir-lovale-du-visage\\\/#breadcrumb\"},\"inLanguage\":\"fr-FR\",\"potentialAction\":[{\"@type\":\"ReadAction\",\"target\":[\"https:\\\/\\\/beautytherapy.absolution-cosmetics.com\\\/fr\\\/prendre-soin-de-sa-peau\\\/les-soins-indispensables-pour-raffermir-lovale-du-visage\\\/\"]}]},{\"@type\":\"ImageObject\",\"inLanguage\":\"fr-FR\",\"@id\":\"https:\\\/\\\/beautytherapy.absolution-cosmetics.com\\\/fr\\\/prendre-soin-de-sa-peau\\\/les-soins-indispensables-pour-raffermir-lovale-du-visage\\\/#primaryimage\",\"url\":\"https:\\\/\\\/beautytherapy.absolution-cosmetics.com\\\/wp-content\\\/uploads\\\/2024\\\/02\\\/81-1152x710-c.jpg\",\"contentUrl\":\"https:\\\/\\\/beautytherapy.absolution-cosmetics.com\\\/wp-content\\\/uploads\\\/2024\\\/02\\\/81-1152x710-c.jpg\",\"width\":1152,\"height\":710},{\"@type\":\"BreadcrumbList\",\"@id\":\"https:\\\/\\\/beautytherapy.absolution-cosmetics.com\\\/fr\\\/prendre-soin-de-sa-peau\\\/les-soins-indispensables-pour-raffermir-lovale-du-visage\\\/#breadcrumb\",\"itemListElement\":[{\"@type\":\"ListItem\",\"position\":1,\"name\":\"Home\",\"item\":\"https:\\\/\\\/beautytherapy.absolution-cosmetics.com\\\/fr\\\/\"},{\"@type\":\"ListItem\",\"position\":2,\"name\":\"Prendre soin de sa peau\",\"item\":\"https:\\\/\\\/beautytherapy.absolution-cosmetics.com\\\/fr\\\/prendre-soin-de-sa-peau\\\/\"},{\"@type\":\"ListItem\",\"position\":3,\"name\":\"Les soins indispensables pour raffermir l\u2019ovale du visage\"}]},{\"@type\":\"WebSite\",\"@id\":\"https:\\\/\\\/beautytherapy.absolution-cosmetics.com\\\/fr\\\/#website\",\"url\":\"https:\\\/\\\/beautytherapy.absolution-cosmetics.com\\\/fr\\\/\",\"name\":\"Beauty Therapy\",\"description\":\"\",\"publisher\":{\"@id\":\"https:\\\/\\\/beautytherapy.absolution-cosmetics.com\\\/fr\\\/#organization\"},\"inLanguage\":\"fr-FR\"},{\"@type\":\"Organization\",\"@id\":\"https:\\\/\\\/beautytherapy.absolution-cosmetics.com\\\/fr\\\/#organization\",\"name\":\"Beauty Therapy\",\"url\":\"https:\\\/\\\/beautytherapy.absolution-cosmetics.com\\\/fr\\\/\",\"logo\":{\"@type\":\"ImageObject\",\"inLanguage\":\"fr-FR\",\"@id\":\"https:\\\/\\\/beautytherapy.absolution-cosmetics.com\\\/fr\\\/#\\\/schema\\\/logo\\\/image\\\/\",\"url\":\"https:\\\/\\\/beautytherapy.absolution-cosmetics.com\\\/wp-content\\\/uploads\\\/2020\\\/02\\\/beauty-therapy-logo.png\",\"contentUrl\":\"https:\\\/\\\/beautytherapy.absolution-cosmetics.com\\\/wp-content\\\/uploads\\\/2020\\\/02\\\/beauty-therapy-logo.png\",\"width\":424,\"height\":212,\"caption\":\"Beauty Therapy\"},\"image\":{\"@id\":\"https:\\\/\\\/beautytherapy.absolution-cosmetics.com\\\/fr\\\/#\\\/schema\\\/logo\\\/image\\\/\"}},{\"@type\":\"Person\",\"@id\":\"https:\\\/\\\/beautytherapy.absolution-cosmetics.com\\\/fr\\\/#\\\/schema\\\/person\\\/39fa4ed518c548c2f2b7d6a399786b66\",\"name\":\"Edito Beauty Therapy\",\"description\":\"L\u2019objectif d\u2019Absolution est \u00e0 la fois tout simple et merveilleusement complexe : retrouver la Beaut\u00e9 ! Celle du monde qui nous entoure, celle du monde que l\u2019on contient... celle qui se cache dans votre reflet le matin ! Les soins Absolution effacent les scories de nos vies d\u2019urbains : chaque jour ils offrent \u00e0 notre peau un retour \u00e0 sa beaut\u00e9 originelle en restaurant son \u00e9cosyst\u00e8me naturel et en l\u2019amenant \u00e0 son \u00e9tat optimum. \u00c9labor\u00e9e \u00e0 partir d\u2019extraits v\u00e9g\u00e9taux certifi\u00e9s bio ou sauvages, de min\u00e9raux et de vitamines, Absolution allie d\u00e9licatesse des textures et des senteurs, simplicit\u00e9 d\u2019utilisation et totale efficacit\u00e9 des formules. Absolution c\u2019est aussi une volont\u00e9 : celle de transmettre une fa\u00e7on de voir le monde qui fait \u00e9merger la beaut\u00e9 partout o\u00f9 elle est. Partagez-la avec nous ! @absolution_cosmetics #absolutioncosmetics #retrouverlabeaut\u00e9\",\"sameAs\":[\"https:\\\/\\\/www.absolution-cosmetics.com\\\/fr\\\/\",\"https:\\\/\\\/www.facebook.com\\\/absolutioncosmetics\",\"https:\\\/\\\/www.instagram.com\\\/absolution_cosmetics\\\/\"],\"url\":\"https:\\\/\\\/beautytherapy.absolution-cosmetics.com\\\/fr\\\/author\\\/l-equipe-absolution\\\/\"}]}<\/script>\n<!-- \/ Yoast SEO plugin. -->","yoast_head_json":{"title":"Les soins indispensables pour raffermir l\u2019ovale du visage - Beauty Therapy","description":"Comment raffermir l\u2019ovale de son visage et lutter contre les lois de la gravit\u00e9 ? Avec le temps, la peau s\u2019affaisse, les traits se froissent et des rides commencent \u00e0 se creuser. M\u00eame si de nos jours, on consid\u00e8re les premiers signes de l\u2019\u00e2ge avec bienveillance, le vieillissement cellulaire peut \u00eatre responsable de nombreux changements cutan\u00e9s. Cela s\u2019explique essentiellement par le fait que votre peau, au fil des ann\u00e9es, perd en fermet\u00e9, en hydratation et en \u00e9lasticit\u00e9. Avec Absolution, adoptez les bons gestes et les bons soins, gorg\u00e9s d\u2019actifs pro-\u00e2ge soigneusement s\u00e9lectionn\u00e9s pour raffermir l\u2019ovale de votre visage.","robots":{"index":"index","follow":"follow","max-snippet":"max-snippet:-1","max-image-preview":"max-image-preview:large","max-video-preview":"max-video-preview:-1"},"canonical":"https:\/\/beautytherapy.absolution-cosmetics.com\/fr\/prendre-soin-de-sa-peau\/les-soins-indispensables-pour-raffermir-lovale-du-visage\/","og_locale":"fr_FR","og_type":"article","og_title":"Les soins indispensables pour raffermir l\u2019ovale du visage - Beauty Therapy","og_description":"Comment raffermir l\u2019ovale de son visage et lutter contre les lois de la gravit\u00e9 ? Avec le temps, la peau s\u2019affaisse, les traits se froissent et des rides commencent \u00e0 se creuser. M\u00eame si de nos jours, on consid\u00e8re les premiers signes de l\u2019\u00e2ge avec bienveillance, le vieillissement cellulaire peut \u00eatre responsable de nombreux changements cutan\u00e9s. Cela s\u2019explique essentiellement par le fait que votre peau, au fil des ann\u00e9es, perd en fermet\u00e9, en hydratation et en \u00e9lasticit\u00e9. Avec Absolution, adoptez les bons gestes et les bons soins, gorg\u00e9s d\u2019actifs pro-\u00e2ge soigneusement s\u00e9lectionn\u00e9s pour raffermir l\u2019ovale de votre visage.","og_url":"https:\/\/beautytherapy.absolution-cosmetics.com\/fr\/prendre-soin-de-sa-peau\/les-soins-indispensables-pour-raffermir-lovale-du-visage\/","og_site_name":"Beauty Therapy","article_author":"https:\/\/www.facebook.com\/absolutioncosmetics","article_published_time":"2019-12-04T13:43:00+00:00","article_modified_time":"2024-12-09T14:30:16+00:00","og_image":[{"width":1152,"height":710,"url":"https:\/\/beautytherapy.absolution-cosmetics.com\/wp-content\/uploads\/2024\/02\/81-1152x710-c.jpg","type":"image\/jpeg"}],"author":"Edito Beauty Therapy","twitter_card":"summary_large_image","twitter_misc":{"\u00c9crit par":"Edito Beauty Therapy","Dur\u00e9e de lecture estim\u00e9e":"7 minutes"},"schema":{"@context":"https:\/\/schema.org","@graph":[{"@type":"Article","@id":"https:\/\/beautytherapy.absolution-cosmetics.com\/fr\/prendre-soin-de-sa-peau\/les-soins-indispensables-pour-raffermir-lovale-du-visage\/#article","isPartOf":{"@id":"https:\/\/beautytherapy.absolution-cosmetics.com\/fr\/prendre-soin-de-sa-peau\/les-soins-indispensables-pour-raffermir-lovale-du-visage\/"},"author":{"name":"Edito Beauty Therapy","@id":"https:\/\/beautytherapy.absolution-cosmetics.com\/fr\/#\/schema\/person\/39fa4ed518c548c2f2b7d6a399786b66"},"headline":"Les soins indispensables pour raffermir l\u2019ovale du visage","datePublished":"2019-12-04T13:43:00+00:00","dateModified":"2024-12-09T14:30:16+00:00","mainEntityOfPage":{"@id":"https:\/\/beautytherapy.absolution-cosmetics.com\/fr\/prendre-soin-de-sa-peau\/les-soins-indispensables-pour-raffermir-lovale-du-visage\/"},"wordCount":1440,"commentCount":0,"publisher":{"@id":"https:\/\/beautytherapy.absolution-cosmetics.com\/fr\/#organization"},"image":{"@id":"https:\/\/beautytherapy.absolution-cosmetics.com\/fr\/prendre-soin-de-sa-peau\/les-soins-indispensables-pour-raffermir-lovale-du-visage\/#primaryimage"},"thumbnailUrl":"https:\/\/beautytherapy.absolution-cosmetics.com\/wp-content\/uploads\/2024\/02\/81-1152x710-c.jpg","keywords":["Peau mature","Pro-\u00e2ge"],"articleSection":["Bons gestes","Prendre soin de sa peau"],"inLanguage":"fr-FR","potentialAction":[{"@type":"CommentAction","name":"Comment","target":["https:\/\/beautytherapy.absolution-cosmetics.com\/fr\/prendre-soin-de-sa-peau\/les-soins-indispensables-pour-raffermir-lovale-du-visage\/#respond"]}]},{"@type":"WebPage","@id":"https:\/\/beautytherapy.absolution-cosmetics.com\/fr\/prendre-soin-de-sa-peau\/les-soins-indispensables-pour-raffermir-lovale-du-visage\/","url":"https:\/\/beautytherapy.absolution-cosmetics.com\/fr\/prendre-soin-de-sa-peau\/les-soins-indispensables-pour-raffermir-lovale-du-visage\/","name":"Les soins indispensables pour raffermir l\u2019ovale du visage - Beauty Therapy","isPartOf":{"@id":"https:\/\/beautytherapy.absolution-cosmetics.com\/fr\/#website"},"primaryImageOfPage":{"@id":"https:\/\/beautytherapy.absolution-cosmetics.com\/fr\/prendre-soin-de-sa-peau\/les-soins-indispensables-pour-raffermir-lovale-du-visage\/#primaryimage"},"image":{"@id":"https:\/\/beautytherapy.absolution-cosmetics.com\/fr\/prendre-soin-de-sa-peau\/les-soins-indispensables-pour-raffermir-lovale-du-visage\/#primaryimage"},"thumbnailUrl":"https:\/\/beautytherapy.absolution-cosmetics.com\/wp-content\/uploads\/2024\/02\/81-1152x710-c.jpg","datePublished":"2019-12-04T13:43:00+00:00","dateModified":"2024-12-09T14:30:16+00:00","description":"Comment raffermir l\u2019ovale de son visage et lutter contre les lois de la gravit\u00e9 ? Avec le temps, la peau s\u2019affaisse, les traits se froissent et des rides commencent \u00e0 se creuser. M\u00eame si de nos jours, on consid\u00e8re les premiers signes de l\u2019\u00e2ge avec bienveillance, le vieillissement cellulaire peut \u00eatre responsable de nombreux changements cutan\u00e9s. Cela s\u2019explique essentiellement par le fait que votre peau, au fil des ann\u00e9es, perd en fermet\u00e9, en hydratation et en \u00e9lasticit\u00e9. Avec Absolution, adoptez les bons gestes et les bons soins, gorg\u00e9s d\u2019actifs pro-\u00e2ge soigneusement s\u00e9lectionn\u00e9s pour raffermir l\u2019ovale de votre visage.","breadcrumb":{"@id":"https:\/\/beautytherapy.absolution-cosmetics.com\/fr\/prendre-soin-de-sa-peau\/les-soins-indispensables-pour-raffermir-lovale-du-visage\/#breadcrumb"},"inLanguage":"fr-FR","potentialAction":[{"@type":"ReadAction","target":["https:\/\/beautytherapy.absolution-cosmetics.com\/fr\/prendre-soin-de-sa-peau\/les-soins-indispensables-pour-raffermir-lovale-du-visage\/"]}]},{"@type":"ImageObject","inLanguage":"fr-FR","@id":"https:\/\/beautytherapy.absolution-cosmetics.com\/fr\/prendre-soin-de-sa-peau\/les-soins-indispensables-pour-raffermir-lovale-du-visage\/#primaryimage","url":"https:\/\/beautytherapy.absolution-cosmetics.com\/wp-content\/uploads\/2024\/02\/81-1152x710-c.jpg","contentUrl":"https:\/\/beautytherapy.absolution-cosmetics.com\/wp-content\/uploads\/2024\/02\/81-1152x710-c.jpg","width":1152,"height":710},{"@type":"BreadcrumbList","@id":"https:\/\/beautytherapy.absolution-cosmetics.com\/fr\/prendre-soin-de-sa-peau\/les-soins-indispensables-pour-raffermir-lovale-du-visage\/#breadcrumb","itemListElement":[{"@type":"ListItem","position":1,"name":"Home","item":"https:\/\/beautytherapy.absolution-cosmetics.com\/fr\/"},{"@type":"ListItem","position":2,"name":"Prendre soin de sa peau","item":"https:\/\/beautytherapy.absolution-cosmetics.com\/fr\/prendre-soin-de-sa-peau\/"},{"@type":"ListItem","position":3,"name":"Les soins indispensables pour raffermir l\u2019ovale du visage"}]},{"@type":"WebSite","@id":"https:\/\/beautytherapy.absolution-cosmetics.com\/fr\/#website","url":"https:\/\/beautytherapy.absolution-cosmetics.com\/fr\/","name":"Beauty Therapy","description":"","publisher":{"@id":"https:\/\/beautytherapy.absolution-cosmetics.com\/fr\/#organization"},"inLanguage":"fr-FR"},{"@type":"Organization","@id":"https:\/\/beautytherapy.absolution-cosmetics.com\/fr\/#organization","name":"Beauty Therapy","url":"https:\/\/beautytherapy.absolution-cosmetics.com\/fr\/","logo":{"@type":"ImageObject","inLanguage":"fr-FR","@id":"https:\/\/beautytherapy.absolution-cosmetics.com\/fr\/#\/schema\/logo\/image\/","url":"https:\/\/beautytherapy.absolution-cosmetics.com\/wp-content\/uploads\/2020\/02\/beauty-therapy-logo.png","contentUrl":"https:\/\/beautytherapy.absolution-cosmetics.com\/wp-content\/uploads\/2020\/02\/beauty-therapy-logo.png","width":424,"height":212,"caption":"Beauty Therapy"},"image":{"@id":"https:\/\/beautytherapy.absolution-cosmetics.com\/fr\/#\/schema\/logo\/image\/"}},{"@type":"Person","@id":"https:\/\/beautytherapy.absolution-cosmetics.com\/fr\/#\/schema\/person\/39fa4ed518c548c2f2b7d6a399786b66","name":"Edito Beauty Therapy","description":"L\u2019objectif d\u2019Absolution est \u00e0 la fois tout simple et merveilleusement complexe : retrouver la Beaut\u00e9 ! Celle du monde qui nous entoure, celle du monde que l\u2019on contient... celle qui se cache dans votre reflet le matin ! Les soins Absolution effacent les scories de nos vies d\u2019urbains : chaque jour ils offrent \u00e0 notre peau un retour \u00e0 sa beaut\u00e9 originelle en restaurant son \u00e9cosyst\u00e8me naturel et en l\u2019amenant \u00e0 son \u00e9tat optimum. \u00c9labor\u00e9e \u00e0 partir d\u2019extraits v\u00e9g\u00e9taux certifi\u00e9s bio ou sauvages, de min\u00e9raux et de vitamines, Absolution allie d\u00e9licatesse des textures et des senteurs, simplicit\u00e9 d\u2019utilisation et totale efficacit\u00e9 des formules. Absolution c\u2019est aussi une volont\u00e9 : celle de transmettre une fa\u00e7on de voir le monde qui fait \u00e9merger la beaut\u00e9 partout o\u00f9 elle est. Partagez-la avec nous ! @absolution_cosmetics #absolutioncosmetics #retrouverlabeaut\u00e9","sameAs":["https:\/\/www.absolution-cosmetics.com\/fr\/","https:\/\/www.facebook.com\/absolutioncosmetics","https:\/\/www.instagram.com\/absolution_cosmetics\/"],"url":"https:\/\/beautytherapy.absolution-cosmetics.com\/fr\/author\/l-equipe-absolution\/"}]}},"_links":{"self":[{"href":"https:\/\/beautytherapy.absolution-cosmetics.com\/fr\/wp-json\/wp\/v2\/posts\/12889","targetHints":{"allow":["GET"]}}],"collection":[{"href":"https:\/\/beautytherapy.absolution-cosmetics.com\/fr\/wp-json\/wp\/v2\/posts"}],"about":[{"href":"https:\/\/beautytherapy.absolution-cosmetics.com\/fr\/wp-json\/wp\/v2\/types\/post"}],"author":[{"embeddable":true,"href":"https:\/\/beautytherapy.absolution-cosmetics.com\/fr\/wp-json\/wp\/v2\/users\/24"}],"replies":[{"embeddable":true,"href":"https:\/\/beautytherapy.absolution-cosmetics.com\/fr\/wp-json\/wp\/v2\/comments?post=12889"}],"version-history":[{"count":7,"href":"https:\/\/beautytherapy.absolution-cosmetics.com\/fr\/wp-json\/wp\/v2\/posts\/12889\/revisions"}],"predecessor-version":[{"id":24521,"href":"https:\/\/beautytherapy.absolution-cosmetics.com\/fr\/wp-json\/wp\/v2\/posts\/12889\/revisions\/24521"}],"wp:featuredmedia":[{"embeddable":true,"href":"https:\/\/beautytherapy.absolution-cosmetics.com\/fr\/wp-json\/wp\/v2\/media\/12821"}],"wp:attachment":[{"href":"https:\/\/beautytherapy.absolution-cosmetics.com\/fr\/wp-json\/wp\/v2\/media?parent=12889"}],"wp:term":[{"taxonomy":"category","embeddable":true,"href":"https:\/\/beautytherapy.absolution-cosmetics.com\/fr\/wp-json\/wp\/v2\/categories?post=12889"},{"taxonomy":"post_tag","embeddable":true,"href":"https:\/\/beautytherapy.absolution-cosmetics.com\/fr\/wp-json\/wp\/v2\/tags?post=12889"}],"curies":[{"name":"wp","href":"https:\/\/api.w.org\/{rel}","templated":true}]}}