{"id":15261,"date":"2022-02-03T11:14:00","date_gmt":"2022-02-03T10:14:00","guid":{"rendered":"https:\/\/beautytherapy.absolution-cosmetics.com\/?p=15261"},"modified":"2024-12-09T08:31:54","modified_gmt":"2024-12-09T07:31:54","slug":"masque-au-the-vert-contre-les-points-noirs","status":"publish","type":"post","link":"https:\/\/beautytherapy.absolution-cosmetics.com\/fr\/prendre-soin-de-sa-peau\/masque-au-the-vert-contre-les-points-noirs\/","title":{"rendered":"Le masque au th\u00e9 vert pour lutter contre les points noirs"},"content":{"rendered":"<section class=\"block-grid-wrapper block-grid-for-core-paragraph\">\n      <div class=\"default-editor-content grid-for-core-paragraph container-fluid container-px-1\">\n        <div class=\"row row-cols-1 align-center\">\n          <div class=\"cell\">\n            \n<p>Des\u00a0<strong><span style=\"text-decoration: underline;\"><a href=\"https:\/\/pmc.ncbi.nlm.nih.gov\/articles\/PMC5384166\/\" target=\"_blank\" rel=\"noreferrer noopener\">chercheurs<\/a>\u00a0<\/span><\/strong>ont r\u00e9cemment mis en \u00e9vidence que, chez certaines personnes, la consommation ou l&rsquo;application de produits contenant des principes actifs de th\u00e9 vert sur la peau pouvait contribuer \u00e0 gu\u00e9rir les l\u00e9sions, att\u00e9nuer les rougeurs et soulager l&rsquo;irritation caus\u00e9e par l&rsquo;acn\u00e9.\u00a0<\/p>\n          <\/div>\n        <\/div>\n      <\/div>\n\n      <\/section>\n\n<section class=\"block-grid-wrapper block-grid-for-core-heading\">\n      <div class=\"default-editor-content grid-for-core-heading container-fluid container-px-1\">\n        <div class=\"row row-cols-1 align-center\">\n          <div class=\"cell\">\n            \n<h2 class=\"wp-block-heading\">Masque au th\u00e9 vert contre les points noirs : est-ce que \u00e7a marche ?<\/h2>\n          <\/div>\n        <\/div>\n      <\/div>\n\n      <\/section>\n\n<section class=\"block-grid-wrapper block-grid-for-core-paragraph\">\n      <div class=\"default-editor-content grid-for-core-paragraph container-fluid container-px-1\">\n        <div class=\"row row-cols-1 align-center\">\n          <div class=\"cell\">\n            \n<p>Avant de comprendre pourquoi le masque au th\u00e9 vert est efficace contre les points noirs, il convient de comprendre d\u2019o\u00f9 ils viennent. Certains facteurs favorisent leur apparition sur les diff\u00e9rentes zones du visage, et en particulier le nez, le front et le menton&nbsp;:<\/p>\n          <\/div>\n        <\/div>\n      <\/div>\n\n      <\/section>\n\n<section class=\"block-grid-wrapper block-grid-for-core-list\">\n      <div class=\"default-editor-content grid-for-core-list container-fluid container-px-1\">\n        <div class=\"row row-cols-1 align-center\">\n          <div class=\"cell\">\n            \n<ul class=\"is-style-list-with-line wp-block-list\">\n<li>Une peau \u00e0 tendance grasse, qui s\u00e9cr\u00e8te naturellement beaucoup de s\u00e9bum \u2013 et qui retrouvera son \u00e9quilibre gr\u00e2ce \u00e0&nbsp;<strong><a href=\"https:\/\/www.absolution-cosmetics.com\/fr\/visage\/293-le-masque-purete-detoxifiant.html\" target=\"_blank\" rel=\"noreferrer noopener\"><span style=\"text-decoration: underline;\">un masque purifiant et d\u00e9toxifiant<\/span><\/a><\/strong><a>.<\/a>&nbsp;<\/li>\n\n\n\n<li>L\u2019acn\u00e9 hormonale, due \u00e0 un taux \u00e9lev\u00e9 d\u2019androg\u00e8ne, qui augmente la production de s\u00e9bum et le risque d\u2019obstruction des pores.<\/li>\n\n\n\n<li>L\u2019accumulation de cellules mortes sur la peau, qui vont obstruer les pores et provoquer l\u2019apparition des com\u00e9dons.<\/li>\n\n\n\n<li>Les modifications hormonales au cours de la vie, en particulier la pubert\u00e9, la grossesse, les p\u00e9riodes des menstruations.<\/li>\n\n\n\n<li>La prise de certains traitements m\u00e9dicamenteux, parmi lesquels les pilules contraceptives ou les st\u00e9rilets progestatifs.&nbsp;<\/li>\n<\/ul>\n          <\/div>\n        <\/div>\n      <\/div>\n\n      <\/section>\n\n<section class=\"block-grid-wrapper block-grid-for-core-paragraph\">\n      <div class=\"default-editor-content grid-for-core-paragraph container-fluid container-px-1\">\n        <div class=\"row row-cols-1 align-center\">\n          <div class=\"cell\">\n            \n<p>Le th\u00e9 vert est un actif tr\u00e8s int\u00e9ressant pour purifier la peau, car il contient naturellement des tannins appel\u00e9s cat\u00e9chines, et en particulier du gallate d&rsquo;\u00e9pigallocat\u00e9chine (EGCG), un polyph\u00e9nol qui contribue \u00e0 \u00e9liminer l&rsquo;acn\u00e9, \u00e0 rem\u00e9dier aux imperfections et \u00e0 r\u00e9guler l\u2019\u00e9quilibre des peaux grasses. En plus de ses propri\u00e9t\u00e9s anti-inflammatoires, antioxydantes et antimicrobiennes, l&rsquo;EGCG abaisse aussi les niveaux de lipides et est antiandrog\u00e8ne, ce qui le rend efficace pour r\u00e9duire les s\u00e9cr\u00e9tions de s\u00e9bum au niveau de la peau. Et pour que l\u2019EGCG soit particuli\u00e8rement efficace, il est pr\u00e9f\u00e9rable de l\u2019utiliser en application longue.<\/p>\n          <\/div>\n        <\/div>\n      <\/div>\n\n      <\/section>\n\n<section class=\"block-grid-wrapper block-grid-for-core-heading\">\n      <div class=\"default-editor-content grid-for-core-heading container-fluid container-px-1\">\n        <div class=\"row row-cols-1 align-center\">\n          <div class=\"cell\">\n            \n<h2 class=\"wp-block-heading\">Acn\u00e9 et points noirs : le masque au th\u00e9 vert pour les \u00e9liminer<\/h2>\n          <\/div>\n        <\/div>\n      <\/div>\n\n      <\/section>\n\n<section class=\"block-grid-wrapper block-grid-for-core-paragraph\">\n      <div class=\"default-editor-content grid-for-core-paragraph container-fluid container-px-1\">\n        <div class=\"row row-cols-1 align-center\">\n          <div class=\"cell\">\n            \n<p>Il est tr\u00e8s simple de faire un masque pour le visage au th\u00e9 vert pour lutter contre l\u2019acn\u00e9 et les points noirs&nbsp;:<\/p>\n          <\/div>\n        <\/div>\n      <\/div>\n\n      <\/section>\n\n<section class=\"block-grid-wrapper block-grid-for-core-list\">\n      <div class=\"default-editor-content grid-for-core-list container-fluid container-px-1\">\n        <div class=\"row row-cols-1 align-center\">\n          <div class=\"cell\">\n            \n<ul class=\"is-style-list-with-line wp-block-list\">\n<li>Ouvrez un ou deux sachets de th\u00e9 vert bio \u00ad(le th\u00e9 vert non bio contient des pesticides que vous ne voulez pas retrouver sur votre peau&nbsp;!) ou mixez des feuilles de th\u00e9 vert.<\/li>\n\n\n\n<li>Dans un bol, humidifiez les feuilles avec de l&rsquo;eau chaude.<\/li>\n\n\n\n<li>Ajoutez une cuiller\u00e9e \u00e0 caf\u00e9 de miel ou du gel d&rsquo;Aloe Vera \u2013 une plante quasi miraculeuse qui acc\u00e9l\u00e8re la cicatrisation de la peau. M\u00e9langez jusqu\u2019\u00e0 obtenir une p\u00e2te homog\u00e8ne.<\/li>\n\n\n\n<li>Appliquez ce m\u00e9lange sur les zones \u00e0 tendance acn\u00e9ique de votre visage \u2013 la fameuse zone T, du menton au front.<\/li>\n\n\n\n<li>Laissez le masque agir pendant 10 \u00e0 20 minutes.<\/li>\n\n\n\n<li>Rincez abondamment \u00e0 l\u2019eau claire.<\/li>\n<\/ul>\n          <\/div>\n        <\/div>\n      <\/div>\n\n      <\/section>\n\n<section class=\"block-grid-wrapper block-grid-for-core-paragraph\">\n      <div class=\"default-editor-content grid-for-core-paragraph container-fluid container-px-1\">\n        <div class=\"row row-cols-1 align-center\">\n          <div class=\"cell\">\n            \n<p>Il est recommand\u00e9 d\u2019appliquer ce masque au th\u00e9 vert deux fois par semaine au maximum. Le&nbsp;<a href=\"https:\/\/beautytherapy.absolution-cosmetics.com\/fr\/prendre-soin-de-sa-peau\/le-masque-au-curcuma-contre-les-points-noirs\/\" target=\"_blank\" rel=\"noreferrer noopener\"><strong><span style=\"text-decoration: underline;\">masque au curcuma anti-points noirs<\/span><\/strong><\/a>&nbsp;est aussi efficace et peut \u00eatre altern\u00e9 avec celui au th\u00e9 vert. Il est \u00e0 noter que vous pouvez aussi utiliser le th\u00e9 vert sur vos cheveux, simplement en rin\u00e7ant vos cheveux, apr\u00e8s le shampoing, avec une infusion de th\u00e9 vert. Cela&nbsp;<a href=\"https:\/\/pubmed.ncbi.nlm.nih.gov\/17092697\/\" target=\"_blank\" rel=\"noreferrer noopener\"><strong><span style=\"text-decoration: underline;\">favoriserait la pousse des cheveux<\/span><\/strong><\/a>&nbsp;et&nbsp;<a href=\"https:\/\/pubmed.ncbi.nlm.nih.gov\/30980598\/\" target=\"_blank\" rel=\"noreferrer noopener\"><strong><span style=\"text-decoration: underline;\">pr\u00e9viendrait leur chute<\/span><\/strong><\/a>.<\/p>\n          <\/div>\n        <\/div>\n      <\/div>\n\n      <\/section>\n\n<section class=\"block-grid-wrapper block-grid-for-core-heading\">\n      <div class=\"default-editor-content grid-for-core-heading container-fluid container-px-1\">\n        <div class=\"row row-cols-1 align-center\">\n          <div class=\"cell\">\n            \n<h2 class=\"wp-block-heading\">Points noirs : les autres astuces pour les pr\u00e9venir<\/h2>\n          <\/div>\n        <\/div>\n      <\/div>\n\n      <\/section>\n\n<section class=\"block-grid-wrapper block-grid-for-core-paragraph\">\n      <div class=\"default-editor-content grid-for-core-paragraph container-fluid container-px-1\">\n        <div class=\"row row-cols-1 align-center\">\n          <div class=\"cell\">\n            \n<p>Si vous n\u2019avez toutefois pas le temps ni l\u2019envie de concocter vos propres produits de beaut\u00e9 \u00e0 la maison, Absolution a \u00e9labor\u00e9 trois soins efficaces pour hydrater, purifier et \u00e9quilibrer votre peau et limiter ainsi l\u2019apparition des points noirs<\/p>\n          <\/div>\n        <\/div>\n      <\/div>\n\n      <\/section>\n\n<section class=\"block-grid-wrapper block-grid-for-core-list\">\n      <div class=\"default-editor-content grid-for-core-list container-fluid container-px-1\">\n        <div class=\"row row-cols-1 align-center\">\n          <div class=\"cell\">\n            \n<ul class=\"is-style-list-with-line wp-block-list\">\n<li>Le Masque Puret\u00e9 D\u00e9tox&nbsp;: compos\u00e9 de&nbsp;<strong>Mat\u00e9, d\u2019Argile Blanche et de Bouleau, le soin purifiant \u00e9limine les impuret\u00e9s sur votre \u00e9piderme et vous redonne beaut\u00e9 et \u00e9clat<\/strong>.<\/li>\n\n\n\n<li>La Cr\u00e8me de Sant\u00e9, adapt\u00e9e \u00e0 tous les types de peaux, compos\u00e9e de BioEcolia \u00ad-un pr\u00e9biotique exclusif-, d\u2019Hysope et de Miel, assure l\u2019hydratation et r\u00e9gule l\u2019\u00e9quilibre de votre \u00e9piderme en lui apportant les ingr\u00e9dients indispensables \u00e0 son bon fonctionnement. Elle est \u00e0 appliquer matin et soir sur une peau propre.<\/li>\n\n\n\n<li>L&rsquo;Essence Botanique PURET\u00c9, une essence botanique qui contient 12 actifs naturels et bio. Elle r\u00e9gule la s\u00e9cr\u00e9tion de s\u00e9bum et att\u00e9nue les imperfections sans ass\u00e9cher l\u2019\u00e9piderme.<\/li>\n<\/ul>\n          <\/div>\n        <\/div>\n      <\/div>\n\n      <\/section>\n\n\n<section   class=\"section-image-product-unique wp-block-acf-image-product-unique  image-product-unique\">\n\n  <div class=\"container-fluid container-px-1\">\n    <div class=\"row row-cols-2\">\n      <div class=\"product-col\">\n        <!-- Temporary exit until we fix integration with shopify -->\n        <!--           \r\n<article class=\"product-miniature js-product-miniature product-with-buttons\" data-id-product=\"293\">\r\n\r\n  <div class=\"thumbnail-container\">\r\n          <a href=\"https:\/\/www.absolution-cosmetics.com\/index.php?controller=product&id_product=293&id_lang=1\" class=\"thumbnail product-thumbnail\">\r\n        <img data-lazy-img data-fade-in data-src=\"\" \/>\r\n      <\/a>\r\n    \r\n\r\n    <div class=\"product-info-wrapper\">\r\n      <div class=\"product-description\">\r\n        \r\n        <div class=\"title-price-wrapper\">\r\n          \r\n          <h2 class=\"product-title h2\">\r\n                      <\/h2>\r\n\r\n          \r\n          <div class=\"product-short-description\">\r\n                      <\/div>\r\n\r\n          \n<span class=\"inline-rating\">\n  <span class=\"stars-wrapper\">\n    \n    \n                  <svg xmlns=\"http:\/\/www.w3.org\/2000\/svg\" viewBox=\"0 0 14 14\"><path data-name=\"Star\" d=\"M7 11.609 2.673 14l.826-5.065L0 5.348l4.837-.739L7 0l2.163 4.609L14 5.348l-3.5 3.587.826 5.065z\" fill=\"#1d1d1b\" opacity=\".4\"\/><\/svg>              <svg xmlns=\"http:\/\/www.w3.org\/2000\/svg\" viewBox=\"0 0 14 14\"><path data-name=\"Star\" d=\"M7 11.609 2.673 14l.826-5.065L0 5.348l4.837-.739L7 0l2.163 4.609L14 5.348l-3.5 3.587.826 5.065z\" fill=\"#1d1d1b\" opacity=\".4\"\/><\/svg>              <svg xmlns=\"http:\/\/www.w3.org\/2000\/svg\" viewBox=\"0 0 14 14\"><path data-name=\"Star\" d=\"M7 11.609 2.673 14l.826-5.065L0 5.348l4.837-.739L7 0l2.163 4.609L14 5.348l-3.5 3.587.826 5.065z\" fill=\"#1d1d1b\" opacity=\".4\"\/><\/svg>              <svg xmlns=\"http:\/\/www.w3.org\/2000\/svg\" viewBox=\"0 0 14 14\"><path data-name=\"Star\" d=\"M7 11.609 2.673 14l.826-5.065L0 5.348l4.837-.739L7 0l2.163 4.609L14 5.348l-3.5 3.587.826 5.065z\" fill=\"#1d1d1b\" opacity=\".4\"\/><\/svg>              <svg xmlns=\"http:\/\/www.w3.org\/2000\/svg\" viewBox=\"0 0 14 14\"><path data-name=\"Star\" d=\"M7 11.609 2.673 14l.826-5.065L0 5.348l4.837-.739L7 0l2.163 4.609L14 5.348l-3.5 3.587.826 5.065z\" fill=\"#1d1d1b\" opacity=\".4\"\/><\/svg>            <\/span>\n\n  <span class=\"average\">0.0<\/span>\n  <span class=\"reviews-count\">\n    avis  <\/span>\n<\/span>\n\r\n                  <\/div>\r\n      <\/div>\r\n    <\/div>\r\n\r\n  <\/div>\r\n\r\n\r\n<\/article>\r\n         -->\n      <\/div>\n\n      \n        <div class=\"product-image-col\">\n          <figure>\n            <picture><source  data-srcset=\"https:\/\/beautytherapy.absolution-cosmetics.com\/wp-content\/uploads\/2022\/02\/prod-1906-le-masque-purete-detoxifiant-687x687-fs-890x1334-069019f9f508.jpg\" media=\"(min-width: 64em) and (min-resolution: 192dpi), (min-width: 64em) and (-webkit-min-device-pixel-ratio: 2)\"><source  data-srcset=\"https:\/\/beautytherapy.absolution-cosmetics.com\/wp-content\/uploads\/2022\/02\/prod-1906-le-masque-purete-detoxifiant-687x687-fs-890x1334-2a72117483c6.jpg\" media=\"(min-width: 48em) and (min-resolution: 192dpi), (min-width: 48em) and (-webkit-min-device-pixel-ratio: 2)\"><source  data-srcset=\"https:\/\/beautytherapy.absolution-cosmetics.com\/wp-content\/uploads\/2022\/02\/prod-1906-le-masque-purete-detoxifiant-687x687-fs-445x667-3be71749efd5.jpg\" media=\"(min-width: 64em)\"><source  data-srcset=\"https:\/\/beautytherapy.absolution-cosmetics.com\/wp-content\/uploads\/2022\/02\/prod-1906-le-masque-purete-detoxifiant-687x687-fs-445x667-e265ccb6d4fb.jpg\" media=\"(min-width: 48em)\"><img data-fade-in data-lazy-img data-src=\"https:\/\/beautytherapy.absolution-cosmetics.com\/wp-content\/uploads\/2022\/02\/prod-1906-le-masque-purete-detoxifiant-687x687-fs-690x840-c8b9a3a307d2.jpg\" alt=\"\" style=\";--aspect-ratio-small: 0.82142857142857;--aspect-ratio-medium: 0.6671664167916;--aspect-ratio-large: 0.6671664167916;--aspect-ratio-medium_retina: 0.6671664167916;--aspect-ratio-large_retina: 0.6671664167916\" data-has-aspect-ratio=\"true\" \/><\/picture>          <\/figure>\n        <\/div>\n          <\/div>\n  <\/div>\n\n<\/section>\n\n\n\r\n\r\n  <section  class=\"section-maillage-3-articles wp-block-acf-maillage-3-articles  section-content section-three-articles\"     itemprop=\"hasPart\" itemscope itemtype=\"https:\/\/schema.org\/WebPageElement\">\r\n\r\n    <div class=\"container-fluid container-px-1\">\r\n\r\n      \r\n      <div class=\"row row-cols-1 lg:row-cols-3 maillage-articles-slider\">\r\n        \r\n          <div class=\"col-post\">\r\n                          <a href=\"https:\/\/beautytherapy.absolution-cosmetics.com\/fr\/prendre-soin-de-sa-peau\/le-bicarbonate-permet-il-vraiment-deliminer-les-points-noirs\/\" itemprop=\"url mainEntityOfPage\">\r\n                \r\n                <figure>\r\n                  <picture><source srcset=\"https:\/\/beautytherapy.absolution-cosmetics.com\/wp-content\/uploads\/2024\/01\/bicarbonate-soude-1152x710-c-590x300-232173083481.jpg\" media=\"(min-width: 64em) and (min-resolution: 192dpi), (min-width: 64em) and (-webkit-min-device-pixel-ratio: 2)\"><source srcset=\"https:\/\/beautytherapy.absolution-cosmetics.com\/wp-content\/uploads\/2024\/01\/bicarbonate-soude-1152x710-c-300x200-d12aa28a297a.jpg\" media=\"(min-width: 48em) and (min-resolution: 192dpi), (min-width: 48em) and (-webkit-min-device-pixel-ratio: 2)\"><source srcset=\"https:\/\/beautytherapy.absolution-cosmetics.com\/wp-content\/uploads\/2024\/01\/bicarbonate-soude-1152x710-c-295x150-495ce3e1bb41.jpg\" media=\"(min-width: 64em)\"><source srcset=\"https:\/\/beautytherapy.absolution-cosmetics.com\/wp-content\/uploads\/2024\/01\/bicarbonate-soude-1152x710-c-150x100-e0af6e948299.jpg\" media=\"(min-width: 48em)\"><img decoding=\"async\" src=\"https:\/\/beautytherapy.absolution-cosmetics.com\/wp-content\/uploads\/2024\/01\/bicarbonate-soude-1152x710-c-512x260-9180f4bb4ab3.jpg\" alt=\"\" style=\";--aspect-ratio-small: 1.9692307692308;--aspect-ratio-medium: 1.5;--aspect-ratio-large: 1.9666666666667;--aspect-ratio-medium_retina: 1.5;--aspect-ratio-large_retina: 1.9666666666667\" data-has-aspect-ratio=\"true\" \/><\/picture>                <\/figure>\r\n              <\/a>\r\n            \r\n            \r\n<div class=\"post-subheader\">\r\n      <ul class=\"tags-list\" itemprop=\"keywords\">\r\n\r\n                  <li>\r\n          <a href=\"https:\/\/beautytherapy.absolution-cosmetics.com\/fr\/tag\/points-noirs\/\">\r\n            Points noirs          <\/a>\r\n        <\/li>\r\n          <\/ul>\r\n  \r\n  <span class=\"entry-date\" itemprop=\"datePublished\">\r\n    19 Avr. 2022  <\/span>\r\n\r\n  <span class=\"author\" itemprop=\"author\" itemscope itemtype=\"http:\/\/schema.org\/Person\">\r\n    Par    <a href=\"https:\/\/beautytherapy.absolution-cosmetics.com\/fr\/author\/l-equipe-absolution\/\" class=\"author-name\" itemprop=\"url\">\r\n      Edito Beauty Therapy    <\/a>\r\n  <\/span>\r\n<\/div>\r\n\r\n            <h3>Le bicarbonate permet-il vraiment d&rsquo;\u00e9liminer les points noirs ?<\/h3>\r\n\r\n            <a class=\"btn btn-secondary\" href=\"https:\/\/beautytherapy.absolution-cosmetics.com\/fr\/prendre-soin-de-sa-peau\/le-bicarbonate-permet-il-vraiment-deliminer-les-points-noirs\/\" itemprop=\"url\">\r\n              <span>Lire l&rsquo;article<\/span>\r\n            <\/a>\r\n          <\/div>\r\n\r\n        \r\n          <div class=\"col-post\">\r\n                          <a href=\"https:\/\/beautytherapy.absolution-cosmetics.com\/fr\/prendre-soin-de-sa-peau\/bons-gestes\/peut-on-utiliser-une-huile-quand-on-a-la-peau-grasse\/\" itemprop=\"url mainEntityOfPage\">\r\n                \r\n                <figure>\r\n                  <picture><source srcset=\"https:\/\/beautytherapy.absolution-cosmetics.com\/wp-content\/uploads\/2024\/01\/huile-peau-grasse-1000x1000-1152x710-c-590x300-232173083481.jpg\" media=\"(min-width: 64em) and (min-resolution: 192dpi), (min-width: 64em) and (-webkit-min-device-pixel-ratio: 2)\"><source srcset=\"https:\/\/beautytherapy.absolution-cosmetics.com\/wp-content\/uploads\/2024\/01\/huile-peau-grasse-1000x1000-1152x710-c-300x200-d12aa28a297a.jpg\" media=\"(min-width: 48em) and (min-resolution: 192dpi), (min-width: 48em) and (-webkit-min-device-pixel-ratio: 2)\"><source srcset=\"https:\/\/beautytherapy.absolution-cosmetics.com\/wp-content\/uploads\/2024\/01\/huile-peau-grasse-1000x1000-1152x710-c-295x150-495ce3e1bb41.jpg\" media=\"(min-width: 64em)\"><source srcset=\"https:\/\/beautytherapy.absolution-cosmetics.com\/wp-content\/uploads\/2024\/01\/huile-peau-grasse-1000x1000-1152x710-c-150x100-e0af6e948299.jpg\" media=\"(min-width: 48em)\"><img decoding=\"async\" src=\"https:\/\/beautytherapy.absolution-cosmetics.com\/wp-content\/uploads\/2024\/01\/huile-peau-grasse-1000x1000-1152x710-c-512x260-9180f4bb4ab3.jpg\" alt=\"\" style=\";--aspect-ratio-small: 1.9692307692308;--aspect-ratio-medium: 1.5;--aspect-ratio-large: 1.9666666666667;--aspect-ratio-medium_retina: 1.5;--aspect-ratio-large_retina: 1.9666666666667\" data-has-aspect-ratio=\"true\" \/><\/picture>                <\/figure>\r\n              <\/a>\r\n            \r\n            \r\n<div class=\"post-subheader\">\r\n      <ul class=\"tags-list\" itemprop=\"keywords\">\r\n\r\n                  <li>\r\n          <a href=\"https:\/\/beautytherapy.absolution-cosmetics.com\/fr\/tag\/huiles\/\">\r\n            Huiles          <\/a>\r\n        <\/li>\r\n              <li>\r\n          <a href=\"https:\/\/beautytherapy.absolution-cosmetics.com\/fr\/tag\/peau-grasse\/\">\r\n            Peau grasse          <\/a>\r\n        <\/li>\r\n          <\/ul>\r\n  \r\n  <span class=\"entry-date\" itemprop=\"datePublished\">\r\n    4 Ao\u00fbt. 2020  <\/span>\r\n\r\n  <span class=\"author\" itemprop=\"author\" itemscope itemtype=\"http:\/\/schema.org\/Person\">\r\n    Par    <a href=\"https:\/\/beautytherapy.absolution-cosmetics.com\/fr\/author\/l-equipe-absolution\/\" class=\"author-name\" itemprop=\"url\">\r\n      Edito Beauty Therapy    <\/a>\r\n  <\/span>\r\n<\/div>\r\n\r\n            <h3>Peut-on utiliser une huile quand on a la peau grasse ?<\/h3>\r\n\r\n            <a class=\"btn btn-secondary\" href=\"https:\/\/beautytherapy.absolution-cosmetics.com\/fr\/prendre-soin-de-sa-peau\/bons-gestes\/peut-on-utiliser-une-huile-quand-on-a-la-peau-grasse\/\" itemprop=\"url\">\r\n              <span>Lire l&rsquo;article<\/span>\r\n            <\/a>\r\n          <\/div>\r\n\r\n        \r\n          <div class=\"col-post\">\r\n                          <a href=\"https:\/\/beautytherapy.absolution-cosmetics.com\/fr\/prendre-soin-de-sa-peau\/quelle-routine-de-soin-pour-la-peau-acneique\/\" itemprop=\"url mainEntityOfPage\">\r\n                \r\n                <figure>\r\n                  <picture><source srcset=\"https:\/\/beautytherapy.absolution-cosmetics.com\/wp-content\/uploads\/2024\/02\/routine-peau-acneique-1000x1000-min-1152x710-c-590x300-232173083481.jpg\" media=\"(min-width: 64em) and (min-resolution: 192dpi), (min-width: 64em) and (-webkit-min-device-pixel-ratio: 2)\"><source srcset=\"https:\/\/beautytherapy.absolution-cosmetics.com\/wp-content\/uploads\/2024\/02\/routine-peau-acneique-1000x1000-min-1152x710-c-300x200-d12aa28a297a.jpg\" media=\"(min-width: 48em) and (min-resolution: 192dpi), (min-width: 48em) and (-webkit-min-device-pixel-ratio: 2)\"><source srcset=\"https:\/\/beautytherapy.absolution-cosmetics.com\/wp-content\/uploads\/2024\/02\/routine-peau-acneique-1000x1000-min-1152x710-c-295x150-495ce3e1bb41.jpg\" media=\"(min-width: 64em)\"><source srcset=\"https:\/\/beautytherapy.absolution-cosmetics.com\/wp-content\/uploads\/2024\/02\/routine-peau-acneique-1000x1000-min-1152x710-c-150x100-e0af6e948299.jpg\" media=\"(min-width: 48em)\"><img decoding=\"async\" src=\"https:\/\/beautytherapy.absolution-cosmetics.com\/wp-content\/uploads\/2024\/02\/routine-peau-acneique-1000x1000-min-1152x710-c-512x260-9180f4bb4ab3.jpg\" alt=\"\" style=\";--aspect-ratio-small: 1.9692307692308;--aspect-ratio-medium: 1.5;--aspect-ratio-large: 1.9666666666667;--aspect-ratio-medium_retina: 1.5;--aspect-ratio-large_retina: 1.9666666666667\" data-has-aspect-ratio=\"true\" \/><\/picture>                <\/figure>\r\n              <\/a>\r\n            \r\n            \r\n<div class=\"post-subheader\">\r\n      <ul class=\"tags-list\" itemprop=\"keywords\">\r\n\r\n                  <li>\r\n          <a href=\"https:\/\/beautytherapy.absolution-cosmetics.com\/fr\/tag\/peau-a-imperfections\/\">\r\n            Peau \u00e0 imperfections          <\/a>\r\n        <\/li>\r\n              <li>\r\n          <a href=\"https:\/\/beautytherapy.absolution-cosmetics.com\/fr\/tag\/peau-acneique\/\">\r\n            Peau acn\u00e9ique          <\/a>\r\n        <\/li>\r\n          <\/ul>\r\n  \r\n  <span class=\"entry-date\" itemprop=\"datePublished\">\r\n    4 D\u00e9c. 2020  <\/span>\r\n\r\n  <span class=\"author\" itemprop=\"author\" itemscope itemtype=\"http:\/\/schema.org\/Person\">\r\n    Par    <a href=\"https:\/\/beautytherapy.absolution-cosmetics.com\/fr\/author\/l-equipe-absolution\/\" class=\"author-name\" itemprop=\"url\">\r\n      Edito Beauty Therapy    <\/a>\r\n  <\/span>\r\n<\/div>\r\n\r\n            <h3>Quelle routine de soin pour la peau acn\u00e9ique ?<\/h3>\r\n\r\n            <a class=\"btn btn-secondary\" href=\"https:\/\/beautytherapy.absolution-cosmetics.com\/fr\/prendre-soin-de-sa-peau\/quelle-routine-de-soin-pour-la-peau-acneique\/\" itemprop=\"url\">\r\n              <span>Lire l&rsquo;article<\/span>\r\n            <\/a>\r\n          <\/div>\r\n\r\n              <\/div>\r\n    <\/div>\r\n  <\/section>\r\n\r\n","protected":false},"excerpt":{"rendered":"<p>Des\u00a0chercheurs\u00a0ont r\u00e9cemment mis en \u00e9vidence que, chez certaines personnes, la consommation ou l&rsquo;application de produits contenant des principes actifs de th\u00e9 vert sur la peau pouvait contribuer \u00e0 gu\u00e9rir les l\u00e9sions, att\u00e9nuer les rougeurs et soulager l&rsquo;irritation caus\u00e9e par l&rsquo;acn\u00e9.\u00a0 Masque au th\u00e9 vert contre les points noirs : est-ce que \u00e7a marche ? Avant [&hellip;]<\/p>\n","protected":false},"author":24,"featured_media":15209,"comment_status":"open","ping_status":"0","sticky":false,"template":"","format":"standard","meta":{"_acf_changed":false,"footnotes":""},"categories":[992,994,990,991],"tags":[1162],"class_list":["post-15261","post","type-post","status-publish","format-standard","has-post-thumbnail","hentry","category-bons-gestes","category-plantes-et-actifs","category-prendre-soin-de-sa-peau","category-rituels","tag-points-noirs"],"acf":[],"yoast_head":"<!-- This site is optimized with the Yoast SEO plugin v27.4 - https:\/\/yoast.com\/product\/yoast-seo-wordpress\/ -->\n<title>Le masque au th\u00e9 vert pour lutter contre les points noirs - Beauty Therapy<\/title>\n<meta name=\"description\" content=\"Des chercheurs ont r\u00e9cemment mis en \u00e9vidence que, chez certaines personnes, la consommation ou l&#039;application de produits contenant des principes actifs de th\u00e9 vert sur la peau pouvait contribuer \u00e0 gu\u00e9rir les l\u00e9sions, att\u00e9nuer les rougeurs et soulager l&#039;irritation caus\u00e9e par l&#039;acn\u00e9.\" \/>\n<meta name=\"robots\" content=\"index, follow, max-snippet:-1, max-image-preview:large, max-video-preview:-1\" \/>\n<link rel=\"canonical\" href=\"https:\/\/beautytherapy.absolution-cosmetics.com\/fr\/prendre-soin-de-sa-peau\/masque-au-the-vert-contre-les-points-noirs\/\" \/>\n<meta property=\"og:locale\" content=\"fr_FR\" \/>\n<meta property=\"og:type\" content=\"article\" \/>\n<meta property=\"og:title\" content=\"Le masque au th\u00e9 vert pour lutter contre les points noirs - Beauty Therapy\" \/>\n<meta property=\"og:description\" content=\"Des chercheurs ont r\u00e9cemment mis en \u00e9vidence que, chez certaines personnes, la consommation ou l&#039;application de produits contenant des principes actifs de th\u00e9 vert sur la peau pouvait contribuer \u00e0 gu\u00e9rir les l\u00e9sions, att\u00e9nuer les rougeurs et soulager l&#039;irritation caus\u00e9e par l&#039;acn\u00e9.\" \/>\n<meta property=\"og:url\" content=\"https:\/\/beautytherapy.absolution-cosmetics.com\/fr\/prendre-soin-de-sa-peau\/masque-au-the-vert-contre-les-points-noirs\/\" \/>\n<meta property=\"og:site_name\" content=\"Beauty Therapy\" \/>\n<meta property=\"article:author\" content=\"https:\/\/www.facebook.com\/absolutioncosmetics\" \/>\n<meta property=\"article:published_time\" content=\"2022-02-03T10:14:00+00:00\" \/>\n<meta property=\"article:modified_time\" content=\"2024-12-09T07:31:54+00:00\" \/>\n<meta property=\"og:image\" content=\"https:\/\/beautytherapy.absolution-cosmetics.com\/wp-content\/uploads\/2024\/02\/pexels-charlotte-may-5946649-compressed-1152x710-c.jpg\" \/>\n\t<meta property=\"og:image:width\" content=\"1152\" \/>\n\t<meta property=\"og:image:height\" content=\"710\" \/>\n\t<meta property=\"og:image:type\" content=\"image\/jpeg\" \/>\n<meta name=\"author\" content=\"Edito Beauty Therapy\" \/>\n<meta name=\"twitter:card\" content=\"summary_large_image\" \/>\n<meta name=\"twitter:label1\" content=\"\u00c9crit par\" \/>\n\t<meta name=\"twitter:data1\" content=\"Edito Beauty Therapy\" \/>\n\t<meta name=\"twitter:label2\" content=\"Dur\u00e9e de lecture estim\u00e9e\" \/>\n\t<meta name=\"twitter:data2\" content=\"4 minutes\" \/>\n<script type=\"application\/ld+json\" class=\"yoast-schema-graph\">{\"@context\":\"https:\\\/\\\/schema.org\",\"@graph\":[{\"@type\":\"Article\",\"@id\":\"https:\\\/\\\/beautytherapy.absolution-cosmetics.com\\\/fr\\\/prendre-soin-de-sa-peau\\\/masque-au-the-vert-contre-les-points-noirs\\\/#article\",\"isPartOf\":{\"@id\":\"https:\\\/\\\/beautytherapy.absolution-cosmetics.com\\\/fr\\\/prendre-soin-de-sa-peau\\\/masque-au-the-vert-contre-les-points-noirs\\\/\"},\"author\":{\"name\":\"Edito Beauty Therapy\",\"@id\":\"https:\\\/\\\/beautytherapy.absolution-cosmetics.com\\\/fr\\\/#\\\/schema\\\/person\\\/39fa4ed518c548c2f2b7d6a399786b66\"},\"headline\":\"Le masque au th\u00e9 vert pour lutter contre les points noirs\",\"datePublished\":\"2022-02-03T10:14:00+00:00\",\"dateModified\":\"2024-12-09T07:31:54+00:00\",\"mainEntityOfPage\":{\"@id\":\"https:\\\/\\\/beautytherapy.absolution-cosmetics.com\\\/fr\\\/prendre-soin-de-sa-peau\\\/masque-au-the-vert-contre-les-points-noirs\\\/\"},\"wordCount\":743,\"commentCount\":0,\"publisher\":{\"@id\":\"https:\\\/\\\/beautytherapy.absolution-cosmetics.com\\\/fr\\\/#organization\"},\"image\":{\"@id\":\"https:\\\/\\\/beautytherapy.absolution-cosmetics.com\\\/fr\\\/prendre-soin-de-sa-peau\\\/masque-au-the-vert-contre-les-points-noirs\\\/#primaryimage\"},\"thumbnailUrl\":\"https:\\\/\\\/beautytherapy.absolution-cosmetics.com\\\/wp-content\\\/uploads\\\/2024\\\/02\\\/pexels-charlotte-may-5946649-compressed-1152x710-c.jpg\",\"keywords\":[\"Points noirs\"],\"articleSection\":[\"Bons gestes\",\"Plantes et actifs\",\"Prendre soin de sa peau\",\"Rituels\"],\"inLanguage\":\"fr-FR\",\"potentialAction\":[{\"@type\":\"CommentAction\",\"name\":\"Comment\",\"target\":[\"https:\\\/\\\/beautytherapy.absolution-cosmetics.com\\\/fr\\\/prendre-soin-de-sa-peau\\\/masque-au-the-vert-contre-les-points-noirs\\\/#respond\"]}]},{\"@type\":\"WebPage\",\"@id\":\"https:\\\/\\\/beautytherapy.absolution-cosmetics.com\\\/fr\\\/prendre-soin-de-sa-peau\\\/masque-au-the-vert-contre-les-points-noirs\\\/\",\"url\":\"https:\\\/\\\/beautytherapy.absolution-cosmetics.com\\\/fr\\\/prendre-soin-de-sa-peau\\\/masque-au-the-vert-contre-les-points-noirs\\\/\",\"name\":\"Le masque au th\u00e9 vert pour lutter contre les points noirs - Beauty Therapy\",\"isPartOf\":{\"@id\":\"https:\\\/\\\/beautytherapy.absolution-cosmetics.com\\\/fr\\\/#website\"},\"primaryImageOfPage\":{\"@id\":\"https:\\\/\\\/beautytherapy.absolution-cosmetics.com\\\/fr\\\/prendre-soin-de-sa-peau\\\/masque-au-the-vert-contre-les-points-noirs\\\/#primaryimage\"},\"image\":{\"@id\":\"https:\\\/\\\/beautytherapy.absolution-cosmetics.com\\\/fr\\\/prendre-soin-de-sa-peau\\\/masque-au-the-vert-contre-les-points-noirs\\\/#primaryimage\"},\"thumbnailUrl\":\"https:\\\/\\\/beautytherapy.absolution-cosmetics.com\\\/wp-content\\\/uploads\\\/2024\\\/02\\\/pexels-charlotte-may-5946649-compressed-1152x710-c.jpg\",\"datePublished\":\"2022-02-03T10:14:00+00:00\",\"dateModified\":\"2024-12-09T07:31:54+00:00\",\"description\":\"Des chercheurs ont r\u00e9cemment mis en \u00e9vidence que, chez certaines personnes, la consommation ou l'application de produits contenant des principes actifs de th\u00e9 vert sur la peau pouvait contribuer \u00e0 gu\u00e9rir les l\u00e9sions, att\u00e9nuer les rougeurs et soulager l'irritation caus\u00e9e par l'acn\u00e9.\",\"breadcrumb\":{\"@id\":\"https:\\\/\\\/beautytherapy.absolution-cosmetics.com\\\/fr\\\/prendre-soin-de-sa-peau\\\/masque-au-the-vert-contre-les-points-noirs\\\/#breadcrumb\"},\"inLanguage\":\"fr-FR\",\"potentialAction\":[{\"@type\":\"ReadAction\",\"target\":[\"https:\\\/\\\/beautytherapy.absolution-cosmetics.com\\\/fr\\\/prendre-soin-de-sa-peau\\\/masque-au-the-vert-contre-les-points-noirs\\\/\"]}]},{\"@type\":\"ImageObject\",\"inLanguage\":\"fr-FR\",\"@id\":\"https:\\\/\\\/beautytherapy.absolution-cosmetics.com\\\/fr\\\/prendre-soin-de-sa-peau\\\/masque-au-the-vert-contre-les-points-noirs\\\/#primaryimage\",\"url\":\"https:\\\/\\\/beautytherapy.absolution-cosmetics.com\\\/wp-content\\\/uploads\\\/2024\\\/02\\\/pexels-charlotte-may-5946649-compressed-1152x710-c.jpg\",\"contentUrl\":\"https:\\\/\\\/beautytherapy.absolution-cosmetics.com\\\/wp-content\\\/uploads\\\/2024\\\/02\\\/pexels-charlotte-may-5946649-compressed-1152x710-c.jpg\",\"width\":1152,\"height\":710},{\"@type\":\"BreadcrumbList\",\"@id\":\"https:\\\/\\\/beautytherapy.absolution-cosmetics.com\\\/fr\\\/prendre-soin-de-sa-peau\\\/masque-au-the-vert-contre-les-points-noirs\\\/#breadcrumb\",\"itemListElement\":[{\"@type\":\"ListItem\",\"position\":1,\"name\":\"Home\",\"item\":\"https:\\\/\\\/beautytherapy.absolution-cosmetics.com\\\/fr\\\/\"},{\"@type\":\"ListItem\",\"position\":2,\"name\":\"Prendre soin de sa peau\",\"item\":\"https:\\\/\\\/beautytherapy.absolution-cosmetics.com\\\/fr\\\/prendre-soin-de-sa-peau\\\/\"},{\"@type\":\"ListItem\",\"position\":3,\"name\":\"Le masque au th\u00e9 vert pour lutter contre les points noirs\"}]},{\"@type\":\"WebSite\",\"@id\":\"https:\\\/\\\/beautytherapy.absolution-cosmetics.com\\\/fr\\\/#website\",\"url\":\"https:\\\/\\\/beautytherapy.absolution-cosmetics.com\\\/fr\\\/\",\"name\":\"Beauty Therapy\",\"description\":\"\",\"publisher\":{\"@id\":\"https:\\\/\\\/beautytherapy.absolution-cosmetics.com\\\/fr\\\/#organization\"},\"inLanguage\":\"fr-FR\"},{\"@type\":\"Organization\",\"@id\":\"https:\\\/\\\/beautytherapy.absolution-cosmetics.com\\\/fr\\\/#organization\",\"name\":\"Beauty Therapy\",\"url\":\"https:\\\/\\\/beautytherapy.absolution-cosmetics.com\\\/fr\\\/\",\"logo\":{\"@type\":\"ImageObject\",\"inLanguage\":\"fr-FR\",\"@id\":\"https:\\\/\\\/beautytherapy.absolution-cosmetics.com\\\/fr\\\/#\\\/schema\\\/logo\\\/image\\\/\",\"url\":\"https:\\\/\\\/beautytherapy.absolution-cosmetics.com\\\/wp-content\\\/uploads\\\/2020\\\/02\\\/beauty-therapy-logo.png\",\"contentUrl\":\"https:\\\/\\\/beautytherapy.absolution-cosmetics.com\\\/wp-content\\\/uploads\\\/2020\\\/02\\\/beauty-therapy-logo.png\",\"width\":424,\"height\":212,\"caption\":\"Beauty Therapy\"},\"image\":{\"@id\":\"https:\\\/\\\/beautytherapy.absolution-cosmetics.com\\\/fr\\\/#\\\/schema\\\/logo\\\/image\\\/\"}},{\"@type\":\"Person\",\"@id\":\"https:\\\/\\\/beautytherapy.absolution-cosmetics.com\\\/fr\\\/#\\\/schema\\\/person\\\/39fa4ed518c548c2f2b7d6a399786b66\",\"name\":\"Edito Beauty Therapy\",\"description\":\"L\u2019objectif d\u2019Absolution est \u00e0 la fois tout simple et merveilleusement complexe : retrouver la Beaut\u00e9 ! Celle du monde qui nous entoure, celle du monde que l\u2019on contient... celle qui se cache dans votre reflet le matin ! Les soins Absolution effacent les scories de nos vies d\u2019urbains : chaque jour ils offrent \u00e0 notre peau un retour \u00e0 sa beaut\u00e9 originelle en restaurant son \u00e9cosyst\u00e8me naturel et en l\u2019amenant \u00e0 son \u00e9tat optimum. \u00c9labor\u00e9e \u00e0 partir d\u2019extraits v\u00e9g\u00e9taux certifi\u00e9s bio ou sauvages, de min\u00e9raux et de vitamines, Absolution allie d\u00e9licatesse des textures et des senteurs, simplicit\u00e9 d\u2019utilisation et totale efficacit\u00e9 des formules. Absolution c\u2019est aussi une volont\u00e9 : celle de transmettre une fa\u00e7on de voir le monde qui fait \u00e9merger la beaut\u00e9 partout o\u00f9 elle est. Partagez-la avec nous ! @absolution_cosmetics #absolutioncosmetics #retrouverlabeaut\u00e9\",\"sameAs\":[\"https:\\\/\\\/www.absolution-cosmetics.com\\\/fr\\\/\",\"https:\\\/\\\/www.facebook.com\\\/absolutioncosmetics\",\"https:\\\/\\\/www.instagram.com\\\/absolution_cosmetics\\\/\"],\"url\":\"https:\\\/\\\/beautytherapy.absolution-cosmetics.com\\\/fr\\\/author\\\/l-equipe-absolution\\\/\"}]}<\/script>\n<!-- \/ Yoast SEO plugin. -->","yoast_head_json":{"title":"Le masque au th\u00e9 vert pour lutter contre les points noirs - Beauty Therapy","description":"Des chercheurs ont r\u00e9cemment mis en \u00e9vidence que, chez certaines personnes, la consommation ou l'application de produits contenant des principes actifs de th\u00e9 vert sur la peau pouvait contribuer \u00e0 gu\u00e9rir les l\u00e9sions, att\u00e9nuer les rougeurs et soulager l'irritation caus\u00e9e par l'acn\u00e9.","robots":{"index":"index","follow":"follow","max-snippet":"max-snippet:-1","max-image-preview":"max-image-preview:large","max-video-preview":"max-video-preview:-1"},"canonical":"https:\/\/beautytherapy.absolution-cosmetics.com\/fr\/prendre-soin-de-sa-peau\/masque-au-the-vert-contre-les-points-noirs\/","og_locale":"fr_FR","og_type":"article","og_title":"Le masque au th\u00e9 vert pour lutter contre les points noirs - Beauty Therapy","og_description":"Des chercheurs ont r\u00e9cemment mis en \u00e9vidence que, chez certaines personnes, la consommation ou l'application de produits contenant des principes actifs de th\u00e9 vert sur la peau pouvait contribuer \u00e0 gu\u00e9rir les l\u00e9sions, att\u00e9nuer les rougeurs et soulager l'irritation caus\u00e9e par l'acn\u00e9.","og_url":"https:\/\/beautytherapy.absolution-cosmetics.com\/fr\/prendre-soin-de-sa-peau\/masque-au-the-vert-contre-les-points-noirs\/","og_site_name":"Beauty Therapy","article_author":"https:\/\/www.facebook.com\/absolutioncosmetics","article_published_time":"2022-02-03T10:14:00+00:00","article_modified_time":"2024-12-09T07:31:54+00:00","og_image":[{"width":1152,"height":710,"url":"https:\/\/beautytherapy.absolution-cosmetics.com\/wp-content\/uploads\/2024\/02\/pexels-charlotte-may-5946649-compressed-1152x710-c.jpg","type":"image\/jpeg"}],"author":"Edito Beauty Therapy","twitter_card":"summary_large_image","twitter_misc":{"\u00c9crit par":"Edito Beauty Therapy","Dur\u00e9e de lecture estim\u00e9e":"4 minutes"},"schema":{"@context":"https:\/\/schema.org","@graph":[{"@type":"Article","@id":"https:\/\/beautytherapy.absolution-cosmetics.com\/fr\/prendre-soin-de-sa-peau\/masque-au-the-vert-contre-les-points-noirs\/#article","isPartOf":{"@id":"https:\/\/beautytherapy.absolution-cosmetics.com\/fr\/prendre-soin-de-sa-peau\/masque-au-the-vert-contre-les-points-noirs\/"},"author":{"name":"Edito Beauty Therapy","@id":"https:\/\/beautytherapy.absolution-cosmetics.com\/fr\/#\/schema\/person\/39fa4ed518c548c2f2b7d6a399786b66"},"headline":"Le masque au th\u00e9 vert pour lutter contre les points noirs","datePublished":"2022-02-03T10:14:00+00:00","dateModified":"2024-12-09T07:31:54+00:00","mainEntityOfPage":{"@id":"https:\/\/beautytherapy.absolution-cosmetics.com\/fr\/prendre-soin-de-sa-peau\/masque-au-the-vert-contre-les-points-noirs\/"},"wordCount":743,"commentCount":0,"publisher":{"@id":"https:\/\/beautytherapy.absolution-cosmetics.com\/fr\/#organization"},"image":{"@id":"https:\/\/beautytherapy.absolution-cosmetics.com\/fr\/prendre-soin-de-sa-peau\/masque-au-the-vert-contre-les-points-noirs\/#primaryimage"},"thumbnailUrl":"https:\/\/beautytherapy.absolution-cosmetics.com\/wp-content\/uploads\/2024\/02\/pexels-charlotte-may-5946649-compressed-1152x710-c.jpg","keywords":["Points noirs"],"articleSection":["Bons gestes","Plantes et actifs","Prendre soin de sa peau","Rituels"],"inLanguage":"fr-FR","potentialAction":[{"@type":"CommentAction","name":"Comment","target":["https:\/\/beautytherapy.absolution-cosmetics.com\/fr\/prendre-soin-de-sa-peau\/masque-au-the-vert-contre-les-points-noirs\/#respond"]}]},{"@type":"WebPage","@id":"https:\/\/beautytherapy.absolution-cosmetics.com\/fr\/prendre-soin-de-sa-peau\/masque-au-the-vert-contre-les-points-noirs\/","url":"https:\/\/beautytherapy.absolution-cosmetics.com\/fr\/prendre-soin-de-sa-peau\/masque-au-the-vert-contre-les-points-noirs\/","name":"Le masque au th\u00e9 vert pour lutter contre les points noirs - Beauty Therapy","isPartOf":{"@id":"https:\/\/beautytherapy.absolution-cosmetics.com\/fr\/#website"},"primaryImageOfPage":{"@id":"https:\/\/beautytherapy.absolution-cosmetics.com\/fr\/prendre-soin-de-sa-peau\/masque-au-the-vert-contre-les-points-noirs\/#primaryimage"},"image":{"@id":"https:\/\/beautytherapy.absolution-cosmetics.com\/fr\/prendre-soin-de-sa-peau\/masque-au-the-vert-contre-les-points-noirs\/#primaryimage"},"thumbnailUrl":"https:\/\/beautytherapy.absolution-cosmetics.com\/wp-content\/uploads\/2024\/02\/pexels-charlotte-may-5946649-compressed-1152x710-c.jpg","datePublished":"2022-02-03T10:14:00+00:00","dateModified":"2024-12-09T07:31:54+00:00","description":"Des chercheurs ont r\u00e9cemment mis en \u00e9vidence que, chez certaines personnes, la consommation ou l'application de produits contenant des principes actifs de th\u00e9 vert sur la peau pouvait contribuer \u00e0 gu\u00e9rir les l\u00e9sions, att\u00e9nuer les rougeurs et soulager l'irritation caus\u00e9e par l'acn\u00e9.","breadcrumb":{"@id":"https:\/\/beautytherapy.absolution-cosmetics.com\/fr\/prendre-soin-de-sa-peau\/masque-au-the-vert-contre-les-points-noirs\/#breadcrumb"},"inLanguage":"fr-FR","potentialAction":[{"@type":"ReadAction","target":["https:\/\/beautytherapy.absolution-cosmetics.com\/fr\/prendre-soin-de-sa-peau\/masque-au-the-vert-contre-les-points-noirs\/"]}]},{"@type":"ImageObject","inLanguage":"fr-FR","@id":"https:\/\/beautytherapy.absolution-cosmetics.com\/fr\/prendre-soin-de-sa-peau\/masque-au-the-vert-contre-les-points-noirs\/#primaryimage","url":"https:\/\/beautytherapy.absolution-cosmetics.com\/wp-content\/uploads\/2024\/02\/pexels-charlotte-may-5946649-compressed-1152x710-c.jpg","contentUrl":"https:\/\/beautytherapy.absolution-cosmetics.com\/wp-content\/uploads\/2024\/02\/pexels-charlotte-may-5946649-compressed-1152x710-c.jpg","width":1152,"height":710},{"@type":"BreadcrumbList","@id":"https:\/\/beautytherapy.absolution-cosmetics.com\/fr\/prendre-soin-de-sa-peau\/masque-au-the-vert-contre-les-points-noirs\/#breadcrumb","itemListElement":[{"@type":"ListItem","position":1,"name":"Home","item":"https:\/\/beautytherapy.absolution-cosmetics.com\/fr\/"},{"@type":"ListItem","position":2,"name":"Prendre soin de sa peau","item":"https:\/\/beautytherapy.absolution-cosmetics.com\/fr\/prendre-soin-de-sa-peau\/"},{"@type":"ListItem","position":3,"name":"Le masque au th\u00e9 vert pour lutter contre les points noirs"}]},{"@type":"WebSite","@id":"https:\/\/beautytherapy.absolution-cosmetics.com\/fr\/#website","url":"https:\/\/beautytherapy.absolution-cosmetics.com\/fr\/","name":"Beauty Therapy","description":"","publisher":{"@id":"https:\/\/beautytherapy.absolution-cosmetics.com\/fr\/#organization"},"inLanguage":"fr-FR"},{"@type":"Organization","@id":"https:\/\/beautytherapy.absolution-cosmetics.com\/fr\/#organization","name":"Beauty Therapy","url":"https:\/\/beautytherapy.absolution-cosmetics.com\/fr\/","logo":{"@type":"ImageObject","inLanguage":"fr-FR","@id":"https:\/\/beautytherapy.absolution-cosmetics.com\/fr\/#\/schema\/logo\/image\/","url":"https:\/\/beautytherapy.absolution-cosmetics.com\/wp-content\/uploads\/2020\/02\/beauty-therapy-logo.png","contentUrl":"https:\/\/beautytherapy.absolution-cosmetics.com\/wp-content\/uploads\/2020\/02\/beauty-therapy-logo.png","width":424,"height":212,"caption":"Beauty Therapy"},"image":{"@id":"https:\/\/beautytherapy.absolution-cosmetics.com\/fr\/#\/schema\/logo\/image\/"}},{"@type":"Person","@id":"https:\/\/beautytherapy.absolution-cosmetics.com\/fr\/#\/schema\/person\/39fa4ed518c548c2f2b7d6a399786b66","name":"Edito Beauty Therapy","description":"L\u2019objectif d\u2019Absolution est \u00e0 la fois tout simple et merveilleusement complexe : retrouver la Beaut\u00e9 ! Celle du monde qui nous entoure, celle du monde que l\u2019on contient... celle qui se cache dans votre reflet le matin ! Les soins Absolution effacent les scories de nos vies d\u2019urbains : chaque jour ils offrent \u00e0 notre peau un retour \u00e0 sa beaut\u00e9 originelle en restaurant son \u00e9cosyst\u00e8me naturel et en l\u2019amenant \u00e0 son \u00e9tat optimum. \u00c9labor\u00e9e \u00e0 partir d\u2019extraits v\u00e9g\u00e9taux certifi\u00e9s bio ou sauvages, de min\u00e9raux et de vitamines, Absolution allie d\u00e9licatesse des textures et des senteurs, simplicit\u00e9 d\u2019utilisation et totale efficacit\u00e9 des formules. Absolution c\u2019est aussi une volont\u00e9 : celle de transmettre une fa\u00e7on de voir le monde qui fait \u00e9merger la beaut\u00e9 partout o\u00f9 elle est. Partagez-la avec nous ! @absolution_cosmetics #absolutioncosmetics #retrouverlabeaut\u00e9","sameAs":["https:\/\/www.absolution-cosmetics.com\/fr\/","https:\/\/www.facebook.com\/absolutioncosmetics","https:\/\/www.instagram.com\/absolution_cosmetics\/"],"url":"https:\/\/beautytherapy.absolution-cosmetics.com\/fr\/author\/l-equipe-absolution\/"}]}},"_links":{"self":[{"href":"https:\/\/beautytherapy.absolution-cosmetics.com\/fr\/wp-json\/wp\/v2\/posts\/15261","targetHints":{"allow":["GET"]}}],"collection":[{"href":"https:\/\/beautytherapy.absolution-cosmetics.com\/fr\/wp-json\/wp\/v2\/posts"}],"about":[{"href":"https:\/\/beautytherapy.absolution-cosmetics.com\/fr\/wp-json\/wp\/v2\/types\/post"}],"author":[{"embeddable":true,"href":"https:\/\/beautytherapy.absolution-cosmetics.com\/fr\/wp-json\/wp\/v2\/users\/24"}],"replies":[{"embeddable":true,"href":"https:\/\/beautytherapy.absolution-cosmetics.com\/fr\/wp-json\/wp\/v2\/comments?post=15261"}],"version-history":[{"count":9,"href":"https:\/\/beautytherapy.absolution-cosmetics.com\/fr\/wp-json\/wp\/v2\/posts\/15261\/revisions"}],"predecessor-version":[{"id":23434,"href":"https:\/\/beautytherapy.absolution-cosmetics.com\/fr\/wp-json\/wp\/v2\/posts\/15261\/revisions\/23434"}],"wp:featuredmedia":[{"embeddable":true,"href":"https:\/\/beautytherapy.absolution-cosmetics.com\/fr\/wp-json\/wp\/v2\/media\/15209"}],"wp:attachment":[{"href":"https:\/\/beautytherapy.absolution-cosmetics.com\/fr\/wp-json\/wp\/v2\/media?parent=15261"}],"wp:term":[{"taxonomy":"category","embeddable":true,"href":"https:\/\/beautytherapy.absolution-cosmetics.com\/fr\/wp-json\/wp\/v2\/categories?post=15261"},{"taxonomy":"post_tag","embeddable":true,"href":"https:\/\/beautytherapy.absolution-cosmetics.com\/fr\/wp-json\/wp\/v2\/tags?post=15261"}],"curies":[{"name":"wp","href":"https:\/\/api.w.org\/{rel}","templated":true}]}}