{"id":15859,"date":"2024-02-01T16:26:00","date_gmt":"2024-02-01T15:26:00","guid":{"rendered":"https:\/\/beautytherapy.absolution-cosmetics.com\/?p=15859"},"modified":"2024-04-19T18:12:55","modified_gmt":"2024-04-19T16:12:55","slug":"avant-apres-le-masque-du-temps-redensifiant-soin-de-nuit-pro-age","status":"publish","type":"post","link":"https:\/\/beautytherapy.absolution-cosmetics.com\/fr\/prendre-soin-de-sa-peau\/avant-apres-le-masque-du-temps-redensifiant-soin-de-nuit-pro-age\/","title":{"rendered":"Avant\/apr\u00e8s : Le Masque du Temps Redensifiant, soin de nuit pro-\u00e2ge"},"content":{"rendered":"<section class=\"block-grid-wrapper block-grid-for-core-paragraph\">\n      <div class=\"default-editor-content grid-for-core-paragraph container-fluid container-px-1\">\n        <div class=\"row row-cols-1 align-center\">\n          <div class=\"cell\">\n            \n<p>Notre&nbsp;<strong><a href=\"https:\/\/www.absolution-cosmetics.com\/fr\/masques-et-gommage\/403-le-masque-du-temps-redensifiant.html\"><span style=\"text-decoration: underline;\">Masque du Temps Redensifiant<\/span><\/a><\/strong>&nbsp;contient un complexe de Peptides de Lupin, de Criste Marine, de Coenzyme Q10, de Ginseng et de 13 autres extraits v\u00e9g\u00e9taux aux vertus raffermissantes, lissantes et redensifiantes. Tient-il ses promesses ? Nous l&rsquo;avons fait tester \u00e0 nos clientes pendant un mois en suivant un protocole simple et rapide \u00e0 int\u00e9grer \u00e0 n&rsquo;importe quelle routine.&nbsp;<\/p>\n          <\/div>\n        <\/div>\n      <\/div>\n\n      <\/section>\n\n\r\n<section   class=\"section-separator wp-block-acf-separator  baseline\">\r\n\r\n  \r\n    <div class=\"svg-border-1\"><\/div>\r\n\r\n  \r\n<\/section>\r\n\n\n<section class=\"block-grid-wrapper block-grid-for-core-spacer\">\n      <div class=\"default-editor-content grid-for-core-spacer container-fluid container-px-1\">\n        <div class=\"row row-cols-1 align-center\">\n          <div class=\"cell\">\n            \n<div style=\"height:54px\" aria-hidden=\"true\" class=\"wp-block-spacer\"><\/div>\n          <\/div>\n        <\/div>\n      <\/div>\n\n      <\/section>\n\n<section class=\"block-grid-wrapper block-grid-for-core-heading\">\n      <div class=\"default-editor-content grid-for-core-heading container-fluid container-px-1\">\n        <div class=\"row row-cols-1 align-center\">\n          <div class=\"cell\">\n            \n<h2 class=\"wp-block-heading\">Les r\u00e9sultats apr\u00e8s 4 semaines de test<\/h2>\n          <\/div>\n        <\/div>\n      <\/div>\n\n      <\/section>\n\n<section class=\"block-grid-wrapper block-grid-for-core-media-text\">\n      <div class=\"default-editor-content grid-for-core-media-text container-fluid container-px-1\">\n        <div class=\"row row-cols-1 align-center\">\n          <div class=\"cell\">\n            \n<div class=\"wp-block-media-text is-stacked-on-mobile\"><figure class=\"wp-block-media-text__media\"><img loading=\"lazy\" decoding=\"async\" width=\"1024\" height=\"1024\" src=\"https:\/\/beautytherapy.absolution-cosmetics.com\/wp-content\/uploads\/2024\/02\/Catherine_Droite-1150x1150-s-1024x1024-fd90e2c36371.jpg\" alt=\"avant\/apr\u00e8s du masque du temps redensifiant\" class=\"wp-image-16328 size-full\" srcset=\"https:\/\/beautytherapy.absolution-cosmetics.com\/wp-content\/uploads\/2024\/02\/Catherine_Droite-1150x1150-s-1024x1024-fd90e2c36371.jpg 1024w, https:\/\/beautytherapy.absolution-cosmetics.com\/wp-content\/uploads\/2024\/02\/Catherine_Droite-1150x1150-s-300x300-1247d8f4d458.jpg 300w, https:\/\/beautytherapy.absolution-cosmetics.com\/wp-content\/uploads\/2024\/02\/Catherine_Droite-1150x1150-s-768x768-a4174d3ca482.jpg 768w, https:\/\/beautytherapy.absolution-cosmetics.com\/wp-content\/uploads\/2024\/02\/Catherine_Droite-1150x1150-s-100x100-fab7673e88b9.jpg 100w, https:\/\/beautytherapy.absolution-cosmetics.com\/wp-content\/uploads\/2024\/02\/Catherine_Droite-1150x1150-s-448x448-9a4936a0dab1.jpg 448w, https:\/\/beautytherapy.absolution-cosmetics.com\/wp-content\/uploads\/2024\/02\/Catherine_Droite-1150x1150-s-1366x1366-5e84b0fc2480.jpg 1366w, https:\/\/beautytherapy.absolution-cosmetics.com\/wp-content\/uploads\/2024\/02\/Catherine_Droite-1150x1150-s-896x896-ac47c4550e24.jpg 896w, https:\/\/beautytherapy.absolution-cosmetics.com\/wp-content\/uploads\/2024\/02\/Catherine_Droite-1150x1150-s.jpg 1150w\" sizes=\"auto, (max-width: 1024px) 100vw, 1024px\" \/><\/figure><div class=\"wp-block-media-text__content\">\n<p><\/p>\n\n\n\n<h2 class=\"wp-block-heading\">Catherine<\/h2>\n\n\n\n<p>\u00ab\u00a0D\u00e9j\u00e0 adepte des produits Absolution, j&rsquo;ai eu le privil\u00e8ge de tester Le Masque du Temps Redensifiant. Apr\u00e8s une semaine d&rsquo;utilisation \u00e0 raison d&rsquo;une application chaque\u00a0soir (comme une cr\u00e8me de nuit) et un rituel de massage, je constatais d\u00e9j\u00e0 une am\u00e9lioration de ma peau avec un teint liss\u00e9 et plus lumineux. J&rsquo;ai continu\u00e9 pendant 3 semaines suppl\u00e9mentaires \u00e0 raison de 2 \u00e0 3 applications par semaine et le r\u00e9sultat a \u00e9t\u00e9 au-del\u00e0 de mes esp\u00e9rances : mes rides ont \u00e9t\u00e9 liss\u00e9es, ma peau redensifi\u00e9e et mon teint est plus lumineux. M\u00eame mon entourage le constate\u00a0! Moi qui pensait qu&rsquo;apr\u00e8s 60 ans les marques du temps \u00e9taient grav\u00e9es \u00e0 jamais !\u00a0Je ne peux que recommander ce produit qui, pour moi,\u00a0est un vrai \u00ab\u00a0miracle\u00a0\u00bb ; d&rsquo;ailleurs, je l&rsquo;ai rebaptis\u00e9 le Masque Miracle. Ce masque viendra enrichir la gamme de produits que j&rsquo;utilise d\u00e9j\u00e0.\u00a0\u00bb<\/p>\n\n\n\n<p>&#8211; Photo non retouch\u00e9e &#8211;<\/p>\n<\/div><\/div>\n          <\/div>\n        <\/div>\n      <\/div>\n\n      <\/section>\n\n<section class=\"block-grid-wrapper block-grid-for-core-media-text\">\n      <div class=\"default-editor-content grid-for-core-media-text container-fluid container-px-1\">\n        <div class=\"row row-cols-1 align-center\">\n          <div class=\"cell\">\n            \n<div class=\"wp-block-media-text has-media-on-the-right is-stacked-on-mobile\"><div class=\"wp-block-media-text__content\">\n<p><\/p>\n\n\n\n<h2 class=\"wp-block-heading\">Julia<\/h2>\n\n\n\n<p>\u00ab\u00a0Ce masque m\u2019a totalement bluff\u00e9e ! Ma peau est lumineuse, rebondie, les pores resserr\u00e9s. Les rides autour des yeux beaucoup moins apparentes. L\u2019ovale du visage raffermi. La texture tr\u00e8s agr\u00e9able \u00e0 l\u2019application. Je recommande \u00e0 200% Je continue d\u2019ailleurs de l\u2019appliquer 1 jour sur 2.\u00a0\u00bb<\/p>\n\n\n\n<p>&#8211; Photo non retouch\u00e9e &#8211;<\/p>\n<\/div><figure class=\"wp-block-media-text__media\"><img loading=\"lazy\" decoding=\"async\" width=\"1024\" height=\"1024\" src=\"https:\/\/beautytherapy.absolution-cosmetics.com\/wp-content\/uploads\/2024\/02\/julia_face-1150x1150-s-1024x1024-fd90e2c36371.jpg\" alt=\"\" class=\"wp-image-16324 size-full\" srcset=\"https:\/\/beautytherapy.absolution-cosmetics.com\/wp-content\/uploads\/2024\/02\/julia_face-1150x1150-s-1024x1024-fd90e2c36371.jpg 1024w, https:\/\/beautytherapy.absolution-cosmetics.com\/wp-content\/uploads\/2024\/02\/julia_face-1150x1150-s-300x300-1247d8f4d458.jpg 300w, https:\/\/beautytherapy.absolution-cosmetics.com\/wp-content\/uploads\/2024\/02\/julia_face-1150x1150-s-768x768-a4174d3ca482.jpg 768w, https:\/\/beautytherapy.absolution-cosmetics.com\/wp-content\/uploads\/2024\/02\/julia_face-1150x1150-s-100x100-fab7673e88b9.jpg 100w, https:\/\/beautytherapy.absolution-cosmetics.com\/wp-content\/uploads\/2024\/02\/julia_face-1150x1150-s-448x448-9a4936a0dab1.jpg 448w, https:\/\/beautytherapy.absolution-cosmetics.com\/wp-content\/uploads\/2024\/02\/julia_face-1150x1150-s-1366x1366-5e84b0fc2480.jpg 1366w, https:\/\/beautytherapy.absolution-cosmetics.com\/wp-content\/uploads\/2024\/02\/julia_face-1150x1150-s-896x896-ac47c4550e24.jpg 896w, https:\/\/beautytherapy.absolution-cosmetics.com\/wp-content\/uploads\/2024\/02\/julia_face-1150x1150-s.jpg 1150w\" sizes=\"auto, (max-width: 1024px) 100vw, 1024px\" \/><\/figure><\/div>\n          <\/div>\n        <\/div>\n      <\/div>\n\n      <\/section>\n\n<section class=\"block-grid-wrapper block-grid-for-core-paragraph\">\n      <div class=\"default-editor-content grid-for-core-paragraph container-fluid container-px-1\">\n        <div class=\"row row-cols-1 align-center\">\n          <div class=\"cell\">\n            \n<p><\/p>\n          <\/div>\n        <\/div>\n      <\/div>\n\n      <\/section>\n\n<section class=\"block-grid-wrapper block-grid-for-core-heading\">\n      <div class=\"default-editor-content grid-for-core-heading container-fluid container-px-1\">\n        <div class=\"row row-cols-1 align-center\">\n          <div class=\"cell\">\n            \n<h2 class=\"wp-block-heading\">Comment utiliser notre masque raffermissant pour le visage ?<\/h2>\n          <\/div>\n        <\/div>\n      <\/div>\n\n      <\/section>\n\n<section class=\"block-grid-wrapper block-grid-for-core-paragraph\">\n      <div class=\"default-editor-content grid-for-core-paragraph container-fluid container-px-1\">\n        <div class=\"row row-cols-1 align-center\">\n          <div class=\"cell\">\n            \n<p>Nouveau dans votre rituel de soin pour peau mature, l&rsquo;utilisation du&nbsp;<a href=\"https:\/\/www.absolution-cosmetics.com\/fr\/masques-et-gommage\/403-le-masque-du-temps-redensifiant.html\"><strong><span style=\"text-decoration: underline;\">Masque du Temps Redensifiant<\/span><\/strong><\/a>&nbsp;se d\u00e9compose en&nbsp;<strong>deux temps<\/strong>&nbsp;: la cure intensive en masque de nuit durant 1 semaine puis&nbsp;l\u2019entretien 3 \u00e0 4 fois par semaine en remplacement de votre soin de nuit.<\/p>\n          <\/div>\n        <\/div>\n      <\/div>\n\n      <\/section>\n\n<section class=\"block-grid-wrapper block-grid-for-core-paragraph\">\n      <div class=\"default-editor-content grid-for-core-paragraph container-fluid container-px-1\">\n        <div class=\"row row-cols-1 align-center\">\n          <div class=\"cell\">\n            \n<p>Massez&nbsp;l&rsquo;\u00e9quivalent d&rsquo;une demi-cuill\u00e8re \u00e0 caf\u00e9 (ou 4 noisettes, soit 2 ml)&nbsp;sur l&rsquo;ensemble du visage et r\u00e9p\u00e9tez si votre peau absorbe tout imm\u00e9diatement.&nbsp;Un pot correspond \u00e0 25 applications.<\/p>\n          <\/div>\n        <\/div>\n      <\/div>\n\n      <\/section>\n\n<section class=\"block-grid-wrapper block-grid-for-core-media-text\">\n      <div class=\"default-editor-content grid-for-core-media-text container-fluid container-px-1\">\n        <div class=\"row row-cols-1 align-center\">\n          <div class=\"cell\">\n            \n<div class=\"wp-block-media-text is-stacked-on-mobile\"><figure class=\"wp-block-media-text__media\"><img loading=\"lazy\" decoding=\"async\" width=\"1024\" height=\"1024\" src=\"https:\/\/beautytherapy.absolution-cosmetics.com\/wp-content\/uploads\/2024\/02\/nathalie_zoom_yeux_02-1150x1150-s-1024x1024-fd90e2c36371.jpg\" alt=\"\" class=\"wp-image-16322 size-full\" srcset=\"https:\/\/beautytherapy.absolution-cosmetics.com\/wp-content\/uploads\/2024\/02\/nathalie_zoom_yeux_02-1150x1150-s-1024x1024-fd90e2c36371.jpg 1024w, https:\/\/beautytherapy.absolution-cosmetics.com\/wp-content\/uploads\/2024\/02\/nathalie_zoom_yeux_02-1150x1150-s-300x300-1247d8f4d458.jpg 300w, https:\/\/beautytherapy.absolution-cosmetics.com\/wp-content\/uploads\/2024\/02\/nathalie_zoom_yeux_02-1150x1150-s-768x768-a4174d3ca482.jpg 768w, https:\/\/beautytherapy.absolution-cosmetics.com\/wp-content\/uploads\/2024\/02\/nathalie_zoom_yeux_02-1150x1150-s-100x100-fab7673e88b9.jpg 100w, https:\/\/beautytherapy.absolution-cosmetics.com\/wp-content\/uploads\/2024\/02\/nathalie_zoom_yeux_02-1150x1150-s-448x448-9a4936a0dab1.jpg 448w, https:\/\/beautytherapy.absolution-cosmetics.com\/wp-content\/uploads\/2024\/02\/nathalie_zoom_yeux_02-1150x1150-s-1366x1366-5e84b0fc2480.jpg 1366w, https:\/\/beautytherapy.absolution-cosmetics.com\/wp-content\/uploads\/2024\/02\/nathalie_zoom_yeux_02-1150x1150-s-896x896-ac47c4550e24.jpg 896w, https:\/\/beautytherapy.absolution-cosmetics.com\/wp-content\/uploads\/2024\/02\/nathalie_zoom_yeux_02-1150x1150-s.jpg 1150w\" sizes=\"auto, (max-width: 1024px) 100vw, 1024px\" \/><\/figure><div class=\"wp-block-media-text__content\">\n<p><\/p>\n\n\n\n<h2 class=\"wp-block-heading\">Nathalie<\/h2>\n\n\n\n<p>\u00ab\u00a0Ce masque est tr\u00e8s agr\u00e9able \u00e0 utiliser, sa texture fluide l\u00e9g\u00e8re tout en \u00e9tant dense permet une application tout en profondeur.<\/p>\n\n\n\n<p>Mais surtout les effets sont au rendez-vous, la peau est plus ferme et les rides se lissent.\u00a0<\/p>\n\n\n\n<p>Je l&rsquo;applique facilement en me massant en partant du cou et en remontant cela permet de faire un massage en profondeur et de faire p\u00e9n\u00e9trer le masque.<\/p>\n\n\n\n<p>Apr\u00e8s une quinzaine de jours ma peau non seulement \u00e9tait plus lisse mais surtout mon teint \u00e9tait lumineux, un vrai coup d&rsquo;\u00e9clat.\u00a0\u00bb<\/p>\n\n\n\n<p>&#8211; Photo non retouch\u00e9e &#8211;<\/p>\n<\/div><\/div>\n          <\/div>\n        <\/div>\n      <\/div>\n\n      <\/section>\n\n<section class=\"block-grid-wrapper block-grid-for-core-media-text\">\n      <div class=\"default-editor-content grid-for-core-media-text container-fluid container-px-1\">\n        <div class=\"row row-cols-1 align-center\">\n          <div class=\"cell\">\n            \n<div class=\"wp-block-media-text has-media-on-the-right is-stacked-on-mobile\"><div class=\"wp-block-media-text__content\">\n<p><\/p>\n\n\n\n<h2 class=\"wp-block-heading\">Delphine<\/h2>\n\n\n\n<p>Apr\u00e8s 4 semaines d&rsquo;utilisation, Delphine a trouv\u00e9 sa peau plus confortable et repulp\u00e9e. Les rides de la patte d&rsquo;oie sont visiblement att\u00e9nu\u00e9es, son teint est plus unifi\u00e9, plus clair et plus repos\u00e9. Sa peau est plus confortable et redensifi\u00e9e.<\/p>\n\n\n\n<p>&#8211; Photo non retouch\u00e9e &#8211;<\/p>\n<\/div><figure class=\"wp-block-media-text__media\"><img loading=\"lazy\" decoding=\"async\" width=\"1024\" height=\"1024\" src=\"https:\/\/beautytherapy.absolution-cosmetics.com\/wp-content\/uploads\/2024\/02\/delphine_face-1150x1150-s-1024x1024-fd90e2c36371.jpg\" alt=\"\" class=\"wp-image-16320 size-full\" srcset=\"https:\/\/beautytherapy.absolution-cosmetics.com\/wp-content\/uploads\/2024\/02\/delphine_face-1150x1150-s-1024x1024-fd90e2c36371.jpg 1024w, https:\/\/beautytherapy.absolution-cosmetics.com\/wp-content\/uploads\/2024\/02\/delphine_face-1150x1150-s-300x300-1247d8f4d458.jpg 300w, https:\/\/beautytherapy.absolution-cosmetics.com\/wp-content\/uploads\/2024\/02\/delphine_face-1150x1150-s-768x768-a4174d3ca482.jpg 768w, https:\/\/beautytherapy.absolution-cosmetics.com\/wp-content\/uploads\/2024\/02\/delphine_face-1150x1150-s-100x100-fab7673e88b9.jpg 100w, https:\/\/beautytherapy.absolution-cosmetics.com\/wp-content\/uploads\/2024\/02\/delphine_face-1150x1150-s-448x448-9a4936a0dab1.jpg 448w, https:\/\/beautytherapy.absolution-cosmetics.com\/wp-content\/uploads\/2024\/02\/delphine_face-1150x1150-s-1366x1366-5e84b0fc2480.jpg 1366w, https:\/\/beautytherapy.absolution-cosmetics.com\/wp-content\/uploads\/2024\/02\/delphine_face-1150x1150-s-896x896-ac47c4550e24.jpg 896w, https:\/\/beautytherapy.absolution-cosmetics.com\/wp-content\/uploads\/2024\/02\/delphine_face-1150x1150-s.jpg 1150w\" sizes=\"auto, (max-width: 1024px) 100vw, 1024px\" \/><\/figure><\/div>\n          <\/div>\n        <\/div>\n      <\/div>\n\n      <\/section>\n\n\n\n\r\n<section    class=\"section-image-with-text wp-block-acf-image-with-text  section-text-scroll-and-image\">\r\n  <div class=\"container-fluid container-px-1\">\r\n\r\n\r\n\r\n    <div class=\"row row-cols-1 lg:row-cols-2\">\r\n      <div class=\"media-col img-left order-1\">\r\n                  \r\n                    <figure>\r\n            <picture><source  data-srcset=\"https:\/\/beautytherapy.absolution-cosmetics.com\/wp-content\/uploads\/2024\/02\/masque_du_temps_web_absolution_02-1080x1080-s-896x896-ac47c4550e24.jpg\" media=\"(min-width: 64em) and (min-resolution: 192dpi), (min-width: 64em) and (-webkit-min-device-pixel-ratio: 2)\"><source  data-srcset=\"https:\/\/beautytherapy.absolution-cosmetics.com\/wp-content\/uploads\/2024\/02\/masque_du_temps_web_absolution_02-1080x1080-s-1366x1366-5e84b0fc2480.jpg\" media=\"(min-width: 48em) and (min-resolution: 192dpi), (min-width: 48em) and (-webkit-min-device-pixel-ratio: 2)\"><source  data-srcset=\"https:\/\/beautytherapy.absolution-cosmetics.com\/wp-content\/uploads\/2024\/02\/masque_du_temps_web_absolution_02-1080x1080-s-448x448-9a4936a0dab1.jpg\" media=\"(min-width: 64em)\"><source  data-srcset=\"https:\/\/beautytherapy.absolution-cosmetics.com\/wp-content\/uploads\/2024\/02\/masque_du_temps_web_absolution_02-1080x1080-s-768x768-a4174d3ca482.jpg\" media=\"(min-width: 48em)\"><img data-fade-in data-lazy-img data-src=\"https:\/\/beautytherapy.absolution-cosmetics.com\/wp-content\/uploads\/2024\/02\/masque_du_temps_web_absolution_02-1080x1080-s-690x964-a09531fcfebc.jpg\" alt=\"\" style=\";--aspect-ratio-small: 0.71576763485477;--aspect-ratio-medium: 1;--aspect-ratio-large: 1;--aspect-ratio-medium_retina: 1;--aspect-ratio-large_retina: 1\" data-has-aspect-ratio=\"true\" \/><\/picture>          <\/figure>\r\n              <\/div>\r\n\r\n      <div class=\"content-col txt-right order-2\">\r\n                  <div class=\"editorial-text\">\r\n            <h2 class=\"main-title\">Pourquoi int\u00e9grer Le Masque du Temps Redensifiant \u00e0 votre routine ?<\/h2>\n<div class=\"main-content editorial-text\">\n<p><a href=\"https:\/\/www.absolution-cosmetics.com\/fr\/masques-et-gommage\/403-le-masque-du-temps-redensifiant.html\"><strong><span style=\"text-decoration: underline;\">Le Masque du Temps Redensifiant<\/span><\/strong><\/a>\u00a0est un\u00a0<strong>masque de nuit raffermissant<\/strong>\u00a0qui relance et booste la production naturelle de collag\u00e8ne, tonifie les tissus, att\u00e9nue les taches et pr\u00e9vient leur formation.\u00a0Formul\u00e9 avec un complexe botanique\u00a0<strong>redensifiant<\/strong>\u00a0compos\u00e9 de Peptides de Lupin, de Criste Marine, de Coenzyme Q10, de Ginseng et de 13 autres extraits v\u00e9g\u00e9taux, ce masque de nuit pour peau mature\u00a0<strong>lifte<\/strong>\u00a0et\u00a0<strong>raffermit<\/strong>\u00a0l\u2019\u00e9piderme tout en uniformisant votre teint.<\/p>\n<h2>Masque anti-\u00e2ge ou masque anti-rides ?<\/h2>\n<p>Nos soins n\u2019ont pas vocation \u00e0 inverser la courbe du temps, et ce serait un objectif bien vain ! Si la fontaine de jouvence reste une l\u00e9gende &#8211; et avec elle les \u00ab soins anti-\u00e2ge\u202f\u00bb, nos soins pour peaux matures sont formul\u00e9s pour vous accompagner tout au long de votre vie et permettre \u00e0 votre peau de rester belle \u00e0 tout \u00e2ge. Des objectifs souhaitables et atteignables gr\u00e2ce \u00e0 l\u2019aide toujours bienvenue de la nature et d&rsquo;<span style=\"text-decoration: underline;\"><strong><a href=\"https:\/\/www.absolution-cosmetics.com\/fr\/blog\/soins-visage\/creme-anti-age-60-ans\">une\u00a0routine adapt\u00e9e pour prendre soin de votre peau mature<\/a><\/strong><\/span>.<\/p>\n<\/div>\n          <\/div>\r\n              <\/div>\r\n    <\/div>\r\n  <\/div>\r\n<\/section>\r\n\n\n\r\n<section   class=\"section-separator wp-block-acf-separator  baseline\">\r\n\r\n  \r\n    <div class=\"svg-border-1\"><\/div>\r\n\r\n  \r\n<\/section>\r\n\n\n\r\n  <section   class=\"section-content-3-cols wp-block-acf-content-3-cols  content-three-cols\">\r\n\r\n          <div class=\"container-fluid container-px-1\">\r\n        <div class=\"row row-cols-1\">\r\n          <h2 class=\"title\">Des actifs efficaces et naturels<\/h2>\r\n        <\/div>\r\n      <\/div>\r\n    \r\n    <div class=\"container-fluid container-px-1\">\r\n      <div class=\"row row-cols-1 lg:row-cols-3\">\r\n\r\n                  <div class=\"col-1\">\r\n            \r\n                          <div class=\"col-description editorial-text\"><img decoding=\"async\" src=\"https:\/\/www.absolution-cosmetics.com\/img\/resp\/cms\/lexique\/criste_marine-912x912-c.png\" alt=\"Redensifie l\u2019\u00e9piderme gr\u00e2ce \u00e0 la Criste Marine\" \/>\n<h3>Redensifie l\u2019\u00e9piderme gr\u00e2ce \u00e0 la Criste Marine<\/h3>\n<p>Sa richesse en vitamines A, B2, B15, C, en b\u00eata-carot\u00e8ne, en min\u00e9raux et en oligo-\u00e9l\u00e9ments en fait l\u2019amie de notre peau, mais c\u2019est son taux \u00e9lev\u00e9 en acide ph\u00e9nolique qui lui conf\u00e8re son activit\u00e9 \u00ab r\u00e9tinol like \u00bb sans aucune irritation. La Criste Marine am\u00e9liore l\u2019\u00e9paisseur de l\u2019\u00e9piderme, relance la synth\u00e8se de collag\u00e8ne et stimule les fibroblastes.<\/p>\n<\/div>\r\n                      <\/div>\r\n                  <div class=\"col-1\">\r\n            \r\n                          <div class=\"col-description editorial-text\"><img decoding=\"async\" src=\"https:\/\/www.absolution-cosmetics.com\/img\/resp\/cms\/lexique\/lupin-912x912-c.png\" alt=\"Lifte les traits gr\u00e2ce aux peptides de Lupin Blanc\" \/>\n<h3>Lifte les traits gr\u00e2ce aux peptides de Lupin Blanc<\/h3>\n<p>Cette plante \u00e9l\u00e9gante est la sp\u00e9cialiste du renforcement de la jonction \u00e9pidermique. Ses composants soutiennent l\u2019activit\u00e9 des constituants cl\u00e9s de la tonicit\u00e9 cutan\u00e9e tout en dynamisant le renouvellement cellulaire des couches superficielles de la peau pour un \u00e9clat et un relief cutan\u00e9 am\u00e9lior\u00e9s.<\/p>\n<\/div>\r\n                      <\/div>\r\n                  <div class=\"col-1\">\r\n            \r\n                          <div class=\"col-description editorial-text\"><img decoding=\"async\" src=\"https:\/\/www.absolution-cosmetics.com\/img\/resp\/cms\/lexique\/coenzyme-912x912-c.png\" alt=\"Stimule les m\u00e9canismes de jeunesse avec la Coenzyme Q10\" \/>\n<h3>Stimule les m\u00e9canismes de jeunesse avec la Coenzyme Q10<\/h3>\n<p>Antioxydant puissant et reconnu, la Coenzyme Q10 redonne de l\u2019\u00e9nergie aux mitochondries de nos cellules, leur permettant ainsi d\u2019optimiser leurs fonctions.<\/p>\n<\/div>\r\n                      <\/div>\r\n        \r\n      <\/div>\r\n    <\/div>\r\n\r\n  <\/section>\r\n\n\n\r\n\r\n  <section  class=\"section-maillage-3-articles wp-block-acf-maillage-3-articles  section-content section-three-articles\"     itemprop=\"hasPart\" itemscope itemtype=\"https:\/\/schema.org\/WebPageElement\">\r\n\r\n    <div class=\"container-fluid container-px-1\">\r\n\r\n              <h2 class=\"section-title\">\r\n          Pour aller plus loin&#8230;        <\/h2>\r\n      \r\n      <div class=\"row row-cols-1 lg:row-cols-3 maillage-articles-slider\">\r\n        \r\n          <div class=\"col-post\">\r\n                          <a href=\"https:\/\/beautytherapy.absolution-cosmetics.com\/fr\/bien-etre\/prendre-soin-de-sa-peau-apres-60-ans\/\" itemprop=\"url mainEntityOfPage\">\r\n                \r\n                <figure>\r\n                  <picture><source srcset=\"https:\/\/beautytherapy.absolution-cosmetics.com\/wp-content\/uploads\/2024\/01\/74-1152x710-c-590x300-232173083481.jpg\" media=\"(min-width: 64em) and (min-resolution: 192dpi), (min-width: 64em) and (-webkit-min-device-pixel-ratio: 2)\"><source srcset=\"https:\/\/beautytherapy.absolution-cosmetics.com\/wp-content\/uploads\/2024\/01\/74-1152x710-c-300x200-d12aa28a297a.jpg\" media=\"(min-width: 48em) and (min-resolution: 192dpi), (min-width: 48em) and (-webkit-min-device-pixel-ratio: 2)\"><source srcset=\"https:\/\/beautytherapy.absolution-cosmetics.com\/wp-content\/uploads\/2024\/01\/74-1152x710-c-295x150-495ce3e1bb41.jpg\" media=\"(min-width: 64em)\"><source srcset=\"https:\/\/beautytherapy.absolution-cosmetics.com\/wp-content\/uploads\/2024\/01\/74-1152x710-c-150x100-e0af6e948299.jpg\" media=\"(min-width: 48em)\"><img decoding=\"async\" src=\"https:\/\/beautytherapy.absolution-cosmetics.com\/wp-content\/uploads\/2024\/01\/74-1152x710-c-512x260-9180f4bb4ab3.jpg\" alt=\"\" style=\";--aspect-ratio-small: 1.9692307692308;--aspect-ratio-medium: 1.5;--aspect-ratio-large: 1.9666666666667;--aspect-ratio-medium_retina: 1.5;--aspect-ratio-large_retina: 1.9666666666667\" data-has-aspect-ratio=\"true\" \/><\/picture>                <\/figure>\r\n              <\/a>\r\n            \r\n            \r\n<div class=\"post-subheader\">\r\n      <ul class=\"tags-list\" itemprop=\"keywords\">\r\n\r\n                  <li>\r\n          <a href=\"https:\/\/beautytherapy.absolution-cosmetics.com\/fr\/tag\/peau-mature\/\">\r\n            Peau mature          <\/a>\r\n        <\/li>\r\n              <li>\r\n          <a href=\"https:\/\/beautytherapy.absolution-cosmetics.com\/fr\/tag\/pro-age\/\">\r\n            Pro-\u00e2ge          <\/a>\r\n        <\/li>\r\n          <\/ul>\r\n  \r\n  <span class=\"entry-date\" itemprop=\"datePublished\">\r\n    4 Mai. 2019  <\/span>\r\n\r\n  <span class=\"author\" itemprop=\"author\" itemscope itemtype=\"http:\/\/schema.org\/Person\">\r\n    Par    <a href=\"https:\/\/beautytherapy.absolution-cosmetics.com\/fr\/author\/l-equipe-absolution\/\" class=\"author-name\" itemprop=\"url\">\r\n      Edito Beauty Therapy    <\/a>\r\n  <\/span>\r\n<\/div>\r\n\r\n            <h3>Prendre soin de sa peau apr\u00e8s 60 ans<\/h3>\r\n\r\n            <a class=\"btn btn-secondary\" href=\"https:\/\/beautytherapy.absolution-cosmetics.com\/fr\/bien-etre\/prendre-soin-de-sa-peau-apres-60-ans\/\" itemprop=\"url\">\r\n              <span>Lire l&rsquo;article<\/span>\r\n            <\/a>\r\n          <\/div>\r\n\r\n        \r\n          <div class=\"col-post\">\r\n                          <a href=\"https:\/\/beautytherapy.absolution-cosmetics.com\/fr\/prendre-soin-de-sa-peau\/limportance-du-contour-des-yeux-anti-rides\/\" itemprop=\"url mainEntityOfPage\">\r\n                \r\n                <figure>\r\n                  <picture><source srcset=\"https:\/\/beautytherapy.absolution-cosmetics.com\/wp-content\/uploads\/2024\/02\/creme_rep_reg_modele_web_absolution-1152x710-c-590x300-232173083481.jpg\" media=\"(min-width: 64em) and (min-resolution: 192dpi), (min-width: 64em) and (-webkit-min-device-pixel-ratio: 2)\"><source srcset=\"https:\/\/beautytherapy.absolution-cosmetics.com\/wp-content\/uploads\/2024\/02\/creme_rep_reg_modele_web_absolution-1152x710-c-300x200-d12aa28a297a.jpg\" media=\"(min-width: 48em) and (min-resolution: 192dpi), (min-width: 48em) and (-webkit-min-device-pixel-ratio: 2)\"><source srcset=\"https:\/\/beautytherapy.absolution-cosmetics.com\/wp-content\/uploads\/2024\/02\/creme_rep_reg_modele_web_absolution-1152x710-c-295x150-495ce3e1bb41.jpg\" media=\"(min-width: 64em)\"><source srcset=\"https:\/\/beautytherapy.absolution-cosmetics.com\/wp-content\/uploads\/2024\/02\/creme_rep_reg_modele_web_absolution-1152x710-c-150x100-e0af6e948299.jpg\" media=\"(min-width: 48em)\"><img decoding=\"async\" src=\"https:\/\/beautytherapy.absolution-cosmetics.com\/wp-content\/uploads\/2024\/02\/creme_rep_reg_modele_web_absolution-1152x710-c-512x260-9180f4bb4ab3.jpg\" alt=\"\" style=\";--aspect-ratio-small: 1.9692307692308;--aspect-ratio-medium: 1.5;--aspect-ratio-large: 1.9666666666667;--aspect-ratio-medium_retina: 1.5;--aspect-ratio-large_retina: 1.9666666666667\" data-has-aspect-ratio=\"true\" \/><\/picture>                <\/figure>\r\n              <\/a>\r\n            \r\n            \r\n<div class=\"post-subheader\">\r\n      <ul class=\"tags-list\" itemprop=\"keywords\">\r\n\r\n                  <li>\r\n          <a href=\"https:\/\/beautytherapy.absolution-cosmetics.com\/fr\/tag\/pro-age\/\">\r\n            Pro-\u00e2ge          <\/a>\r\n        <\/li>\r\n              <li>\r\n          <a href=\"https:\/\/beautytherapy.absolution-cosmetics.com\/fr\/tag\/soins-des-yeux\/\">\r\n            Soins des yeux          <\/a>\r\n        <\/li>\r\n          <\/ul>\r\n  \r\n  <span class=\"entry-date\" itemprop=\"datePublished\">\r\n    1 F\u00e9v. 2022  <\/span>\r\n\r\n  <span class=\"author\" itemprop=\"author\" itemscope itemtype=\"http:\/\/schema.org\/Person\">\r\n    Par    <a href=\"https:\/\/beautytherapy.absolution-cosmetics.com\/fr\/author\/l-equipe-absolution\/\" class=\"author-name\" itemprop=\"url\">\r\n      Edito Beauty Therapy    <\/a>\r\n  <\/span>\r\n<\/div>\r\n\r\n            <h3>Le contour des yeux anti-rides<\/h3>\r\n\r\n            <a class=\"btn btn-secondary\" href=\"https:\/\/beautytherapy.absolution-cosmetics.com\/fr\/prendre-soin-de-sa-peau\/limportance-du-contour-des-yeux-anti-rides\/\" itemprop=\"url\">\r\n              <span>Lire l&rsquo;article<\/span>\r\n            <\/a>\r\n          <\/div>\r\n\r\n        \r\n          <div class=\"col-post\">\r\n                          <a href=\"https:\/\/beautytherapy.absolution-cosmetics.com\/fr\/prendre-soin-de-sa-peau\/plantes-et-actifs\/huile-anti-rides-pour-visage\/\" itemprop=\"url mainEntityOfPage\">\r\n                \r\n                <figure>\r\n                  <picture><source srcset=\"https:\/\/beautytherapy.absolution-cosmetics.com\/wp-content\/uploads\/2024\/02\/0004s_0004_mood_catalogue_textures_huile-1152x710-c-1-590x300-232173083481.jpg\" media=\"(min-width: 64em) and (min-resolution: 192dpi), (min-width: 64em) and (-webkit-min-device-pixel-ratio: 2)\"><source srcset=\"https:\/\/beautytherapy.absolution-cosmetics.com\/wp-content\/uploads\/2024\/02\/0004s_0004_mood_catalogue_textures_huile-1152x710-c-1-300x200-d12aa28a297a.jpg\" media=\"(min-width: 48em) and (min-resolution: 192dpi), (min-width: 48em) and (-webkit-min-device-pixel-ratio: 2)\"><source srcset=\"https:\/\/beautytherapy.absolution-cosmetics.com\/wp-content\/uploads\/2024\/02\/0004s_0004_mood_catalogue_textures_huile-1152x710-c-1-295x150-495ce3e1bb41.jpg\" media=\"(min-width: 64em)\"><source srcset=\"https:\/\/beautytherapy.absolution-cosmetics.com\/wp-content\/uploads\/2024\/02\/0004s_0004_mood_catalogue_textures_huile-1152x710-c-1-150x100-e0af6e948299.jpg\" media=\"(min-width: 48em)\"><img decoding=\"async\" src=\"https:\/\/beautytherapy.absolution-cosmetics.com\/wp-content\/uploads\/2024\/02\/0004s_0004_mood_catalogue_textures_huile-1152x710-c-1-512x260-9180f4bb4ab3.jpg\" alt=\"\" style=\";--aspect-ratio-small: 1.9692307692308;--aspect-ratio-medium: 1.5;--aspect-ratio-large: 1.9666666666667;--aspect-ratio-medium_retina: 1.5;--aspect-ratio-large_retina: 1.9666666666667\" data-has-aspect-ratio=\"true\" \/><\/picture>                <\/figure>\r\n              <\/a>\r\n            \r\n            \r\n<div class=\"post-subheader\">\r\n      <ul class=\"tags-list\" itemprop=\"keywords\">\r\n\r\n                  <li>\r\n          <a href=\"https:\/\/beautytherapy.absolution-cosmetics.com\/fr\/tag\/huiles\/\">\r\n            Huiles          <\/a>\r\n        <\/li>\r\n              <li>\r\n          <a href=\"https:\/\/beautytherapy.absolution-cosmetics.com\/fr\/tag\/rides\/\">\r\n            Rides          <\/a>\r\n        <\/li>\r\n          <\/ul>\r\n  \r\n  <span class=\"entry-date\" itemprop=\"datePublished\">\r\n    7 F\u00e9v. 2022  <\/span>\r\n\r\n  <span class=\"author\" itemprop=\"author\" itemscope itemtype=\"http:\/\/schema.org\/Person\">\r\n    Par    <a href=\"https:\/\/beautytherapy.absolution-cosmetics.com\/fr\/author\/l-equipe-absolution\/\" class=\"author-name\" itemprop=\"url\">\r\n      Edito Beauty Therapy    <\/a>\r\n  <\/span>\r\n<\/div>\r\n\r\n            <h3>\u00c0 la d\u00e9couverte des huiles anti-rides pour le visage<\/h3>\r\n\r\n            <a class=\"btn btn-secondary\" href=\"https:\/\/beautytherapy.absolution-cosmetics.com\/fr\/prendre-soin-de-sa-peau\/plantes-et-actifs\/huile-anti-rides-pour-visage\/\" itemprop=\"url\">\r\n              <span>Lire l&rsquo;article<\/span>\r\n            <\/a>\r\n          <\/div>\r\n\r\n              <\/div>\r\n    <\/div>\r\n  <\/section>\r\n\r\n","protected":false},"excerpt":{"rendered":"<p>Notre&nbsp;Masque du Temps Redensifiant&nbsp;contient un complexe de Peptides de Lupin, de Criste Marine, de Coenzyme Q10, de Ginseng et de 13 autres extraits v\u00e9g\u00e9taux aux vertus raffermissantes, lissantes et redensifiantes. Tient-il ses promesses ? Nous l&rsquo;avons fait tester \u00e0 nos clientes pendant un mois en suivant un protocole simple et rapide \u00e0 int\u00e9grer \u00e0 n&rsquo;importe [&hellip;]<\/p>\n","protected":false},"author":24,"featured_media":16326,"comment_status":"open","ping_status":"closed","sticky":false,"template":"","format":"standard","meta":{"_acf_changed":false,"footnotes":""},"categories":[992,1014,990,991],"tags":[1152,1114],"class_list":["post-15859","post","type-post","status-publish","format-standard","has-post-thumbnail","hentry","category-bons-gestes","category-nouveautes","category-prendre-soin-de-sa-peau","category-rituels","tag-masques","tag-peau-mature"],"acf":[],"yoast_head":"<!-- This site is optimized with the Yoast SEO plugin v27.5 - https:\/\/yoast.com\/product\/yoast-seo-wordpress\/ -->\n<title>Avant\/apr\u00e8s : Le Masque du Temps Redensifiant, soin de nuit pro-\u00e2ge - Beauty Therapy<\/title>\n<meta name=\"description\" content=\"Notre Masque du Temps Redensifiant contient un complexe de Peptides de Lupin, de Criste Marine, de Coenzyme Q10, de Ginseng et de 13 autres extraits v\u00e9g\u00e9taux aux vertus raffermissantes, lissantes et redensifiantes. Tient-il ses promesses ? Nous l&#039;avons fait tester \u00e0 nos clientes pendant un mois en suivant un protocole simple et rapide \u00e0 int\u00e9grer \u00e0 n&#039;importe quelle routine.\" \/>\n<meta name=\"robots\" content=\"index, follow, max-snippet:-1, max-image-preview:large, max-video-preview:-1\" \/>\n<link rel=\"canonical\" href=\"https:\/\/beautytherapy.absolution-cosmetics.com\/fr\/prendre-soin-de-sa-peau\/avant-apres-le-masque-du-temps-redensifiant-soin-de-nuit-pro-age\/\" \/>\n<meta property=\"og:locale\" content=\"fr_FR\" \/>\n<meta property=\"og:type\" content=\"article\" \/>\n<meta property=\"og:title\" content=\"Avant\/apr\u00e8s : Le Masque du Temps Redensifiant, soin de nuit pro-\u00e2ge - Beauty Therapy\" \/>\n<meta property=\"og:description\" content=\"Notre Masque du Temps Redensifiant contient un complexe de Peptides de Lupin, de Criste Marine, de Coenzyme Q10, de Ginseng et de 13 autres extraits v\u00e9g\u00e9taux aux vertus raffermissantes, lissantes et redensifiantes. Tient-il ses promesses ? Nous l&#039;avons fait tester \u00e0 nos clientes pendant un mois en suivant un protocole simple et rapide \u00e0 int\u00e9grer \u00e0 n&#039;importe quelle routine.\" \/>\n<meta property=\"og:url\" content=\"https:\/\/beautytherapy.absolution-cosmetics.com\/fr\/prendre-soin-de-sa-peau\/avant-apres-le-masque-du-temps-redensifiant-soin-de-nuit-pro-age\/\" \/>\n<meta property=\"og:site_name\" content=\"Beauty Therapy\" \/>\n<meta property=\"article:author\" content=\"https:\/\/www.facebook.com\/absolutioncosmetics\" \/>\n<meta property=\"article:published_time\" content=\"2024-02-01T15:26:00+00:00\" \/>\n<meta property=\"article:modified_time\" content=\"2024-04-19T16:12:55+00:00\" \/>\n<meta property=\"og:image\" content=\"https:\/\/beautytherapy.absolution-cosmetics.com\/wp-content\/uploads\/2024\/02\/masque_du_temps_web_absolution_07-1152x710-c.jpg\" \/>\n\t<meta property=\"og:image:width\" content=\"1152\" \/>\n\t<meta property=\"og:image:height\" content=\"710\" \/>\n\t<meta property=\"og:image:type\" content=\"image\/jpeg\" \/>\n<meta name=\"author\" content=\"Edito Beauty Therapy\" \/>\n<meta name=\"twitter:card\" content=\"summary_large_image\" \/>\n<meta name=\"twitter:label1\" content=\"\u00c9crit par\" \/>\n\t<meta name=\"twitter:data1\" content=\"Edito Beauty Therapy\" \/>\n\t<meta name=\"twitter:label2\" content=\"Dur\u00e9e de lecture estim\u00e9e\" \/>\n\t<meta name=\"twitter:data2\" content=\"4 minutes\" \/>\n<script type=\"application\/ld+json\" class=\"yoast-schema-graph\">{\"@context\":\"https:\\\/\\\/schema.org\",\"@graph\":[{\"@type\":\"Article\",\"@id\":\"https:\\\/\\\/beautytherapy.absolution-cosmetics.com\\\/fr\\\/prendre-soin-de-sa-peau\\\/avant-apres-le-masque-du-temps-redensifiant-soin-de-nuit-pro-age\\\/#article\",\"isPartOf\":{\"@id\":\"https:\\\/\\\/beautytherapy.absolution-cosmetics.com\\\/fr\\\/prendre-soin-de-sa-peau\\\/avant-apres-le-masque-du-temps-redensifiant-soin-de-nuit-pro-age\\\/\"},\"author\":{\"name\":\"Edito Beauty Therapy\",\"@id\":\"https:\\\/\\\/beautytherapy.absolution-cosmetics.com\\\/fr\\\/#\\\/schema\\\/person\\\/39fa4ed518c548c2f2b7d6a399786b66\"},\"headline\":\"Avant\\\/apr\u00e8s : Le Masque du Temps Redensifiant, soin de nuit pro-\u00e2ge\",\"datePublished\":\"2024-02-01T15:26:00+00:00\",\"dateModified\":\"2024-04-19T16:12:55+00:00\",\"mainEntityOfPage\":{\"@id\":\"https:\\\/\\\/beautytherapy.absolution-cosmetics.com\\\/fr\\\/prendre-soin-de-sa-peau\\\/avant-apres-le-masque-du-temps-redensifiant-soin-de-nuit-pro-age\\\/\"},\"wordCount\":545,\"commentCount\":0,\"publisher\":{\"@id\":\"https:\\\/\\\/beautytherapy.absolution-cosmetics.com\\\/fr\\\/#organization\"},\"image\":{\"@id\":\"https:\\\/\\\/beautytherapy.absolution-cosmetics.com\\\/fr\\\/prendre-soin-de-sa-peau\\\/avant-apres-le-masque-du-temps-redensifiant-soin-de-nuit-pro-age\\\/#primaryimage\"},\"thumbnailUrl\":\"https:\\\/\\\/beautytherapy.absolution-cosmetics.com\\\/wp-content\\\/uploads\\\/2024\\\/02\\\/masque_du_temps_web_absolution_07-1152x710-c.jpg\",\"keywords\":[\"Masques\",\"Peau mature\"],\"articleSection\":[\"Bons gestes\",\"Nouveaut\u00e9s\",\"Prendre soin de sa peau\",\"Rituels\"],\"inLanguage\":\"fr-FR\",\"potentialAction\":[{\"@type\":\"CommentAction\",\"name\":\"Comment\",\"target\":[\"https:\\\/\\\/beautytherapy.absolution-cosmetics.com\\\/fr\\\/prendre-soin-de-sa-peau\\\/avant-apres-le-masque-du-temps-redensifiant-soin-de-nuit-pro-age\\\/#respond\"]}]},{\"@type\":\"WebPage\",\"@id\":\"https:\\\/\\\/beautytherapy.absolution-cosmetics.com\\\/fr\\\/prendre-soin-de-sa-peau\\\/avant-apres-le-masque-du-temps-redensifiant-soin-de-nuit-pro-age\\\/\",\"url\":\"https:\\\/\\\/beautytherapy.absolution-cosmetics.com\\\/fr\\\/prendre-soin-de-sa-peau\\\/avant-apres-le-masque-du-temps-redensifiant-soin-de-nuit-pro-age\\\/\",\"name\":\"Avant\\\/apr\u00e8s : Le Masque du Temps Redensifiant, soin de nuit pro-\u00e2ge - Beauty Therapy\",\"isPartOf\":{\"@id\":\"https:\\\/\\\/beautytherapy.absolution-cosmetics.com\\\/fr\\\/#website\"},\"primaryImageOfPage\":{\"@id\":\"https:\\\/\\\/beautytherapy.absolution-cosmetics.com\\\/fr\\\/prendre-soin-de-sa-peau\\\/avant-apres-le-masque-du-temps-redensifiant-soin-de-nuit-pro-age\\\/#primaryimage\"},\"image\":{\"@id\":\"https:\\\/\\\/beautytherapy.absolution-cosmetics.com\\\/fr\\\/prendre-soin-de-sa-peau\\\/avant-apres-le-masque-du-temps-redensifiant-soin-de-nuit-pro-age\\\/#primaryimage\"},\"thumbnailUrl\":\"https:\\\/\\\/beautytherapy.absolution-cosmetics.com\\\/wp-content\\\/uploads\\\/2024\\\/02\\\/masque_du_temps_web_absolution_07-1152x710-c.jpg\",\"datePublished\":\"2024-02-01T15:26:00+00:00\",\"dateModified\":\"2024-04-19T16:12:55+00:00\",\"description\":\"Notre Masque du Temps Redensifiant contient un complexe de Peptides de Lupin, de Criste Marine, de Coenzyme Q10, de Ginseng et de 13 autres extraits v\u00e9g\u00e9taux aux vertus raffermissantes, lissantes et redensifiantes. Tient-il ses promesses ? Nous l'avons fait tester \u00e0 nos clientes pendant un mois en suivant un protocole simple et rapide \u00e0 int\u00e9grer \u00e0 n'importe quelle routine.\",\"breadcrumb\":{\"@id\":\"https:\\\/\\\/beautytherapy.absolution-cosmetics.com\\\/fr\\\/prendre-soin-de-sa-peau\\\/avant-apres-le-masque-du-temps-redensifiant-soin-de-nuit-pro-age\\\/#breadcrumb\"},\"inLanguage\":\"fr-FR\",\"potentialAction\":[{\"@type\":\"ReadAction\",\"target\":[\"https:\\\/\\\/beautytherapy.absolution-cosmetics.com\\\/fr\\\/prendre-soin-de-sa-peau\\\/avant-apres-le-masque-du-temps-redensifiant-soin-de-nuit-pro-age\\\/\"]}]},{\"@type\":\"ImageObject\",\"inLanguage\":\"fr-FR\",\"@id\":\"https:\\\/\\\/beautytherapy.absolution-cosmetics.com\\\/fr\\\/prendre-soin-de-sa-peau\\\/avant-apres-le-masque-du-temps-redensifiant-soin-de-nuit-pro-age\\\/#primaryimage\",\"url\":\"https:\\\/\\\/beautytherapy.absolution-cosmetics.com\\\/wp-content\\\/uploads\\\/2024\\\/02\\\/masque_du_temps_web_absolution_07-1152x710-c.jpg\",\"contentUrl\":\"https:\\\/\\\/beautytherapy.absolution-cosmetics.com\\\/wp-content\\\/uploads\\\/2024\\\/02\\\/masque_du_temps_web_absolution_07-1152x710-c.jpg\",\"width\":1152,\"height\":710},{\"@type\":\"BreadcrumbList\",\"@id\":\"https:\\\/\\\/beautytherapy.absolution-cosmetics.com\\\/fr\\\/prendre-soin-de-sa-peau\\\/avant-apres-le-masque-du-temps-redensifiant-soin-de-nuit-pro-age\\\/#breadcrumb\",\"itemListElement\":[{\"@type\":\"ListItem\",\"position\":1,\"name\":\"Home\",\"item\":\"https:\\\/\\\/beautytherapy.absolution-cosmetics.com\\\/fr\\\/\"},{\"@type\":\"ListItem\",\"position\":2,\"name\":\"Prendre soin de sa peau\",\"item\":\"https:\\\/\\\/beautytherapy.absolution-cosmetics.com\\\/fr\\\/prendre-soin-de-sa-peau\\\/\"},{\"@type\":\"ListItem\",\"position\":3,\"name\":\"Avant\\\/apr\u00e8s : Le Masque du Temps Redensifiant, soin de nuit pro-\u00e2ge\"}]},{\"@type\":\"WebSite\",\"@id\":\"https:\\\/\\\/beautytherapy.absolution-cosmetics.com\\\/fr\\\/#website\",\"url\":\"https:\\\/\\\/beautytherapy.absolution-cosmetics.com\\\/fr\\\/\",\"name\":\"Beauty Therapy\",\"description\":\"\",\"publisher\":{\"@id\":\"https:\\\/\\\/beautytherapy.absolution-cosmetics.com\\\/fr\\\/#organization\"},\"inLanguage\":\"fr-FR\"},{\"@type\":\"Organization\",\"@id\":\"https:\\\/\\\/beautytherapy.absolution-cosmetics.com\\\/fr\\\/#organization\",\"name\":\"Beauty Therapy\",\"url\":\"https:\\\/\\\/beautytherapy.absolution-cosmetics.com\\\/fr\\\/\",\"logo\":{\"@type\":\"ImageObject\",\"inLanguage\":\"fr-FR\",\"@id\":\"https:\\\/\\\/beautytherapy.absolution-cosmetics.com\\\/fr\\\/#\\\/schema\\\/logo\\\/image\\\/\",\"url\":\"https:\\\/\\\/beautytherapy.absolution-cosmetics.com\\\/wp-content\\\/uploads\\\/2020\\\/02\\\/beauty-therapy-logo.png\",\"contentUrl\":\"https:\\\/\\\/beautytherapy.absolution-cosmetics.com\\\/wp-content\\\/uploads\\\/2020\\\/02\\\/beauty-therapy-logo.png\",\"width\":424,\"height\":212,\"caption\":\"Beauty Therapy\"},\"image\":{\"@id\":\"https:\\\/\\\/beautytherapy.absolution-cosmetics.com\\\/fr\\\/#\\\/schema\\\/logo\\\/image\\\/\"}},{\"@type\":\"Person\",\"@id\":\"https:\\\/\\\/beautytherapy.absolution-cosmetics.com\\\/fr\\\/#\\\/schema\\\/person\\\/39fa4ed518c548c2f2b7d6a399786b66\",\"name\":\"Edito Beauty Therapy\",\"description\":\"L\u2019objectif d\u2019Absolution est \u00e0 la fois tout simple et merveilleusement complexe : retrouver la Beaut\u00e9 ! Celle du monde qui nous entoure, celle du monde que l\u2019on contient... celle qui se cache dans votre reflet le matin ! Les soins Absolution effacent les scories de nos vies d\u2019urbains : chaque jour ils offrent \u00e0 notre peau un retour \u00e0 sa beaut\u00e9 originelle en restaurant son \u00e9cosyst\u00e8me naturel et en l\u2019amenant \u00e0 son \u00e9tat optimum. \u00c9labor\u00e9e \u00e0 partir d\u2019extraits v\u00e9g\u00e9taux certifi\u00e9s bio ou sauvages, de min\u00e9raux et de vitamines, Absolution allie d\u00e9licatesse des textures et des senteurs, simplicit\u00e9 d\u2019utilisation et totale efficacit\u00e9 des formules. Absolution c\u2019est aussi une volont\u00e9 : celle de transmettre une fa\u00e7on de voir le monde qui fait \u00e9merger la beaut\u00e9 partout o\u00f9 elle est. Partagez-la avec nous ! @absolution_cosmetics #absolutioncosmetics #retrouverlabeaut\u00e9\",\"sameAs\":[\"https:\\\/\\\/www.absolution-cosmetics.com\\\/fr\\\/\",\"https:\\\/\\\/www.facebook.com\\\/absolutioncosmetics\",\"https:\\\/\\\/www.instagram.com\\\/absolution_cosmetics\\\/\"],\"url\":\"https:\\\/\\\/beautytherapy.absolution-cosmetics.com\\\/fr\\\/author\\\/l-equipe-absolution\\\/\"}]}<\/script>\n<!-- \/ Yoast SEO plugin. -->","yoast_head_json":{"title":"Avant\/apr\u00e8s : Le Masque du Temps Redensifiant, soin de nuit pro-\u00e2ge - Beauty Therapy","description":"Notre Masque du Temps Redensifiant contient un complexe de Peptides de Lupin, de Criste Marine, de Coenzyme Q10, de Ginseng et de 13 autres extraits v\u00e9g\u00e9taux aux vertus raffermissantes, lissantes et redensifiantes. Tient-il ses promesses ? Nous l'avons fait tester \u00e0 nos clientes pendant un mois en suivant un protocole simple et rapide \u00e0 int\u00e9grer \u00e0 n'importe quelle routine.","robots":{"index":"index","follow":"follow","max-snippet":"max-snippet:-1","max-image-preview":"max-image-preview:large","max-video-preview":"max-video-preview:-1"},"canonical":"https:\/\/beautytherapy.absolution-cosmetics.com\/fr\/prendre-soin-de-sa-peau\/avant-apres-le-masque-du-temps-redensifiant-soin-de-nuit-pro-age\/","og_locale":"fr_FR","og_type":"article","og_title":"Avant\/apr\u00e8s : Le Masque du Temps Redensifiant, soin de nuit pro-\u00e2ge - Beauty Therapy","og_description":"Notre Masque du Temps Redensifiant contient un complexe de Peptides de Lupin, de Criste Marine, de Coenzyme Q10, de Ginseng et de 13 autres extraits v\u00e9g\u00e9taux aux vertus raffermissantes, lissantes et redensifiantes. Tient-il ses promesses ? Nous l'avons fait tester \u00e0 nos clientes pendant un mois en suivant un protocole simple et rapide \u00e0 int\u00e9grer \u00e0 n'importe quelle routine.","og_url":"https:\/\/beautytherapy.absolution-cosmetics.com\/fr\/prendre-soin-de-sa-peau\/avant-apres-le-masque-du-temps-redensifiant-soin-de-nuit-pro-age\/","og_site_name":"Beauty Therapy","article_author":"https:\/\/www.facebook.com\/absolutioncosmetics","article_published_time":"2024-02-01T15:26:00+00:00","article_modified_time":"2024-04-19T16:12:55+00:00","og_image":[{"width":1152,"height":710,"url":"https:\/\/beautytherapy.absolution-cosmetics.com\/wp-content\/uploads\/2024\/02\/masque_du_temps_web_absolution_07-1152x710-c.jpg","type":"image\/jpeg"}],"author":"Edito Beauty Therapy","twitter_card":"summary_large_image","twitter_misc":{"\u00c9crit par":"Edito Beauty Therapy","Dur\u00e9e de lecture estim\u00e9e":"4 minutes"},"schema":{"@context":"https:\/\/schema.org","@graph":[{"@type":"Article","@id":"https:\/\/beautytherapy.absolution-cosmetics.com\/fr\/prendre-soin-de-sa-peau\/avant-apres-le-masque-du-temps-redensifiant-soin-de-nuit-pro-age\/#article","isPartOf":{"@id":"https:\/\/beautytherapy.absolution-cosmetics.com\/fr\/prendre-soin-de-sa-peau\/avant-apres-le-masque-du-temps-redensifiant-soin-de-nuit-pro-age\/"},"author":{"name":"Edito Beauty Therapy","@id":"https:\/\/beautytherapy.absolution-cosmetics.com\/fr\/#\/schema\/person\/39fa4ed518c548c2f2b7d6a399786b66"},"headline":"Avant\/apr\u00e8s : Le Masque du Temps Redensifiant, soin de nuit pro-\u00e2ge","datePublished":"2024-02-01T15:26:00+00:00","dateModified":"2024-04-19T16:12:55+00:00","mainEntityOfPage":{"@id":"https:\/\/beautytherapy.absolution-cosmetics.com\/fr\/prendre-soin-de-sa-peau\/avant-apres-le-masque-du-temps-redensifiant-soin-de-nuit-pro-age\/"},"wordCount":545,"commentCount":0,"publisher":{"@id":"https:\/\/beautytherapy.absolution-cosmetics.com\/fr\/#organization"},"image":{"@id":"https:\/\/beautytherapy.absolution-cosmetics.com\/fr\/prendre-soin-de-sa-peau\/avant-apres-le-masque-du-temps-redensifiant-soin-de-nuit-pro-age\/#primaryimage"},"thumbnailUrl":"https:\/\/beautytherapy.absolution-cosmetics.com\/wp-content\/uploads\/2024\/02\/masque_du_temps_web_absolution_07-1152x710-c.jpg","keywords":["Masques","Peau mature"],"articleSection":["Bons gestes","Nouveaut\u00e9s","Prendre soin de sa peau","Rituels"],"inLanguage":"fr-FR","potentialAction":[{"@type":"CommentAction","name":"Comment","target":["https:\/\/beautytherapy.absolution-cosmetics.com\/fr\/prendre-soin-de-sa-peau\/avant-apres-le-masque-du-temps-redensifiant-soin-de-nuit-pro-age\/#respond"]}]},{"@type":"WebPage","@id":"https:\/\/beautytherapy.absolution-cosmetics.com\/fr\/prendre-soin-de-sa-peau\/avant-apres-le-masque-du-temps-redensifiant-soin-de-nuit-pro-age\/","url":"https:\/\/beautytherapy.absolution-cosmetics.com\/fr\/prendre-soin-de-sa-peau\/avant-apres-le-masque-du-temps-redensifiant-soin-de-nuit-pro-age\/","name":"Avant\/apr\u00e8s : Le Masque du Temps Redensifiant, soin de nuit pro-\u00e2ge - Beauty Therapy","isPartOf":{"@id":"https:\/\/beautytherapy.absolution-cosmetics.com\/fr\/#website"},"primaryImageOfPage":{"@id":"https:\/\/beautytherapy.absolution-cosmetics.com\/fr\/prendre-soin-de-sa-peau\/avant-apres-le-masque-du-temps-redensifiant-soin-de-nuit-pro-age\/#primaryimage"},"image":{"@id":"https:\/\/beautytherapy.absolution-cosmetics.com\/fr\/prendre-soin-de-sa-peau\/avant-apres-le-masque-du-temps-redensifiant-soin-de-nuit-pro-age\/#primaryimage"},"thumbnailUrl":"https:\/\/beautytherapy.absolution-cosmetics.com\/wp-content\/uploads\/2024\/02\/masque_du_temps_web_absolution_07-1152x710-c.jpg","datePublished":"2024-02-01T15:26:00+00:00","dateModified":"2024-04-19T16:12:55+00:00","description":"Notre Masque du Temps Redensifiant contient un complexe de Peptides de Lupin, de Criste Marine, de Coenzyme Q10, de Ginseng et de 13 autres extraits v\u00e9g\u00e9taux aux vertus raffermissantes, lissantes et redensifiantes. Tient-il ses promesses ? Nous l'avons fait tester \u00e0 nos clientes pendant un mois en suivant un protocole simple et rapide \u00e0 int\u00e9grer \u00e0 n'importe quelle routine.","breadcrumb":{"@id":"https:\/\/beautytherapy.absolution-cosmetics.com\/fr\/prendre-soin-de-sa-peau\/avant-apres-le-masque-du-temps-redensifiant-soin-de-nuit-pro-age\/#breadcrumb"},"inLanguage":"fr-FR","potentialAction":[{"@type":"ReadAction","target":["https:\/\/beautytherapy.absolution-cosmetics.com\/fr\/prendre-soin-de-sa-peau\/avant-apres-le-masque-du-temps-redensifiant-soin-de-nuit-pro-age\/"]}]},{"@type":"ImageObject","inLanguage":"fr-FR","@id":"https:\/\/beautytherapy.absolution-cosmetics.com\/fr\/prendre-soin-de-sa-peau\/avant-apres-le-masque-du-temps-redensifiant-soin-de-nuit-pro-age\/#primaryimage","url":"https:\/\/beautytherapy.absolution-cosmetics.com\/wp-content\/uploads\/2024\/02\/masque_du_temps_web_absolution_07-1152x710-c.jpg","contentUrl":"https:\/\/beautytherapy.absolution-cosmetics.com\/wp-content\/uploads\/2024\/02\/masque_du_temps_web_absolution_07-1152x710-c.jpg","width":1152,"height":710},{"@type":"BreadcrumbList","@id":"https:\/\/beautytherapy.absolution-cosmetics.com\/fr\/prendre-soin-de-sa-peau\/avant-apres-le-masque-du-temps-redensifiant-soin-de-nuit-pro-age\/#breadcrumb","itemListElement":[{"@type":"ListItem","position":1,"name":"Home","item":"https:\/\/beautytherapy.absolution-cosmetics.com\/fr\/"},{"@type":"ListItem","position":2,"name":"Prendre soin de sa peau","item":"https:\/\/beautytherapy.absolution-cosmetics.com\/fr\/prendre-soin-de-sa-peau\/"},{"@type":"ListItem","position":3,"name":"Avant\/apr\u00e8s : Le Masque du Temps Redensifiant, soin de nuit pro-\u00e2ge"}]},{"@type":"WebSite","@id":"https:\/\/beautytherapy.absolution-cosmetics.com\/fr\/#website","url":"https:\/\/beautytherapy.absolution-cosmetics.com\/fr\/","name":"Beauty Therapy","description":"","publisher":{"@id":"https:\/\/beautytherapy.absolution-cosmetics.com\/fr\/#organization"},"inLanguage":"fr-FR"},{"@type":"Organization","@id":"https:\/\/beautytherapy.absolution-cosmetics.com\/fr\/#organization","name":"Beauty Therapy","url":"https:\/\/beautytherapy.absolution-cosmetics.com\/fr\/","logo":{"@type":"ImageObject","inLanguage":"fr-FR","@id":"https:\/\/beautytherapy.absolution-cosmetics.com\/fr\/#\/schema\/logo\/image\/","url":"https:\/\/beautytherapy.absolution-cosmetics.com\/wp-content\/uploads\/2020\/02\/beauty-therapy-logo.png","contentUrl":"https:\/\/beautytherapy.absolution-cosmetics.com\/wp-content\/uploads\/2020\/02\/beauty-therapy-logo.png","width":424,"height":212,"caption":"Beauty Therapy"},"image":{"@id":"https:\/\/beautytherapy.absolution-cosmetics.com\/fr\/#\/schema\/logo\/image\/"}},{"@type":"Person","@id":"https:\/\/beautytherapy.absolution-cosmetics.com\/fr\/#\/schema\/person\/39fa4ed518c548c2f2b7d6a399786b66","name":"Edito Beauty Therapy","description":"L\u2019objectif d\u2019Absolution est \u00e0 la fois tout simple et merveilleusement complexe : retrouver la Beaut\u00e9 ! Celle du monde qui nous entoure, celle du monde que l\u2019on contient... celle qui se cache dans votre reflet le matin ! Les soins Absolution effacent les scories de nos vies d\u2019urbains : chaque jour ils offrent \u00e0 notre peau un retour \u00e0 sa beaut\u00e9 originelle en restaurant son \u00e9cosyst\u00e8me naturel et en l\u2019amenant \u00e0 son \u00e9tat optimum. \u00c9labor\u00e9e \u00e0 partir d\u2019extraits v\u00e9g\u00e9taux certifi\u00e9s bio ou sauvages, de min\u00e9raux et de vitamines, Absolution allie d\u00e9licatesse des textures et des senteurs, simplicit\u00e9 d\u2019utilisation et totale efficacit\u00e9 des formules. Absolution c\u2019est aussi une volont\u00e9 : celle de transmettre une fa\u00e7on de voir le monde qui fait \u00e9merger la beaut\u00e9 partout o\u00f9 elle est. Partagez-la avec nous ! @absolution_cosmetics #absolutioncosmetics #retrouverlabeaut\u00e9","sameAs":["https:\/\/www.absolution-cosmetics.com\/fr\/","https:\/\/www.facebook.com\/absolutioncosmetics","https:\/\/www.instagram.com\/absolution_cosmetics\/"],"url":"https:\/\/beautytherapy.absolution-cosmetics.com\/fr\/author\/l-equipe-absolution\/"}]}},"_links":{"self":[{"href":"https:\/\/beautytherapy.absolution-cosmetics.com\/fr\/wp-json\/wp\/v2\/posts\/15859","targetHints":{"allow":["GET"]}}],"collection":[{"href":"https:\/\/beautytherapy.absolution-cosmetics.com\/fr\/wp-json\/wp\/v2\/posts"}],"about":[{"href":"https:\/\/beautytherapy.absolution-cosmetics.com\/fr\/wp-json\/wp\/v2\/types\/post"}],"author":[{"embeddable":true,"href":"https:\/\/beautytherapy.absolution-cosmetics.com\/fr\/wp-json\/wp\/v2\/users\/24"}],"replies":[{"embeddable":true,"href":"https:\/\/beautytherapy.absolution-cosmetics.com\/fr\/wp-json\/wp\/v2\/comments?post=15859"}],"version-history":[{"count":53,"href":"https:\/\/beautytherapy.absolution-cosmetics.com\/fr\/wp-json\/wp\/v2\/posts\/15859\/revisions"}],"predecessor-version":[{"id":19952,"href":"https:\/\/beautytherapy.absolution-cosmetics.com\/fr\/wp-json\/wp\/v2\/posts\/15859\/revisions\/19952"}],"wp:featuredmedia":[{"embeddable":true,"href":"https:\/\/beautytherapy.absolution-cosmetics.com\/fr\/wp-json\/wp\/v2\/media\/16326"}],"wp:attachment":[{"href":"https:\/\/beautytherapy.absolution-cosmetics.com\/fr\/wp-json\/wp\/v2\/media?parent=15859"}],"wp:term":[{"taxonomy":"category","embeddable":true,"href":"https:\/\/beautytherapy.absolution-cosmetics.com\/fr\/wp-json\/wp\/v2\/categories?post=15859"},{"taxonomy":"post_tag","embeddable":true,"href":"https:\/\/beautytherapy.absolution-cosmetics.com\/fr\/wp-json\/wp\/v2\/tags?post=15859"}],"curies":[{"name":"wp","href":"https:\/\/api.w.org\/{rel}","templated":true}]}}