{"id":1717,"date":"2020-11-12T15:00:51","date_gmt":"2020-11-12T14:00:51","guid":{"rendered":"https:\/\/beautytherapy.absolution-cosmetics.com\/?p=1717"},"modified":"2024-02-01T15:59:25","modified_gmt":"2024-02-01T14:59:25","slug":"beauty-interview-avec-clementine-levy","status":"publish","type":"post","link":"https:\/\/beautytherapy.absolution-cosmetics.com\/fr\/notre-actualite\/rencontres\/beauty-interview-avec-clementine-levy\/","title":{"rendered":"Beauty interview avec Cl\u00e9mentine L\u00e9vy : \u00ab\u00a0Le plus important pour se sentir Belle, c\u2019est d\u2019\u00eatre bien entour\u00e9e\u00a0\u00bb"},"content":{"rendered":"<section class=\"block-grid-wrapper block-grid-for-core-paragraph\">\n      <div class=\"default-editor-content grid-for-core-paragraph container-fluid container-px-1\">\n        <div class=\"row row-cols-1 align-center\">\n          <div class=\"cell\">\n            \n<p class=\"has-text-align-center\"><strong><em>Avec son m\u00e9tier de designer floral, Cl\u00e9mentine L\u00e9vy aborde le Beau au quotidien, \u00e0 travers les fleurs, leurs couleurs, leurs senteurs. Mais c&rsquo;est une belle personne tout court, bien au-del\u00e0 de son m\u00e9tier. Avec son nouveau r\u00f4le de maman, Cl\u00e9mentine d\u00e9couvre que le Beau peut se cacher dans les sensations nouvelles de la maternit\u00e9, dans les bonnes ondes que ses proches lui procurent, dans les \u00e9changes sur les r\u00e9seaux sociaux. M\u00eame les pivoines, ses fleurs pr\u00e9f\u00e9r\u00e9es \u00e0 l&rsquo;origine de tellement de choses dans sa vie, sont la plus belle m\u00e9taphore de sa vie, belle de jour en jour. <\/em><\/strong><\/p>\n          <\/div>\n        <\/div>\n      <\/div>\n\n      <\/section>\n\n<section class=\"block-grid-wrapper block-grid-for-core-heading\">\n      <div class=\"default-editor-content grid-for-core-heading container-fluid container-px-1\">\n        <div class=\"row row-cols-1 align-center\">\n          <div class=\"cell\">\n            \n<h2 class=\"has-text-align-center wp-block-heading\"><em><strong>Raconte-nous la derni\u00e8re fois que la Beaut\u00e9 t&rsquo;a fait du bien, t\u2019a soign\u00e9e ?&nbsp;<\/strong>&nbsp;<\/em><\/h2>\n          <\/div>\n        <\/div>\n      <\/div>\n\n      <\/section>\n\n<section class=\"block-grid-wrapper block-grid-for-core-paragraph\">\n      <div class=\"default-editor-content grid-for-core-paragraph container-fluid container-px-1\">\n        <div class=\"row row-cols-1 align-center\">\n          <div class=\"cell\">\n            \n<p>La derni\u00e8re fois que la Beaut\u00e9 m\u2019a fait du bien, je peux dire que c\u2019est gr\u00e2ce \u00e0 Instagram. Je suis tomb\u00e9e sur une toile que j\u2019adore, de Botticelli, qui s\u2019appelle Le Printemps. J\u2019ai eu la chance de la voir \u00e0 Florence, il y a presque deux ans. Pour moi, \u00e7a a \u00e9t\u00e9 une r\u00e9v\u00e9lation, je suis reste une heure devant cette \u0153uvre, je la trouve tellement douce et belle, \u00e7a m\u2019a fait beaucoup de bien de la revoir. On a tous des moments up and down, alors revoir de belles choses comme cette peinture, \u00e7a fait un bien fou.&nbsp;<\/p>\n          <\/div>\n        <\/div>\n      <\/div>\n\n      <\/section>\n\n<section class=\"block-grid-wrapper block-grid-for-core-quote\">\n      <div class=\"default-editor-content grid-for-core-quote container-fluid container-px-1\">\n        <div class=\"row row-cols-1 align-center\">\n          <div class=\"cell\">\n            \n<blockquote class=\"wp-block-quote is-layout-flow wp-block-quote-is-layout-flow\"><p><strong>Quand je pense au mot Beaut\u00e9, je pense \u00e0 des pivoines. Plus pr\u00e9cis\u00e9ment sur leur fin de vie\u2026 <\/strong><\/p><cite><em>Cl\u00e9mentine L\u00e9vy<\/em><\/cite><\/blockquote>\n          <\/div>\n        <\/div>\n      <\/div>\n\n      <\/section>\n\n<section class=\"block-grid-wrapper block-grid-for-core-html\">\n      <div class=\"default-editor-content grid-for-core-html container-fluid container-px-1\">\n        <div class=\"row row-cols-1 align-center\">\n          <div class=\"cell\">\n            \n<iframe loading=\"lazy\" width=\"560\" height=\"315\" src=\"https:\/\/www.youtube.com\/embed\/YLtc6-14mLE\" frameborder=\"0\" allow=\"accelerometer; autoplay; clipboard-write; encrypted-media; gyroscope; picture-in-picture\" allowfullscreen><\/iframe>\n          <\/div>\n        <\/div>\n      <\/div>\n\n      <\/section>\n\n<section class=\"block-grid-wrapper block-grid-for-core-heading\">\n      <div class=\"default-editor-content grid-for-core-heading container-fluid container-px-1\">\n        <div class=\"row row-cols-1 align-center\">\n          <div class=\"cell\">\n            \n<h2 class=\"has-text-align-center wp-block-heading\"><strong><em>Comment ajoutes-tu de la Beaut\u00e9 au monde ?&nbsp;<\/em><\/strong><\/h2>\n          <\/div>\n        <\/div>\n      <\/div>\n\n      <\/section>\n\n<section class=\"block-grid-wrapper block-grid-for-core-paragraph\">\n      <div class=\"default-editor-content grid-for-core-paragraph container-fluid container-px-1\">\n        <div class=\"row row-cols-1 align-center\">\n          <div class=\"cell\">\n            \n<p>J\u2019essaie d\u2019ajouter de la Beaut\u00e9 au monde aussi modestement que possible par mon m\u00e9tier de designer floral. Un m\u00e9tier que j\u2019aime par-dessus tout, que je fais maintenant depuis 4 ans. En faisant des compositions florales, en les postant sur mes r\u00e9seaux, j\u2019esp\u00e8re que les gens trouvent \u00e7a Beau et \u00e7a leur apporte un petit quelque chose \u00e0 leurs journ\u00e9es.&nbsp;<\/p>\n          <\/div>\n        <\/div>\n      <\/div>\n\n      <\/section>\n\n<section class=\"block-grid-wrapper block-grid-for-core-image\">\n      <div class=\"default-editor-content grid-for-core-image container-fluid container-px-1\">\n        <div class=\"row row-cols-1 align-center\">\n          <div class=\"cell\">\n            \n<div class=\"wp-block-image\"><figure class=\"aligncenter size-large is-resized\"><img loading=\"lazy\" decoding=\"async\" src=\"https:\/\/beautytherapy.absolution-cosmetics.com\/wp-content\/uploads\/2020\/06\/img_5495-768x1024.jpg\" alt=\"\" class=\"wp-image-1718\" width=\"576\" height=\"768\"\/><\/figure><\/div>\n          <\/div>\n        <\/div>\n      <\/div>\n\n      <\/section>\n\n<section class=\"block-grid-wrapper block-grid-for-core-heading\">\n      <div class=\"default-editor-content grid-for-core-heading container-fluid container-px-1\">\n        <div class=\"row row-cols-1 align-center\">\n          <div class=\"cell\">\n            \n<h2 class=\"has-text-align-center wp-block-heading\"><strong><em>Si je te dis Beaut\u00e9, tu penses \u00e0&#8230; ?<\/em><\/strong><\/h2>\n          <\/div>\n        <\/div>\n      <\/div>\n\n      <\/section>\n\n<section class=\"block-grid-wrapper block-grid-for-core-paragraph\">\n      <div class=\"default-editor-content grid-for-core-paragraph container-fluid container-px-1\">\n        <div class=\"row row-cols-1 align-center\">\n          <div class=\"cell\">\n            \n<p>Quand je pense au mot Beaut\u00e9, je pense \u00e0 des pivoines. Plus pr\u00e9cis\u00e9ment sur leur fin de vie\u2026 C\u2019est le moment o\u00f9 elles ont leurs plus belles couleurs. Au d\u00e9part, elles sont tr\u00e8s vives, corail, orang\u00e9es, rouges, et au bout de quelques jours, elles se subliment, elles deviennent beaucoup plus pastels, rose pale, jaune. Pour moi, c\u2019est l\u2019une des plus belles phases de fleurs qui existe. Et je trouve \u00e7a Beau qu\u2019elles soient belles sur la fin de leur vie, c\u2019est la plus belle chose qui soit&nbsp;!&nbsp;<\/p>\n          <\/div>\n        <\/div>\n      <\/div>\n\n      <\/section>\n\n<section class=\"block-grid-wrapper block-grid-for-core-heading\">\n      <div class=\"default-editor-content grid-for-core-heading container-fluid container-px-1\">\n        <div class=\"row row-cols-1 align-center\">\n          <div class=\"cell\">\n            \n<h2 class=\"has-text-align-center wp-block-heading\"><strong><em>Crois-tu que la Beaut\u00e9 nous sauvera ? Comment ?&nbsp;<\/em><\/strong><\/h2>\n          <\/div>\n        <\/div>\n      <\/div>\n\n      <\/section>\n\n<section class=\"block-grid-wrapper block-grid-for-core-paragraph\">\n      <div class=\"default-editor-content grid-for-core-paragraph container-fluid container-px-1\">\n        <div class=\"row row-cols-1 align-center\">\n          <div class=\"cell\">\n            \n<p>J\u2019esp\u00e8re que la Beaut\u00e9 nous sauvera, je le souhaite de tout c\u0153ur&nbsp;! Ce qui est s\u00fbr, c\u2019est que la Beaut\u00e9, on en a besoin au quotidien. J\u2019esp\u00e8re que \u00e7a va prendre le pas sur tout le reste et que c\u2019est la Beaut\u00e9 qui gagnera, toujours.&nbsp;<\/p>\n          <\/div>\n        <\/div>\n      <\/div>\n\n      <\/section>\n\n<section class=\"block-grid-wrapper block-grid-for-core-heading\">\n      <div class=\"default-editor-content grid-for-core-heading container-fluid container-px-1\">\n        <div class=\"row row-cols-1 align-center\">\n          <div class=\"cell\">\n            \n<h2 class=\"has-text-align-center wp-block-heading\"><strong><em>Qu&rsquo;est-ce qui t&rsquo;a \u00e9merveill\u00e9 pour la premi\u00e8re fois enfant ? T&rsquo;en souviens-tu ?<\/em><\/strong><\/h2>\n          <\/div>\n        <\/div>\n      <\/div>\n\n      <\/section>\n\n<section class=\"block-grid-wrapper block-grid-for-core-paragraph\">\n      <div class=\"default-editor-content grid-for-core-paragraph container-fluid container-px-1\">\n        <div class=\"row row-cols-1 align-center\">\n          <div class=\"cell\">\n            \n<p>La premi\u00e8re chose qui m\u2019a \u00e9merveill\u00e9e enfant, c\u2019\u00e9tait un dessin anim\u00e9 je crois. Je n\u2019en ai pas un seul en t\u00eate, car mon papa est geek et il m\u2019en a fait voir des centaines. J\u2019\u00e9tais boulimique de tous ces films. Il \u00e9tait pirate d\u2019Internet et il m\u2019en t\u00e9l\u00e9chargeait plein\u2026 Les premiers \u00e9merveillements sont venus de la magie de ces dessins anim\u00e9s, c\u2019est s\u00fbr.&nbsp;<\/p>\n          <\/div>\n        <\/div>\n      <\/div>\n\n      <\/section>\n\n<section class=\"block-grid-wrapper block-grid-for-core-html\">\n      <div class=\"default-editor-content grid-for-core-html container-fluid container-px-1\">\n        <div class=\"row row-cols-1 align-center\">\n          <div class=\"cell\">\n            \n<blockquote class=\"instagram-media\" data-instgrm-permalink=\"https:\/\/www.instagram.com\/p\/B-1V6lsK2Ry\/?utm_source=ig_embed&amp;utm_campaign=loading\" data-instgrm-version=\"12\" style=\" background:#FFF; border:0; border-radius:3px; box-shadow:0 0 1px 0 rgba(0,0,0,0.5),0 1px 10px 0 rgba(0,0,0,0.15); margin: 1px; max-width:540px; min-width:326px; padding:0; width:99.375%; width:-webkit-calc(100% - 2px); width:calc(100% - 2px);\"><div style=\"padding:16px;\"> <a href=\"https:\/\/www.instagram.com\/p\/B-1V6lsK2Ry\/?utm_source=ig_embed&amp;utm_campaign=loading\" style=\" background:#FFFFFF; line-height:0; padding:0 0; text-align:center; text-decoration:none; width:100%;\" target=\"_blank\" rel=\"noopener noreferrer\"> <div style=\" display: flex; flex-direction: row; align-items: center;\"> <div style=\"background-color: #F4F4F4; border-radius: 50%; flex-grow: 0; height: 40px; margin-right: 14px; width: 40px;\"><\/div> <div style=\"display: flex; flex-direction: column; flex-grow: 1; justify-content: center;\"> <div style=\" background-color: #F4F4F4; border-radius: 4px; flex-grow: 0; height: 14px; margin-bottom: 6px; width: 100px;\"><\/div> <div style=\" background-color: #F4F4F4; border-radius: 4px; flex-grow: 0; height: 14px; width: 60px;\"><\/div><\/div><\/div><div style=\"padding: 19% 0;\"><\/div> <div style=\"display:block; height:50px; margin:0 auto 12px; width:50px;\"><svg width=\"50px\" height=\"50px\" viewBox=\"0 0 60 60\" version=\"1.1\" xmlns=\"https:\/\/www.w3.org\/2000\/svg\" xmlns:xlink=\"https:\/\/www.w3.org\/1999\/xlink\"><g stroke=\"none\" stroke-width=\"1\" fill=\"none\" fill-rule=\"evenodd\"><g transform=\"translate(-511.000000, -20.000000)\" fill=\"#000000\"><g><path d=\"M556.869,30.41 C554.814,30.41 553.148,32.076 553.148,34.131 C553.148,36.186 554.814,37.852 556.869,37.852 C558.924,37.852 560.59,36.186 560.59,34.131 C560.59,32.076 558.924,30.41 556.869,30.41 M541,60.657 C535.114,60.657 530.342,55.887 530.342,50 C530.342,44.114 535.114,39.342 541,39.342 C546.887,39.342 551.658,44.114 551.658,50 C551.658,55.887 546.887,60.657 541,60.657 M541,33.886 C532.1,33.886 524.886,41.1 524.886,50 C524.886,58.899 532.1,66.113 541,66.113 C549.9,66.113 557.115,58.899 557.115,50 C557.115,41.1 549.9,33.886 541,33.886 M565.378,62.101 C565.244,65.022 564.756,66.606 564.346,67.663 C563.803,69.06 563.154,70.057 562.106,71.106 C561.058,72.155 560.06,72.803 558.662,73.347 C557.607,73.757 556.021,74.244 553.102,74.378 C549.944,74.521 548.997,74.552 541,74.552 C533.003,74.552 532.056,74.521 528.898,74.378 C525.979,74.244 524.393,73.757 523.338,73.347 C521.94,72.803 520.942,72.155 519.894,71.106 C518.846,70.057 518.197,69.06 517.654,67.663 C517.244,66.606 516.755,65.022 516.623,62.101 C516.479,58.943 516.448,57.996 516.448,50 C516.448,42.003 516.479,41.056 516.623,37.899 C516.755,34.978 517.244,33.391 517.654,32.338 C518.197,30.938 518.846,29.942 519.894,28.894 C520.942,27.846 521.94,27.196 523.338,26.654 C524.393,26.244 525.979,25.756 528.898,25.623 C532.057,25.479 533.004,25.448 541,25.448 C548.997,25.448 549.943,25.479 553.102,25.623 C556.021,25.756 557.607,26.244 558.662,26.654 C560.06,27.196 561.058,27.846 562.106,28.894 C563.154,29.942 563.803,30.938 564.346,32.338 C564.756,33.391 565.244,34.978 565.378,37.899 C565.522,41.056 565.552,42.003 565.552,50 C565.552,57.996 565.522,58.943 565.378,62.101 M570.82,37.631 C570.674,34.438 570.167,32.258 569.425,30.349 C568.659,28.377 567.633,26.702 565.965,25.035 C564.297,23.368 562.623,22.342 560.652,21.575 C558.743,20.834 556.562,20.326 553.369,20.18 C550.169,20.033 549.148,20 541,20 C532.853,20 531.831,20.033 528.631,20.18 C525.438,20.326 523.257,20.834 521.349,21.575 C519.376,22.342 517.703,23.368 516.035,25.035 C514.368,26.702 513.342,28.377 512.574,30.349 C511.834,32.258 511.326,34.438 511.181,37.631 C511.035,40.831 511,41.851 511,50 C511,58.147 511.035,59.17 511.181,62.369 C511.326,65.562 511.834,67.743 512.574,69.651 C513.342,71.625 514.368,73.296 516.035,74.965 C517.703,76.634 519.376,77.658 521.349,78.425 C523.257,79.167 525.438,79.673 528.631,79.82 C531.831,79.965 532.853,80.001 541,80.001 C549.148,80.001 550.169,79.965 553.369,79.82 C556.562,79.673 558.743,79.167 560.652,78.425 C562.623,77.658 564.297,76.634 565.965,74.965 C567.633,73.296 568.659,71.625 569.425,69.651 C570.167,67.743 570.674,65.562 570.82,62.369 C570.966,59.17 571,58.147 571,50 C571,41.851 570.966,40.831 570.82,37.631\"><\/path><\/g><\/g><\/g><\/svg><\/div><div style=\"padding-top: 8px;\"> <div style=\" color:#3897f0; font-family:Arial,sans-serif; font-size:14px; font-style:normal; font-weight:550; line-height:18px;\"> Voir cette publication sur Instagram<\/div><\/div><div style=\"padding: 12.5% 0;\"><\/div> <div style=\"display: flex; flex-direction: row; margin-bottom: 14px; align-items: center;\"><div> <div style=\"background-color: #F4F4F4; border-radius: 50%; height: 12.5px; width: 12.5px; transform: translateX(0px) translateY(7px);\"><\/div> <div style=\"background-color: #F4F4F4; height: 12.5px; transform: rotate(-45deg) translateX(3px) translateY(1px); width: 12.5px; flex-grow: 0; margin-right: 14px; margin-left: 2px;\"><\/div> <div style=\"background-color: #F4F4F4; border-radius: 50%; height: 12.5px; width: 12.5px; transform: translateX(9px) translateY(-18px);\"><\/div><\/div><div style=\"margin-left: 8px;\"> <div style=\" background-color: #F4F4F4; border-radius: 50%; flex-grow: 0; height: 20px; width: 20px;\"><\/div> <div style=\" width: 0; height: 0; border-top: 2px solid transparent; border-left: 6px solid #f4f4f4; border-bottom: 2px solid transparent; transform: translateX(16px) translateY(-4px) rotate(30deg)\"><\/div><\/div><div style=\"margin-left: auto;\"> <div style=\" width: 0px; border-top: 8px solid #F4F4F4; border-right: 8px solid transparent; transform: translateY(16px);\"><\/div> <div style=\" background-color: #F4F4F4; flex-grow: 0; height: 12px; width: 16px; transform: translateY(-4px);\"><\/div> <div style=\" width: 0; height: 0; border-top: 8px solid #F4F4F4; border-left: 8px solid transparent; transform: translateY(-4px) translateX(8px);\"><\/div><\/div><\/div> <div style=\"display: flex; flex-direction: column; flex-grow: 1; justify-content: center; margin-bottom: 24px;\"> <div style=\" background-color: #F4F4F4; border-radius: 4px; flex-grow: 0; height: 14px; margin-bottom: 6px; width: 224px;\"><\/div> <div style=\" background-color: #F4F4F4; border-radius: 4px; flex-grow: 0; height: 14px; width: 144px;\"><\/div><\/div><\/a><p style=\" color:#c9c8cd; font-family:Arial,sans-serif; font-size:14px; line-height:17px; margin-bottom:0; margin-top:8px; overflow:hidden; padding:8px 0 7px; text-align:center; text-overflow:ellipsis; white-space:nowrap;\"><a href=\"https:\/\/www.instagram.com\/p\/B-1V6lsK2Ry\/?utm_source=ig_embed&amp;utm_campaign=loading\" style=\" color:#c9c8cd; font-family:Arial,sans-serif; font-size:14px; font-style:normal; font-weight:normal; line-height:17px; text-decoration:none;\" target=\"_blank\" rel=\"noopener noreferrer\">Une publication partag\u00e9e par Cle\u0301mentine Le\u0301vy (@clementinelevy)<\/a> le <time style=\" font-family:Arial,sans-serif; font-size:14px; line-height:17px;\" datetime=\"2020-04-11T08:13:56+00:00\">11 Avril 2020 \u00e0 1 :13 PDT<\/time><\/p><\/div><\/blockquote> <script async=\"\" src=\"\/\/www.instagram.com\/embed.js\"><\/script>\n          <\/div>\n        <\/div>\n      <\/div>\n\n      <\/section>\n\n<section class=\"block-grid-wrapper block-grid-for-core-heading\">\n      <div class=\"default-editor-content grid-for-core-heading container-fluid container-px-1\">\n        <div class=\"row row-cols-1 align-center\">\n          <div class=\"cell\">\n            \n<h2 class=\"has-text-align-center wp-block-heading\"><strong><em>O\u00f9 va se cacher le Beau ? Le beau est-il dans l&rsquo;ordinaire ?<\/em><\/strong><\/h2>\n          <\/div>\n        <\/div>\n      <\/div>\n\n      <\/section>\n\n<section class=\"block-grid-wrapper block-grid-for-core-paragraph\">\n      <div class=\"default-editor-content grid-for-core-paragraph container-fluid container-px-1\">\n        <div class=\"row row-cols-1 align-center\">\n          <div class=\"cell\">\n            \n<p>Savoir o\u00f9 se cache le Beau, \u00e7a rel\u00e8ve d\u2019une question philosophique&nbsp;! C\u2019est tellement subjectif, \u00e7a peut se cacher n\u2019importe o\u00f9, dans n\u2019importe qui, n\u2019importe quoi\u2026 Je crois que \u00e7a d\u00e9pend de son ressenti.&nbsp;<\/p>\n          <\/div>\n        <\/div>\n      <\/div>\n\n      <\/section>\n\n<section class=\"block-grid-wrapper block-grid-for-core-heading\">\n      <div class=\"default-editor-content grid-for-core-heading container-fluid container-px-1\">\n        <div class=\"row row-cols-1 align-center\">\n          <div class=\"cell\">\n            \n<h2 class=\"has-text-align-center wp-block-heading\"><strong><em>Ton mantra, ta philosophie de vie pour te sentir belle et \u00e9panouie, c&rsquo;est quoi ?&nbsp;<\/em><\/strong><\/h2>\n          <\/div>\n        <\/div>\n      <\/div>\n\n      <\/section>\n\n<section class=\"block-grid-wrapper block-grid-for-core-paragraph\">\n      <div class=\"default-editor-content grid-for-core-paragraph container-fluid container-px-1\">\n        <div class=\"row row-cols-1 align-center\">\n          <div class=\"cell\">\n            \n<p>Pour moi, le plus important pour se sentir belle, c\u2019est d\u2019\u00eatre bien entour\u00e9e. Etre avec des gens bienveillants, sinc\u00e8rement, et que ces personnes t\u2019aident \u00e0 te sentir \u00e9panouie. C\u2019est la base.<\/p>\n          <\/div>\n        <\/div>\n      <\/div>\n\n      <\/section>\n\n<section class=\"block-grid-wrapper block-grid-for-core-heading\">\n      <div class=\"default-editor-content grid-for-core-heading container-fluid container-px-1\">\n        <div class=\"row row-cols-1 align-center\">\n          <div class=\"cell\">\n            \n<h2 class=\"has-text-align-center wp-block-heading\"><strong><em>Qu&rsquo;est-ce que t&rsquo;inspire le sentiment de Beaut\u00e9, pourrais-tu le d\u00e9crire ?&nbsp;<\/em><\/strong><\/h2>\n          <\/div>\n        <\/div>\n      <\/div>\n\n      <\/section>\n\n<section class=\"block-grid-wrapper block-grid-for-core-paragraph\">\n      <div class=\"default-editor-content grid-for-core-paragraph container-fluid container-px-1\">\n        <div class=\"row row-cols-1 align-center\">\n          <div class=\"cell\">\n            \n<p>Ce qui m\u2019inspire le sentiment de Beaut\u00e9, ce sont tous les sentiments que j\u2019ai ressenti \u00e0 la naissance de mon fils, des larmes, des frissons, des papillons dans le c\u0153ur et dans le ventre, de la t\u00eate aux pieds&nbsp;! \u00c7a, c\u2019\u00e9tait un r\u00e9el sentiment de Beaut\u00e9.&nbsp;<\/p>\n          <\/div>\n        <\/div>\n      <\/div>\n\n      <\/section>","protected":false},"excerpt":{"rendered":"<p>Avec son m\u00e9tier de designer floral, Cl\u00e9mentine L\u00e9vy aborde le Beau au quotidien, \u00e0 travers les fleurs, leurs couleurs, leurs senteurs. Mais c&rsquo;est une belle personne tout court, bien au-del\u00e0 de son m\u00e9tier. Avec son nouveau r\u00f4le de maman, Cl\u00e9mentine d\u00e9couvre que le Beau peut se cacher dans les sensations nouvelles de la maternit\u00e9, dans [&hellip;]<\/p>\n","protected":false},"author":13,"featured_media":4263,"comment_status":"open","ping_status":"open","sticky":false,"template":"","format":"standard","meta":{"_acf_changed":false,"footnotes":""},"categories":[1013],"tags":[],"class_list":["post-1717","post","type-post","status-publish","format-standard","has-post-thumbnail","hentry","category-rencontres"],"acf":[],"yoast_head":"<!-- This site is optimized with the Yoast SEO plugin v27.4 - https:\/\/yoast.com\/product\/yoast-seo-wordpress\/ -->\n<title>Beauty Interview avec Cl\u00e9mentine L\u00e9vy, fondatrice de Peonies Caf\u00e9<\/title>\n<meta name=\"description\" content=\"T\u00e9moignage de Beaut\u00e9 de la fondatrice d&#039;un premier caf\u00e9 floral parisien, Peonies Caf\u00e9, qui nous partage sa vision de la Beaut\u00e9.\" \/>\n<meta name=\"robots\" content=\"index, follow, max-snippet:-1, max-image-preview:large, max-video-preview:-1\" \/>\n<link rel=\"canonical\" href=\"https:\/\/beautytherapy.absolution-cosmetics.com\/fr\/notre-actualite\/rencontres\/beauty-interview-avec-clementine-levy\/\" \/>\n<meta property=\"og:locale\" content=\"fr_FR\" \/>\n<meta property=\"og:type\" content=\"article\" \/>\n<meta property=\"og:title\" content=\"Beauty Interview avec Cl\u00e9mentine L\u00e9vy, fondatrice de Peonies Caf\u00e9\" \/>\n<meta property=\"og:description\" content=\"T\u00e9moignage de Beaut\u00e9 de la fondatrice d&#039;un premier caf\u00e9 floral parisien, Peonies Caf\u00e9, qui nous partage sa vision de la Beaut\u00e9.\" \/>\n<meta property=\"og:url\" content=\"https:\/\/beautytherapy.absolution-cosmetics.com\/fr\/notre-actualite\/rencontres\/beauty-interview-avec-clementine-levy\/\" \/>\n<meta property=\"og:site_name\" content=\"Beauty Therapy\" \/>\n<meta property=\"article:published_time\" content=\"2020-11-12T14:00:51+00:00\" \/>\n<meta property=\"article:modified_time\" content=\"2024-02-01T14:59:25+00:00\" \/>\n<meta property=\"og:image\" content=\"https:\/\/beautytherapy.absolution-cosmetics.com\/wp-content\/uploads\/2020\/06\/Portrait-clem.png\" \/>\n\t<meta property=\"og:image:width\" content=\"1500\" \/>\n\t<meta property=\"og:image:height\" content=\"1000\" \/>\n\t<meta property=\"og:image:type\" content=\"image\/png\" \/>\n<meta name=\"author\" content=\"St\u00e9phanie Chermont\" \/>\n<meta name=\"twitter:card\" content=\"summary_large_image\" \/>\n<meta name=\"twitter:label1\" content=\"\u00c9crit par\" \/>\n\t<meta name=\"twitter:data1\" content=\"St\u00e9phanie Chermont\" \/>\n\t<meta name=\"twitter:label2\" content=\"Dur\u00e9e de lecture estim\u00e9e\" \/>\n\t<meta name=\"twitter:data2\" content=\"4 minutes\" \/>\n<script type=\"application\/ld+json\" class=\"yoast-schema-graph\">{\"@context\":\"https:\\\/\\\/schema.org\",\"@graph\":[{\"@type\":\"Article\",\"@id\":\"https:\\\/\\\/beautytherapy.absolution-cosmetics.com\\\/fr\\\/notre-actualite\\\/rencontres\\\/beauty-interview-avec-clementine-levy\\\/#article\",\"isPartOf\":{\"@id\":\"https:\\\/\\\/beautytherapy.absolution-cosmetics.com\\\/fr\\\/notre-actualite\\\/rencontres\\\/beauty-interview-avec-clementine-levy\\\/\"},\"author\":{\"name\":\"St\u00e9phanie Chermont\",\"@id\":\"https:\\\/\\\/beautytherapy.absolution-cosmetics.com\\\/fr\\\/#\\\/schema\\\/person\\\/788ce8f846519c59c7249507b2638dff\"},\"headline\":\"Beauty interview avec Cl\u00e9mentine L\u00e9vy : \u00ab\u00a0Le plus important pour se sentir Belle, c\u2019est d\u2019\u00eatre bien entour\u00e9e\u00a0\u00bb\",\"datePublished\":\"2020-11-12T14:00:51+00:00\",\"dateModified\":\"2024-02-01T14:59:25+00:00\",\"mainEntityOfPage\":{\"@id\":\"https:\\\/\\\/beautytherapy.absolution-cosmetics.com\\\/fr\\\/notre-actualite\\\/rencontres\\\/beauty-interview-avec-clementine-levy\\\/\"},\"wordCount\":811,\"commentCount\":0,\"publisher\":{\"@id\":\"https:\\\/\\\/beautytherapy.absolution-cosmetics.com\\\/fr\\\/#organization\"},\"image\":{\"@id\":\"https:\\\/\\\/beautytherapy.absolution-cosmetics.com\\\/fr\\\/notre-actualite\\\/rencontres\\\/beauty-interview-avec-clementine-levy\\\/#primaryimage\"},\"thumbnailUrl\":\"https:\\\/\\\/beautytherapy.absolution-cosmetics.com\\\/wp-content\\\/uploads\\\/2020\\\/06\\\/Portrait-clem.png\",\"articleSection\":[\"Rencontres\"],\"inLanguage\":\"fr-FR\",\"potentialAction\":[{\"@type\":\"CommentAction\",\"name\":\"Comment\",\"target\":[\"https:\\\/\\\/beautytherapy.absolution-cosmetics.com\\\/fr\\\/notre-actualite\\\/rencontres\\\/beauty-interview-avec-clementine-levy\\\/#respond\"]}]},{\"@type\":\"WebPage\",\"@id\":\"https:\\\/\\\/beautytherapy.absolution-cosmetics.com\\\/fr\\\/notre-actualite\\\/rencontres\\\/beauty-interview-avec-clementine-levy\\\/\",\"url\":\"https:\\\/\\\/beautytherapy.absolution-cosmetics.com\\\/fr\\\/notre-actualite\\\/rencontres\\\/beauty-interview-avec-clementine-levy\\\/\",\"name\":\"Beauty Interview avec Cl\u00e9mentine L\u00e9vy, fondatrice de Peonies Caf\u00e9\",\"isPartOf\":{\"@id\":\"https:\\\/\\\/beautytherapy.absolution-cosmetics.com\\\/fr\\\/#website\"},\"primaryImageOfPage\":{\"@id\":\"https:\\\/\\\/beautytherapy.absolution-cosmetics.com\\\/fr\\\/notre-actualite\\\/rencontres\\\/beauty-interview-avec-clementine-levy\\\/#primaryimage\"},\"image\":{\"@id\":\"https:\\\/\\\/beautytherapy.absolution-cosmetics.com\\\/fr\\\/notre-actualite\\\/rencontres\\\/beauty-interview-avec-clementine-levy\\\/#primaryimage\"},\"thumbnailUrl\":\"https:\\\/\\\/beautytherapy.absolution-cosmetics.com\\\/wp-content\\\/uploads\\\/2020\\\/06\\\/Portrait-clem.png\",\"datePublished\":\"2020-11-12T14:00:51+00:00\",\"dateModified\":\"2024-02-01T14:59:25+00:00\",\"description\":\"T\u00e9moignage de Beaut\u00e9 de la fondatrice d'un premier caf\u00e9 floral parisien, Peonies Caf\u00e9, qui nous partage sa vision de la Beaut\u00e9.\",\"breadcrumb\":{\"@id\":\"https:\\\/\\\/beautytherapy.absolution-cosmetics.com\\\/fr\\\/notre-actualite\\\/rencontres\\\/beauty-interview-avec-clementine-levy\\\/#breadcrumb\"},\"inLanguage\":\"fr-FR\",\"potentialAction\":[{\"@type\":\"ReadAction\",\"target\":[\"https:\\\/\\\/beautytherapy.absolution-cosmetics.com\\\/fr\\\/notre-actualite\\\/rencontres\\\/beauty-interview-avec-clementine-levy\\\/\"]}]},{\"@type\":\"ImageObject\",\"inLanguage\":\"fr-FR\",\"@id\":\"https:\\\/\\\/beautytherapy.absolution-cosmetics.com\\\/fr\\\/notre-actualite\\\/rencontres\\\/beauty-interview-avec-clementine-levy\\\/#primaryimage\",\"url\":\"https:\\\/\\\/beautytherapy.absolution-cosmetics.com\\\/wp-content\\\/uploads\\\/2020\\\/06\\\/Portrait-clem.png\",\"contentUrl\":\"https:\\\/\\\/beautytherapy.absolution-cosmetics.com\\\/wp-content\\\/uploads\\\/2020\\\/06\\\/Portrait-clem.png\",\"width\":1500,\"height\":1000},{\"@type\":\"BreadcrumbList\",\"@id\":\"https:\\\/\\\/beautytherapy.absolution-cosmetics.com\\\/fr\\\/notre-actualite\\\/rencontres\\\/beauty-interview-avec-clementine-levy\\\/#breadcrumb\",\"itemListElement\":[{\"@type\":\"ListItem\",\"position\":1,\"name\":\"Home\",\"item\":\"https:\\\/\\\/beautytherapy.absolution-cosmetics.com\\\/fr\\\/\"},{\"@type\":\"ListItem\",\"position\":2,\"name\":\"Notre actualit\u00e9\",\"item\":\"https:\\\/\\\/beautytherapy.absolution-cosmetics.com\\\/fr\\\/notre-actualite\\\/\"},{\"@type\":\"ListItem\",\"position\":3,\"name\":\"Rencontres\",\"item\":\"https:\\\/\\\/beautytherapy.absolution-cosmetics.com\\\/fr\\\/notre-actualite\\\/rencontres\\\/\"},{\"@type\":\"ListItem\",\"position\":4,\"name\":\"Beauty interview avec Cl\u00e9mentine L\u00e9vy : \u00ab\u00a0Le plus important pour se sentir Belle, c\u2019est d\u2019\u00eatre bien entour\u00e9e\u00a0\u00bb\"}]},{\"@type\":\"WebSite\",\"@id\":\"https:\\\/\\\/beautytherapy.absolution-cosmetics.com\\\/fr\\\/#website\",\"url\":\"https:\\\/\\\/beautytherapy.absolution-cosmetics.com\\\/fr\\\/\",\"name\":\"Beauty Therapy\",\"description\":\"\",\"publisher\":{\"@id\":\"https:\\\/\\\/beautytherapy.absolution-cosmetics.com\\\/fr\\\/#organization\"},\"inLanguage\":\"fr-FR\"},{\"@type\":\"Organization\",\"@id\":\"https:\\\/\\\/beautytherapy.absolution-cosmetics.com\\\/fr\\\/#organization\",\"name\":\"Beauty Therapy\",\"url\":\"https:\\\/\\\/beautytherapy.absolution-cosmetics.com\\\/fr\\\/\",\"logo\":{\"@type\":\"ImageObject\",\"inLanguage\":\"fr-FR\",\"@id\":\"https:\\\/\\\/beautytherapy.absolution-cosmetics.com\\\/fr\\\/#\\\/schema\\\/logo\\\/image\\\/\",\"url\":\"https:\\\/\\\/beautytherapy.absolution-cosmetics.com\\\/wp-content\\\/uploads\\\/2020\\\/02\\\/beauty-therapy-logo.png\",\"contentUrl\":\"https:\\\/\\\/beautytherapy.absolution-cosmetics.com\\\/wp-content\\\/uploads\\\/2020\\\/02\\\/beauty-therapy-logo.png\",\"width\":424,\"height\":212,\"caption\":\"Beauty Therapy\"},\"image\":{\"@id\":\"https:\\\/\\\/beautytherapy.absolution-cosmetics.com\\\/fr\\\/#\\\/schema\\\/logo\\\/image\\\/\"}},{\"@type\":\"Person\",\"@id\":\"https:\\\/\\\/beautytherapy.absolution-cosmetics.com\\\/fr\\\/#\\\/schema\\\/person\\\/788ce8f846519c59c7249507b2638dff\",\"name\":\"St\u00e9phanie Chermont\",\"description\":\"Journaliste depuis ses 18 ans, St\u00e9phanie travaille aujourd'hui comme plume et vid\u00e9aste pour Canal+, Orange, Paulette magazine et comme freelance pour du brand content ou des artistes. Elle a co-fond\u00e9 le m\u00e9dia l'Arrogante avec des interviews Lifestyle, elle co-anime un podcast cin\u00e9ma soci\u00e9t\u00e9 Incarnations et elle peaufine son profil d'influenceuse sur Instagram @stephchermont, en parlant d\u00e9coration, nouvelles adresses, beaut\u00e9 et animaux. Retrouvez la Beauty Interview de St\u00e9phanie juste ici. St\u00e9phanie is a journalist since she is 18, she now works as a writer and videographer for Canal+, Orange, Paulette magazine and as a freelancer for brand content or artists. She co-founded the media \u2018l'Arrogante\u2019 with Lifestyle interviews, she co-hosts a cinema and society podcast called \u2018Incarnations\u2019, and she's refining her influencer profile on Instagram @stephchermont, talking about decoration, new addresses, beauty and animals. Find out more about St\u00e9phanie by reading her Beauty Interview.\",\"sameAs\":[\"https:\\\/\\\/www.instagram.com\\\/stephchermont\\\/\"],\"url\":\"https:\\\/\\\/beautytherapy.absolution-cosmetics.com\\\/fr\\\/author\\\/stephanie-chermont\\\/\"}]}<\/script>\n<!-- \/ Yoast SEO plugin. -->","yoast_head_json":{"title":"Beauty Interview avec Cl\u00e9mentine L\u00e9vy, fondatrice de Peonies Caf\u00e9","description":"T\u00e9moignage de Beaut\u00e9 de la fondatrice d'un premier caf\u00e9 floral parisien, Peonies Caf\u00e9, qui nous partage sa vision de la Beaut\u00e9.","robots":{"index":"index","follow":"follow","max-snippet":"max-snippet:-1","max-image-preview":"max-image-preview:large","max-video-preview":"max-video-preview:-1"},"canonical":"https:\/\/beautytherapy.absolution-cosmetics.com\/fr\/notre-actualite\/rencontres\/beauty-interview-avec-clementine-levy\/","og_locale":"fr_FR","og_type":"article","og_title":"Beauty Interview avec Cl\u00e9mentine L\u00e9vy, fondatrice de Peonies Caf\u00e9","og_description":"T\u00e9moignage de Beaut\u00e9 de la fondatrice d'un premier caf\u00e9 floral parisien, Peonies Caf\u00e9, qui nous partage sa vision de la Beaut\u00e9.","og_url":"https:\/\/beautytherapy.absolution-cosmetics.com\/fr\/notre-actualite\/rencontres\/beauty-interview-avec-clementine-levy\/","og_site_name":"Beauty Therapy","article_published_time":"2020-11-12T14:00:51+00:00","article_modified_time":"2024-02-01T14:59:25+00:00","og_image":[{"width":1500,"height":1000,"url":"https:\/\/beautytherapy.absolution-cosmetics.com\/wp-content\/uploads\/2020\/06\/Portrait-clem.png","type":"image\/png"}],"author":"St\u00e9phanie Chermont","twitter_card":"summary_large_image","twitter_misc":{"\u00c9crit par":"St\u00e9phanie Chermont","Dur\u00e9e de lecture estim\u00e9e":"4 minutes"},"schema":{"@context":"https:\/\/schema.org","@graph":[{"@type":"Article","@id":"https:\/\/beautytherapy.absolution-cosmetics.com\/fr\/notre-actualite\/rencontres\/beauty-interview-avec-clementine-levy\/#article","isPartOf":{"@id":"https:\/\/beautytherapy.absolution-cosmetics.com\/fr\/notre-actualite\/rencontres\/beauty-interview-avec-clementine-levy\/"},"author":{"name":"St\u00e9phanie Chermont","@id":"https:\/\/beautytherapy.absolution-cosmetics.com\/fr\/#\/schema\/person\/788ce8f846519c59c7249507b2638dff"},"headline":"Beauty interview avec Cl\u00e9mentine L\u00e9vy : \u00ab\u00a0Le plus important pour se sentir Belle, c\u2019est d\u2019\u00eatre bien entour\u00e9e\u00a0\u00bb","datePublished":"2020-11-12T14:00:51+00:00","dateModified":"2024-02-01T14:59:25+00:00","mainEntityOfPage":{"@id":"https:\/\/beautytherapy.absolution-cosmetics.com\/fr\/notre-actualite\/rencontres\/beauty-interview-avec-clementine-levy\/"},"wordCount":811,"commentCount":0,"publisher":{"@id":"https:\/\/beautytherapy.absolution-cosmetics.com\/fr\/#organization"},"image":{"@id":"https:\/\/beautytherapy.absolution-cosmetics.com\/fr\/notre-actualite\/rencontres\/beauty-interview-avec-clementine-levy\/#primaryimage"},"thumbnailUrl":"https:\/\/beautytherapy.absolution-cosmetics.com\/wp-content\/uploads\/2020\/06\/Portrait-clem.png","articleSection":["Rencontres"],"inLanguage":"fr-FR","potentialAction":[{"@type":"CommentAction","name":"Comment","target":["https:\/\/beautytherapy.absolution-cosmetics.com\/fr\/notre-actualite\/rencontres\/beauty-interview-avec-clementine-levy\/#respond"]}]},{"@type":"WebPage","@id":"https:\/\/beautytherapy.absolution-cosmetics.com\/fr\/notre-actualite\/rencontres\/beauty-interview-avec-clementine-levy\/","url":"https:\/\/beautytherapy.absolution-cosmetics.com\/fr\/notre-actualite\/rencontres\/beauty-interview-avec-clementine-levy\/","name":"Beauty Interview avec Cl\u00e9mentine L\u00e9vy, fondatrice de Peonies Caf\u00e9","isPartOf":{"@id":"https:\/\/beautytherapy.absolution-cosmetics.com\/fr\/#website"},"primaryImageOfPage":{"@id":"https:\/\/beautytherapy.absolution-cosmetics.com\/fr\/notre-actualite\/rencontres\/beauty-interview-avec-clementine-levy\/#primaryimage"},"image":{"@id":"https:\/\/beautytherapy.absolution-cosmetics.com\/fr\/notre-actualite\/rencontres\/beauty-interview-avec-clementine-levy\/#primaryimage"},"thumbnailUrl":"https:\/\/beautytherapy.absolution-cosmetics.com\/wp-content\/uploads\/2020\/06\/Portrait-clem.png","datePublished":"2020-11-12T14:00:51+00:00","dateModified":"2024-02-01T14:59:25+00:00","description":"T\u00e9moignage de Beaut\u00e9 de la fondatrice d'un premier caf\u00e9 floral parisien, Peonies Caf\u00e9, qui nous partage sa vision de la Beaut\u00e9.","breadcrumb":{"@id":"https:\/\/beautytherapy.absolution-cosmetics.com\/fr\/notre-actualite\/rencontres\/beauty-interview-avec-clementine-levy\/#breadcrumb"},"inLanguage":"fr-FR","potentialAction":[{"@type":"ReadAction","target":["https:\/\/beautytherapy.absolution-cosmetics.com\/fr\/notre-actualite\/rencontres\/beauty-interview-avec-clementine-levy\/"]}]},{"@type":"ImageObject","inLanguage":"fr-FR","@id":"https:\/\/beautytherapy.absolution-cosmetics.com\/fr\/notre-actualite\/rencontres\/beauty-interview-avec-clementine-levy\/#primaryimage","url":"https:\/\/beautytherapy.absolution-cosmetics.com\/wp-content\/uploads\/2020\/06\/Portrait-clem.png","contentUrl":"https:\/\/beautytherapy.absolution-cosmetics.com\/wp-content\/uploads\/2020\/06\/Portrait-clem.png","width":1500,"height":1000},{"@type":"BreadcrumbList","@id":"https:\/\/beautytherapy.absolution-cosmetics.com\/fr\/notre-actualite\/rencontres\/beauty-interview-avec-clementine-levy\/#breadcrumb","itemListElement":[{"@type":"ListItem","position":1,"name":"Home","item":"https:\/\/beautytherapy.absolution-cosmetics.com\/fr\/"},{"@type":"ListItem","position":2,"name":"Notre actualit\u00e9","item":"https:\/\/beautytherapy.absolution-cosmetics.com\/fr\/notre-actualite\/"},{"@type":"ListItem","position":3,"name":"Rencontres","item":"https:\/\/beautytherapy.absolution-cosmetics.com\/fr\/notre-actualite\/rencontres\/"},{"@type":"ListItem","position":4,"name":"Beauty interview avec Cl\u00e9mentine L\u00e9vy : \u00ab\u00a0Le plus important pour se sentir Belle, c\u2019est d\u2019\u00eatre bien entour\u00e9e\u00a0\u00bb"}]},{"@type":"WebSite","@id":"https:\/\/beautytherapy.absolution-cosmetics.com\/fr\/#website","url":"https:\/\/beautytherapy.absolution-cosmetics.com\/fr\/","name":"Beauty Therapy","description":"","publisher":{"@id":"https:\/\/beautytherapy.absolution-cosmetics.com\/fr\/#organization"},"inLanguage":"fr-FR"},{"@type":"Organization","@id":"https:\/\/beautytherapy.absolution-cosmetics.com\/fr\/#organization","name":"Beauty Therapy","url":"https:\/\/beautytherapy.absolution-cosmetics.com\/fr\/","logo":{"@type":"ImageObject","inLanguage":"fr-FR","@id":"https:\/\/beautytherapy.absolution-cosmetics.com\/fr\/#\/schema\/logo\/image\/","url":"https:\/\/beautytherapy.absolution-cosmetics.com\/wp-content\/uploads\/2020\/02\/beauty-therapy-logo.png","contentUrl":"https:\/\/beautytherapy.absolution-cosmetics.com\/wp-content\/uploads\/2020\/02\/beauty-therapy-logo.png","width":424,"height":212,"caption":"Beauty Therapy"},"image":{"@id":"https:\/\/beautytherapy.absolution-cosmetics.com\/fr\/#\/schema\/logo\/image\/"}},{"@type":"Person","@id":"https:\/\/beautytherapy.absolution-cosmetics.com\/fr\/#\/schema\/person\/788ce8f846519c59c7249507b2638dff","name":"St\u00e9phanie Chermont","description":"Journaliste depuis ses 18 ans, St\u00e9phanie travaille aujourd'hui comme plume et vid\u00e9aste pour Canal+, Orange, Paulette magazine et comme freelance pour du brand content ou des artistes. Elle a co-fond\u00e9 le m\u00e9dia l'Arrogante avec des interviews Lifestyle, elle co-anime un podcast cin\u00e9ma soci\u00e9t\u00e9 Incarnations et elle peaufine son profil d'influenceuse sur Instagram @stephchermont, en parlant d\u00e9coration, nouvelles adresses, beaut\u00e9 et animaux. Retrouvez la Beauty Interview de St\u00e9phanie juste ici. St\u00e9phanie is a journalist since she is 18, she now works as a writer and videographer for Canal+, Orange, Paulette magazine and as a freelancer for brand content or artists. She co-founded the media \u2018l'Arrogante\u2019 with Lifestyle interviews, she co-hosts a cinema and society podcast called \u2018Incarnations\u2019, and she's refining her influencer profile on Instagram @stephchermont, talking about decoration, new addresses, beauty and animals. Find out more about St\u00e9phanie by reading her Beauty Interview.","sameAs":["https:\/\/www.instagram.com\/stephchermont\/"],"url":"https:\/\/beautytherapy.absolution-cosmetics.com\/fr\/author\/stephanie-chermont\/"}]}},"_links":{"self":[{"href":"https:\/\/beautytherapy.absolution-cosmetics.com\/fr\/wp-json\/wp\/v2\/posts\/1717","targetHints":{"allow":["GET"]}}],"collection":[{"href":"https:\/\/beautytherapy.absolution-cosmetics.com\/fr\/wp-json\/wp\/v2\/posts"}],"about":[{"href":"https:\/\/beautytherapy.absolution-cosmetics.com\/fr\/wp-json\/wp\/v2\/types\/post"}],"author":[{"embeddable":true,"href":"https:\/\/beautytherapy.absolution-cosmetics.com\/fr\/wp-json\/wp\/v2\/users\/13"}],"replies":[{"embeddable":true,"href":"https:\/\/beautytherapy.absolution-cosmetics.com\/fr\/wp-json\/wp\/v2\/comments?post=1717"}],"version-history":[{"count":1,"href":"https:\/\/beautytherapy.absolution-cosmetics.com\/fr\/wp-json\/wp\/v2\/posts\/1717\/revisions"}],"predecessor-version":[{"id":12376,"href":"https:\/\/beautytherapy.absolution-cosmetics.com\/fr\/wp-json\/wp\/v2\/posts\/1717\/revisions\/12376"}],"wp:featuredmedia":[{"embeddable":true,"href":"https:\/\/beautytherapy.absolution-cosmetics.com\/fr\/wp-json\/wp\/v2\/media\/4263"}],"wp:attachment":[{"href":"https:\/\/beautytherapy.absolution-cosmetics.com\/fr\/wp-json\/wp\/v2\/media?parent=1717"}],"wp:term":[{"taxonomy":"category","embeddable":true,"href":"https:\/\/beautytherapy.absolution-cosmetics.com\/fr\/wp-json\/wp\/v2\/categories?post=1717"},{"taxonomy":"post_tag","embeddable":true,"href":"https:\/\/beautytherapy.absolution-cosmetics.com\/fr\/wp-json\/wp\/v2\/tags?post=1717"}],"curies":[{"name":"wp","href":"https:\/\/api.w.org\/{rel}","templated":true}]}}