{"id":22852,"date":"2024-10-29T16:23:02","date_gmt":"2024-10-29T15:23:02","guid":{"rendered":"https:\/\/beautytherapy.absolution-cosmetics.com\/?p=22852"},"modified":"2025-01-07T15:15:53","modified_gmt":"2025-01-07T14:15:53","slug":"masque-peau-sensible-bio","status":"publish","type":"post","link":"https:\/\/beautytherapy.absolution-cosmetics.com\/fr\/prendre-soin-de-sa-peau\/masque-peau-sensible-bio\/","title":{"rendered":"Masques visage pour peau sensible\u00a0: nos soins bio"},"content":{"rendered":"<section class=\"block-grid-wrapper block-grid-for-core-paragraph\">\n      <div class=\"default-editor-content grid-for-core-paragraph container-fluid container-px-1\">\n        <div class=\"row row-cols-1 align-center\">\n          <div class=\"cell\">\n            \n<p>Plus de la moiti\u00e9 des Fran\u00e7ais, soit 52&nbsp;%, int\u00e8grent des soins et des produits<strong> <\/strong>pour<strong> <\/strong>le visage \u00e0 leur routine&nbsp;beaut\u00e9<sup>1<\/sup>. Parmi les diff\u00e9rents produits disponibles, les masques sont souvent appr\u00e9ci\u00e9s pour les instants de d\u00e9tente qu\u2019ils offrent.<\/p>\n          <\/div>\n        <\/div>\n      <\/div>\n\n      <\/section>\n\n<section class=\"block-grid-wrapper block-grid-for-core-heading\">\n      <div class=\"default-editor-content grid-for-core-heading container-fluid container-px-1\">\n        <div class=\"row row-cols-1 align-center\">\n          <div class=\"cell\">\n            \n<h1 class=\"wp-block-heading\"><strong>Masques visage pour peau sensible&nbsp;: nos soins doux et naturels<\/strong><\/h1>\n          <\/div>\n        <\/div>\n      <\/div>\n\n      <\/section>\n\n<section class=\"block-grid-wrapper block-grid-for-core-paragraph\">\n      <div class=\"default-editor-content grid-for-core-paragraph container-fluid container-px-1\">\n        <div class=\"row row-cols-1 align-center\">\n          <div class=\"cell\">\n            \n<p>Le <strong>masque visage <\/strong>est un soin qui agit en profondeur et n\u00e9cessite un temps de pose pour laisser les actifs performer. C\u2019est aussi un moment pour soi bienvenu dans un quotidien qui file \u00e0 cent \u00e0 l\u2019heure&nbsp;!<\/p>\n          <\/div>\n        <\/div>\n      <\/div>\n\n      <\/section>\n\n\r\n<section   class=\"section-home-media wp-block-acf-home-media  media-section\">\r\n  <svg xmlns=\"http:\/\/www.w3.org\/2000\/svg\" width=\"0\" height=\"0\" style=\"position: absolute; pointer-events: none;\">\n  <defs>\n    <clipPath id=\"bgiSvgPath\" clipPathUnits=\"objectBoundingBox\"  transform=\"scale(0.00078062367147609 0.0015827042084105)\">\n      <path d=\"M.672 2.662s-13.609-14.538 271.332 31.914 294.317 38.34 522.839 12.213 485.073 9.212 485.073 9.212v575h0c-1.373-.751-361.7-51.117-831.063-42.556S.672 573.95.672 573.95z\" fill=\"none\" stroke=\"#000\" stroke-miterlimit=\"10\"><\/path>\n    <\/clipPath>\n  <\/defs>\n<\/svg>  <svg xmlns=\"http:\/\/www.w3.org\/2000\/svg\" width=\"0\" height=\"0\" style=\"position: absolute; pointer-events: none;\">\n  <defs>\n    <clipPath id=\"mask-front-media-mobile-top\" clipPathUnits=\"objectBoundingBox\"  transform=\"scale(0.0037757506192231 0.039342198442049)\">\n      <path d=\"M47.36 23.272C33.618 22.97 17.145 22.11 4.638 21.04c-2.324-.198-4.318-.304-4.431-.233-.114.07-.207-4.583-.207-10.34V0h264.848v2.778c0 2.421-.057 2.778-.443 2.778-1.693 0-26.849 2.79-42.816 4.75-14.233 1.746-21.111 2.56-31.354 3.714-3.856.434-9.63 1.09-12.832 1.46-11.032 1.268-36.103 3.722-49.874 4.881-29.792 2.507-55.723 3.449-80.169 2.911z\"><\/path>\n    <\/clipPath>\n  <\/defs>\n<\/svg>  <svg xmlns=\"http:\/\/www.w3.org\/2000\/svg\" width=\"0\" height=\"0\" style=\"position: absolute; pointer-events: none;\">\n  <defs>\n    <clipPath id=\"mask-front-media-mobile-bottom\" clipPathUnits=\"objectBoundingBox\"  transform=\"scale(0.0037833072915681 0.12192148256523)\">\n      <path d=\"M0 5.334V2.466l7.584-.174c11.235-.26 80.51-.205 105.922.082 21.962.249 26.514.325 48.287.804 40.562.894 83.755 2.121 98.755 2.806l3.77.173v2.045H0z\"><\/path>\n    <\/clipPath>\n  <\/defs>\n<\/svg>\r\n  <div class=\"bg-image\">\r\n\r\n    \r\n    <div class=\"desktop-image\">\r\n      \r\n        <div class=\"d-none d-lg-block\">\r\n          <picture><source srcset=\"data:image\/svg+xml;base64,PHN2ZyB4bWxucz0naHR0cDovL3d3dy53My5vcmcvMjAwMC9zdmcnIHk9JzAnIHg9JzAnIHdpZHRoPScxNzA3JyBoZWlnaHQ9Jzg2Nicgdmlld0JveD0nMCAwIDE3MDcgODY2Jz48L3N2Zz4=\" data-srcset=\"https:\/\/beautytherapy.absolution-cosmetics.com\/wp-content\/uploads\/2024\/10\/08_24_ABSOLUTION_09-scaled-1707x866-e3bd3f03b6be.jpg\" media=\"(min-width: 64em) and (min-resolution: 192dpi), (min-width: 64em) and (-webkit-min-device-pixel-ratio: 2)\"><source srcset=\"data:image\/svg+xml;base64,PHN2ZyB4bWxucz0naHR0cDovL3d3dy53My5vcmcvMjAwMC9zdmcnIHk9JzAnIHg9JzAnIHdpZHRoPScxNzA3JyBoZWlnaHQ9JzY2Nycgdmlld0JveD0nMCAwIDE3MDcgNjY3Jz48L3N2Zz4=\" data-srcset=\"https:\/\/beautytherapy.absolution-cosmetics.com\/wp-content\/uploads\/2024\/10\/08_24_ABSOLUTION_09-scaled-1707x667-df7dfc6397dd.jpg\" media=\"(min-width: 48em) and (min-resolution: 192dpi), (min-width: 48em) and (-webkit-min-device-pixel-ratio: 2)\"><source srcset=\"data:image\/svg+xml;base64,PHN2ZyB4bWxucz0naHR0cDovL3d3dy53My5vcmcvMjAwMC9zdmcnIHk9JzAnIHg9JzAnIHdpZHRoPScxNzA3JyBoZWlnaHQ9JzcyMicgdmlld0JveD0nMCAwIDE3MDcgNzIyJz48L3N2Zz4=\" data-srcset=\"https:\/\/beautytherapy.absolution-cosmetics.com\/wp-content\/uploads\/2024\/10\/08_24_ABSOLUTION_09-scaled-1707x722-4a819a420883.jpg\" media=\"(min-width: 90em)\"><source srcset=\"data:image\/svg+xml;base64,PHN2ZyB4bWxucz0naHR0cDovL3d3dy53My5vcmcvMjAwMC9zdmcnIHk9JzAnIHg9JzAnIHdpZHRoPScxNjAwJyBoZWlnaHQ9JzgxMicgdmlld0JveD0nMCAwIDE2MDAgODEyJz48L3N2Zz4=\" data-srcset=\"https:\/\/beautytherapy.absolution-cosmetics.com\/wp-content\/uploads\/2024\/10\/08_24_ABSOLUTION_09-scaled-1600x812-bae7f2037715.jpg\" media=\"(min-width: 64em)\"><source srcset=\"data:image\/svg+xml;base64,PHN2ZyB4bWxucz0naHR0cDovL3d3dy53My5vcmcvMjAwMC9zdmcnIHk9JzAnIHg9JzAnIHdpZHRoPScxMDI0JyBoZWlnaHQ9JzQwMCcgdmlld0JveD0nMCAwIDEwMjQgNDAwJz48L3N2Zz4=\" data-srcset=\"https:\/\/beautytherapy.absolution-cosmetics.com\/wp-content\/uploads\/2024\/10\/08_24_ABSOLUTION_09-scaled-1024x400-2aee1ab62bfa.jpg\" media=\"(min-width: 48em)\"><img loading=\"lazy\" decoding=\"async\" src=\"data:image\/svg+xml;base64,PHN2ZyB4bWxucz0naHR0cDovL3d3dy53My5vcmcvMjAwMC9zdmcnIHk9JzAnIHg9JzAnIHdpZHRoPSc1NjInIGhlaWdodD0nOTQ1JyB2aWV3Qm94PScwIDAgNTYyIDk0NSc+PC9zdmc+\"  width=\"562\" height=\"945\" data-fade-in data-lazy-img data-src=\"https:\/\/beautytherapy.absolution-cosmetics.com\/wp-content\/uploads\/2024\/10\/08_24_ABSOLUTION_09-scaled-562x945-712ea9380daf.jpg\" alt=\"\" style=\";--aspect-ratio-small: 0.5952380952381;--aspect-ratio-medium: 2.56;--aspect-ratio-large: 1.9704433497537;--aspect-ratio-xxlarge: 2.3650615901456;--aspect-ratio-medium_retina: 2.56;--aspect-ratio-large_retina: 1.9704433497537\" data-has-aspect-ratio=\"true\" \/><\/picture>        <\/div>\r\n        <div class=\"d-lg-none\">\r\n          <picture><source srcset=\"data:image\/svg+xml;base64,PHN2ZyB4bWxucz0naHR0cDovL3d3dy53My5vcmcvMjAwMC9zdmcnIHk9JzAnIHg9JzAnIHdpZHRoPSczMjAwJyBoZWlnaHQ9JzE2MjQnIHZpZXdCb3g9JzAgMCAzMjAwIDE2MjQnPjwvc3ZnPg==\" data-srcset=\"\" media=\"(min-width: 64em) and (min-resolution: 192dpi), (min-width: 64em) and (-webkit-min-device-pixel-ratio: 2)\"><source srcset=\"data:image\/svg+xml;base64,PHN2ZyB4bWxucz0naHR0cDovL3d3dy53My5vcmcvMjAwMC9zdmcnIHk9JzAnIHg9JzAnIHdpZHRoPScyMDQ4JyBoZWlnaHQ9JzgwMCcgdmlld0JveD0nMCAwIDIwNDggODAwJz48L3N2Zz4=\" data-srcset=\"\" media=\"(min-width: 48em) and (min-resolution: 192dpi), (min-width: 48em) and (-webkit-min-device-pixel-ratio: 2)\"><source srcset=\"data:image\/svg+xml;base64,PHN2ZyB4bWxucz0naHR0cDovL3d3dy53My5vcmcvMjAwMC9zdmcnIHk9JzAnIHg9JzAnIHdpZHRoPScyMTEyJyBoZWlnaHQ9Jzg5Mycgdmlld0JveD0nMCAwIDIxMTIgODkzJz48L3N2Zz4=\" data-srcset=\"\" media=\"(min-width: 90em)\"><source srcset=\"data:image\/svg+xml;base64,PHN2ZyB4bWxucz0naHR0cDovL3d3dy53My5vcmcvMjAwMC9zdmcnIHk9JzAnIHg9JzAnIHdpZHRoPScxNjAwJyBoZWlnaHQ9JzgxMicgdmlld0JveD0nMCAwIDE2MDAgODEyJz48L3N2Zz4=\" data-srcset=\"\" media=\"(min-width: 64em)\"><source srcset=\"data:image\/svg+xml;base64,PHN2ZyB4bWxucz0naHR0cDovL3d3dy53My5vcmcvMjAwMC9zdmcnIHk9JzAnIHg9JzAnIHdpZHRoPScxMDI0JyBoZWlnaHQ9JzQwMCcgdmlld0JveD0nMCAwIDEwMjQgNDAwJz48L3N2Zz4=\" data-srcset=\"\" media=\"(min-width: 48em)\"><img decoding=\"async\" src=\"data:image\/svg+xml;base64,PHN2ZyB4bWxucz0naHR0cDovL3d3dy53My5vcmcvMjAwMC9zdmcnIHk9JzAnIHg9JzAnIHdpZHRoPSc1NjInIGhlaWdodD0nOTQ1JyB2aWV3Qm94PScwIDAgNTYyIDk0NSc+PC9zdmc+\"  width=\"562.5\" height=\"945\" data-fade-in data-lazy-img data-src=\"\" alt=\"\" style=\";--aspect-ratio-small: 0.5952380952381;--aspect-ratio-medium: 2.56;--aspect-ratio-large: 1.9704433497537;--aspect-ratio-xxlarge: 2.3650615901456;--aspect-ratio-medium_retina: 2.56;--aspect-ratio-large_retina: 1.9704433497537\" data-has-aspect-ratio=\"true\" \/><\/picture>        <\/div>\r\n\r\n          <\/div>\r\n\r\n    \r\n  <\/div>\r\n\r\n  <div class=\"container-fluid container-px-1 position-centered\">\r\n    <div class=\"row row-cols-1\">\r\n\r\n      <div class=\"text-center\" >\r\n        \r\n        \r\n        \r\n      <\/div>\r\n\r\n    <\/div>\r\n  <\/div>\r\n\r\n<\/section>\r\n\n\n<section class=\"block-grid-wrapper block-grid-for-core-heading\">\n      <div class=\"default-editor-content grid-for-core-heading container-fluid container-px-1\">\n        <div class=\"row row-cols-1 align-center\">\n          <div class=\"cell\">\n            \n<h2 class=\"wp-block-heading\"><strong><strong>Quel est le r\u00f4le d\u2019un masque pour le visage\u2009?<\/strong><\/strong><\/h2>\n          <\/div>\n        <\/div>\n      <\/div>\n\n      <\/section>\n\n<section class=\"block-grid-wrapper block-grid-for-core-paragraph\">\n      <div class=\"default-editor-content grid-for-core-paragraph container-fluid container-px-1\">\n        <div class=\"row row-cols-1 align-center\">\n          <div class=\"cell\">\n            \n<p>Un masque visage est un produit de soin incontournable dans toute routine parce qu\u2019il offre des bienfaits cibl\u00e9s pour la peau. Contrairement aux cr\u00e8mes et s\u00e9rums utilis\u00e9s quotidiennement, un masque offre une concentration plus \u00e9lev\u00e9e d\u2019actifs. De quoi traiter votre peau en profondeur.<\/p>\n          <\/div>\n        <\/div>\n      <\/div>\n\n      <\/section>\n\n<section class=\"block-grid-wrapper block-grid-for-core-image\">\n      <div class=\"default-editor-content grid-for-core-image container-fluid container-px-1\">\n        <div class=\"row row-cols-1 align-center\">\n          <div class=\"cell\">\n            \n<figure class=\"wp-block-image size-large is-resized\"><img loading=\"lazy\" decoding=\"async\" width=\"2560\" height=\"1600\" src=\"https:\/\/beautytherapy.absolution-cosmetics.com\/wp-content\/uploads\/2024\/10\/08_24_ABSOLUTION_28-edited-scaled.jpg\" alt=\"\" class=\"wp-image-22858\" style=\"width:933px;height:auto\" srcset=\"https:\/\/beautytherapy.absolution-cosmetics.com\/wp-content\/uploads\/2024\/10\/08_24_ABSOLUTION_28-edited-scaled.jpg 2560w, https:\/\/beautytherapy.absolution-cosmetics.com\/wp-content\/uploads\/2024\/10\/08_24_ABSOLUTION_28-edited-scaled-300x188-512c1e2135f8.jpg 300w, https:\/\/beautytherapy.absolution-cosmetics.com\/wp-content\/uploads\/2024\/10\/08_24_ABSOLUTION_28-edited-scaled-1024x640-fd90e2c36371.jpg 1024w, https:\/\/beautytherapy.absolution-cosmetics.com\/wp-content\/uploads\/2024\/10\/08_24_ABSOLUTION_28-edited-scaled-768x480-b56108145cc7.jpg 768w, https:\/\/beautytherapy.absolution-cosmetics.com\/wp-content\/uploads\/2024\/10\/08_24_ABSOLUTION_28-edited-scaled-1536x960-3c33d8efde71.jpg 1536w, https:\/\/beautytherapy.absolution-cosmetics.com\/wp-content\/uploads\/2024\/10\/08_24_ABSOLUTION_28-edited-scaled-2048x1280-539fcd4e84ba.jpg 2048w, https:\/\/beautytherapy.absolution-cosmetics.com\/wp-content\/uploads\/2024\/10\/08_24_ABSOLUTION_28-edited-scaled-100x63-fab7673e88b9.jpg 100w\" sizes=\"auto, (max-width: 2560px) 100vw, 2560px\" \/><\/figure>\n          <\/div>\n        <\/div>\n      <\/div>\n\n      <\/section>\n\n<section class=\"block-grid-wrapper block-grid-for-core-paragraph\">\n      <div class=\"default-editor-content grid-for-core-paragraph container-fluid container-px-1\">\n        <div class=\"row row-cols-1 align-center\">\n          <div class=\"cell\">\n            \n<p>Il existe plusieurs types de masques&nbsp;:<\/p>\n          <\/div>\n        <\/div>\n      <\/div>\n\n      <\/section>\n\n<section class=\"block-grid-wrapper block-grid-for-core-list\">\n      <div class=\"default-editor-content grid-for-core-list container-fluid container-px-1\">\n        <div class=\"row row-cols-1 align-center\">\n          <div class=\"cell\">\n            \n<ul class=\"wp-block-list\">\n<li>Les <strong>masques<\/strong> <strong>hydratants<\/strong>, sp\u00e9cialement formul\u00e9s pour hydrater intens\u00e9ment la peau. Gr\u00e2ce \u00e0 leur texture souvent fra\u00eeche et l\u00e9g\u00e8re, ils sont tr\u00e8s agr\u00e9ables lorsque la peau \u00ab&nbsp;a soif&nbsp;\u00bb et permettent d\u2019apporter une bonne dose d\u2019hydratation.<\/li>\n<\/ul>\n          <\/div>\n        <\/div>\n      <\/div>\n\n      <\/section>\n\n<section class=\"block-grid-wrapper block-grid-for-core-paragraph\">\n      <div class=\"default-editor-content grid-for-core-paragraph container-fluid container-px-1\">\n        <div class=\"row row-cols-1 align-center\">\n          <div class=\"cell\">\n            \n<p><\/p>\n          <\/div>\n        <\/div>\n      <\/div>\n\n      <\/section>\n\n<section class=\"block-grid-wrapper block-grid-for-core-list\">\n      <div class=\"default-editor-content grid-for-core-list container-fluid container-px-1\">\n        <div class=\"row row-cols-1 align-center\">\n          <div class=\"cell\">\n            \n<ul class=\"wp-block-list\">\n<li>Les <strong>masques<\/strong> nettoyants, notamment ceux \u00e0 base d\u2019argile, sont con\u00e7us pour purifier la peau en profondeur. Ils absorbent l\u2019exc\u00e8s de s\u00e9bum, \u00e9liminent les impuret\u00e9s et lib\u00e8rent les pores, laissant la peau fra\u00eeche et clarifi\u00e9e.<\/li>\n<\/ul>\n          <\/div>\n        <\/div>\n      <\/div>\n\n      <\/section>\n\n<section class=\"block-grid-wrapper block-grid-for-core-paragraph\">\n      <div class=\"default-editor-content grid-for-core-paragraph container-fluid container-px-1\">\n        <div class=\"row row-cols-1 align-center\">\n          <div class=\"cell\">\n            \n<p><\/p>\n          <\/div>\n        <\/div>\n      <\/div>\n\n      <\/section>\n\n<section class=\"block-grid-wrapper block-grid-for-core-list\">\n      <div class=\"default-editor-content grid-for-core-list container-fluid container-px-1\">\n        <div class=\"row row-cols-1 align-center\">\n          <div class=\"cell\">\n            \n<ul class=\"wp-block-list\">\n<li>Les <strong>masques<\/strong> apaisants sont id\u00e9aux pour calmer les irritations et r\u00e9duire les rougeurs. Enrichis en ingr\u00e9dients anti-inflammatoires et apaisants, ils r\u00e9parent et renforcent la barri\u00e8re cutan\u00e9e. Un bon moyen d\u2019aider la peau \u00e0 mieux se d\u00e9fendre contre les agressions ext\u00e9rieures.<\/li>\n<\/ul>\n          <\/div>\n        <\/div>\n      <\/div>\n\n      <\/section>\n\n<section class=\"block-grid-wrapper block-grid-for-core-paragraph\">\n      <div class=\"default-editor-content grid-for-core-paragraph container-fluid container-px-1\">\n        <div class=\"row row-cols-1 align-center\">\n          <div class=\"cell\">\n            \n<p><\/p>\n          <\/div>\n        <\/div>\n      <\/div>\n\n      <\/section>\n\n<section class=\"block-grid-wrapper block-grid-for-core-list\">\n      <div class=\"default-editor-content grid-for-core-list container-fluid container-px-1\">\n        <div class=\"row row-cols-1 align-center\">\n          <div class=\"cell\">\n            \n<ul class=\"wp-block-list\">\n<li>Les <strong>masques<\/strong> repulpants contiennent des actifs revitalisants stimulant la production de collag\u00e8ne et d\u2019\u00e9lastine. Ils redonnent \u00e0 la peau son \u00e9clat, un aspect plus jeune, plus ferme et plus lumineux.<\/li>\n<\/ul>\n          <\/div>\n        <\/div>\n      <\/div>\n\n      <\/section>\n\n<section class=\"block-grid-wrapper block-grid-for-core-paragraph\">\n      <div class=\"default-editor-content grid-for-core-paragraph container-fluid container-px-1\">\n        <div class=\"row row-cols-1 align-center\">\n          <div class=\"cell\">\n            \n<p><\/p>\n          <\/div>\n        <\/div>\n      <\/div>\n\n      <\/section>\n\n<section class=\"block-grid-wrapper block-grid-for-core-image\">\n      <div class=\"default-editor-content grid-for-core-image container-fluid container-px-1\">\n        <div class=\"row row-cols-1 align-center\">\n          <div class=\"cell\">\n            \n<figure class=\"wp-block-image size-large\"><img loading=\"lazy\" decoding=\"async\" width=\"2334\" height=\"1313\" src=\"https:\/\/beautytherapy.absolution-cosmetics.com\/wp-content\/uploads\/2024\/10\/\u00a9LaurenceRevol_ABSOLUTION_2024mimi-LIFESTYLE-107-edited.jpg\" alt=\"\" class=\"wp-image-22866\" srcset=\"https:\/\/beautytherapy.absolution-cosmetics.com\/wp-content\/uploads\/2024\/10\/\u00a9LaurenceRevol_ABSOLUTION_2024mimi-LIFESTYLE-107-edited.jpg 2334w, https:\/\/beautytherapy.absolution-cosmetics.com\/wp-content\/uploads\/2024\/10\/\u00a9LaurenceRevol_ABSOLUTION_2024mimi-LIFESTYLE-107-edited-300x169-512c1e2135f8.jpg 300w, https:\/\/beautytherapy.absolution-cosmetics.com\/wp-content\/uploads\/2024\/10\/\u00a9LaurenceRevol_ABSOLUTION_2024mimi-LIFESTYLE-107-edited-1024x576-fd90e2c36371.jpg 1024w, https:\/\/beautytherapy.absolution-cosmetics.com\/wp-content\/uploads\/2024\/10\/\u00a9LaurenceRevol_ABSOLUTION_2024mimi-LIFESTYLE-107-edited-768x432-b56108145cc7.jpg 768w, https:\/\/beautytherapy.absolution-cosmetics.com\/wp-content\/uploads\/2024\/10\/\u00a9LaurenceRevol_ABSOLUTION_2024mimi-LIFESTYLE-107-edited-1536x864-3c33d8efde71.jpg 1536w, https:\/\/beautytherapy.absolution-cosmetics.com\/wp-content\/uploads\/2024\/10\/\u00a9LaurenceRevol_ABSOLUTION_2024mimi-LIFESTYLE-107-edited-2048x1152-539fcd4e84ba.jpg 2048w, https:\/\/beautytherapy.absolution-cosmetics.com\/wp-content\/uploads\/2024\/10\/\u00a9LaurenceRevol_ABSOLUTION_2024mimi-LIFESTYLE-107-edited-100x56-fab7673e88b9.jpg 100w\" sizes=\"auto, (max-width: 2334px) 100vw, 2334px\" \/><\/figure>\n          <\/div>\n        <\/div>\n      <\/div>\n\n      <\/section>\n\n<section class=\"block-grid-wrapper block-grid-for-core-heading\">\n      <div class=\"default-editor-content grid-for-core-heading container-fluid container-px-1\">\n        <div class=\"row row-cols-1 align-center\">\n          <div class=\"cell\">\n            \n<h2 class=\"wp-block-heading\"><strong><strong>Pourquoi privil\u00e9gier un masque visage sp\u00e9cifique pour peau sensible\u2009?<\/strong><\/strong><\/h2>\n          <\/div>\n        <\/div>\n      <\/div>\n\n      <\/section>\n\n<section class=\"block-grid-wrapper block-grid-for-core-paragraph\">\n      <div class=\"default-editor-content grid-for-core-paragraph container-fluid container-px-1\">\n        <div class=\"row row-cols-1 align-center\">\n          <div class=\"cell\">\n            \n<p>Les <a href=\"https:\/\/www.absolution-cosmetics.com\/fr\/content\/33-routine-soin-visage-pour-peau-sensible-absolution.\"><strong>peaux<\/strong> <strong>sensibles<\/strong><\/a> n\u00e9cessitent des soins sp\u00e9cifiques pour limiter le risque de r\u00e9action cutan\u00e9e. Les masques con\u00e7us pour ce type de peau sont g\u00e9n\u00e9ralement enrichis en ingr\u00e9dients naturels apaisants et anti-inflammatoires. Ces produits de soin aident \u00e0 fortifier la barri\u00e8re cutan\u00e9e et offrent une hydratation et une protection optimales contre les agressions ext\u00e9rieures.&nbsp;<\/p>\n          <\/div>\n        <\/div>\n      <\/div>\n\n      <\/section>\n\n<section class=\"block-grid-wrapper block-grid-for-core-paragraph\">\n      <div class=\"default-editor-content grid-for-core-paragraph container-fluid container-px-1\">\n        <div class=\"row row-cols-1 align-center\">\n          <div class=\"cell\">\n            \n<p>De plus, utiliser des masques sp\u00e9cifiques pour les <a href=\"https:\/\/www.absolution-cosmetics.com\/fr\/content\/33-routine-soin-visage-pour-peau-sensible-absolution.\"><strong>peaux<\/strong> <strong>sensibles<\/strong><\/a> permet de cibler efficacement les rougeurs, les irritations ou la s\u00e9cheresse.&nbsp;<\/p>\n          <\/div>\n        <\/div>\n      <\/div>\n\n      <\/section>\n\n<section class=\"block-grid-wrapper block-grid-for-core-paragraph\">\n      <div class=\"default-editor-content grid-for-core-paragraph container-fluid container-px-1\">\n        <div class=\"row row-cols-1 align-center\">\n          <div class=\"cell\">\n            \n<p>\u00c9vitez les masques compos\u00e9s d\u2019argile, de zinc ou encore de charbon. Ces derniers sont plut\u00f4t conseill\u00e9s aux peaux grasses \u00e0 imperfections. Ciblez en revanche un masque visage \u00e0 la texture cr\u00e9meuse et hydratante.<\/p>\n          <\/div>\n        <\/div>\n      <\/div>\n\n      <\/section>\n\n<section class=\"block-grid-wrapper block-grid-for-core-separator\">\n      <div class=\"default-editor-content grid-for-core-separator container-fluid container-px-1\">\n        <div class=\"row row-cols-1 align-center\">\n          <div class=\"cell\">\n            \n<hr class=\"wp-block-separator has-alpha-channel-opacity\"\/>\n          <\/div>\n        <\/div>\n      <\/div>\n\n      <\/section>\n\n<section class=\"block-grid-wrapper block-grid-for-core-paragraph\">\n      <div class=\"default-editor-content grid-for-core-paragraph container-fluid container-px-1\">\n        <div class=\"row row-cols-1 align-center\">\n          <div class=\"cell\">\n            \n<p><\/p>\n          <\/div>\n        <\/div>\n      <\/div>\n\n      <\/section>\n\n<section class=\"block-grid-wrapper block-grid-for-core-heading\">\n      <div class=\"default-editor-content grid-for-core-heading container-fluid container-px-1\">\n        <div class=\"row row-cols-1 align-center\">\n          <div class=\"cell\">\n            \n<h3 class=\"wp-block-heading\"><em><strong>Quels sont les ingr\u00e9dients naturels privil\u00e9gi\u00e9s dans les masques visage pour peau sensible d\u2019Absolution\u2009?<\/strong><\/em><\/h3>\n          <\/div>\n        <\/div>\n      <\/div>\n\n      <\/section>\n\n<section class=\"block-grid-wrapper block-grid-for-core-paragraph\">\n      <div class=\"default-editor-content grid-for-core-paragraph container-fluid container-px-1\">\n        <div class=\"row row-cols-1 align-center\">\n          <div class=\"cell\">\n            \n<p><a href=\"https:\/\/www.absolution-cosmetics.com\/fr\/home\/268-le-masque-riche-reconfortant.html\">Le <strong>Masque<\/strong> Riche R\u00e9confortant<\/a> est formul\u00e9 avec un duo de choc&nbsp;: les beurres de cacao et de mangue, riches en nutriments.&nbsp;<\/p>\n          <\/div>\n        <\/div>\n      <\/div>\n\n      <\/section>\n\n<section class=\"block-grid-wrapper block-grid-for-core-list\">\n      <div class=\"default-editor-content grid-for-core-list container-fluid container-px-1\">\n        <div class=\"row row-cols-1 align-center\">\n          <div class=\"cell\">\n            \n<ul class=\"wp-block-list\">\n<li>Le beurre de cacao renforce le film hydrolipidique de la peau gr\u00e2ce \u00e0 ses om\u00e9gas&nbsp;9, tout en fournissant des polyph\u00e9nols antioxydants pour lutter contre les radicaux libres.&nbsp;<\/li>\n<\/ul>\n          <\/div>\n        <\/div>\n      <\/div>\n\n      <\/section>\n\n<section class=\"block-grid-wrapper block-grid-for-core-list\">\n      <div class=\"default-editor-content grid-for-core-list container-fluid container-px-1\">\n        <div class=\"row row-cols-1 align-center\">\n          <div class=\"cell\">\n            \n<ul class=\"wp-block-list\">\n<li>Le beurre de mangue est riche en vitamines A, B1, B6, C, E, en cuivre, en squal\u00e8nes et acides gras essentiels. Ces derniers favorisent la production de collag\u00e8ne, mais aussi le processus d\u2019hydratation.<\/li>\n<\/ul>\n          <\/div>\n        <\/div>\n      <\/div>\n\n      <\/section>\n\n<section class=\"block-grid-wrapper block-grid-for-core-paragraph\">\n      <div class=\"default-editor-content grid-for-core-paragraph container-fluid container-px-1\">\n        <div class=\"row row-cols-1 align-center\">\n          <div class=\"cell\">\n            \n<p><\/p>\n          <\/div>\n        <\/div>\n      <\/div>\n\n      <\/section>\n\n<section class=\"block-grid-wrapper block-grid-for-core-cover\">\n      <div class=\"default-editor-content grid-for-core-cover container-fluid container-px-1\">\n        <div class=\"row row-cols-1 align-center\">\n          <div class=\"cell\">\n            \n<div class=\"wp-block-cover is-light has-white-color has-text-color has-link-color wp-elements-77f93543b383d27a4fa22843fc7d32a4 wp-duotone-unset-2\" style=\"font-size:15px;min-height:402px;aspect-ratio:unset;\"><span aria-hidden=\"true\" class=\"wp-block-cover__background has-background-dim-30 has-background-dim\"><\/span><img loading=\"lazy\" decoding=\"async\" width=\"1707\" height=\"2560\" class=\"wp-block-cover__image-background wp-image-22898\" alt=\"\" src=\"https:\/\/beautytherapy.absolution-cosmetics.com\/wp-content\/uploads\/2024\/10\/08_24_ABSOLUTION_73-scaled.jpg\" data-object-fit=\"cover\" srcset=\"https:\/\/beautytherapy.absolution-cosmetics.com\/wp-content\/uploads\/2024\/10\/08_24_ABSOLUTION_73-scaled.jpg 1707w, https:\/\/beautytherapy.absolution-cosmetics.com\/wp-content\/uploads\/2024\/10\/08_24_ABSOLUTION_73-scaled-200x300-512c1e2135f8.jpg 200w, https:\/\/beautytherapy.absolution-cosmetics.com\/wp-content\/uploads\/2024\/10\/08_24_ABSOLUTION_73-scaled-683x1024-fd90e2c36371.jpg 683w, https:\/\/beautytherapy.absolution-cosmetics.com\/wp-content\/uploads\/2024\/10\/08_24_ABSOLUTION_73-scaled-768x1152-b56108145cc7.jpg 768w, https:\/\/beautytherapy.absolution-cosmetics.com\/wp-content\/uploads\/2024\/10\/08_24_ABSOLUTION_73-scaled-1024x1536-3c33d8efde71.jpg 1024w, https:\/\/beautytherapy.absolution-cosmetics.com\/wp-content\/uploads\/2024\/10\/08_24_ABSOLUTION_73-scaled-1366x2048-539fcd4e84ba.jpg 1366w, https:\/\/beautytherapy.absolution-cosmetics.com\/wp-content\/uploads\/2024\/10\/08_24_ABSOLUTION_73-scaled-100x150-fab7673e88b9.jpg 100w\" sizes=\"auto, (max-width: 1707px) 100vw, 1707px\" \/><div class=\"wp-block-cover__inner-container is-layout-flow wp-block-cover-is-layout-flow\">\n<p class=\"has-text-align-center has-medium-font-size\"><strong><em>Bon \u00e0 savoir&nbsp;: <\/em><\/strong><\/p>\n\n\n\n<p class=\"has-text-align-center has-medium-font-size\"><strong><em>le beurre de cacao est riche en actifs naturels<\/em><\/strong><\/p>\n\n\n\n<p class=\"has-text-align-center has-medium-font-size\"><br><em>Il contient \u00e9galement de la th\u00e9obromine et de la caf\u00e9ine, connues pour leurs effets tonifiants et psychostimulants.<\/em>&nbsp;<\/p>\n<\/div><\/div>\n          <\/div>\n        <\/div>\n      <\/div>\n\n      <\/section>\n\n<section class=\"block-grid-wrapper block-grid-for-core-paragraph\">\n      <div class=\"default-editor-content grid-for-core-paragraph container-fluid container-px-1\">\n        <div class=\"row row-cols-1 align-center\">\n          <div class=\"cell\">\n            \n<p><\/p>\n          <\/div>\n        <\/div>\n      <\/div>\n\n      <\/section>\n\n<section class=\"block-grid-wrapper block-grid-for-core-list\">\n      <div class=\"default-editor-content grid-for-core-list container-fluid container-px-1\">\n        <div class=\"row row-cols-1 align-center\">\n          <div class=\"cell\">\n            \n<ul class=\"wp-block-list\"><\/ul>\n          <\/div>\n        <\/div>\n      <\/div>\n\n      <\/section>\n\n<section class=\"block-grid-wrapper block-grid-for-core-paragraph\">\n      <div class=\"default-editor-content grid-for-core-paragraph container-fluid container-px-1\">\n        <div class=\"row row-cols-1 align-center\">\n          <div class=\"cell\">\n            \n<p><\/p>\n          <\/div>\n        <\/div>\n      <\/div>\n\n      <\/section>\n\n<section class=\"block-grid-wrapper block-grid-for-core-paragraph\">\n      <div class=\"default-editor-content grid-for-core-paragraph container-fluid container-px-1\">\n        <div class=\"row row-cols-1 align-center\">\n          <div class=\"cell\">\n            \n<p>Ensemble, ces beurres r\u00e9tablissent l\u2019\u00e9quilibre lipidique et apaisent les irritations. Pour encore plus de bienfaits, ce masque int\u00e8gre du <a href=\"https:\/\/www.absolution-cosmetics.com\/fr\/lexique\/K\/kombucha\">kombucha<\/a>. Il s\u2019agit d\u2019un puissant antioxydant et hydratant. Il permet ainsi d\u2019am\u00e9liorer l\u2019\u00e9clat de la peau tout en stimulant la synth\u00e8se des lipides.<\/p>\n          <\/div>\n        <\/div>\n      <\/div>\n\n      <\/section>\n\n<section class=\"block-grid-wrapper block-grid-for-core-separator\">\n      <div class=\"default-editor-content grid-for-core-separator container-fluid container-px-1\">\n        <div class=\"row row-cols-1 align-center\">\n          <div class=\"cell\">\n            \n<hr class=\"wp-block-separator has-alpha-channel-opacity is-style-default\"\/>\n          <\/div>\n        <\/div>\n      <\/div>\n\n      <\/section>\n\n<section class=\"block-grid-wrapper block-grid-for-core-paragraph\">\n      <div class=\"default-editor-content grid-for-core-paragraph container-fluid container-px-1\">\n        <div class=\"row row-cols-1 align-center\">\n          <div class=\"cell\">\n            \n<p><\/p>\n          <\/div>\n        <\/div>\n      <\/div>\n\n      <\/section>\n\n<section class=\"block-grid-wrapper block-grid-for-core-paragraph\">\n      <div class=\"default-editor-content grid-for-core-paragraph container-fluid container-px-1\">\n        <div class=\"row row-cols-1 align-center\">\n          <div class=\"cell\">\n            \n<p><a href=\"https:\/\/www.absolution-cosmetics.com\/fr\/masques-et-gommage\/23-le-masque-velours-repulpant.html\"><strong>Le Masque Velours Repulpant<\/strong><\/a> propose quant \u00e0 lui une hydratation profonde et un effet repulpant gr\u00e2ce \u00e0 un cocktail d\u2019actifs jeunesse.&nbsp;<\/p>\n          <\/div>\n        <\/div>\n      <\/div>\n\n      <\/section>\n\n<section class=\"block-grid-wrapper block-grid-for-core-list\">\n      <div class=\"default-editor-content grid-for-core-list container-fluid container-px-1\">\n        <div class=\"row row-cols-1 align-center\">\n          <div class=\"cell\">\n            \n<ul class=\"wp-block-list\">\n<li><a href=\"https:\/\/www.absolution-cosmetics.com\/fr\/lexique\/T\/tremelle-des-neiges\">La tr\u00e9melle des neiges<\/a>, un champignon d\u2019origine chinoise, offre une hydratation intense, permettant de restaurer la barri\u00e8re cutan\u00e9e. Il est r\u00e9put\u00e9 pour \u00eatre dix&nbsp;fois plus hydratant que l\u2019acide hyaluronique\u2009!&nbsp;<\/li>\n<\/ul>\n          <\/div>\n        <\/div>\n      <\/div>\n\n      <\/section>\n\n<section class=\"block-grid-wrapper block-grid-for-core-paragraph\">\n      <div class=\"default-editor-content grid-for-core-paragraph container-fluid container-px-1\">\n        <div class=\"row row-cols-1 align-center\">\n          <div class=\"cell\">\n            \n<p><\/p>\n          <\/div>\n        <\/div>\n      <\/div>\n\n      <\/section>\n\n<section class=\"block-grid-wrapper block-grid-for-core-list\">\n      <div class=\"default-editor-content grid-for-core-list container-fluid container-px-1\">\n        <div class=\"row row-cols-1 align-center\">\n          <div class=\"cell\">\n            \n<ul class=\"wp-block-list\">\n<li>L\u2019alfalfa, riche en prot\u00e9ines, vitamines et min\u00e9raux, redensifie l\u2019\u00e9piderme et stimule la production de collag\u00e8ne gr\u00e2ce \u00e0 la vitamine U.&nbsp;<\/li>\n<\/ul>\n          <\/div>\n        <\/div>\n      <\/div>\n\n      <\/section>\n\n<section class=\"block-grid-wrapper block-grid-for-core-paragraph\">\n      <div class=\"default-editor-content grid-for-core-paragraph container-fluid container-px-1\">\n        <div class=\"row row-cols-1 align-center\">\n          <div class=\"cell\">\n            \n<p>Ces deux masques d\u2019Absolution, enrichis en ingr\u00e9dients naturels et bio, sont sp\u00e9cialement formul\u00e9s pour apaiser et nourrir les peaux sensibles. Leur petit plus\u2009? Tous deux offrent des bienfaits pro-\u00e2ge et hydratants.<\/p>\n          <\/div>\n        <\/div>\n      <\/div>\n\n      <\/section>\n\n<section class=\"block-grid-wrapper block-grid-for-core-paragraph\">\n      <div class=\"default-editor-content grid-for-core-paragraph container-fluid container-px-1\">\n        <div class=\"row row-cols-1 align-center\">\n          <div class=\"cell\">\n            \n<p><\/p>\n          <\/div>\n        <\/div>\n      <\/div>\n\n      <\/section>\n\n<section class=\"block-grid-wrapper block-grid-for-core-separator\">\n      <div class=\"default-editor-content grid-for-core-separator container-fluid container-px-1\">\n        <div class=\"row row-cols-1 align-center\">\n          <div class=\"cell\">\n            \n<hr class=\"wp-block-separator has-alpha-channel-opacity\"\/>\n          <\/div>\n        <\/div>\n      <\/div>\n\n      <\/section>\n\n\n\n<section class=\"block-grid-wrapper block-grid-for-core-heading\">\n      <div class=\"default-editor-content grid-for-core-heading container-fluid container-px-1\">\n        <div class=\"row row-cols-1 align-center\">\n          <div class=\"cell\">\n            \n<h2 class=\"wp-block-heading\"><strong><strong>Comment int\u00e9grer un masque visage dans une routine de soin pour peau sensible\u2009?<\/strong><\/strong><\/h2>\n          <\/div>\n        <\/div>\n      <\/div>\n\n      <\/section>\n\n<section class=\"block-grid-wrapper block-grid-for-core-paragraph\">\n      <div class=\"default-editor-content grid-for-core-paragraph container-fluid container-px-1\">\n        <div class=\"row row-cols-1 align-center\">\n          <div class=\"cell\">\n            \n<p><\/p>\n          <\/div>\n        <\/div>\n      <\/div>\n\n      <\/section>\n\n<section class=\"block-grid-wrapper block-grid-for-core-paragraph\">\n      <div class=\"default-editor-content grid-for-core-paragraph container-fluid container-px-1\">\n        <div class=\"row row-cols-1 align-center\">\n          <div class=\"cell\">\n            \n<p>Appliquez le <a href=\"https:\/\/www.absolution-cosmetics.com\/fr\/masques-et-gommage\/23-le-masque-velours-repulpant.html\"><strong>masque<\/strong> <\/a>une \u00e0 deux&nbsp;fois par semaine apr\u00e8s <a href=\"https:\/\/www.absolution-cosmetics.com\/fr\/39-nettoyant-et-demaquillant-bio-visage\">un nettoyage doux<\/a>. Appliquez-le uniform\u00e9ment sur le visage et le cou et laissez poser 10 \u00e0 20&nbsp;minutes pour laisser p\u00e9n\u00e9trer profond\u00e9ment les actifs. Ensuite, rincez-le d\u00e9licatement \u00e0 l\u2019<strong>eau<\/strong> ti\u00e8de puis poursuivez en appliquant une <strong>lotion tonique<\/strong> <strong>apaisante bio<\/strong> et une <strong>cr\u00e8me hydratante bio<\/strong>.&nbsp;<\/p>\n          <\/div>\n        <\/div>\n      <\/div>\n\n      <\/section>\n\n<section class=\"block-grid-wrapper block-grid-for-core-paragraph\">\n      <div class=\"default-editor-content grid-for-core-paragraph container-fluid container-px-1\">\n        <div class=\"row row-cols-1 align-center\">\n          <div class=\"cell\">\n            \n<p>Bien s\u00fbr, choisissez un moment o\u00f9 vous pouvez vous d\u00e9tendre. Votre peau<strong>,<\/strong> mais aussi votre mental, pourront profiter pleinement des propri\u00e9t\u00e9s apaisantes du <a href=\"https:\/\/www.absolution-cosmetics.com\/fr\/masques-et-gommage\/270-le-masque-anti-soif-hydratant.html\"><strong>masque<\/strong><\/a>.<\/p>\n          <\/div>\n        <\/div>\n      <\/div>\n\n      <\/section>\n\n<section class=\"block-grid-wrapper block-grid-for-core-paragraph\">\n      <div class=\"default-editor-content grid-for-core-paragraph container-fluid container-px-1\">\n        <div class=\"row row-cols-1 align-center\">\n          <div class=\"cell\">\n            \n<p>Les deux masques pour peau sensible d\u2019Absolution peuvent aussi se garder la nuit pour profiter encore plus de leurs actifs\u2009!<\/p>\n          <\/div>\n        <\/div>\n      <\/div>\n\n      <\/section>\n\n<section class=\"block-grid-wrapper block-grid-for-core-paragraph\">\n      <div class=\"default-editor-content grid-for-core-paragraph container-fluid container-px-1\">\n        <div class=\"row row-cols-1 align-center\">\n          <div class=\"cell\">\n            \n<p><a href=\"https:\/\/www.absolution-cosmetics.com\/fr\/content\/33-routine-soin-visage-pour-peau-sensible-absolution.\">Besoin d&rsquo;une routine compl\u00e8te pour peau sensible ? D\u00e9couvrez notre guide !<\/a><\/p>\n          <\/div>\n        <\/div>\n      <\/div>\n\n      <\/section>\n\n\n\n<section class=\"block-grid-wrapper block-grid-for-core-paragraph\">\n      <div class=\"default-editor-content grid-for-core-paragraph container-fluid container-px-1\">\n        <div class=\"row row-cols-1 align-center\">\n          <div class=\"cell\">\n            \n<p><strong>Les trois&nbsp;points \u00e0 retenir&nbsp;:&nbsp;<\/strong><\/p>\n          <\/div>\n        <\/div>\n      <\/div>\n\n      <\/section>\n\n<section class=\"block-grid-wrapper block-grid-for-core-list\">\n      <div class=\"default-editor-content grid-for-core-list container-fluid container-px-1\">\n        <div class=\"row row-cols-1 align-center\">\n          <div class=\"cell\">\n            \n<ul class=\"wp-block-list\">\n<li><strong>Utilisez des masques sp\u00e9cialement con\u00e7us pour apaiser et hydrater les peaux sensibles.<\/strong><\/li>\n\n\n\n<li><strong>Optez pour des masques enrichis en actifs nourrissants afin de restaurer le film hydrolipidique de la peau.<\/strong><\/li>\n\n\n\n<li><strong>Int\u00e9grez les masques une \u00e0 deux&nbsp;fois par semaine dans votre rituel de soin pour retrouver une peau douce, pleinement prot\u00e9g\u00e9e.<\/strong><\/li>\n<\/ul>\n          <\/div>\n        <\/div>\n      <\/div>\n\n      <\/section>\n\n<section class=\"block-grid-wrapper block-grid-for-core-paragraph\">\n      <div class=\"default-editor-content grid-for-core-paragraph container-fluid container-px-1\">\n        <div class=\"row row-cols-1 align-center\">\n          <div class=\"cell\">\n            \n<p><\/p>\n          <\/div>\n        <\/div>\n      <\/div>\n\n      <\/section>\n\n<section class=\"block-grid-wrapper block-grid-for-core-paragraph\">\n      <div class=\"default-editor-content grid-for-core-paragraph container-fluid container-px-1\">\n        <div class=\"row row-cols-1 align-center\">\n          <div class=\"cell\">\n            \n<p><em>1 <\/em><a href=\"https:\/\/harris-interactive.fr\/wp-content\/uploads\/sites\/6\/2018\/11\/Rapport-Harris_Interactive-Observatoire_Cetelem-2018-Entretenir_son_corps.pdf\"><em>Th\u00e8me&nbsp;4&nbsp;: Entre apparence(s) et identit\u00e9(s)&nbsp;: le corps, une vitrine de soi\u2009?<\/em><\/a><\/p>\n          <\/div>\n        <\/div>\n      <\/div>\n\n      <\/section>\n\n\r\n<section   class=\"section-home-media wp-block-acf-home-media  media-section\">\r\n  <svg xmlns=\"http:\/\/www.w3.org\/2000\/svg\" width=\"0\" height=\"0\" style=\"position: absolute; pointer-events: none;\">\n  <defs>\n    <clipPath id=\"bgiSvgPath\" clipPathUnits=\"objectBoundingBox\"  transform=\"scale(0.00078062367147609 0.0015827042084105)\">\n      <path d=\"M.672 2.662s-13.609-14.538 271.332 31.914 294.317 38.34 522.839 12.213 485.073 9.212 485.073 9.212v575h0c-1.373-.751-361.7-51.117-831.063-42.556S.672 573.95.672 573.95z\" fill=\"none\" stroke=\"#000\" stroke-miterlimit=\"10\"><\/path>\n    <\/clipPath>\n  <\/defs>\n<\/svg>  <svg xmlns=\"http:\/\/www.w3.org\/2000\/svg\" width=\"0\" height=\"0\" style=\"position: absolute; pointer-events: none;\">\n  <defs>\n    <clipPath id=\"mask-front-media-mobile-top\" clipPathUnits=\"objectBoundingBox\"  transform=\"scale(0.0037757506192231 0.039342198442049)\">\n      <path d=\"M47.36 23.272C33.618 22.97 17.145 22.11 4.638 21.04c-2.324-.198-4.318-.304-4.431-.233-.114.07-.207-4.583-.207-10.34V0h264.848v2.778c0 2.421-.057 2.778-.443 2.778-1.693 0-26.849 2.79-42.816 4.75-14.233 1.746-21.111 2.56-31.354 3.714-3.856.434-9.63 1.09-12.832 1.46-11.032 1.268-36.103 3.722-49.874 4.881-29.792 2.507-55.723 3.449-80.169 2.911z\"><\/path>\n    <\/clipPath>\n  <\/defs>\n<\/svg>  <svg xmlns=\"http:\/\/www.w3.org\/2000\/svg\" width=\"0\" height=\"0\" style=\"position: absolute; pointer-events: none;\">\n  <defs>\n    <clipPath id=\"mask-front-media-mobile-bottom\" clipPathUnits=\"objectBoundingBox\"  transform=\"scale(0.0037833072915681 0.12192148256523)\">\n      <path d=\"M0 5.334V2.466l7.584-.174c11.235-.26 80.51-.205 105.922.082 21.962.249 26.514.325 48.287.804 40.562.894 83.755 2.121 98.755 2.806l3.77.173v2.045H0z\"><\/path>\n    <\/clipPath>\n  <\/defs>\n<\/svg>\r\n  <div class=\"bg-image\">\r\n\r\n    \r\n    <div class=\"desktop-image\">\r\n      \r\n        <div class=\"d-none d-lg-block\">\r\n          <picture><source srcset=\"data:image\/svg+xml;base64,PHN2ZyB4bWxucz0naHR0cDovL3d3dy53My5vcmcvMjAwMC9zdmcnIHk9JzAnIHg9JzAnIHdpZHRoPScxNzA2JyBoZWlnaHQ9Jzg2Nicgdmlld0JveD0nMCAwIDE3MDYgODY2Jz48L3N2Zz4=\" data-srcset=\"https:\/\/beautytherapy.absolution-cosmetics.com\/wp-content\/uploads\/2024\/08\/2024_Baume_Celeste_\u00a9LaurenceRevol_07-scaled-e1724147609720-1706x866-e3bd3f03b6be.jpg\" media=\"(min-width: 64em) and (min-resolution: 192dpi), (min-width: 64em) and (-webkit-min-device-pixel-ratio: 2)\"><source srcset=\"data:image\/svg+xml;base64,PHN2ZyB4bWxucz0naHR0cDovL3d3dy53My5vcmcvMjAwMC9zdmcnIHk9JzAnIHg9JzAnIHdpZHRoPScxNzA2JyBoZWlnaHQ9JzY2Nicgdmlld0JveD0nMCAwIDE3MDYgNjY2Jz48L3N2Zz4=\" data-srcset=\"https:\/\/beautytherapy.absolution-cosmetics.com\/wp-content\/uploads\/2024\/08\/2024_Baume_Celeste_\u00a9LaurenceRevol_07-scaled-e1724147609720-1706x666-df7dfc6397dd.jpg\" media=\"(min-width: 48em) and (min-resolution: 192dpi), (min-width: 48em) and (-webkit-min-device-pixel-ratio: 2)\"><source srcset=\"data:image\/svg+xml;base64,PHN2ZyB4bWxucz0naHR0cDovL3d3dy53My5vcmcvMjAwMC9zdmcnIHk9JzAnIHg9JzAnIHdpZHRoPScxNzA2JyBoZWlnaHQ9JzcyMScgdmlld0JveD0nMCAwIDE3MDYgNzIxJz48L3N2Zz4=\" data-srcset=\"https:\/\/beautytherapy.absolution-cosmetics.com\/wp-content\/uploads\/2024\/08\/2024_Baume_Celeste_\u00a9LaurenceRevol_07-scaled-e1724147609720-1706x721-4a819a420883.jpg\" media=\"(min-width: 90em)\"><source srcset=\"data:image\/svg+xml;base64,PHN2ZyB4bWxucz0naHR0cDovL3d3dy53My5vcmcvMjAwMC9zdmcnIHk9JzAnIHg9JzAnIHdpZHRoPScxNjAwJyBoZWlnaHQ9JzgxMicgdmlld0JveD0nMCAwIDE2MDAgODEyJz48L3N2Zz4=\" data-srcset=\"https:\/\/beautytherapy.absolution-cosmetics.com\/wp-content\/uploads\/2024\/08\/2024_Baume_Celeste_\u00a9LaurenceRevol_07-scaled-e1724147609720-1600x812-bae7f2037715.jpg\" media=\"(min-width: 64em)\"><source srcset=\"data:image\/svg+xml;base64,PHN2ZyB4bWxucz0naHR0cDovL3d3dy53My5vcmcvMjAwMC9zdmcnIHk9JzAnIHg9JzAnIHdpZHRoPScxMDI0JyBoZWlnaHQ9JzQwMCcgdmlld0JveD0nMCAwIDEwMjQgNDAwJz48L3N2Zz4=\" data-srcset=\"https:\/\/beautytherapy.absolution-cosmetics.com\/wp-content\/uploads\/2024\/08\/2024_Baume_Celeste_\u00a9LaurenceRevol_07-scaled-e1724147609720-1024x400-2aee1ab62bfa.jpg\" media=\"(min-width: 48em)\"><img loading=\"lazy\" decoding=\"async\" src=\"data:image\/svg+xml;base64,PHN2ZyB4bWxucz0naHR0cDovL3d3dy53My5vcmcvMjAwMC9zdmcnIHk9JzAnIHg9JzAnIHdpZHRoPSc1NjInIGhlaWdodD0nOTQ1JyB2aWV3Qm94PScwIDAgNTYyIDk0NSc+PC9zdmc+\"  width=\"562\" height=\"945\" data-fade-in data-lazy-img data-src=\"https:\/\/beautytherapy.absolution-cosmetics.com\/wp-content\/uploads\/2024\/08\/2024_Baume_Celeste_\u00a9LaurenceRevol_07-scaled-e1724147609720-562x945-712ea9380daf.jpg\" alt=\"\" style=\";--aspect-ratio-small: 0.5952380952381;--aspect-ratio-medium: 2.56;--aspect-ratio-large: 1.9704433497537;--aspect-ratio-xxlarge: 2.3650615901456;--aspect-ratio-medium_retina: 2.56;--aspect-ratio-large_retina: 1.9704433497537\" data-has-aspect-ratio=\"true\" \/><\/picture>        <\/div>\r\n        <div class=\"d-lg-none\">\r\n          <picture><source srcset=\"data:image\/svg+xml;base64,PHN2ZyB4bWxucz0naHR0cDovL3d3dy53My5vcmcvMjAwMC9zdmcnIHk9JzAnIHg9JzAnIHdpZHRoPSczMjAwJyBoZWlnaHQ9JzE2MjQnIHZpZXdCb3g9JzAgMCAzMjAwIDE2MjQnPjwvc3ZnPg==\" data-srcset=\"\" media=\"(min-width: 64em) and (min-resolution: 192dpi), (min-width: 64em) and (-webkit-min-device-pixel-ratio: 2)\"><source srcset=\"data:image\/svg+xml;base64,PHN2ZyB4bWxucz0naHR0cDovL3d3dy53My5vcmcvMjAwMC9zdmcnIHk9JzAnIHg9JzAnIHdpZHRoPScyMDQ4JyBoZWlnaHQ9JzgwMCcgdmlld0JveD0nMCAwIDIwNDggODAwJz48L3N2Zz4=\" data-srcset=\"\" media=\"(min-width: 48em) and (min-resolution: 192dpi), (min-width: 48em) and (-webkit-min-device-pixel-ratio: 2)\"><source srcset=\"data:image\/svg+xml;base64,PHN2ZyB4bWxucz0naHR0cDovL3d3dy53My5vcmcvMjAwMC9zdmcnIHk9JzAnIHg9JzAnIHdpZHRoPScyMTEyJyBoZWlnaHQ9Jzg5Mycgdmlld0JveD0nMCAwIDIxMTIgODkzJz48L3N2Zz4=\" data-srcset=\"\" media=\"(min-width: 90em)\"><source srcset=\"data:image\/svg+xml;base64,PHN2ZyB4bWxucz0naHR0cDovL3d3dy53My5vcmcvMjAwMC9zdmcnIHk9JzAnIHg9JzAnIHdpZHRoPScxNjAwJyBoZWlnaHQ9JzgxMicgdmlld0JveD0nMCAwIDE2MDAgODEyJz48L3N2Zz4=\" data-srcset=\"\" media=\"(min-width: 64em)\"><source srcset=\"data:image\/svg+xml;base64,PHN2ZyB4bWxucz0naHR0cDovL3d3dy53My5vcmcvMjAwMC9zdmcnIHk9JzAnIHg9JzAnIHdpZHRoPScxMDI0JyBoZWlnaHQ9JzQwMCcgdmlld0JveD0nMCAwIDEwMjQgNDAwJz48L3N2Zz4=\" data-srcset=\"\" media=\"(min-width: 48em)\"><img decoding=\"async\" src=\"data:image\/svg+xml;base64,PHN2ZyB4bWxucz0naHR0cDovL3d3dy53My5vcmcvMjAwMC9zdmcnIHk9JzAnIHg9JzAnIHdpZHRoPSc1NjInIGhlaWdodD0nOTQ1JyB2aWV3Qm94PScwIDAgNTYyIDk0NSc+PC9zdmc+\"  width=\"562.5\" height=\"945\" data-fade-in data-lazy-img data-src=\"\" alt=\"\" style=\";--aspect-ratio-small: 0.5952380952381;--aspect-ratio-medium: 2.56;--aspect-ratio-large: 1.9704433497537;--aspect-ratio-xxlarge: 2.3650615901456;--aspect-ratio-medium_retina: 2.56;--aspect-ratio-large_retina: 1.9704433497537\" data-has-aspect-ratio=\"true\" \/><\/picture>        <\/div>\r\n\r\n          <\/div>\r\n\r\n    \r\n  <\/div>\r\n\r\n  <div class=\"container-fluid container-px-1 position-centered\">\r\n    <div class=\"row row-cols-1\">\r\n\r\n      <div class=\"text-center\" >\r\n        \r\n        \r\n        \r\n      <\/div>\r\n\r\n    <\/div>\r\n  <\/div>\r\n\r\n<\/section>\r\n\n\n\r\n\r\n  <section  class=\"section-maillage-3-articles wp-block-acf-maillage-3-articles  section-content section-three-articles\"     itemprop=\"hasPart\" itemscope itemtype=\"https:\/\/schema.org\/WebPageElement\">\r\n\r\n    <div class=\"container-fluid container-px-1\">\r\n\r\n              <h2 class=\"section-title\">\r\n          D&rsquo;autres articles sur les peaux sensibles        <\/h2>\r\n      \r\n      <div class=\"row row-cols-1 lg:row-cols-3 maillage-articles-slider\">\r\n        \r\n          <div class=\"col-post\">\r\n                          <a href=\"https:\/\/beautytherapy.absolution-cosmetics.com\/fr\/bien-etre\/eau-micellaire-peau-sensible\/\" itemprop=\"url mainEntityOfPage\">\r\n                \r\n                <figure>\r\n                  <picture><source srcset=\"https:\/\/beautytherapy.absolution-cosmetics.com\/wp-content\/uploads\/2024\/10\/2024_EAU_SOIR_ET_MATIN_\u00a9LaurenceRevol_05-edited-2-590x300-232173083481.jpg\" media=\"(min-width: 64em) and (min-resolution: 192dpi), (min-width: 64em) and (-webkit-min-device-pixel-ratio: 2)\"><source srcset=\"https:\/\/beautytherapy.absolution-cosmetics.com\/wp-content\/uploads\/2024\/10\/2024_EAU_SOIR_ET_MATIN_\u00a9LaurenceRevol_05-edited-2-300x200-d12aa28a297a.jpg\" media=\"(min-width: 48em) and (min-resolution: 192dpi), (min-width: 48em) and (-webkit-min-device-pixel-ratio: 2)\"><source srcset=\"https:\/\/beautytherapy.absolution-cosmetics.com\/wp-content\/uploads\/2024\/10\/2024_EAU_SOIR_ET_MATIN_\u00a9LaurenceRevol_05-edited-2-295x150-495ce3e1bb41.jpg\" media=\"(min-width: 64em)\"><source srcset=\"https:\/\/beautytherapy.absolution-cosmetics.com\/wp-content\/uploads\/2024\/10\/2024_EAU_SOIR_ET_MATIN_\u00a9LaurenceRevol_05-edited-2-150x100-e0af6e948299.jpg\" media=\"(min-width: 48em)\"><img decoding=\"async\" src=\"https:\/\/beautytherapy.absolution-cosmetics.com\/wp-content\/uploads\/2024\/10\/2024_EAU_SOIR_ET_MATIN_\u00a9LaurenceRevol_05-edited-2-512x260-9180f4bb4ab3.jpg\" alt=\"\" style=\";--aspect-ratio-small: 1.9692307692308;--aspect-ratio-medium: 1.5;--aspect-ratio-large: 1.9666666666667;--aspect-ratio-medium_retina: 1.5;--aspect-ratio-large_retina: 1.9666666666667\" data-has-aspect-ratio=\"true\" \/><\/picture>                <\/figure>\r\n              <\/a>\r\n            \r\n            \r\n<div class=\"post-subheader\">\r\n  \r\n  <span class=\"entry-date\" itemprop=\"datePublished\">\r\n    19 Oct. 2024  <\/span>\r\n\r\n  <span class=\"author\" itemprop=\"author\" itemscope itemtype=\"http:\/\/schema.org\/Person\">\r\n    Par    <a href=\"https:\/\/beautytherapy.absolution-cosmetics.com\/fr\/author\/l-equipe-absolution\/\" class=\"author-name\" itemprop=\"url\">\r\n      Edito Beauty Therapy    <\/a>\r\n  <\/span>\r\n<\/div>\r\n\r\n            <h3>Eau micellaire pour peau sensible<\/h3>\r\n\r\n            <a class=\"btn btn-secondary\" href=\"https:\/\/beautytherapy.absolution-cosmetics.com\/fr\/bien-etre\/eau-micellaire-peau-sensible\/\" itemprop=\"url\">\r\n              <span>Lire l&rsquo;article<\/span>\r\n            <\/a>\r\n          <\/div>\r\n\r\n        \r\n          <div class=\"col-post\">\r\n                          <a href=\"https:\/\/beautytherapy.absolution-cosmetics.com\/fr\/prendre-soin-de-sa-peau\/gommage-nature-peau\/\" itemprop=\"url mainEntityOfPage\">\r\n                \r\n                <figure>\r\n                  <picture><source srcset=\"https:\/\/beautytherapy.absolution-cosmetics.com\/wp-content\/uploads\/2024\/07\/CREME_GOMMANTE_Absolution_2024_03-590x300-232173083481.jpg\" media=\"(min-width: 64em) and (min-resolution: 192dpi), (min-width: 64em) and (-webkit-min-device-pixel-ratio: 2)\"><source srcset=\"https:\/\/beautytherapy.absolution-cosmetics.com\/wp-content\/uploads\/2024\/07\/CREME_GOMMANTE_Absolution_2024_03-300x200-d12aa28a297a.jpg\" media=\"(min-width: 48em) and (min-resolution: 192dpi), (min-width: 48em) and (-webkit-min-device-pixel-ratio: 2)\"><source srcset=\"https:\/\/beautytherapy.absolution-cosmetics.com\/wp-content\/uploads\/2024\/07\/CREME_GOMMANTE_Absolution_2024_03-295x150-495ce3e1bb41.jpg\" media=\"(min-width: 64em)\"><source srcset=\"https:\/\/beautytherapy.absolution-cosmetics.com\/wp-content\/uploads\/2024\/07\/CREME_GOMMANTE_Absolution_2024_03-150x100-e0af6e948299.jpg\" media=\"(min-width: 48em)\"><img decoding=\"async\" src=\"https:\/\/beautytherapy.absolution-cosmetics.com\/wp-content\/uploads\/2024\/07\/CREME_GOMMANTE_Absolution_2024_03-512x260-9180f4bb4ab3.jpg\" alt=\"\" style=\";--aspect-ratio-small: 1.9692307692308;--aspect-ratio-medium: 1.5;--aspect-ratio-large: 1.9666666666667;--aspect-ratio-medium_retina: 1.5;--aspect-ratio-large_retina: 1.9666666666667\" data-has-aspect-ratio=\"true\" \/><\/picture>                <\/figure>\r\n              <\/a>\r\n            \r\n            \r\n<div class=\"post-subheader\">\r\n      <ul class=\"tags-list\" itemprop=\"keywords\">\r\n\r\n                  <li>\r\n          <a href=\"https:\/\/beautytherapy.absolution-cosmetics.com\/fr\/tag\/gommage\/\">\r\n            Gommage          <\/a>\r\n        <\/li>\r\n              <li>\r\n          <a href=\"https:\/\/beautytherapy.absolution-cosmetics.com\/fr\/tag\/soin-de-la-peau\/\">\r\n            Soins de la peau          <\/a>\r\n        <\/li>\r\n          <\/ul>\r\n  \r\n  <span class=\"entry-date\" itemprop=\"datePublished\">\r\n    25 Juil. 2024  <\/span>\r\n\r\n  <span class=\"author\" itemprop=\"author\" itemscope itemtype=\"http:\/\/schema.org\/Person\">\r\n    Par    <a href=\"https:\/\/beautytherapy.absolution-cosmetics.com\/fr\/author\/adele-bari2\/\" class=\"author-name\" itemprop=\"url\">\r\n      Ad\u00e8le Bari    <\/a>\r\n  <\/span>\r\n<\/div>\r\n\r\n            <h3>Quel gommage pour quelle nature de peau ?\u00a0<\/h3>\r\n\r\n            <a class=\"btn btn-secondary\" href=\"https:\/\/beautytherapy.absolution-cosmetics.com\/fr\/prendre-soin-de-sa-peau\/gommage-nature-peau\/\" itemprop=\"url\">\r\n              <span>Lire l&rsquo;article<\/span>\r\n            <\/a>\r\n          <\/div>\r\n\r\n        \r\n          <div class=\"col-post\">\r\n                          <a href=\"https:\/\/beautytherapy.absolution-cosmetics.com\/fr\/prendre-soin-de-sa-peau\/quelle-creme-pour-ma-peau-sensible-sujette-aux-rougeurs\/\" itemprop=\"url mainEntityOfPage\">\r\n                \r\n                <figure>\r\n                  <picture><source srcset=\"https:\/\/beautytherapy.absolution-cosmetics.com\/wp-content\/uploads\/2024\/02\/screenshot-2022-02-04-181119-compressed-1152x710-c-590x300-232173083481.jpg\" media=\"(min-width: 64em) and (min-resolution: 192dpi), (min-width: 64em) and (-webkit-min-device-pixel-ratio: 2)\"><source srcset=\"https:\/\/beautytherapy.absolution-cosmetics.com\/wp-content\/uploads\/2024\/02\/screenshot-2022-02-04-181119-compressed-1152x710-c-300x200-d12aa28a297a.jpg\" media=\"(min-width: 48em) and (min-resolution: 192dpi), (min-width: 48em) and (-webkit-min-device-pixel-ratio: 2)\"><source srcset=\"https:\/\/beautytherapy.absolution-cosmetics.com\/wp-content\/uploads\/2024\/02\/screenshot-2022-02-04-181119-compressed-1152x710-c-295x150-495ce3e1bb41.jpg\" media=\"(min-width: 64em)\"><source srcset=\"https:\/\/beautytherapy.absolution-cosmetics.com\/wp-content\/uploads\/2024\/02\/screenshot-2022-02-04-181119-compressed-1152x710-c-150x100-e0af6e948299.jpg\" media=\"(min-width: 48em)\"><img decoding=\"async\" src=\"https:\/\/beautytherapy.absolution-cosmetics.com\/wp-content\/uploads\/2024\/02\/screenshot-2022-02-04-181119-compressed-1152x710-c-512x260-9180f4bb4ab3.jpg\" alt=\"\" style=\";--aspect-ratio-small: 1.9692307692308;--aspect-ratio-medium: 1.5;--aspect-ratio-large: 1.9666666666667;--aspect-ratio-medium_retina: 1.5;--aspect-ratio-large_retina: 1.9666666666667\" data-has-aspect-ratio=\"true\" \/><\/picture>                <\/figure>\r\n              <\/a>\r\n            \r\n            \r\n<div class=\"post-subheader\">\r\n      <ul class=\"tags-list\" itemprop=\"keywords\">\r\n\r\n                  <li>\r\n          <a href=\"https:\/\/beautytherapy.absolution-cosmetics.com\/fr\/tag\/cremes-visage\/\">\r\n            Cr\u00e8mes visage          <\/a>\r\n        <\/li>\r\n              <li>\r\n          <a href=\"https:\/\/beautytherapy.absolution-cosmetics.com\/fr\/tag\/peau-sensible\/\">\r\n            Peau sensible          <\/a>\r\n        <\/li>\r\n              <li>\r\n          <a href=\"https:\/\/beautytherapy.absolution-cosmetics.com\/fr\/tag\/rougeurs\/\">\r\n            Rougeurs          <\/a>\r\n        <\/li>\r\n          <\/ul>\r\n  \r\n  <span class=\"entry-date\" itemprop=\"datePublished\">\r\n    4 F\u00e9v. 2022  <\/span>\r\n\r\n  <span class=\"author\" itemprop=\"author\" itemscope itemtype=\"http:\/\/schema.org\/Person\">\r\n    Par    <a href=\"https:\/\/beautytherapy.absolution-cosmetics.com\/fr\/author\/l-equipe-absolution\/\" class=\"author-name\" itemprop=\"url\">\r\n      Edito Beauty Therapy    <\/a>\r\n  <\/span>\r\n<\/div>\r\n\r\n            <h3>Quelle cr\u00e8me pour ma peau sensible sujette aux rougeurs ?<\/h3>\r\n\r\n            <a class=\"btn btn-secondary\" href=\"https:\/\/beautytherapy.absolution-cosmetics.com\/fr\/prendre-soin-de-sa-peau\/quelle-creme-pour-ma-peau-sensible-sujette-aux-rougeurs\/\" itemprop=\"url\">\r\n              <span>Lire l&rsquo;article<\/span>\r\n            <\/a>\r\n          <\/div>\r\n\r\n              <\/div>\r\n    <\/div>\r\n  <\/section>\r\n\r\n","protected":false},"excerpt":{"rendered":"<p>Plus de la moiti\u00e9 des Fran\u00e7ais, soit 52&nbsp;%, int\u00e8grent des soins et des produits pour le visage \u00e0 leur routine&nbsp;beaut\u00e91. Parmi les diff\u00e9rents produits disponibles, les masques sont souvent appr\u00e9ci\u00e9s pour les instants de d\u00e9tente qu\u2019ils offrent. Masques visage pour peau sensible&nbsp;: nos soins doux et naturels Le masque visage est un soin qui agit [&hellip;]<\/p>\n","protected":false},"author":24,"featured_media":20526,"comment_status":"closed","ping_status":"0","sticky":false,"template":"","format":"standard","meta":{"_acf_changed":false,"footnotes":""},"categories":[992,990],"tags":[1152],"class_list":["post-22852","post","type-post","status-publish","format-standard","has-post-thumbnail","hentry","category-bons-gestes","category-prendre-soin-de-sa-peau","tag-masques"],"acf":[],"yoast_head":"<!-- This site is optimized with the Yoast SEO plugin v27.4 - https:\/\/yoast.com\/product\/yoast-seo-wordpress\/ -->\n<title>Masques visage pour peau sensible\u00a0: nos soins bio - Beauty Therapy<\/title>\n<meta name=\"description\" content=\"D\u00e9couvrez notre s\u00e9lection de masques visage\u2009sp\u00e9cialement con\u00e7us pour les peaux sensibles. Des soins bio et apaisants pour une peau douce et hydrat\u00e9e.\" \/>\n<meta name=\"robots\" content=\"index, follow, max-snippet:-1, max-image-preview:large, max-video-preview:-1\" \/>\n<link rel=\"canonical\" href=\"https:\/\/beautytherapy.absolution-cosmetics.com\/fr\/prendre-soin-de-sa-peau\/masque-peau-sensible-bio\/\" \/>\n<meta property=\"og:locale\" content=\"fr_FR\" \/>\n<meta property=\"og:type\" content=\"article\" \/>\n<meta property=\"og:title\" content=\"Masques visage pour peau sensible\u00a0: nos soins bio - Beauty Therapy\" \/>\n<meta property=\"og:description\" content=\"D\u00e9couvrez notre s\u00e9lection de masques visage\u2009sp\u00e9cialement con\u00e7us pour les peaux sensibles. Des soins bio et apaisants pour une peau douce et hydrat\u00e9e.\" \/>\n<meta property=\"og:url\" content=\"https:\/\/beautytherapy.absolution-cosmetics.com\/fr\/prendre-soin-de-sa-peau\/masque-peau-sensible-bio\/\" \/>\n<meta property=\"og:site_name\" content=\"Beauty Therapy\" \/>\n<meta property=\"article:author\" content=\"https:\/\/www.facebook.com\/absolutioncosmetics\" \/>\n<meta property=\"article:published_time\" content=\"2024-10-29T15:23:02+00:00\" \/>\n<meta property=\"article:modified_time\" content=\"2025-01-07T14:15:53+00:00\" \/>\n<meta property=\"og:image\" content=\"https:\/\/beautytherapy.absolution-cosmetics.com\/wp-content\/uploads\/2024\/06\/Absolution_gamme_masques_textures1-scaled-e1718979583415.jpg\" \/>\n\t<meta property=\"og:image:width\" content=\"1708\" \/>\n\t<meta property=\"og:image:height\" content=\"2560\" \/>\n\t<meta property=\"og:image:type\" content=\"image\/jpeg\" \/>\n<meta name=\"author\" content=\"Edito Beauty Therapy\" \/>\n<meta name=\"twitter:card\" content=\"summary_large_image\" \/>\n<meta name=\"twitter:label1\" content=\"\u00c9crit par\" \/>\n\t<meta name=\"twitter:data1\" content=\"Edito Beauty Therapy\" \/>\n\t<meta name=\"twitter:label2\" content=\"Dur\u00e9e de lecture estim\u00e9e\" \/>\n\t<meta name=\"twitter:data2\" content=\"6 minutes\" \/>\n<script type=\"application\/ld+json\" class=\"yoast-schema-graph\">{\"@context\":\"https:\\\/\\\/schema.org\",\"@graph\":[{\"@type\":\"Article\",\"@id\":\"https:\\\/\\\/beautytherapy.absolution-cosmetics.com\\\/fr\\\/prendre-soin-de-sa-peau\\\/masque-peau-sensible-bio\\\/#article\",\"isPartOf\":{\"@id\":\"https:\\\/\\\/beautytherapy.absolution-cosmetics.com\\\/fr\\\/prendre-soin-de-sa-peau\\\/masque-peau-sensible-bio\\\/\"},\"author\":{\"name\":\"Edito Beauty Therapy\",\"@id\":\"https:\\\/\\\/beautytherapy.absolution-cosmetics.com\\\/fr\\\/#\\\/schema\\\/person\\\/39fa4ed518c548c2f2b7d6a399786b66\"},\"headline\":\"Masques visage pour peau sensible\u00a0: nos soins bio\",\"datePublished\":\"2024-10-29T15:23:02+00:00\",\"dateModified\":\"2025-01-07T14:15:53+00:00\",\"mainEntityOfPage\":{\"@id\":\"https:\\\/\\\/beautytherapy.absolution-cosmetics.com\\\/fr\\\/prendre-soin-de-sa-peau\\\/masque-peau-sensible-bio\\\/\"},\"wordCount\":1003,\"publisher\":{\"@id\":\"https:\\\/\\\/beautytherapy.absolution-cosmetics.com\\\/fr\\\/#organization\"},\"image\":{\"@id\":\"https:\\\/\\\/beautytherapy.absolution-cosmetics.com\\\/fr\\\/prendre-soin-de-sa-peau\\\/masque-peau-sensible-bio\\\/#primaryimage\"},\"thumbnailUrl\":\"https:\\\/\\\/beautytherapy.absolution-cosmetics.com\\\/wp-content\\\/uploads\\\/2024\\\/06\\\/Absolution_gamme_masques_textures1-scaled-e1718979583415.jpg\",\"keywords\":[\"Masques\"],\"articleSection\":[\"Bons gestes\",\"Prendre soin de sa peau\"],\"inLanguage\":\"fr-FR\"},{\"@type\":\"WebPage\",\"@id\":\"https:\\\/\\\/beautytherapy.absolution-cosmetics.com\\\/fr\\\/prendre-soin-de-sa-peau\\\/masque-peau-sensible-bio\\\/\",\"url\":\"https:\\\/\\\/beautytherapy.absolution-cosmetics.com\\\/fr\\\/prendre-soin-de-sa-peau\\\/masque-peau-sensible-bio\\\/\",\"name\":\"Masques visage pour peau sensible\u00a0: nos soins bio - Beauty Therapy\",\"isPartOf\":{\"@id\":\"https:\\\/\\\/beautytherapy.absolution-cosmetics.com\\\/fr\\\/#website\"},\"primaryImageOfPage\":{\"@id\":\"https:\\\/\\\/beautytherapy.absolution-cosmetics.com\\\/fr\\\/prendre-soin-de-sa-peau\\\/masque-peau-sensible-bio\\\/#primaryimage\"},\"image\":{\"@id\":\"https:\\\/\\\/beautytherapy.absolution-cosmetics.com\\\/fr\\\/prendre-soin-de-sa-peau\\\/masque-peau-sensible-bio\\\/#primaryimage\"},\"thumbnailUrl\":\"https:\\\/\\\/beautytherapy.absolution-cosmetics.com\\\/wp-content\\\/uploads\\\/2024\\\/06\\\/Absolution_gamme_masques_textures1-scaled-e1718979583415.jpg\",\"datePublished\":\"2024-10-29T15:23:02+00:00\",\"dateModified\":\"2025-01-07T14:15:53+00:00\",\"description\":\"D\u00e9couvrez notre s\u00e9lection de masques visage\u2009sp\u00e9cialement con\u00e7us pour les peaux sensibles. Des soins bio et apaisants pour une peau douce et hydrat\u00e9e.\",\"breadcrumb\":{\"@id\":\"https:\\\/\\\/beautytherapy.absolution-cosmetics.com\\\/fr\\\/prendre-soin-de-sa-peau\\\/masque-peau-sensible-bio\\\/#breadcrumb\"},\"inLanguage\":\"fr-FR\",\"potentialAction\":[{\"@type\":\"ReadAction\",\"target\":[\"https:\\\/\\\/beautytherapy.absolution-cosmetics.com\\\/fr\\\/prendre-soin-de-sa-peau\\\/masque-peau-sensible-bio\\\/\"]}]},{\"@type\":\"ImageObject\",\"inLanguage\":\"fr-FR\",\"@id\":\"https:\\\/\\\/beautytherapy.absolution-cosmetics.com\\\/fr\\\/prendre-soin-de-sa-peau\\\/masque-peau-sensible-bio\\\/#primaryimage\",\"url\":\"https:\\\/\\\/beautytherapy.absolution-cosmetics.com\\\/wp-content\\\/uploads\\\/2024\\\/06\\\/Absolution_gamme_masques_textures1-scaled-e1718979583415.jpg\",\"contentUrl\":\"https:\\\/\\\/beautytherapy.absolution-cosmetics.com\\\/wp-content\\\/uploads\\\/2024\\\/06\\\/Absolution_gamme_masques_textures1-scaled-e1718979583415.jpg\",\"width\":1708,\"height\":2560},{\"@type\":\"BreadcrumbList\",\"@id\":\"https:\\\/\\\/beautytherapy.absolution-cosmetics.com\\\/fr\\\/prendre-soin-de-sa-peau\\\/masque-peau-sensible-bio\\\/#breadcrumb\",\"itemListElement\":[{\"@type\":\"ListItem\",\"position\":1,\"name\":\"Home\",\"item\":\"https:\\\/\\\/beautytherapy.absolution-cosmetics.com\\\/fr\\\/\"},{\"@type\":\"ListItem\",\"position\":2,\"name\":\"Prendre soin de sa peau\",\"item\":\"https:\\\/\\\/beautytherapy.absolution-cosmetics.com\\\/fr\\\/prendre-soin-de-sa-peau\\\/\"},{\"@type\":\"ListItem\",\"position\":3,\"name\":\"Masques visage pour peau sensible\u00a0: nos soins bio\"}]},{\"@type\":\"WebSite\",\"@id\":\"https:\\\/\\\/beautytherapy.absolution-cosmetics.com\\\/fr\\\/#website\",\"url\":\"https:\\\/\\\/beautytherapy.absolution-cosmetics.com\\\/fr\\\/\",\"name\":\"Beauty Therapy\",\"description\":\"\",\"publisher\":{\"@id\":\"https:\\\/\\\/beautytherapy.absolution-cosmetics.com\\\/fr\\\/#organization\"},\"inLanguage\":\"fr-FR\"},{\"@type\":\"Organization\",\"@id\":\"https:\\\/\\\/beautytherapy.absolution-cosmetics.com\\\/fr\\\/#organization\",\"name\":\"Beauty Therapy\",\"url\":\"https:\\\/\\\/beautytherapy.absolution-cosmetics.com\\\/fr\\\/\",\"logo\":{\"@type\":\"ImageObject\",\"inLanguage\":\"fr-FR\",\"@id\":\"https:\\\/\\\/beautytherapy.absolution-cosmetics.com\\\/fr\\\/#\\\/schema\\\/logo\\\/image\\\/\",\"url\":\"https:\\\/\\\/beautytherapy.absolution-cosmetics.com\\\/wp-content\\\/uploads\\\/2020\\\/02\\\/beauty-therapy-logo.png\",\"contentUrl\":\"https:\\\/\\\/beautytherapy.absolution-cosmetics.com\\\/wp-content\\\/uploads\\\/2020\\\/02\\\/beauty-therapy-logo.png\",\"width\":424,\"height\":212,\"caption\":\"Beauty Therapy\"},\"image\":{\"@id\":\"https:\\\/\\\/beautytherapy.absolution-cosmetics.com\\\/fr\\\/#\\\/schema\\\/logo\\\/image\\\/\"}},{\"@type\":\"Person\",\"@id\":\"https:\\\/\\\/beautytherapy.absolution-cosmetics.com\\\/fr\\\/#\\\/schema\\\/person\\\/39fa4ed518c548c2f2b7d6a399786b66\",\"name\":\"Edito Beauty Therapy\",\"description\":\"L\u2019objectif d\u2019Absolution est \u00e0 la fois tout simple et merveilleusement complexe : retrouver la Beaut\u00e9 ! Celle du monde qui nous entoure, celle du monde que l\u2019on contient... celle qui se cache dans votre reflet le matin ! Les soins Absolution effacent les scories de nos vies d\u2019urbains : chaque jour ils offrent \u00e0 notre peau un retour \u00e0 sa beaut\u00e9 originelle en restaurant son \u00e9cosyst\u00e8me naturel et en l\u2019amenant \u00e0 son \u00e9tat optimum. \u00c9labor\u00e9e \u00e0 partir d\u2019extraits v\u00e9g\u00e9taux certifi\u00e9s bio ou sauvages, de min\u00e9raux et de vitamines, Absolution allie d\u00e9licatesse des textures et des senteurs, simplicit\u00e9 d\u2019utilisation et totale efficacit\u00e9 des formules. Absolution c\u2019est aussi une volont\u00e9 : celle de transmettre une fa\u00e7on de voir le monde qui fait \u00e9merger la beaut\u00e9 partout o\u00f9 elle est. Partagez-la avec nous ! @absolution_cosmetics #absolutioncosmetics #retrouverlabeaut\u00e9\",\"sameAs\":[\"https:\\\/\\\/www.absolution-cosmetics.com\\\/fr\\\/\",\"https:\\\/\\\/www.facebook.com\\\/absolutioncosmetics\",\"https:\\\/\\\/www.instagram.com\\\/absolution_cosmetics\\\/\"],\"url\":\"https:\\\/\\\/beautytherapy.absolution-cosmetics.com\\\/fr\\\/author\\\/l-equipe-absolution\\\/\"}]}<\/script>\n<!-- \/ Yoast SEO plugin. -->","yoast_head_json":{"title":"Masques visage pour peau sensible\u00a0: nos soins bio - Beauty Therapy","description":"D\u00e9couvrez notre s\u00e9lection de masques visage\u2009sp\u00e9cialement con\u00e7us pour les peaux sensibles. Des soins bio et apaisants pour une peau douce et hydrat\u00e9e.","robots":{"index":"index","follow":"follow","max-snippet":"max-snippet:-1","max-image-preview":"max-image-preview:large","max-video-preview":"max-video-preview:-1"},"canonical":"https:\/\/beautytherapy.absolution-cosmetics.com\/fr\/prendre-soin-de-sa-peau\/masque-peau-sensible-bio\/","og_locale":"fr_FR","og_type":"article","og_title":"Masques visage pour peau sensible\u00a0: nos soins bio - Beauty Therapy","og_description":"D\u00e9couvrez notre s\u00e9lection de masques visage\u2009sp\u00e9cialement con\u00e7us pour les peaux sensibles. Des soins bio et apaisants pour une peau douce et hydrat\u00e9e.","og_url":"https:\/\/beautytherapy.absolution-cosmetics.com\/fr\/prendre-soin-de-sa-peau\/masque-peau-sensible-bio\/","og_site_name":"Beauty Therapy","article_author":"https:\/\/www.facebook.com\/absolutioncosmetics","article_published_time":"2024-10-29T15:23:02+00:00","article_modified_time":"2025-01-07T14:15:53+00:00","og_image":[{"width":1708,"height":2560,"url":"https:\/\/beautytherapy.absolution-cosmetics.com\/wp-content\/uploads\/2024\/06\/Absolution_gamme_masques_textures1-scaled-e1718979583415.jpg","type":"image\/jpeg"}],"author":"Edito Beauty Therapy","twitter_card":"summary_large_image","twitter_misc":{"\u00c9crit par":"Edito Beauty Therapy","Dur\u00e9e de lecture estim\u00e9e":"6 minutes"},"schema":{"@context":"https:\/\/schema.org","@graph":[{"@type":"Article","@id":"https:\/\/beautytherapy.absolution-cosmetics.com\/fr\/prendre-soin-de-sa-peau\/masque-peau-sensible-bio\/#article","isPartOf":{"@id":"https:\/\/beautytherapy.absolution-cosmetics.com\/fr\/prendre-soin-de-sa-peau\/masque-peau-sensible-bio\/"},"author":{"name":"Edito Beauty Therapy","@id":"https:\/\/beautytherapy.absolution-cosmetics.com\/fr\/#\/schema\/person\/39fa4ed518c548c2f2b7d6a399786b66"},"headline":"Masques visage pour peau sensible\u00a0: nos soins bio","datePublished":"2024-10-29T15:23:02+00:00","dateModified":"2025-01-07T14:15:53+00:00","mainEntityOfPage":{"@id":"https:\/\/beautytherapy.absolution-cosmetics.com\/fr\/prendre-soin-de-sa-peau\/masque-peau-sensible-bio\/"},"wordCount":1003,"publisher":{"@id":"https:\/\/beautytherapy.absolution-cosmetics.com\/fr\/#organization"},"image":{"@id":"https:\/\/beautytherapy.absolution-cosmetics.com\/fr\/prendre-soin-de-sa-peau\/masque-peau-sensible-bio\/#primaryimage"},"thumbnailUrl":"https:\/\/beautytherapy.absolution-cosmetics.com\/wp-content\/uploads\/2024\/06\/Absolution_gamme_masques_textures1-scaled-e1718979583415.jpg","keywords":["Masques"],"articleSection":["Bons gestes","Prendre soin de sa peau"],"inLanguage":"fr-FR"},{"@type":"WebPage","@id":"https:\/\/beautytherapy.absolution-cosmetics.com\/fr\/prendre-soin-de-sa-peau\/masque-peau-sensible-bio\/","url":"https:\/\/beautytherapy.absolution-cosmetics.com\/fr\/prendre-soin-de-sa-peau\/masque-peau-sensible-bio\/","name":"Masques visage pour peau sensible\u00a0: nos soins bio - Beauty Therapy","isPartOf":{"@id":"https:\/\/beautytherapy.absolution-cosmetics.com\/fr\/#website"},"primaryImageOfPage":{"@id":"https:\/\/beautytherapy.absolution-cosmetics.com\/fr\/prendre-soin-de-sa-peau\/masque-peau-sensible-bio\/#primaryimage"},"image":{"@id":"https:\/\/beautytherapy.absolution-cosmetics.com\/fr\/prendre-soin-de-sa-peau\/masque-peau-sensible-bio\/#primaryimage"},"thumbnailUrl":"https:\/\/beautytherapy.absolution-cosmetics.com\/wp-content\/uploads\/2024\/06\/Absolution_gamme_masques_textures1-scaled-e1718979583415.jpg","datePublished":"2024-10-29T15:23:02+00:00","dateModified":"2025-01-07T14:15:53+00:00","description":"D\u00e9couvrez notre s\u00e9lection de masques visage\u2009sp\u00e9cialement con\u00e7us pour les peaux sensibles. Des soins bio et apaisants pour une peau douce et hydrat\u00e9e.","breadcrumb":{"@id":"https:\/\/beautytherapy.absolution-cosmetics.com\/fr\/prendre-soin-de-sa-peau\/masque-peau-sensible-bio\/#breadcrumb"},"inLanguage":"fr-FR","potentialAction":[{"@type":"ReadAction","target":["https:\/\/beautytherapy.absolution-cosmetics.com\/fr\/prendre-soin-de-sa-peau\/masque-peau-sensible-bio\/"]}]},{"@type":"ImageObject","inLanguage":"fr-FR","@id":"https:\/\/beautytherapy.absolution-cosmetics.com\/fr\/prendre-soin-de-sa-peau\/masque-peau-sensible-bio\/#primaryimage","url":"https:\/\/beautytherapy.absolution-cosmetics.com\/wp-content\/uploads\/2024\/06\/Absolution_gamme_masques_textures1-scaled-e1718979583415.jpg","contentUrl":"https:\/\/beautytherapy.absolution-cosmetics.com\/wp-content\/uploads\/2024\/06\/Absolution_gamme_masques_textures1-scaled-e1718979583415.jpg","width":1708,"height":2560},{"@type":"BreadcrumbList","@id":"https:\/\/beautytherapy.absolution-cosmetics.com\/fr\/prendre-soin-de-sa-peau\/masque-peau-sensible-bio\/#breadcrumb","itemListElement":[{"@type":"ListItem","position":1,"name":"Home","item":"https:\/\/beautytherapy.absolution-cosmetics.com\/fr\/"},{"@type":"ListItem","position":2,"name":"Prendre soin de sa peau","item":"https:\/\/beautytherapy.absolution-cosmetics.com\/fr\/prendre-soin-de-sa-peau\/"},{"@type":"ListItem","position":3,"name":"Masques visage pour peau sensible\u00a0: nos soins bio"}]},{"@type":"WebSite","@id":"https:\/\/beautytherapy.absolution-cosmetics.com\/fr\/#website","url":"https:\/\/beautytherapy.absolution-cosmetics.com\/fr\/","name":"Beauty Therapy","description":"","publisher":{"@id":"https:\/\/beautytherapy.absolution-cosmetics.com\/fr\/#organization"},"inLanguage":"fr-FR"},{"@type":"Organization","@id":"https:\/\/beautytherapy.absolution-cosmetics.com\/fr\/#organization","name":"Beauty Therapy","url":"https:\/\/beautytherapy.absolution-cosmetics.com\/fr\/","logo":{"@type":"ImageObject","inLanguage":"fr-FR","@id":"https:\/\/beautytherapy.absolution-cosmetics.com\/fr\/#\/schema\/logo\/image\/","url":"https:\/\/beautytherapy.absolution-cosmetics.com\/wp-content\/uploads\/2020\/02\/beauty-therapy-logo.png","contentUrl":"https:\/\/beautytherapy.absolution-cosmetics.com\/wp-content\/uploads\/2020\/02\/beauty-therapy-logo.png","width":424,"height":212,"caption":"Beauty Therapy"},"image":{"@id":"https:\/\/beautytherapy.absolution-cosmetics.com\/fr\/#\/schema\/logo\/image\/"}},{"@type":"Person","@id":"https:\/\/beautytherapy.absolution-cosmetics.com\/fr\/#\/schema\/person\/39fa4ed518c548c2f2b7d6a399786b66","name":"Edito Beauty Therapy","description":"L\u2019objectif d\u2019Absolution est \u00e0 la fois tout simple et merveilleusement complexe : retrouver la Beaut\u00e9 ! Celle du monde qui nous entoure, celle du monde que l\u2019on contient... celle qui se cache dans votre reflet le matin ! Les soins Absolution effacent les scories de nos vies d\u2019urbains : chaque jour ils offrent \u00e0 notre peau un retour \u00e0 sa beaut\u00e9 originelle en restaurant son \u00e9cosyst\u00e8me naturel et en l\u2019amenant \u00e0 son \u00e9tat optimum. \u00c9labor\u00e9e \u00e0 partir d\u2019extraits v\u00e9g\u00e9taux certifi\u00e9s bio ou sauvages, de min\u00e9raux et de vitamines, Absolution allie d\u00e9licatesse des textures et des senteurs, simplicit\u00e9 d\u2019utilisation et totale efficacit\u00e9 des formules. Absolution c\u2019est aussi une volont\u00e9 : celle de transmettre une fa\u00e7on de voir le monde qui fait \u00e9merger la beaut\u00e9 partout o\u00f9 elle est. Partagez-la avec nous ! @absolution_cosmetics #absolutioncosmetics #retrouverlabeaut\u00e9","sameAs":["https:\/\/www.absolution-cosmetics.com\/fr\/","https:\/\/www.facebook.com\/absolutioncosmetics","https:\/\/www.instagram.com\/absolution_cosmetics\/"],"url":"https:\/\/beautytherapy.absolution-cosmetics.com\/fr\/author\/l-equipe-absolution\/"}]}},"_links":{"self":[{"href":"https:\/\/beautytherapy.absolution-cosmetics.com\/fr\/wp-json\/wp\/v2\/posts\/22852","targetHints":{"allow":["GET"]}}],"collection":[{"href":"https:\/\/beautytherapy.absolution-cosmetics.com\/fr\/wp-json\/wp\/v2\/posts"}],"about":[{"href":"https:\/\/beautytherapy.absolution-cosmetics.com\/fr\/wp-json\/wp\/v2\/types\/post"}],"author":[{"embeddable":true,"href":"https:\/\/beautytherapy.absolution-cosmetics.com\/fr\/wp-json\/wp\/v2\/users\/24"}],"replies":[{"embeddable":true,"href":"https:\/\/beautytherapy.absolution-cosmetics.com\/fr\/wp-json\/wp\/v2\/comments?post=22852"}],"version-history":[{"count":24,"href":"https:\/\/beautytherapy.absolution-cosmetics.com\/fr\/wp-json\/wp\/v2\/posts\/22852\/revisions"}],"predecessor-version":[{"id":24896,"href":"https:\/\/beautytherapy.absolution-cosmetics.com\/fr\/wp-json\/wp\/v2\/posts\/22852\/revisions\/24896"}],"wp:featuredmedia":[{"embeddable":true,"href":"https:\/\/beautytherapy.absolution-cosmetics.com\/fr\/wp-json\/wp\/v2\/media\/20526"}],"wp:attachment":[{"href":"https:\/\/beautytherapy.absolution-cosmetics.com\/fr\/wp-json\/wp\/v2\/media?parent=22852"}],"wp:term":[{"taxonomy":"category","embeddable":true,"href":"https:\/\/beautytherapy.absolution-cosmetics.com\/fr\/wp-json\/wp\/v2\/categories?post=22852"},{"taxonomy":"post_tag","embeddable":true,"href":"https:\/\/beautytherapy.absolution-cosmetics.com\/fr\/wp-json\/wp\/v2\/tags?post=22852"}],"curies":[{"name":"wp","href":"https:\/\/api.w.org\/{rel}","templated":true}]}}