{"id":25176,"date":"2025-03-03T17:37:00","date_gmt":"2025-03-03T16:37:00","guid":{"rendered":"https:\/\/beautytherapy.absolution-cosmetics.com\/?p=25176"},"modified":"2025-03-06T10:07:16","modified_gmt":"2025-03-06T09:07:16","slug":"passer-au-vert","status":"publish","type":"post","link":"https:\/\/beautytherapy.absolution-cosmetics.com\/fr\/bien-etre\/alimentation\/passer-au-vert\/","title":{"rendered":"Passer au vert pour accueillir les \u00e9nergies du printemps &#8211; Par Caroline Wietzel"},"content":{"rendered":"<section class=\"block-grid-wrapper block-grid-for-core-paragraph\">\n      <div class=\"default-editor-content grid-for-core-paragraph container-fluid container-px-1\">\n        <div class=\"row row-cols-1 align-center\">\n          <div class=\"cell\">\n            \n<p>Chaque printemps depuis cinq ans, juste apr\u00e8s la cure de s\u00e8ve fra\u00eeche de bouleau (qui a pr\u00e9par\u00e9 le terrain en nettoyant et remin\u00e9ralisant l\u2019organisme), je me mets au vert. Ou plut\u00f4t je mange vert et uniquement vert, du petit d\u00e9jeuner au diner et ce pendant trois jours minimum et sept maximum (au-del\u00e0 on commence \u00e0 s\u2019ennuyer). Asperges, pousses d\u2019\u00e9pinards, concombre, fenouils, chou-rave\u2026 le choix ne manque pas (enfin\u202f!) sur les \u00e9tals des march\u00e9s. Je choisis bien \u00e9videmment des l\u00e9gumes et fruits issus de l\u2019agriculture biologique ou raisonn\u00e9e, r\u00e9colt\u00e9s dans un p\u00e9rim\u00e8tre restreint. C\u2019est pour moi un engagement pour la pr\u00e9servation de l\u2019environnement et un soutien des hommes et des femmes qui travaillent \u00e0 nous nourrir.&nbsp;&nbsp;<\/p>\n          <\/div>\n        <\/div>\n      <\/div>\n\n      <\/section>\n\n<section class=\"block-grid-wrapper block-grid-for-core-paragraph\">\n      <div class=\"default-editor-content grid-for-core-paragraph container-fluid container-px-1\">\n        <div class=\"row row-cols-1 align-center\">\n          <div class=\"cell\">\n            \n<p>Cette \u00ab\u202fcure\u202f\u00bb, qui n\u2019a rien \u00e0 voir avec un je\u00fbne ou un r\u00e9gime, permet de faire le plein de chlorophylle et d\u2019assurer ainsi un \u00e9quilibre acido-basique de l\u2019organisme suffisant pour soutenir une vitalit\u00e9 qui pointe assur\u00e9ment. Elle offre aussi la possibilit\u00e9 d\u2019\u00e9couter autrement le corps, de r\u00e9viser parfois ce que nous nous racontons sur ses besoins et d\u2019observer nos r\u00e9actions d\u00e8s lors que nous changeons nos habitudes alimentaires. Une vraie rencontre avec une autre facette de nous-m\u00eames. Ce peut-\u00eatre confrontant et c\u2019est aussi parfaitement r\u00e9jouissant.&nbsp;&nbsp;&nbsp;<\/p>\n          <\/div>\n        <\/div>\n      <\/div>\n\n      <\/section>\n\n<section class=\"block-grid-wrapper block-grid-for-core-image\">\n      <div class=\"default-editor-content grid-for-core-image container-fluid container-px-1\">\n        <div class=\"row row-cols-1 align-center\">\n          <div class=\"cell\">\n            \n<figure class=\"wp-block-image size-large\"><img loading=\"lazy\" decoding=\"async\" width=\"1324\" height=\"993\" src=\"https:\/\/beautytherapy.absolution-cosmetics.com\/wp-content\/uploads\/2025\/03\/Capture-decran-2025-03-03-a-15.42.12-edited.png\" alt=\"\" class=\"wp-image-25188\" srcset=\"https:\/\/beautytherapy.absolution-cosmetics.com\/wp-content\/uploads\/2025\/03\/Capture-decran-2025-03-03-a-15.42.12-edited.png 1324w, https:\/\/beautytherapy.absolution-cosmetics.com\/wp-content\/uploads\/2025\/03\/Capture-decran-2025-03-03-a-15.42.12-edited-300x225-512c1e2135f8.png 300w, https:\/\/beautytherapy.absolution-cosmetics.com\/wp-content\/uploads\/2025\/03\/Capture-decran-2025-03-03-a-15.42.12-edited-1024x768-fd90e2c36371.png 1024w, https:\/\/beautytherapy.absolution-cosmetics.com\/wp-content\/uploads\/2025\/03\/Capture-decran-2025-03-03-a-15.42.12-edited-768x576-b56108145cc7.png 768w, https:\/\/beautytherapy.absolution-cosmetics.com\/wp-content\/uploads\/2025\/03\/Capture-decran-2025-03-03-a-15.42.12-edited-100x75-fab7673e88b9.png 100w\" sizes=\"auto, (max-width: 1324px) 100vw, 1324px\" \/><\/figure>\n          <\/div>\n        <\/div>\n      <\/div>\n\n      <\/section>\n\n<section class=\"block-grid-wrapper block-grid-for-core-heading\">\n      <div class=\"default-editor-content grid-for-core-heading container-fluid container-px-1\">\n        <div class=\"row row-cols-1 align-center\">\n          <div class=\"cell\">\n            \n<h3 class=\"wp-block-heading\"><em>Bouger fait partie du jeu&nbsp;<\/em>!<\/h3>\n          <\/div>\n        <\/div>\n      <\/div>\n\n      <\/section>\n\n<section class=\"block-grid-wrapper block-grid-for-core-paragraph\">\n      <div class=\"default-editor-content grid-for-core-paragraph container-fluid container-px-1\">\n        <div class=\"row row-cols-1 align-center\">\n          <div class=\"cell\">\n            \n<p>En M\u00e9decine Traditionnelle Chinoise, le foie est intimement li\u00e9 au printemps, et les muscles sont nourris par l\u2019\u00e9nergie de cet organe si pr\u00e9cieux. Opter pour des mouvements doux qui \u00e9tirent le corps, comme le fait la saison en invitant les v\u00e9g\u00e9taux \u00e0 pousser vers le haut, est la meilleure id\u00e9e qui soit.&nbsp;&nbsp;<\/p>\n          <\/div>\n        <\/div>\n      <\/div>\n\n      <\/section>\n\n<section class=\"block-grid-wrapper block-grid-for-core-heading\">\n      <div class=\"default-editor-content grid-for-core-heading container-fluid container-px-1\">\n        <div class=\"row row-cols-1 align-center\">\n          <div class=\"cell\">\n            \n<h3 class=\"wp-block-heading\"><em>Exercice<\/em>&nbsp;d&rsquo;\u00e9tirement<\/h3>\n          <\/div>\n        <\/div>\n      <\/div>\n\n      <\/section>\n\n<section class=\"block-grid-wrapper block-grid-for-core-paragraph\">\n      <div class=\"default-editor-content grid-for-core-paragraph container-fluid container-px-1\">\n        <div class=\"row row-cols-1 align-center\">\n          <div class=\"cell\">\n            \n<p>Les bras le long du corps et les jambes \u00e9cart\u00e9es deux fois la largeur du bassin, le pied droit se tourne vers l\u2019ext\u00e9rieur pendant que le bras gauche monte au-dessus de la t\u00eate. Le bassin se d\u00e9cale vers la gauche puis le buste se penche vers la droite \u00e0 partir des hanches pour \u00e9tirer la face interne de la jambe droite (passage du m\u00e9ridien du foie) et le flanc gauche. Rester ici pour quelques respirations avant de sortir de la posture sur une expiration. Int\u00e9grer colonne droite avant de recommencer de l\u2019autre c\u00f4t\u00e9.\u00a0\u00a0<\/p>\n          <\/div>\n        <\/div>\n      <\/div>\n\n      <\/section>\n\n<section class=\"block-grid-wrapper block-grid-for-core-image\">\n      <div class=\"default-editor-content grid-for-core-image container-fluid container-px-1\">\n        <div class=\"row row-cols-1 align-center\">\n          <div class=\"cell\">\n            \n<figure class=\"wp-block-image aligncenter size-large is-resized\"><img loading=\"lazy\" decoding=\"async\" width=\"788\" height=\"1024\" src=\"https:\/\/beautytherapy.absolution-cosmetics.com\/wp-content\/uploads\/2025\/03\/Capture-decran-2025-03-04-a-16.09.56-788x1024-fd90e2c36371.png\" alt=\"\" class=\"wp-image-25197\" style=\"width:538px;height:auto\" srcset=\"https:\/\/beautytherapy.absolution-cosmetics.com\/wp-content\/uploads\/2025\/03\/Capture-decran-2025-03-04-a-16.09.56-788x1024-fd90e2c36371.png 788w, https:\/\/beautytherapy.absolution-cosmetics.com\/wp-content\/uploads\/2025\/03\/Capture-decran-2025-03-04-a-16.09.56-231x300-512c1e2135f8.png 231w, https:\/\/beautytherapy.absolution-cosmetics.com\/wp-content\/uploads\/2025\/03\/Capture-decran-2025-03-04-a-16.09.56-768x997-b56108145cc7.png 768w, https:\/\/beautytherapy.absolution-cosmetics.com\/wp-content\/uploads\/2025\/03\/Capture-decran-2025-03-04-a-16.09.56-100x130-fab7673e88b9.png 100w, https:\/\/beautytherapy.absolution-cosmetics.com\/wp-content\/uploads\/2025\/03\/Capture-decran-2025-03-04-a-16.09.56.png 1118w\" sizes=\"auto, (max-width: 788px) 100vw, 788px\" \/><\/figure>\n          <\/div>\n        <\/div>\n      <\/div>\n\n      <\/section>\n\n<section class=\"block-grid-wrapper block-grid-for-core-heading\">\n      <div class=\"default-editor-content grid-for-core-heading container-fluid container-px-1\">\n        <div class=\"row row-cols-1 align-center\">\n          <div class=\"cell\">\n            \n<h3 class=\"wp-block-heading\"><em>Tenir compte de ses \u00e9motions<\/em><\/h3>\n          <\/div>\n        <\/div>\n      <\/div>\n\n      <\/section>\n\n<section class=\"block-grid-wrapper block-grid-for-core-paragraph\">\n      <div class=\"default-editor-content grid-for-core-paragraph container-fluid container-px-1\">\n        <div class=\"row row-cols-1 align-center\">\n          <div class=\"cell\">\n            \n<p>Les chinois lient le printemps au sentiment de frustration, d\u2019impatience, d\u2019agacement et m\u00eame de col\u00e8re. C&rsquo;est toujours int\u00e9ressant \u00e0 pointer lorsque les beaux jours reviennent, et avec eux, l\u2019envie d\u2019agir coute que coute. Pour rel\u00e2cher la tension qui accompagne cette \u00e9motion (et passer \u00e0 autre chose), on peut, les deux pieds \u00e9cart\u00e9s largeur bassin, les genoux l\u00e9g\u00e8rement pli\u00e9s, secouer les bras vers le bas pendant 1 \u00e0 2 minutes, puis continuer bras parall\u00e8les au sol pour 1 \u00e0 2 mn et terminer enfin au-dessus de la t\u00eate 1 \u00e0 2 mn. L\u2019inspiration se fait par le nez et l\u2019expiration par la bouche.&nbsp;&nbsp;&nbsp;&nbsp;<\/p>\n          <\/div>\n        <\/div>\n      <\/div>\n\n      <\/section>\n\n<section class=\"block-grid-wrapper block-grid-for-core-heading\">\n      <div class=\"default-editor-content grid-for-core-heading container-fluid container-px-1\">\n        <div class=\"row row-cols-1 align-center\">\n          <div class=\"cell\">\n            \n<h2 class=\"wp-block-heading\">Recette de cr\u00e8me verte vitamin\u00e9e, ou \u00ab\u00a0green cream\u00a0\u00bb<\/h2>\n          <\/div>\n        <\/div>\n      <\/div>\n\n      <\/section>\n\n<section class=\"block-grid-wrapper block-grid-for-core-image\">\n      <div class=\"default-editor-content grid-for-core-image container-fluid container-px-1\">\n        <div class=\"row row-cols-1 align-center\">\n          <div class=\"cell\">\n            \n<figure class=\"wp-block-image size-large\"><img loading=\"lazy\" decoding=\"async\" width=\"1024\" height=\"699\" src=\"https:\/\/beautytherapy.absolution-cosmetics.com\/wp-content\/uploads\/2025\/03\/Capture-decran-2025-03-03-a-15.36.59-1024x699-fd90e2c36371.png\" alt=\"\" class=\"wp-image-25177\" srcset=\"https:\/\/beautytherapy.absolution-cosmetics.com\/wp-content\/uploads\/2025\/03\/Capture-decran-2025-03-03-a-15.36.59-1024x699-fd90e2c36371.png 1024w, https:\/\/beautytherapy.absolution-cosmetics.com\/wp-content\/uploads\/2025\/03\/Capture-decran-2025-03-03-a-15.36.59-300x205-512c1e2135f8.png 300w, https:\/\/beautytherapy.absolution-cosmetics.com\/wp-content\/uploads\/2025\/03\/Capture-decran-2025-03-03-a-15.36.59-768x524-b56108145cc7.png 768w, https:\/\/beautytherapy.absolution-cosmetics.com\/wp-content\/uploads\/2025\/03\/Capture-decran-2025-03-03-a-15.36.59-1536x1048-3c33d8efde71.png 1536w, https:\/\/beautytherapy.absolution-cosmetics.com\/wp-content\/uploads\/2025\/03\/Capture-decran-2025-03-03-a-15.36.59-2048x1398-539fcd4e84ba.png 2048w, https:\/\/beautytherapy.absolution-cosmetics.com\/wp-content\/uploads\/2025\/03\/Capture-decran-2025-03-03-a-15.36.59-100x68-fab7673e88b9.png 100w\" sizes=\"auto, (max-width: 1024px) 100vw, 1024px\" \/><\/figure>\n          <\/div>\n        <\/div>\n      <\/div>\n\n      <\/section>\n\n<section class=\"block-grid-wrapper block-grid-for-core-paragraph\">\n      <div class=\"default-editor-content grid-for-core-paragraph container-fluid container-px-1\">\n        <div class=\"row row-cols-1 align-center\">\n          <div class=\"cell\">\n            \n<p>Ce petit velout\u00e9 hyper onctueux \u00e0 consommer au petit d\u00e9jeuner comme au d\u00e9jeuner permet de faire le plein de vitamines, fibres et nutriments, les l\u00e9gumes \u00e9tant \u00e0 peine cuits par le bouillon.&nbsp;&nbsp;<\/p>\n          <\/div>\n        <\/div>\n      <\/div>\n\n      <\/section>\n\n<section class=\"block-grid-wrapper block-grid-for-core-paragraph\">\n      <div class=\"default-editor-content grid-for-core-paragraph container-fluid container-px-1\">\n        <div class=\"row row-cols-1 align-center\">\n          <div class=\"cell\">\n            \n<p><strong><em>Pour 1 bol<\/em>&nbsp;<\/strong><\/p>\n          <\/div>\n        <\/div>\n      <\/div>\n\n      <\/section>\n\n<section class=\"block-grid-wrapper block-grid-for-core-paragraph\">\n      <div class=\"default-editor-content grid-for-core-paragraph container-fluid container-px-1\">\n        <div class=\"row row-cols-1 align-center\">\n          <div class=\"cell\">\n            \n<p>\u00bd avocat&nbsp;&nbsp;<\/p>\n          <\/div>\n        <\/div>\n      <\/div>\n\n      <\/section>\n\n<section class=\"block-grid-wrapper block-grid-for-core-paragraph\">\n      <div class=\"default-editor-content grid-for-core-paragraph container-fluid container-px-1\">\n        <div class=\"row row-cols-1 align-center\">\n          <div class=\"cell\">\n            \n<p>\u00bd concombre Noa&nbsp;<\/p>\n          <\/div>\n        <\/div>\n      <\/div>\n\n      <\/section>\n\n<section class=\"block-grid-wrapper block-grid-for-core-paragraph\">\n      <div class=\"default-editor-content grid-for-core-paragraph container-fluid container-px-1\">\n        <div class=\"row row-cols-1 align-center\">\n          <div class=\"cell\">\n            \n<p>40 gr de pousses d\u2019\u00e9pinard frais&nbsp;<\/p>\n          <\/div>\n        <\/div>\n      <\/div>\n\n      <\/section>\n\n<section class=\"block-grid-wrapper block-grid-for-core-paragraph\">\n      <div class=\"default-editor-content grid-for-core-paragraph container-fluid container-px-1\">\n        <div class=\"row row-cols-1 align-center\">\n          <div class=\"cell\">\n            \n<p>1 poign\u00e9e de feuilles de coriandre fraiche&nbsp;&nbsp;<\/p>\n          <\/div>\n        <\/div>\n      <\/div>\n\n      <\/section>\n\n<section class=\"block-grid-wrapper block-grid-for-core-paragraph\">\n      <div class=\"default-editor-content grid-for-core-paragraph container-fluid container-px-1\">\n        <div class=\"row row-cols-1 align-center\">\n          <div class=\"cell\">\n            \n<p>\u00bd citron vert&nbsp;<\/p>\n          <\/div>\n        <\/div>\n      <\/div>\n\n      <\/section>\n\n<section class=\"block-grid-wrapper block-grid-for-core-paragraph\">\n      <div class=\"default-editor-content grid-for-core-paragraph container-fluid container-px-1\">\n        <div class=\"row row-cols-1 align-center\">\n          <div class=\"cell\">\n            \n<p>60 ml de cr\u00e8me d\u2019amande cuisine&nbsp;<\/p>\n          <\/div>\n        <\/div>\n      <\/div>\n\n      <\/section>\n\n<section class=\"block-grid-wrapper block-grid-for-core-paragraph\">\n      <div class=\"default-editor-content grid-for-core-paragraph container-fluid container-px-1\">\n        <div class=\"row row-cols-1 align-center\">\n          <div class=\"cell\">\n            \n<p>100 ml d\u2019eau&nbsp;<\/p>\n          <\/div>\n        <\/div>\n      <\/div>\n\n      <\/section>\n\n<section class=\"block-grid-wrapper block-grid-for-core-paragraph\">\n      <div class=\"default-editor-content grid-for-core-paragraph container-fluid container-px-1\">\n        <div class=\"row row-cols-1 align-center\">\n          <div class=\"cell\">\n            \n<p>\u00bd c \u00e0 c de bouillon de l\u00e9gumes <em>(Rapunzel sans gluten)<\/em>&nbsp;<\/p>\n          <\/div>\n        <\/div>\n      <\/div>\n\n      <\/section>\n\n<section class=\"block-grid-wrapper block-grid-for-core-paragraph\">\n      <div class=\"default-editor-content grid-for-core-paragraph container-fluid container-px-1\">\n        <div class=\"row row-cols-1 align-center\">\n          <div class=\"cell\">\n            \n<p>Graines de fenouil, coriandre et poivre vert dans le moulin \u00e0 poivre&nbsp;<\/p>\n          <\/div>\n        <\/div>\n      <\/div>\n\n      <\/section>\n\n<section class=\"block-grid-wrapper block-grid-for-core-paragraph\">\n      <div class=\"default-editor-content grid-for-core-paragraph container-fluid container-px-1\">\n        <div class=\"row row-cols-1 align-center\">\n          <div class=\"cell\">\n            \n<p>Quelques baies roses&nbsp;<\/p>\n          <\/div>\n        <\/div>\n      <\/div>\n\n      <\/section>\n\n<section class=\"block-grid-wrapper block-grid-for-core-paragraph\">\n      <div class=\"default-editor-content grid-for-core-paragraph container-fluid container-px-1\">\n        <div class=\"row row-cols-1 align-center\">\n          <div class=\"cell\">\n            \n<p>Quelques pluches d\u2019aneth&nbsp;<\/p>\n          <\/div>\n        <\/div>\n      <\/div>\n\n      <\/section>\n\n<section class=\"block-grid-wrapper block-grid-for-core-paragraph\">\n      <div class=\"default-editor-content grid-for-core-paragraph container-fluid container-px-1\">\n        <div class=\"row row-cols-1 align-center\">\n          <div class=\"cell\">\n            \n<p><strong><em>Accompagnement<\/em><\/strong>&nbsp;<\/p>\n          <\/div>\n        <\/div>\n      <\/div>\n\n      <\/section>\n\n<section class=\"block-grid-wrapper block-grid-for-core-paragraph\">\n      <div class=\"default-editor-content grid-for-core-paragraph container-fluid container-px-1\">\n        <div class=\"row row-cols-1 align-center\">\n          <div class=\"cell\">\n            \n<p>1 tranche de pain au levain&nbsp;<\/p>\n          <\/div>\n        <\/div>\n      <\/div>\n\n      <\/section>\n\n<section class=\"block-grid-wrapper block-grid-for-core-paragraph\">\n      <div class=\"default-editor-content grid-for-core-paragraph container-fluid container-px-1\">\n        <div class=\"row row-cols-1 align-center\">\n          <div class=\"cell\">\n            \n<p>1 c \u00e0 s de Labn\u00e9 ou fromage frais de brebis&nbsp;<\/p>\n          <\/div>\n        <\/div>\n      <\/div>\n\n      <\/section>\n\n<section class=\"block-grid-wrapper block-grid-for-core-paragraph\">\n      <div class=\"default-editor-content grid-for-core-paragraph container-fluid container-px-1\">\n        <div class=\"row row-cols-1 align-center\">\n          <div class=\"cell\">\n            \n<p>1 c \u00e0 s d\u2019alfalfa&nbsp;<\/p>\n          <\/div>\n        <\/div>\n      <\/div>\n\n      <\/section>\n\n<section class=\"block-grid-wrapper block-grid-for-core-paragraph\">\n      <div class=\"default-editor-content grid-for-core-paragraph container-fluid container-px-1\">\n        <div class=\"row row-cols-1 align-center\">\n          <div class=\"cell\">\n            \n<p>Mettre dans un bol \u00e0 mixeur la chair d\u2019avocat, le \u00bd concombre \u00e9pluch\u00e9 et d\u00e9barrass\u00e9 de ses graines, les feuilles de coriandre et en dernier les pousses d\u2019\u00e9pinard.&nbsp;&nbsp;<\/p>\n          <\/div>\n        <\/div>\n      <\/div>\n\n      <\/section>\n\n<section class=\"block-grid-wrapper block-grid-for-core-paragraph\">\n      <div class=\"default-editor-content grid-for-core-paragraph container-fluid container-px-1\">\n        <div class=\"row row-cols-1 align-center\">\n          <div class=\"cell\">\n            \n<p>Chauffer dans une casserole (sans aller jusqu\u2019\u00e0 l&rsquo;\u00e9bullition) l\u2019eau aromatis\u00e9e avec le bouillon de l\u00e9gumes et le lait d\u2019amande. Verser sur les l\u00e9gumes. Attendre 5mn que le liquide \u00ab\u202fcuise\u202f\u00bb les \u00e9pinards. Mixer jusqu\u2019\u00e0 obtention d\u2019une cr\u00e8me onctueuse. Ajouter un trait de citron vert. Verser dans un bol, \u00e9craser quelques baies roses, parsemer de pluches d\u2019aneth et donner un tour de moulin \u00e0 graines. Servir avec une tranche de pain grill\u00e9 agr\u00e9ment\u00e9 de Labn\u00e9 ou fromage frais de brebis assaisonn\u00e9 de poivre du moulin, huile d\u2019olive et d\u00e9cor\u00e9 d\u2019alfalfa.\u00a0\u00a0\u00a0<\/p>\n          <\/div>\n        <\/div>\n      <\/div>\n\n      <\/section>\n\n\r\n<section    class=\"section-text-and-image wp-block-acf-text-and-image  section-absolution text-and-image\">\r\n  <div class=\"container-fluid container-px-1\">\r\n\r\n    <div class=\"row row-cols-1 title-wrap\">\r\n          <\/div>\r\n\r\n    <div class=\"row row-cols-1 lg:row-cols-2\">\r\n\r\n      <div class=\"media-col img-left order-1\">\r\n\r\n        <div class=\"image-wrap\">\r\n          \r\n                      <picture><source srcset=\"data:image\/svg+xml;base64,PHN2ZyB4bWxucz0naHR0cDovL3d3dy53My5vcmcvMjAwMC9zdmcnIHk9JzAnIHg9JzAnIHdpZHRoPScxMTAwJyBoZWlnaHQ9JzE0OTAnIHZpZXdCb3g9JzAgMCAxMTAwIDE0OTAnPjwvc3ZnPg==\" data-srcset=\"https:\/\/beautytherapy.absolution-cosmetics.com\/wp-content\/uploads\/2025\/03\/Capture-decran-2025-03-03-a-15.42.01.png\" media=\"(min-width: 48em) and (min-resolution: 192dpi), (min-width: 48em) and (-webkit-min-device-pixel-ratio: 2)\"><source srcset=\"data:image\/svg+xml;base64,PHN2ZyB4bWxucz0naHR0cDovL3d3dy53My5vcmcvMjAwMC9zdmcnIHk9JzAnIHg9JzAnIHdpZHRoPScxMTAwJyBoZWlnaHQ9JzE0OTAnIHZpZXdCb3g9JzAgMCAxMTAwIDE0OTAnPjwvc3ZnPg==\" data-srcset=\"https:\/\/beautytherapy.absolution-cosmetics.com\/wp-content\/uploads\/2025\/03\/Capture-decran-2025-03-03-a-15.42.01.png\" media=\"(min-width: 75em)\"><source srcset=\"data:image\/svg+xml;base64,PHN2ZyB4bWxucz0naHR0cDovL3d3dy53My5vcmcvMjAwMC9zdmcnIHk9JzAnIHg9JzAnIHdpZHRoPSc3MDQnIGhlaWdodD0nOTU0JyB2aWV3Qm94PScwIDAgNzA0IDk1NCc+PC9zdmc+\" data-srcset=\"https:\/\/beautytherapy.absolution-cosmetics.com\/wp-content\/uploads\/2025\/03\/Capture-decran-2025-03-03-a-15.42.01-704x954-a785935fd64a.png\" media=\"(min-width: 48em)\"><img loading=\"lazy\" decoding=\"async\" src=\"data:image\/svg+xml;base64,PHN2ZyB4bWxucz0naHR0cDovL3d3dy53My5vcmcvMjAwMC9zdmcnIHk9JzAnIHg9JzAnIHdpZHRoPSc3NTAnIGhlaWdodD0nMTAxNicgdmlld0JveD0nMCAwIDc1MCAxMDE2Jz48L3N2Zz4=\"  width=\"750\" height=\"1016\" data-fade-in data-lazy-img data-src=\"https:\/\/beautytherapy.absolution-cosmetics.com\/wp-content\/uploads\/2025\/03\/Capture-decran-2025-03-03-a-15.42.01-750x1016-0fa99d441cc8.png\" alt=\"\" style=\";--aspect-ratio-small: 0.73818897637795;--aspect-ratio-medium: 0.73794549266247;--aspect-ratio-xlarge: 0.73825503355705;--aspect-ratio-medium_retina: 0.73825503355705;--aspect-ratio-xlarge_retina: 0.73825503355705\" data-has-aspect-ratio=\"true\" \/><\/picture>          \r\n                  <\/div>\r\n      <\/div>\r\n\r\n      <div class=\"content-col txt-right order-2\">\r\n\r\n        \r\n                  <div class=\"main-content editorial-text\"><p data-start=\"0\" data-end=\"78\"><strong data-start=\"0\" data-end=\"76\">Caroline Wietzel \u2013 Son parcours et son livre \u00ab\u00a0Nourritures Bienfaisantes\u00a0\u00bb<\/strong><\/p>\n<p data-start=\"80\" data-end=\"353\">Caroline Wietzel est une ancienne journaliste, aujourd\u2019hui psychopraticienne et enseignante de yoga. Passionn\u00e9e par l\u2019alimentation et l\u2019art de vivre, elle est l\u2019autrice de nombreux ouvrages et articles explorant les liens entre la nourriture, les \u00e9motions et la vitalit\u00e9.<\/p>\n<p data-start=\"355\" data-end=\"785\">Dans son livre <em data-start=\"370\" data-end=\"397\">Nourritures Bienfaisantes<\/em>, elle propose <strong data-start=\"412\" data-end=\"439\">80 recettes et conseils<\/strong> pour adapter son alimentation et son mode de vie en fonction des saisons. Elle met en avant l&rsquo;importance d&rsquo;\u00eatre \u00e0 l&rsquo;\u00e9coute de son corps et de puiser dans la nature pour pr\u00e9server ou retrouver son \u00e9nergie. \u00c0 travers des recettes et des programmes saisonniers, cet ouvrage invite \u00e0 une approche plus intuitive et bienveillante de l\u2019alimentation.<\/p>\n<\/div>\r\n        \r\n        \r\n      <\/div>\r\n\r\n    <\/div>\r\n  <\/div>\r\n\r\n<\/section>\r\n\n\n\r\n<section    class=\"section-text-and-image wp-block-acf-text-and-image  section-absolution text-and-image\">\r\n  <div class=\"container-fluid container-px-1\">\r\n\r\n    <div class=\"row row-cols-1 title-wrap\">\r\n          <\/div>\r\n\r\n    <div class=\"row row-cols-1 lg:row-cols-2\">\r\n\r\n      <div class=\"media-col img-right order-2\">\r\n\r\n        <div class=\"image-wrap\">\r\n          \r\n                      <picture><source srcset=\"data:image\/svg+xml;base64,PHN2ZyB4bWxucz0naHR0cDovL3d3dy53My5vcmcvMjAwMC9zdmcnIHk9JzAnIHg9JzAnIHdpZHRoPScxMTA4JyBoZWlnaHQ9JzE0NzQnIHZpZXdCb3g9JzAgMCAxMTA4IDE0NzQnPjwvc3ZnPg==\" data-srcset=\"https:\/\/beautytherapy.absolution-cosmetics.com\/wp-content\/uploads\/2025\/03\/Capture-decran-2025-03-04-a-17.28.27.png\" media=\"(min-width: 48em) and (min-resolution: 192dpi), (min-width: 48em) and (-webkit-min-device-pixel-ratio: 2)\"><source srcset=\"data:image\/svg+xml;base64,PHN2ZyB4bWxucz0naHR0cDovL3d3dy53My5vcmcvMjAwMC9zdmcnIHk9JzAnIHg9JzAnIHdpZHRoPScxMTA4JyBoZWlnaHQ9JzE0NzQnIHZpZXdCb3g9JzAgMCAxMTA4IDE0NzQnPjwvc3ZnPg==\" data-srcset=\"https:\/\/beautytherapy.absolution-cosmetics.com\/wp-content\/uploads\/2025\/03\/Capture-decran-2025-03-04-a-17.28.27.png\" media=\"(min-width: 75em)\"><source srcset=\"data:image\/svg+xml;base64,PHN2ZyB4bWxucz0naHR0cDovL3d3dy53My5vcmcvMjAwMC9zdmcnIHk9JzAnIHg9JzAnIHdpZHRoPSc3MDQnIGhlaWdodD0nOTM3JyB2aWV3Qm94PScwIDAgNzA0IDkzNyc+PC9zdmc+\" data-srcset=\"https:\/\/beautytherapy.absolution-cosmetics.com\/wp-content\/uploads\/2025\/03\/Capture-decran-2025-03-04-a-17.28.27-704x937-a785935fd64a.png\" media=\"(min-width: 48em)\"><img loading=\"lazy\" decoding=\"async\" src=\"data:image\/svg+xml;base64,PHN2ZyB4bWxucz0naHR0cDovL3d3dy53My5vcmcvMjAwMC9zdmcnIHk9JzAnIHg9JzAnIHdpZHRoPSc3NTAnIGhlaWdodD0nOTk4JyB2aWV3Qm94PScwIDAgNzUwIDk5OCc+PC9zdmc+\"  width=\"750\" height=\"998\" data-fade-in data-lazy-img data-src=\"https:\/\/beautytherapy.absolution-cosmetics.com\/wp-content\/uploads\/2025\/03\/Capture-decran-2025-03-04-a-17.28.27-750x998-0fa99d441cc8.png\" alt=\"\" style=\";--aspect-ratio-small: 0.75150300601202;--aspect-ratio-medium: 0.75133404482391;--aspect-ratio-xlarge: 0.7516960651289;--aspect-ratio-medium_retina: 0.7516960651289;--aspect-ratio-xlarge_retina: 0.7516960651289\" data-has-aspect-ratio=\"true\" \/><\/picture>          \r\n                  <\/div>\r\n      <\/div>\r\n\r\n      <div class=\"content-col txt-left order-1\">\r\n\r\n        \r\n                  <div class=\"main-content editorial-text\"><p style=\"text-align: center;\"><em>\u00ab\u00a0Nourritures Bienfaisantes\u00a0\u00bb <\/em><\/p>\n<p style=\"text-align: center;\"><strong><a href=\"https:\/\/www.fnac.com\/a16372349\/Caroline-Wietzel-Les-nourritures-bienfaisantes\">D\u00e9couvrez son livre !<\/a><\/strong><!-- wp:button {\"uniqueId\":\"45677feb-e297-42dd-a8de-00e6ba7a0c85\"} --><!-- \/wp:button --><\/p>\n<p><!-- wp:buttons {\"uniqueId\":\"6241b4d4-9354-425b-9789-4bf9ccbf0ad8\"} --><\/p>\n<p><!-- \/wp:buttons --><\/p>\n<\/div>\r\n        \r\n        \r\n      <\/div>\r\n\r\n    <\/div>\r\n  <\/div>\r\n\r\n<\/section>\r\n\n\n<section class=\"block-grid-wrapper block-grid-for-core-separator\">\n      <div class=\"default-editor-content grid-for-core-separator container-fluid container-px-1\">\n        <div class=\"row row-cols-1 align-center\">\n          <div class=\"cell\">\n            \n<hr class=\"wp-block-separator has-alpha-channel-opacity\"\/>\n          <\/div>\n        <\/div>\n      <\/div>\n\n      <\/section>\n\n\r\n\r\n  <section  class=\"section-homepage-blog-posts wp-block-acf-homepage-blog-posts  section-content section-homepage-blog-articles\"     itemprop=\"hasPart\" itemscope itemtype=\"https:\/\/schema.org\/WebPageElement\">\r\n\r\n    <div class=\"container-fluid container-px-1 lg:container-px-2\">\r\n\r\n              <h1 class=\"section-title text-center\">\r\n          D&rsquo;autres articles qui pourraient vous plaire !         <\/h1>\r\n      \r\n      <div class=\"row row-cols-1 lg:row-cols-2\">\r\n        \r\n          <div class=\"col-post\">\r\n                          <a href=\"https:\/\/beautytherapy.absolution-cosmetics.com\/fr\/bien-etre\/adaptogenes-beaute\/\" itemprop=\"url mainEntityOfPage\">\r\n                                <figure>\r\n                  <picture><source  data-srcset=\"https:\/\/beautytherapy.absolution-cosmetics.com\/wp-content\/uploads\/2021\/04\/Cover-Article-49-1280x650-629ac6c7c289.png\" media=\"(min-width: 48em) and (min-resolution: 192dpi), (min-width: 48em) and (-webkit-min-device-pixel-ratio: 2)\"><source  data-srcset=\"https:\/\/beautytherapy.absolution-cosmetics.com\/wp-content\/uploads\/2021\/04\/Cover-Article-49-640x325-45b0ae0e045e.png\" media=\"(min-width: 48em)\"><img data-fade-in data-lazy-img data-src=\"https:\/\/beautytherapy.absolution-cosmetics.com\/wp-content\/uploads\/2021\/04\/Cover-Article-49-690x350-e31466015fc3.png\" alt=\"\" style=\";--aspect-ratio-small: 1.9714285714286;--aspect-ratio-medium: 1.9692307692308;--aspect-ratio-medium_retina: 1.9692307692308\" data-has-aspect-ratio=\"true\" \/><\/picture>                <\/figure>\r\n              <\/a>\r\n            \r\n            \r\n\r\n<div class=\"text-wrapper\">\r\n\r\n  <svg xmlns=\"http:\/\/www.w3.org\/2000\/svg\" width=\"0\" height=\"0\" style=\"position: absolute; pointer-events: none;\">\n  <defs>\n    <clipPath id=\"mask-wave-5\" clipPathUnits=\"objectBoundingBox\"  transform=\"scale(0.000625 0.014285714285714)\">\n      <path id=\"mask-wave-5\" d=\"M0-41.889s332.792 4.489 618.613-3.252 466.708-10.227 654.591 7.7S1600-16.892 1600-16.892v-70H0z\" transform=\"rotate(180 800 -8.446)\" fill=\"#e8ded3\"><\/path>\n    <\/clipPath>\n  <\/defs>\n<\/svg>\r\n  <div class=\"inner-wrapper\">\r\n    \r\n<div class=\"post-subheader\">\r\n  \r\n  <span class=\"entry-date\" itemprop=\"datePublished\">\r\n    27 Avr. 2021  <\/span>\r\n\r\n  <span class=\"author\" itemprop=\"author\" itemscope itemtype=\"http:\/\/schema.org\/Person\">\r\n    Par    <a href=\"https:\/\/beautytherapy.absolution-cosmetics.com\/fr\/author\/eva-gaillot\/\" class=\"author-name\" itemprop=\"url\">\r\n      Eva Gaillot    <\/a>\r\n  <\/span>\r\n<\/div>\r\n\r\n    <a href=\"https:\/\/beautytherapy.absolution-cosmetics.com\/fr\/bien-etre\/adaptogenes-beaute\/\" itemprop=\"url mainEntityOfPage\">\r\n              <p class=\"h2\">\r\n      \r\n        Adaptog\u00e8nes &#038; Beaut\u00e9 : Les 7 adaptog\u00e8nes pour prendre soin de sa beaut\u00e9 int\u00e9rieure et ext\u00e9rieure.<\/h2>\r\n\r\n              <\/p>\r\n          <\/a>\r\n\r\n    <div class=\"description\">\r\n      Depuis des mill\u00e9naires, les peuples du monde entier se tournent vers la nature pour trouver des rem\u00e8des de bien-\u00eatre et de beaut\u00e9 par les plantes. Aujourd\u2019hui les domaines de la cosm\u00e9tique et de la nutricosm\u00e9tique, s\u2019int\u00e9ressent de tr\u00e8s pr\u00e8s aux plantes adaptog\u00e8nes. Cet engouement grandissant venu de l\u2019univers du bien-\u00eatre a permis une mise en [&hellip;]    <\/div>\r\n  <\/div>\r\n<\/div>\r\n\r\n            <a class=\"btn btn-secondary\" href=\"https:\/\/beautytherapy.absolution-cosmetics.com\/fr\/bien-etre\/adaptogenes-beaute\/\" itemprop=\"url\">\r\n              <span>Lire l&rsquo;article<\/span>\r\n            <\/a>\r\n          <\/div>\r\n\r\n        \r\n          <div class=\"col-post\">\r\n                          <a href=\"https:\/\/beautytherapy.absolution-cosmetics.com\/fr\/bien-etre\/vegetaliser-son-alimentation\/\" itemprop=\"url mainEntityOfPage\">\r\n                                <figure>\r\n                  <picture><source  data-srcset=\"https:\/\/beautytherapy.absolution-cosmetics.com\/wp-content\/uploads\/2023\/06\/01_VEGETALISER_SON_ALIMENTATION_COUV-1280x650-629ac6c7c289.jpg\" media=\"(min-width: 48em) and (min-resolution: 192dpi), (min-width: 48em) and (-webkit-min-device-pixel-ratio: 2)\"><source  data-srcset=\"https:\/\/beautytherapy.absolution-cosmetics.com\/wp-content\/uploads\/2023\/06\/01_VEGETALISER_SON_ALIMENTATION_COUV-640x325-45b0ae0e045e.jpg\" media=\"(min-width: 48em)\"><img data-fade-in data-lazy-img data-src=\"https:\/\/beautytherapy.absolution-cosmetics.com\/wp-content\/uploads\/2023\/06\/01_VEGETALISER_SON_ALIMENTATION_COUV-690x350-e31466015fc3.jpg\" alt=\"\" style=\";--aspect-ratio-small: 1.9714285714286;--aspect-ratio-medium: 1.9692307692308;--aspect-ratio-medium_retina: 1.9692307692308\" data-has-aspect-ratio=\"true\" \/><\/picture>                <\/figure>\r\n              <\/a>\r\n            \r\n            \r\n\r\n<div class=\"text-wrapper\">\r\n\r\n  <svg xmlns=\"http:\/\/www.w3.org\/2000\/svg\" width=\"0\" height=\"0\" style=\"position: absolute; pointer-events: none;\">\n  <defs>\n    <clipPath id=\"mask-wave-5\" clipPathUnits=\"objectBoundingBox\"  transform=\"scale(0.000625 0.014285714285714)\">\n      <path id=\"mask-wave-5\" d=\"M0-41.889s332.792 4.489 618.613-3.252 466.708-10.227 654.591 7.7S1600-16.892 1600-16.892v-70H0z\" transform=\"rotate(180 800 -8.446)\" fill=\"#e8ded3\"><\/path>\n    <\/clipPath>\n  <\/defs>\n<\/svg>\r\n  <div class=\"inner-wrapper\">\r\n    \r\n<div class=\"post-subheader\">\r\n  \r\n  <span class=\"entry-date\" itemprop=\"datePublished\">\r\n    16 Juin. 2023  <\/span>\r\n\r\n  <span class=\"author\" itemprop=\"author\" itemscope itemtype=\"http:\/\/schema.org\/Person\">\r\n    Par    <a href=\"https:\/\/beautytherapy.absolution-cosmetics.com\/fr\/author\/l-equipe-absolution\/\" class=\"author-name\" itemprop=\"url\">\r\n      Edito Beauty Therapy    <\/a>\r\n  <\/span>\r\n<\/div>\r\n\r\n    <a href=\"https:\/\/beautytherapy.absolution-cosmetics.com\/fr\/bien-etre\/vegetaliser-son-alimentation\/\" itemprop=\"url mainEntityOfPage\">\r\n              <p class=\"h2\">\r\n      \r\n        Comment v\u00e9g\u00e9taliser son alimentation\u2009?\u00a0<\/h2>\r\n\r\n              <\/p>\r\n          <\/a>\r\n\r\n    <div class=\"description\">\r\n      De nos jours, le d\u00e9sir de v\u00e9g\u00e9taliser son alimentation est grandissant. Que ce soit pour des raisons environnementales, de sant\u00e9 ou de bien-\u00eatre animal, les motivations peuvent \u00eatre nombreuses. Il est vrai qu\u2019adopter un mode de vie sain et \u00e9quilibr\u00e9 implique certains changements dans ses habitudes alimentaires. Toutefois, le cheminement vers le v\u00e9g\u00e9talisme peut \u00eatre [&hellip;]    <\/div>\r\n  <\/div>\r\n<\/div>\r\n\r\n            <a class=\"btn btn-secondary\" href=\"https:\/\/beautytherapy.absolution-cosmetics.com\/fr\/bien-etre\/vegetaliser-son-alimentation\/\" itemprop=\"url\">\r\n              <span>Lire l&rsquo;article<\/span>\r\n            <\/a>\r\n          <\/div>\r\n\r\n              <\/div>\r\n    <\/div>\r\n  <\/section>\r\n\r\n","protected":false},"excerpt":{"rendered":"<p>Chaque printemps depuis cinq ans, juste apr\u00e8s la cure de s\u00e8ve fra\u00eeche de bouleau (qui a pr\u00e9par\u00e9 le terrain en nettoyant et remin\u00e9ralisant l\u2019organisme), je me mets au vert. Ou plut\u00f4t je mange vert et uniquement vert, du petit d\u00e9jeuner au diner et ce pendant trois jours minimum et sept maximum (au-del\u00e0 on commence \u00e0 [&hellip;]<\/p>\n","protected":false},"author":24,"featured_media":25177,"comment_status":"closed","ping_status":"0","sticky":true,"template":"","format":"standard","meta":{"_acf_changed":false,"footnotes":""},"categories":[1000],"tags":[],"class_list":["post-25176","post","type-post","status-publish","format-standard","has-post-thumbnail","hentry","category-alimentation"],"acf":[],"yoast_head":"<!-- This site is optimized with the Yoast SEO plugin v27.5 - https:\/\/yoast.com\/product\/yoast-seo-wordpress\/ -->\n<title>Passer au vert pour accueillir les \u00e9nergies du printemps - Par Caroline Wietzel - Beauty Therapy<\/title>\n<meta name=\"description\" content=\"D\u00e9couvrez une cure verte revitalisante pour accueillir le printemps en pleine forme ! Recette de cr\u00e8me verte vitamin\u00e9e, conseils bien-\u00eatre et exercices inspir\u00e9s de la M\u00e9decine Traditionnelle Chinoise pour \u00e9quilibrer corps et esprit.\" \/>\n<meta name=\"robots\" content=\"index, follow, max-snippet:-1, max-image-preview:large, max-video-preview:-1\" \/>\n<link rel=\"canonical\" href=\"https:\/\/beautytherapy.absolution-cosmetics.com\/fr\/bien-etre\/alimentation\/passer-au-vert\/\" \/>\n<meta property=\"og:locale\" content=\"fr_FR\" \/>\n<meta property=\"og:type\" content=\"article\" \/>\n<meta property=\"og:title\" content=\"Passer au vert pour accueillir les \u00e9nergies du printemps - Par Caroline Wietzel - Beauty Therapy\" \/>\n<meta property=\"og:description\" content=\"D\u00e9couvrez une cure verte revitalisante pour accueillir le printemps en pleine forme ! Recette de cr\u00e8me verte vitamin\u00e9e, conseils bien-\u00eatre et exercices inspir\u00e9s de la M\u00e9decine Traditionnelle Chinoise pour \u00e9quilibrer corps et esprit.\" \/>\n<meta property=\"og:url\" content=\"https:\/\/beautytherapy.absolution-cosmetics.com\/fr\/bien-etre\/alimentation\/passer-au-vert\/\" \/>\n<meta property=\"og:site_name\" content=\"Beauty Therapy\" \/>\n<meta property=\"article:author\" content=\"https:\/\/www.facebook.com\/absolutioncosmetics\" \/>\n<meta property=\"article:published_time\" content=\"2025-03-03T16:37:00+00:00\" \/>\n<meta property=\"article:modified_time\" content=\"2025-03-06T09:07:16+00:00\" \/>\n<meta property=\"og:image\" content=\"https:\/\/beautytherapy.absolution-cosmetics.com\/wp-content\/uploads\/2025\/03\/Capture-decran-2025-03-03-a-15.36.59-1024x699-fd90e2c36371.png\" \/>\n\t<meta property=\"og:image:width\" content=\"1024\" \/>\n\t<meta property=\"og:image:height\" content=\"699\" \/>\n\t<meta property=\"og:image:type\" content=\"image\/png\" \/>\n<meta name=\"author\" content=\"Edito Beauty Therapy\" \/>\n<meta name=\"twitter:card\" content=\"summary_large_image\" \/>\n<meta name=\"twitter:label1\" content=\"\u00c9crit par\" \/>\n\t<meta name=\"twitter:data1\" content=\"Edito Beauty Therapy\" \/>\n\t<meta name=\"twitter:label2\" content=\"Dur\u00e9e de lecture estim\u00e9e\" \/>\n\t<meta name=\"twitter:data2\" content=\"5 minutes\" \/>\n<script type=\"application\/ld+json\" class=\"yoast-schema-graph\">{\"@context\":\"https:\\\/\\\/schema.org\",\"@graph\":[{\"@type\":\"Article\",\"@id\":\"https:\\\/\\\/beautytherapy.absolution-cosmetics.com\\\/fr\\\/bien-etre\\\/alimentation\\\/passer-au-vert\\\/#article\",\"isPartOf\":{\"@id\":\"https:\\\/\\\/beautytherapy.absolution-cosmetics.com\\\/fr\\\/bien-etre\\\/alimentation\\\/passer-au-vert\\\/\"},\"author\":{\"name\":\"Edito Beauty Therapy\",\"@id\":\"https:\\\/\\\/beautytherapy.absolution-cosmetics.com\\\/fr\\\/#\\\/schema\\\/person\\\/39fa4ed518c548c2f2b7d6a399786b66\"},\"headline\":\"Passer au vert pour accueillir les \u00e9nergies du printemps &#8211; Par Caroline Wietzel\",\"datePublished\":\"2025-03-03T16:37:00+00:00\",\"dateModified\":\"2025-03-06T09:07:16+00:00\",\"mainEntityOfPage\":{\"@id\":\"https:\\\/\\\/beautytherapy.absolution-cosmetics.com\\\/fr\\\/bien-etre\\\/alimentation\\\/passer-au-vert\\\/\"},\"wordCount\":809,\"publisher\":{\"@id\":\"https:\\\/\\\/beautytherapy.absolution-cosmetics.com\\\/fr\\\/#organization\"},\"image\":{\"@id\":\"https:\\\/\\\/beautytherapy.absolution-cosmetics.com\\\/fr\\\/bien-etre\\\/alimentation\\\/passer-au-vert\\\/#primaryimage\"},\"thumbnailUrl\":\"https:\\\/\\\/beautytherapy.absolution-cosmetics.com\\\/wp-content\\\/uploads\\\/2025\\\/03\\\/Capture-decran-2025-03-03-a-15.36.59.png\",\"articleSection\":[\"Alimentation\"],\"inLanguage\":\"fr-FR\"},{\"@type\":\"WebPage\",\"@id\":\"https:\\\/\\\/beautytherapy.absolution-cosmetics.com\\\/fr\\\/bien-etre\\\/alimentation\\\/passer-au-vert\\\/\",\"url\":\"https:\\\/\\\/beautytherapy.absolution-cosmetics.com\\\/fr\\\/bien-etre\\\/alimentation\\\/passer-au-vert\\\/\",\"name\":\"Passer au vert pour accueillir les \u00e9nergies du printemps - Par Caroline Wietzel - Beauty Therapy\",\"isPartOf\":{\"@id\":\"https:\\\/\\\/beautytherapy.absolution-cosmetics.com\\\/fr\\\/#website\"},\"primaryImageOfPage\":{\"@id\":\"https:\\\/\\\/beautytherapy.absolution-cosmetics.com\\\/fr\\\/bien-etre\\\/alimentation\\\/passer-au-vert\\\/#primaryimage\"},\"image\":{\"@id\":\"https:\\\/\\\/beautytherapy.absolution-cosmetics.com\\\/fr\\\/bien-etre\\\/alimentation\\\/passer-au-vert\\\/#primaryimage\"},\"thumbnailUrl\":\"https:\\\/\\\/beautytherapy.absolution-cosmetics.com\\\/wp-content\\\/uploads\\\/2025\\\/03\\\/Capture-decran-2025-03-03-a-15.36.59.png\",\"datePublished\":\"2025-03-03T16:37:00+00:00\",\"dateModified\":\"2025-03-06T09:07:16+00:00\",\"description\":\"D\u00e9couvrez une cure verte revitalisante pour accueillir le printemps en pleine forme ! Recette de cr\u00e8me verte vitamin\u00e9e, conseils bien-\u00eatre et exercices inspir\u00e9s de la M\u00e9decine Traditionnelle Chinoise pour \u00e9quilibrer corps et esprit.\",\"breadcrumb\":{\"@id\":\"https:\\\/\\\/beautytherapy.absolution-cosmetics.com\\\/fr\\\/bien-etre\\\/alimentation\\\/passer-au-vert\\\/#breadcrumb\"},\"inLanguage\":\"fr-FR\",\"potentialAction\":[{\"@type\":\"ReadAction\",\"target\":[\"https:\\\/\\\/beautytherapy.absolution-cosmetics.com\\\/fr\\\/bien-etre\\\/alimentation\\\/passer-au-vert\\\/\"]}]},{\"@type\":\"ImageObject\",\"inLanguage\":\"fr-FR\",\"@id\":\"https:\\\/\\\/beautytherapy.absolution-cosmetics.com\\\/fr\\\/bien-etre\\\/alimentation\\\/passer-au-vert\\\/#primaryimage\",\"url\":\"https:\\\/\\\/beautytherapy.absolution-cosmetics.com\\\/wp-content\\\/uploads\\\/2025\\\/03\\\/Capture-decran-2025-03-03-a-15.36.59.png\",\"contentUrl\":\"https:\\\/\\\/beautytherapy.absolution-cosmetics.com\\\/wp-content\\\/uploads\\\/2025\\\/03\\\/Capture-decran-2025-03-03-a-15.36.59.png\",\"width\":2552,\"height\":1742},{\"@type\":\"BreadcrumbList\",\"@id\":\"https:\\\/\\\/beautytherapy.absolution-cosmetics.com\\\/fr\\\/bien-etre\\\/alimentation\\\/passer-au-vert\\\/#breadcrumb\",\"itemListElement\":[{\"@type\":\"ListItem\",\"position\":1,\"name\":\"Home\",\"item\":\"https:\\\/\\\/beautytherapy.absolution-cosmetics.com\\\/fr\\\/\"},{\"@type\":\"ListItem\",\"position\":2,\"name\":\"Bien-\u00eatre\",\"item\":\"https:\\\/\\\/beautytherapy.absolution-cosmetics.com\\\/fr\\\/bien-etre\\\/\"},{\"@type\":\"ListItem\",\"position\":3,\"name\":\"Alimentation\",\"item\":\"https:\\\/\\\/beautytherapy.absolution-cosmetics.com\\\/fr\\\/bien-etre\\\/alimentation\\\/\"},{\"@type\":\"ListItem\",\"position\":4,\"name\":\"Passer au vert pour accueillir les \u00e9nergies du printemps &#8211; Par Caroline Wietzel\"}]},{\"@type\":\"WebSite\",\"@id\":\"https:\\\/\\\/beautytherapy.absolution-cosmetics.com\\\/fr\\\/#website\",\"url\":\"https:\\\/\\\/beautytherapy.absolution-cosmetics.com\\\/fr\\\/\",\"name\":\"Beauty Therapy\",\"description\":\"\",\"publisher\":{\"@id\":\"https:\\\/\\\/beautytherapy.absolution-cosmetics.com\\\/fr\\\/#organization\"},\"inLanguage\":\"fr-FR\"},{\"@type\":\"Organization\",\"@id\":\"https:\\\/\\\/beautytherapy.absolution-cosmetics.com\\\/fr\\\/#organization\",\"name\":\"Beauty Therapy\",\"url\":\"https:\\\/\\\/beautytherapy.absolution-cosmetics.com\\\/fr\\\/\",\"logo\":{\"@type\":\"ImageObject\",\"inLanguage\":\"fr-FR\",\"@id\":\"https:\\\/\\\/beautytherapy.absolution-cosmetics.com\\\/fr\\\/#\\\/schema\\\/logo\\\/image\\\/\",\"url\":\"https:\\\/\\\/beautytherapy.absolution-cosmetics.com\\\/wp-content\\\/uploads\\\/2020\\\/02\\\/beauty-therapy-logo.png\",\"contentUrl\":\"https:\\\/\\\/beautytherapy.absolution-cosmetics.com\\\/wp-content\\\/uploads\\\/2020\\\/02\\\/beauty-therapy-logo.png\",\"width\":424,\"height\":212,\"caption\":\"Beauty Therapy\"},\"image\":{\"@id\":\"https:\\\/\\\/beautytherapy.absolution-cosmetics.com\\\/fr\\\/#\\\/schema\\\/logo\\\/image\\\/\"}},{\"@type\":\"Person\",\"@id\":\"https:\\\/\\\/beautytherapy.absolution-cosmetics.com\\\/fr\\\/#\\\/schema\\\/person\\\/39fa4ed518c548c2f2b7d6a399786b66\",\"name\":\"Edito Beauty Therapy\",\"description\":\"L\u2019objectif d\u2019Absolution est \u00e0 la fois tout simple et merveilleusement complexe : retrouver la Beaut\u00e9 ! Celle du monde qui nous entoure, celle du monde que l\u2019on contient... celle qui se cache dans votre reflet le matin ! Les soins Absolution effacent les scories de nos vies d\u2019urbains : chaque jour ils offrent \u00e0 notre peau un retour \u00e0 sa beaut\u00e9 originelle en restaurant son \u00e9cosyst\u00e8me naturel et en l\u2019amenant \u00e0 son \u00e9tat optimum. \u00c9labor\u00e9e \u00e0 partir d\u2019extraits v\u00e9g\u00e9taux certifi\u00e9s bio ou sauvages, de min\u00e9raux et de vitamines, Absolution allie d\u00e9licatesse des textures et des senteurs, simplicit\u00e9 d\u2019utilisation et totale efficacit\u00e9 des formules. Absolution c\u2019est aussi une volont\u00e9 : celle de transmettre une fa\u00e7on de voir le monde qui fait \u00e9merger la beaut\u00e9 partout o\u00f9 elle est. Partagez-la avec nous ! @absolution_cosmetics #absolutioncosmetics #retrouverlabeaut\u00e9\",\"sameAs\":[\"https:\\\/\\\/www.absolution-cosmetics.com\\\/fr\\\/\",\"https:\\\/\\\/www.facebook.com\\\/absolutioncosmetics\",\"https:\\\/\\\/www.instagram.com\\\/absolution_cosmetics\\\/\"],\"url\":\"https:\\\/\\\/beautytherapy.absolution-cosmetics.com\\\/fr\\\/author\\\/l-equipe-absolution\\\/\"}]}<\/script>\n<!-- \/ Yoast SEO plugin. -->","yoast_head_json":{"title":"Passer au vert pour accueillir les \u00e9nergies du printemps - Par Caroline Wietzel - Beauty Therapy","description":"D\u00e9couvrez une cure verte revitalisante pour accueillir le printemps en pleine forme ! Recette de cr\u00e8me verte vitamin\u00e9e, conseils bien-\u00eatre et exercices inspir\u00e9s de la M\u00e9decine Traditionnelle Chinoise pour \u00e9quilibrer corps et esprit.","robots":{"index":"index","follow":"follow","max-snippet":"max-snippet:-1","max-image-preview":"max-image-preview:large","max-video-preview":"max-video-preview:-1"},"canonical":"https:\/\/beautytherapy.absolution-cosmetics.com\/fr\/bien-etre\/alimentation\/passer-au-vert\/","og_locale":"fr_FR","og_type":"article","og_title":"Passer au vert pour accueillir les \u00e9nergies du printemps - Par Caroline Wietzel - Beauty Therapy","og_description":"D\u00e9couvrez une cure verte revitalisante pour accueillir le printemps en pleine forme ! Recette de cr\u00e8me verte vitamin\u00e9e, conseils bien-\u00eatre et exercices inspir\u00e9s de la M\u00e9decine Traditionnelle Chinoise pour \u00e9quilibrer corps et esprit.","og_url":"https:\/\/beautytherapy.absolution-cosmetics.com\/fr\/bien-etre\/alimentation\/passer-au-vert\/","og_site_name":"Beauty Therapy","article_author":"https:\/\/www.facebook.com\/absolutioncosmetics","article_published_time":"2025-03-03T16:37:00+00:00","article_modified_time":"2025-03-06T09:07:16+00:00","og_image":[{"width":1024,"height":699,"url":"https:\/\/beautytherapy.absolution-cosmetics.com\/wp-content\/uploads\/2025\/03\/Capture-decran-2025-03-03-a-15.36.59-1024x699-fd90e2c36371.png","type":"image\/png"}],"author":"Edito Beauty Therapy","twitter_card":"summary_large_image","twitter_misc":{"\u00c9crit par":"Edito Beauty Therapy","Dur\u00e9e de lecture estim\u00e9e":"5 minutes"},"schema":{"@context":"https:\/\/schema.org","@graph":[{"@type":"Article","@id":"https:\/\/beautytherapy.absolution-cosmetics.com\/fr\/bien-etre\/alimentation\/passer-au-vert\/#article","isPartOf":{"@id":"https:\/\/beautytherapy.absolution-cosmetics.com\/fr\/bien-etre\/alimentation\/passer-au-vert\/"},"author":{"name":"Edito Beauty Therapy","@id":"https:\/\/beautytherapy.absolution-cosmetics.com\/fr\/#\/schema\/person\/39fa4ed518c548c2f2b7d6a399786b66"},"headline":"Passer au vert pour accueillir les \u00e9nergies du printemps &#8211; Par Caroline Wietzel","datePublished":"2025-03-03T16:37:00+00:00","dateModified":"2025-03-06T09:07:16+00:00","mainEntityOfPage":{"@id":"https:\/\/beautytherapy.absolution-cosmetics.com\/fr\/bien-etre\/alimentation\/passer-au-vert\/"},"wordCount":809,"publisher":{"@id":"https:\/\/beautytherapy.absolution-cosmetics.com\/fr\/#organization"},"image":{"@id":"https:\/\/beautytherapy.absolution-cosmetics.com\/fr\/bien-etre\/alimentation\/passer-au-vert\/#primaryimage"},"thumbnailUrl":"https:\/\/beautytherapy.absolution-cosmetics.com\/wp-content\/uploads\/2025\/03\/Capture-decran-2025-03-03-a-15.36.59.png","articleSection":["Alimentation"],"inLanguage":"fr-FR"},{"@type":"WebPage","@id":"https:\/\/beautytherapy.absolution-cosmetics.com\/fr\/bien-etre\/alimentation\/passer-au-vert\/","url":"https:\/\/beautytherapy.absolution-cosmetics.com\/fr\/bien-etre\/alimentation\/passer-au-vert\/","name":"Passer au vert pour accueillir les \u00e9nergies du printemps - Par Caroline Wietzel - Beauty Therapy","isPartOf":{"@id":"https:\/\/beautytherapy.absolution-cosmetics.com\/fr\/#website"},"primaryImageOfPage":{"@id":"https:\/\/beautytherapy.absolution-cosmetics.com\/fr\/bien-etre\/alimentation\/passer-au-vert\/#primaryimage"},"image":{"@id":"https:\/\/beautytherapy.absolution-cosmetics.com\/fr\/bien-etre\/alimentation\/passer-au-vert\/#primaryimage"},"thumbnailUrl":"https:\/\/beautytherapy.absolution-cosmetics.com\/wp-content\/uploads\/2025\/03\/Capture-decran-2025-03-03-a-15.36.59.png","datePublished":"2025-03-03T16:37:00+00:00","dateModified":"2025-03-06T09:07:16+00:00","description":"D\u00e9couvrez une cure verte revitalisante pour accueillir le printemps en pleine forme ! Recette de cr\u00e8me verte vitamin\u00e9e, conseils bien-\u00eatre et exercices inspir\u00e9s de la M\u00e9decine Traditionnelle Chinoise pour \u00e9quilibrer corps et esprit.","breadcrumb":{"@id":"https:\/\/beautytherapy.absolution-cosmetics.com\/fr\/bien-etre\/alimentation\/passer-au-vert\/#breadcrumb"},"inLanguage":"fr-FR","potentialAction":[{"@type":"ReadAction","target":["https:\/\/beautytherapy.absolution-cosmetics.com\/fr\/bien-etre\/alimentation\/passer-au-vert\/"]}]},{"@type":"ImageObject","inLanguage":"fr-FR","@id":"https:\/\/beautytherapy.absolution-cosmetics.com\/fr\/bien-etre\/alimentation\/passer-au-vert\/#primaryimage","url":"https:\/\/beautytherapy.absolution-cosmetics.com\/wp-content\/uploads\/2025\/03\/Capture-decran-2025-03-03-a-15.36.59.png","contentUrl":"https:\/\/beautytherapy.absolution-cosmetics.com\/wp-content\/uploads\/2025\/03\/Capture-decran-2025-03-03-a-15.36.59.png","width":2552,"height":1742},{"@type":"BreadcrumbList","@id":"https:\/\/beautytherapy.absolution-cosmetics.com\/fr\/bien-etre\/alimentation\/passer-au-vert\/#breadcrumb","itemListElement":[{"@type":"ListItem","position":1,"name":"Home","item":"https:\/\/beautytherapy.absolution-cosmetics.com\/fr\/"},{"@type":"ListItem","position":2,"name":"Bien-\u00eatre","item":"https:\/\/beautytherapy.absolution-cosmetics.com\/fr\/bien-etre\/"},{"@type":"ListItem","position":3,"name":"Alimentation","item":"https:\/\/beautytherapy.absolution-cosmetics.com\/fr\/bien-etre\/alimentation\/"},{"@type":"ListItem","position":4,"name":"Passer au vert pour accueillir les \u00e9nergies du printemps &#8211; Par Caroline Wietzel"}]},{"@type":"WebSite","@id":"https:\/\/beautytherapy.absolution-cosmetics.com\/fr\/#website","url":"https:\/\/beautytherapy.absolution-cosmetics.com\/fr\/","name":"Beauty Therapy","description":"","publisher":{"@id":"https:\/\/beautytherapy.absolution-cosmetics.com\/fr\/#organization"},"inLanguage":"fr-FR"},{"@type":"Organization","@id":"https:\/\/beautytherapy.absolution-cosmetics.com\/fr\/#organization","name":"Beauty Therapy","url":"https:\/\/beautytherapy.absolution-cosmetics.com\/fr\/","logo":{"@type":"ImageObject","inLanguage":"fr-FR","@id":"https:\/\/beautytherapy.absolution-cosmetics.com\/fr\/#\/schema\/logo\/image\/","url":"https:\/\/beautytherapy.absolution-cosmetics.com\/wp-content\/uploads\/2020\/02\/beauty-therapy-logo.png","contentUrl":"https:\/\/beautytherapy.absolution-cosmetics.com\/wp-content\/uploads\/2020\/02\/beauty-therapy-logo.png","width":424,"height":212,"caption":"Beauty Therapy"},"image":{"@id":"https:\/\/beautytherapy.absolution-cosmetics.com\/fr\/#\/schema\/logo\/image\/"}},{"@type":"Person","@id":"https:\/\/beautytherapy.absolution-cosmetics.com\/fr\/#\/schema\/person\/39fa4ed518c548c2f2b7d6a399786b66","name":"Edito Beauty Therapy","description":"L\u2019objectif d\u2019Absolution est \u00e0 la fois tout simple et merveilleusement complexe : retrouver la Beaut\u00e9 ! Celle du monde qui nous entoure, celle du monde que l\u2019on contient... celle qui se cache dans votre reflet le matin ! Les soins Absolution effacent les scories de nos vies d\u2019urbains : chaque jour ils offrent \u00e0 notre peau un retour \u00e0 sa beaut\u00e9 originelle en restaurant son \u00e9cosyst\u00e8me naturel et en l\u2019amenant \u00e0 son \u00e9tat optimum. \u00c9labor\u00e9e \u00e0 partir d\u2019extraits v\u00e9g\u00e9taux certifi\u00e9s bio ou sauvages, de min\u00e9raux et de vitamines, Absolution allie d\u00e9licatesse des textures et des senteurs, simplicit\u00e9 d\u2019utilisation et totale efficacit\u00e9 des formules. Absolution c\u2019est aussi une volont\u00e9 : celle de transmettre une fa\u00e7on de voir le monde qui fait \u00e9merger la beaut\u00e9 partout o\u00f9 elle est. Partagez-la avec nous ! @absolution_cosmetics #absolutioncosmetics #retrouverlabeaut\u00e9","sameAs":["https:\/\/www.absolution-cosmetics.com\/fr\/","https:\/\/www.facebook.com\/absolutioncosmetics","https:\/\/www.instagram.com\/absolution_cosmetics\/"],"url":"https:\/\/beautytherapy.absolution-cosmetics.com\/fr\/author\/l-equipe-absolution\/"}]}},"_links":{"self":[{"href":"https:\/\/beautytherapy.absolution-cosmetics.com\/fr\/wp-json\/wp\/v2\/posts\/25176","targetHints":{"allow":["GET"]}}],"collection":[{"href":"https:\/\/beautytherapy.absolution-cosmetics.com\/fr\/wp-json\/wp\/v2\/posts"}],"about":[{"href":"https:\/\/beautytherapy.absolution-cosmetics.com\/fr\/wp-json\/wp\/v2\/types\/post"}],"author":[{"embeddable":true,"href":"https:\/\/beautytherapy.absolution-cosmetics.com\/fr\/wp-json\/wp\/v2\/users\/24"}],"replies":[{"embeddable":true,"href":"https:\/\/beautytherapy.absolution-cosmetics.com\/fr\/wp-json\/wp\/v2\/comments?post=25176"}],"version-history":[{"count":13,"href":"https:\/\/beautytherapy.absolution-cosmetics.com\/fr\/wp-json\/wp\/v2\/posts\/25176\/revisions"}],"predecessor-version":[{"id":25340,"href":"https:\/\/beautytherapy.absolution-cosmetics.com\/fr\/wp-json\/wp\/v2\/posts\/25176\/revisions\/25340"}],"wp:featuredmedia":[{"embeddable":true,"href":"https:\/\/beautytherapy.absolution-cosmetics.com\/fr\/wp-json\/wp\/v2\/media\/25177"}],"wp:attachment":[{"href":"https:\/\/beautytherapy.absolution-cosmetics.com\/fr\/wp-json\/wp\/v2\/media?parent=25176"}],"wp:term":[{"taxonomy":"category","embeddable":true,"href":"https:\/\/beautytherapy.absolution-cosmetics.com\/fr\/wp-json\/wp\/v2\/categories?post=25176"},{"taxonomy":"post_tag","embeddable":true,"href":"https:\/\/beautytherapy.absolution-cosmetics.com\/fr\/wp-json\/wp\/v2\/tags?post=25176"}],"curies":[{"name":"wp","href":"https:\/\/api.w.org\/{rel}","templated":true}]}}