{"id":5434,"date":"2021-03-15T19:28:48","date_gmt":"2021-03-15T18:28:48","guid":{"rendered":"https:\/\/beautytherapy.absolution-cosmetics.com\/?p=5434"},"modified":"2024-12-09T08:40:17","modified_gmt":"2024-12-09T07:40:17","slug":"equilibrer-besoins-energetiques-chakras","status":"publish","type":"post","link":"https:\/\/beautytherapy.absolution-cosmetics.com\/fr\/bien-etre\/equilibrer-besoins-energetiques-chakras\/","title":{"rendered":"Yoga : \u00c9quilibrer ses besoins \u00e9nerg\u00e9tiques gr\u00e2ce aux Chakras"},"content":{"rendered":"<section class=\"block-grid-wrapper block-grid-for-core-paragraph\">\n      <div class=\"default-editor-content grid-for-core-paragraph container-fluid container-px-1\">\n        <div class=\"row row-cols-1 align-center\">\n          <div class=\"cell\">\n            \n<p class=\"has-text-align-center\"><strong>Les chakras sont issus de croyances et philosophies li\u00e9es \u00e0 l&rsquo;hindouisme.&nbsp;Gr\u00e2ce \u00e0 une pratique r\u00e9guli\u00e8re du <a href=\"https:\/\/beautytherapy.absolution-cosmetics.com\/fr\/bien-etre\/bienfaits-yoga-kundalini\/\">yoga<\/a>, les chakras permettent d&rsquo;apporter harmonie et \u00e9quilibre physiques et psychiques au corps humain et d&rsquo;ouvrir la voie de l&rsquo;\u00e9veil de la&nbsp;<a href=\"https:\/\/beautytherapy.absolution-cosmetics.com\/fr\/bien-etre\/kundalini-techniques-eveil\/\">Kundalini<\/a>. D\u00e9couvrez comment \u00e9quilibrer vos besoins \u00e9nerg\u00e9tiques gr\u00e2ce aux chakras et \u00e0 la pratique du yoga<\/strong>.<\/p>\n          <\/div>\n        <\/div>\n      <\/div>\n\n      <\/section>\n\n<section class=\"block-grid-wrapper block-grid-for-core-spacer\">\n      <div class=\"default-editor-content grid-for-core-spacer container-fluid container-px-1\">\n        <div class=\"row row-cols-1 align-center\">\n          <div class=\"cell\">\n            \n<div style=\"height:20px\" aria-hidden=\"true\" class=\"wp-block-spacer\"><\/div>\n          <\/div>\n        <\/div>\n      <\/div>\n\n      <\/section>\n\n<section class=\"block-grid-wrapper block-grid-for-core-heading\">\n      <div class=\"default-editor-content grid-for-core-heading container-fluid container-px-1\">\n        <div class=\"row row-cols-1 align-center\">\n          <div class=\"cell\">\n            \n<h2 class=\"wp-block-heading\"><strong>Les chakras au c\u0153ur de la pratique du yoga<\/strong>&nbsp;<\/h2>\n          <\/div>\n        <\/div>\n      <\/div>\n\n      <\/section>\n\n<section class=\"block-grid-wrapper block-grid-for-core-paragraph\">\n      <div class=\"default-editor-content grid-for-core-paragraph container-fluid container-px-1\">\n        <div class=\"row row-cols-1 align-center\">\n          <div class=\"cell\">\n            \n<p>Le mot chakra vient du sanskrit et signifie \u00ab\u00a0roue\u00a0\u00bb. Les chakras sont des roues d&rsquo;\u00e9nergie enroul\u00e9es en nous qui forment les centres \u00e9nerg\u00e9tiques du corps. Selon la m\u00e9decine traditionnelle indienne, nos chakras sont responsables de notre \u00e9quilibre physique et psychique. Ils appartiennent&nbsp;\u00e0 notre&nbsp;\u201ccorps subtil\u201d&nbsp;\u2014 l&rsquo;ensemble des \u00e9nergies invisibles de notre corps \u2014 et sont au nombre de 7 chakras majeurs, align\u00e9s dans l&rsquo;axe de la colonne vert\u00e9brale.&nbsp;<\/p>\n          <\/div>\n        <\/div>\n      <\/div>\n\n      <\/section>\n\n<section class=\"block-grid-wrapper block-grid-for-core-spacer\">\n      <div class=\"default-editor-content grid-for-core-spacer container-fluid container-px-1\">\n        <div class=\"row row-cols-1 align-center\">\n          <div class=\"cell\">\n            \n<div style=\"height:20px\" aria-hidden=\"true\" class=\"wp-block-spacer\"><\/div>\n          <\/div>\n        <\/div>\n      <\/div>\n\n      <\/section>\n\n<section class=\"block-grid-wrapper block-grid-for-core-heading\">\n      <div class=\"default-editor-content grid-for-core-heading container-fluid container-px-1\">\n        <div class=\"row row-cols-1 align-center\">\n          <div class=\"cell\">\n            \n<h2 class=\"wp-block-heading\"><strong>Le Chakra racine :&nbsp;<em>Muladhara<\/em><\/strong>&nbsp;<\/h2>\n          <\/div>\n        <\/div>\n      <\/div>\n\n      <\/section>\n\n<section class=\"block-grid-wrapper block-grid-for-core-heading\">\n      <div class=\"default-editor-content grid-for-core-heading container-fluid container-px-1\">\n        <div class=\"row row-cols-1 align-center\">\n          <div class=\"cell\">\n            \n<h3 class=\"wp-block-heading\"><strong>Les caract\u00e9ristiques du chakra racine<\/strong>&nbsp;<\/h3>\n          <\/div>\n        <\/div>\n      <\/div>\n\n      <\/section>\n\n<section class=\"block-grid-wrapper block-grid-for-core-paragraph\">\n      <div class=\"default-editor-content grid-for-core-paragraph container-fluid container-px-1\">\n        <div class=\"row row-cols-1 align-center\">\n          <div class=\"cell\">\n            \n<p>Muladhara vient du sanskrit Mula, qui signifie racine et Adhara, le lieu, la base : il s&rsquo;agit du chakra de l&rsquo;enracinement. Situ\u00e9 \u00e0 la base de la colonne vert\u00e9brale, il est l&rsquo;endroit o\u00f9 si\u00e8gerait&nbsp;la&nbsp;<a href=\"https:\/\/beautytherapy.absolution-cosmetics.com\/fr\/bien-etre\/kundalini-techniques-eveil\/\">Kundalini<\/a>. Sa couleur est le rouge.&nbsp;Lorsqu&rsquo;il est \u00e9quilibr\u00e9, Muladhara&nbsp;aide au sentiment de stabilit\u00e9. Gr\u00e2ce \u00e0 un chakra racine \u00e9quilibr\u00e9, vous&nbsp;vous&nbsp;sentez&nbsp;connect\u00e9.e&nbsp;\u00e0 votre exp\u00e9rience de vie.&nbsp;Fortement li\u00e9 \u00e0 la terre et au sol, ce chakra a besoin de la nature pour se r\u00e9\u00e9quilibrer.&nbsp;<\/p>\n          <\/div>\n        <\/div>\n      <\/div>\n\n      <\/section>\n\n<section class=\"block-grid-wrapper block-grid-for-core-heading\">\n      <div class=\"default-editor-content grid-for-core-heading container-fluid container-px-1\">\n        <div class=\"row row-cols-1 align-center\">\n          <div class=\"cell\">\n            \n<h3 class=\"wp-block-heading\"><strong>Les postures de yoga associ\u00e9es au chakra racine<\/strong>&nbsp;<\/h3>\n          <\/div>\n        <\/div>\n      <\/div>\n\n      <\/section>\n\n<section class=\"block-grid-wrapper block-grid-for-core-paragraph\">\n      <div class=\"default-editor-content grid-for-core-paragraph container-fluid container-px-1\">\n        <div class=\"row row-cols-1 align-center\">\n          <div class=\"cell\">\n            \n<p>Pour r\u00e9\u00e9quilibrer le chakra racine, pratiquez une posture de yoga qui vous ancrera dans le sol et qui vous aidera \u00e0 l\u00e2cher prise telle que la\u00a0<strong>posture de l&rsquo;enfant<\/strong>\u00a0\u2014 Balasana \u2014 ou la posture de la montagne \u2014 Tadasana.\u00a0<\/p>\n          <\/div>\n        <\/div>\n      <\/div>\n\n      <\/section>\n\n<section class=\"block-grid-wrapper block-grid-for-core-image\">\n      <div class=\"default-editor-content grid-for-core-image container-fluid container-px-1\">\n        <div class=\"row row-cols-1 align-center\">\n          <div class=\"cell\">\n            \n<figure class=\"wp-block-image aligncenter size-large is-resized\"><img decoding=\"async\" src=\"https:\/\/beautytherapy.absolution-cosmetics.com\/wp-content\/uploads\/2020\/09\/postures_yoga_03_enfant-1024x683.jpg\" alt=\"\" class=\"wp-image-4283\" style=\"width:656px;height:437px\"\/><\/figure>\n          <\/div>\n        <\/div>\n      <\/div>\n\n      <\/section>\n\n<section class=\"block-grid-wrapper block-grid-for-core-spacer\">\n      <div class=\"default-editor-content grid-for-core-spacer container-fluid container-px-1\">\n        <div class=\"row row-cols-1 align-center\">\n          <div class=\"cell\">\n            \n<div style=\"height:20px\" aria-hidden=\"true\" class=\"wp-block-spacer\"><\/div>\n          <\/div>\n        <\/div>\n      <\/div>\n\n      <\/section>\n\n<section class=\"block-grid-wrapper block-grid-for-core-heading\">\n      <div class=\"default-editor-content grid-for-core-heading container-fluid container-px-1\">\n        <div class=\"row row-cols-1 align-center\">\n          <div class=\"cell\">\n            \n<h2 class=\"wp-block-heading\"><strong>Le Chakra sacr\u00e9 :&nbsp;<em>Svadhisthana<\/em><\/strong>&nbsp;<\/h2>\n          <\/div>\n        <\/div>\n      <\/div>\n\n      <\/section>\n\n<section class=\"block-grid-wrapper block-grid-for-core-heading\">\n      <div class=\"default-editor-content grid-for-core-heading container-fluid container-px-1\">\n        <div class=\"row row-cols-1 align-center\">\n          <div class=\"cell\">\n            \n<h3 class=\"wp-block-heading\"><strong>Les caract\u00e9ristiques du chakra sacr\u00e9<\/strong>&nbsp;<\/h3>\n          <\/div>\n        <\/div>\n      <\/div>\n\n      <\/section>\n\n<section class=\"block-grid-wrapper block-grid-for-core-paragraph\">\n      <div class=\"default-editor-content grid-for-core-paragraph container-fluid container-px-1\">\n        <div class=\"row row-cols-1 align-center\">\n          <div class=\"cell\">\n            \n<p>Du sanskrit&nbsp;Swa, qui signifie soi et&nbsp;Adhishthana, qui signifie \u00eatre \u00e9tabli.e,&nbsp;install\u00e9.e&nbsp;:&nbsp;<strong><a href=\"https:\/\/beautytherapy.absolution-cosmetics.com\/fr\/bien-etre\/petit-guide-yoga-respiration\/\">Svadhisthana<\/a><\/strong>&nbsp;se traduit par \u00ab\u00a0o\u00f9 le Soi se trouve\u00a0\u00bb, il s&rsquo;agit du chakra de l&rsquo;identit\u00e9. Situ\u00e9 derri\u00e8re les organes g\u00e9nitaux au-dessus de l&rsquo;os pubien et en-dessous du nombril, il est le foyer de l&rsquo;<strong><a href=\"https:\/\/beautytherapy.absolution-cosmetics.com\/fr\/bien-etre\/petit-guide-yoga-respiration\/\">\u00e9nergie cr\u00e9atrice<\/a><\/strong>&nbsp;et de la sexualit\u00e9. Sa teinte est l\u2019orange.&nbsp;<\/p>\n          <\/div>\n        <\/div>\n      <\/div>\n\n      <\/section>\n\n<section class=\"block-grid-wrapper block-grid-for-core-paragraph\">\n      <div class=\"default-editor-content grid-for-core-paragraph container-fluid container-px-1\">\n        <div class=\"row row-cols-1 align-center\">\n          <div class=\"cell\">\n            \n<p><strong>Svadhisthana<\/strong> apporte <strong>vitalit\u00e9 et joie<\/strong>, il est aussi associ\u00e9 au lien avec les autres, au d\u00e9sir et \u00e0 notre relation avec l&rsquo;argent. \u00c9quilibr\u00e9, le chakra sacr\u00e9 aide \u00e0 s&rsquo;\u00e9panouir dans ses \u00e9motions, dans sa sexualit\u00e9, dans son \u00eatre.&nbsp;<\/p>\n          <\/div>\n        <\/div>\n      <\/div>\n\n      <\/section>\n\n<section class=\"block-grid-wrapper block-grid-for-core-heading\">\n      <div class=\"default-editor-content grid-for-core-heading container-fluid container-px-1\">\n        <div class=\"row row-cols-1 align-center\">\n          <div class=\"cell\">\n            \n<h3 class=\"wp-block-heading\"><strong>Les postures de yoga associ\u00e9es au chakra sacr\u00e9<\/strong>&nbsp;<\/h3>\n          <\/div>\n        <\/div>\n      <\/div>\n\n      <\/section>\n\n<section class=\"block-grid-wrapper block-grid-for-core-paragraph\">\n      <div class=\"default-editor-content grid-for-core-paragraph container-fluid container-px-1\">\n        <div class=\"row row-cols-1 align-center\">\n          <div class=\"cell\">\n            \n<p>Pratiquez la posture facile \u2014 Sukhasana \u2014 ou encore la posture de la d\u00e9esse \u2014 Deviasana \u2014 pour ouvrir votre zone sacr\u00e9e et&nbsp;<strong><a href=\"https:\/\/beautytherapy.absolution-cosmetics.com\/fr\/bien-etre\/petit-guide-yoga-respiration\/\">r\u00e9\u00e9quilibrer vos besoins \u00e9nerg\u00e9tiques<\/a><\/strong>&nbsp;li\u00e9s au deuxi\u00e8me chakra.<\/p>\n          <\/div>\n        <\/div>\n      <\/div>\n\n      <\/section>\n\n<section class=\"block-grid-wrapper block-grid-for-core-spacer\">\n      <div class=\"default-editor-content grid-for-core-spacer container-fluid container-px-1\">\n        <div class=\"row row-cols-1 align-center\">\n          <div class=\"cell\">\n            \n<div style=\"height:20px\" aria-hidden=\"true\" class=\"wp-block-spacer\"><\/div>\n          <\/div>\n        <\/div>\n      <\/div>\n\n      <\/section>\n\n<section class=\"block-grid-wrapper block-grid-for-core-heading\">\n      <div class=\"default-editor-content grid-for-core-heading container-fluid container-px-1\">\n        <div class=\"row row-cols-1 align-center\">\n          <div class=\"cell\">\n            \n<h2 class=\"wp-block-heading\"><strong>Le Chakra du plexus solaire :&nbsp;<em>Manipura<\/em><\/strong>&nbsp;<\/h2>\n          <\/div>\n        <\/div>\n      <\/div>\n\n      <\/section>\n\n<section class=\"block-grid-wrapper block-grid-for-core-heading\">\n      <div class=\"default-editor-content grid-for-core-heading container-fluid container-px-1\">\n        <div class=\"row row-cols-1 align-center\">\n          <div class=\"cell\">\n            \n<h3 class=\"wp-block-heading\"><strong>Les caract\u00e9ristiques du chakra du plexus solaire<\/strong>&nbsp;<\/h3>\n          <\/div>\n        <\/div>\n      <\/div>\n\n      <\/section>\n\n<section class=\"block-grid-wrapper block-grid-for-core-paragraph\">\n      <div class=\"default-editor-content grid-for-core-paragraph container-fluid container-px-1\">\n        <div class=\"row row-cols-1 align-center\">\n          <div class=\"cell\">\n            \n<p>Manipura est le <strong>chakra de l&rsquo;estime de soi<\/strong>. Son nom vient du sanskrit Mani, qui signifie joyau et Pura, le lieu, on peut le traduire litt\u00e9ralement par \u00ab\u00a0o\u00f9 s\u00e9journe le joyau\u00a0\u00bb. La localisation du plexus solaire s&rsquo;\u00e9tend du centre du nombril au sternum. Sa couleur est le jaune.&nbsp;<\/p>\n          <\/div>\n        <\/div>\n      <\/div>\n\n      <\/section>\n\n<section class=\"block-grid-wrapper block-grid-for-core-paragraph\">\n      <div class=\"default-editor-content grid-for-core-paragraph container-fluid container-px-1\">\n        <div class=\"row row-cols-1 align-center\">\n          <div class=\"cell\">\n            \n<p>Lorsqu&rsquo;il est \u00e9quilibr\u00e9, Manipura vous aide \u00e0 avoir confiance en vous et \u00e0 prendre des d\u00e9cisions. L&rsquo;appareil digestif \u00e9tant associ\u00e9 au troisi\u00e8me chakra, il pourra se manifester et se r\u00e9v\u00e9ler douloureux en cas de d\u00e9s\u00e9quilibre de Manipura.&nbsp;Li\u00e9 \u00e0 l\u2019\u00e9l\u00e9ment du feu, ce chakra peut \u00eatre harmonis\u00e9 avec le Soleil, des bougies ou un feu de chemin\u00e9e.&nbsp;<\/p>\n          <\/div>\n        <\/div>\n      <\/div>\n\n      <\/section>\n\n<section class=\"block-grid-wrapper block-grid-for-core-heading\">\n      <div class=\"default-editor-content grid-for-core-heading container-fluid container-px-1\">\n        <div class=\"row row-cols-1 align-center\">\n          <div class=\"cell\">\n            \n<h3 class=\"wp-block-heading\"><strong>Les postures de yoga associ\u00e9es au chakra du plexus solaire<\/strong>&nbsp;<\/h3>\n          <\/div>\n        <\/div>\n      <\/div>\n\n      <\/section>\n\n<section class=\"block-grid-wrapper block-grid-for-core-paragraph\">\n      <div class=\"default-editor-content grid-for-core-paragraph container-fluid container-px-1\">\n        <div class=\"row row-cols-1 align-center\">\n          <div class=\"cell\">\n            \n<p>Pour attiser votre feu int\u00e9rieur, pratiquez la posture du bateau \u2014 Nav\u00e2sana \u2014 et la posture de l&rsquo;arc \u2014 Dhanurasana. Elles mobiliseront votre zone abdominale et revitaliseront vos organes principaux pour \u00e9quilibrer votre chakra du plexus solaire.&nbsp;<\/p>\n          <\/div>\n        <\/div>\n      <\/div>\n\n      <\/section>\n\n<section class=\"block-grid-wrapper block-grid-for-core-spacer\">\n      <div class=\"default-editor-content grid-for-core-spacer container-fluid container-px-1\">\n        <div class=\"row row-cols-1 align-center\">\n          <div class=\"cell\">\n            \n<div style=\"height:20px\" aria-hidden=\"true\" class=\"wp-block-spacer\"><\/div>\n          <\/div>\n        <\/div>\n      <\/div>\n\n      <\/section>\n\n<section class=\"block-grid-wrapper block-grid-for-core-heading\">\n      <div class=\"default-editor-content grid-for-core-heading container-fluid container-px-1\">\n        <div class=\"row row-cols-1 align-center\">\n          <div class=\"cell\">\n            \n<h2 class=\"wp-block-heading\"><strong>Le Chakra du c\u0153ur :&nbsp;<em>Anahata<\/em><\/strong>&nbsp;<\/h2>\n          <\/div>\n        <\/div>\n      <\/div>\n\n      <\/section>\n\n<section class=\"block-grid-wrapper block-grid-for-core-heading\">\n      <div class=\"default-editor-content grid-for-core-heading container-fluid container-px-1\">\n        <div class=\"row row-cols-1 align-center\">\n          <div class=\"cell\">\n            \n<h3 class=\"wp-block-heading\"><strong>Les caract\u00e9ristiques du chakra du c\u0153ur<\/strong>&nbsp;<\/h3>\n          <\/div>\n        <\/div>\n      <\/div>\n\n      <\/section>\n\n<section class=\"block-grid-wrapper block-grid-for-core-paragraph\">\n      <div class=\"default-editor-content grid-for-core-paragraph container-fluid container-px-1\">\n        <div class=\"row row-cols-1 align-center\">\n          <div class=\"cell\">\n            \n<p>\u00ab\u00a0Souffle non frapp\u00e9\u00a0\u00bb, c&rsquo;est la signification d&rsquo;Anahata&nbsp;: le <strong>chakra de la compassion.<\/strong> Situ\u00e9 juste au-dessus du c\u0153ur, il rayonne&nbsp;du&nbsp;sternum jusqu&rsquo;\u00e0 la gorge. Il fait&nbsp;le lien entre les 3 premiers chakras, dits \u00ab\u00a0de la mati\u00e8re\u00a0\u00bb et les 3 chakras dits \u00ab\u00a0de la spiritualit\u00e9\u00a0\u00bb. Sa nuance est le vert.&nbsp;<\/p>\n          <\/div>\n        <\/div>\n      <\/div>\n\n      <\/section>\n\n<section class=\"block-grid-wrapper block-grid-for-core-paragraph\">\n      <div class=\"default-editor-content grid-for-core-paragraph container-fluid container-px-1\">\n        <div class=\"row row-cols-1 align-center\">\n          <div class=\"cell\">\n            \n<p>Lorsqu&rsquo;il est \u00e9quilibr\u00e9, Anahata vous fait ressentir de <strong>l&rsquo;amour pour les autres mais aussi pour vous-m\u00eame.<\/strong> \u00c0 chaque moment de votre vie, il vous rend sensible \u00e0 la bont\u00e9 et \u00e0 la compassion des personnes qui vous entourent.&nbsp;<\/p>\n          <\/div>\n        <\/div>\n      <\/div>\n\n      <\/section>\n\n<section class=\"block-grid-wrapper block-grid-for-core-heading\">\n      <div class=\"default-editor-content grid-for-core-heading container-fluid container-px-1\">\n        <div class=\"row row-cols-1 align-center\">\n          <div class=\"cell\">\n            \n<h3 class=\"wp-block-heading\"><strong>Les postures de yoga associ\u00e9es au chakra du c\u0153ur<\/strong>&nbsp;<\/h3>\n          <\/div>\n        <\/div>\n      <\/div>\n\n      <\/section>\n\n<section class=\"block-grid-wrapper block-grid-for-core-paragraph\">\n      <div class=\"default-editor-content grid-for-core-paragraph container-fluid container-px-1\">\n        <div class=\"row row-cols-1 align-center\">\n          <div class=\"cell\">\n            \n<p>Pour r\u00e9\u00e9quilibrer le chakra du c\u0153ur, privil\u00e9giez des poses de yoga ouvertes \u00e0 l&rsquo;avant ou \u00e0 l&rsquo;arri\u00e8re de votre buste. Nous vous recommandons la posture du Chat et de la Vache \u2014 Marjaryasana et Bitilasana \u2014 ainsi que la posture du Chameau \u2014 Ustrasana, pour ouvrir votre c\u0153ur gr\u00e2ce au yoga.<\/p>\n          <\/div>\n        <\/div>\n      <\/div>\n\n      <\/section>\n\n<section class=\"block-grid-wrapper block-grid-for-core-spacer\">\n      <div class=\"default-editor-content grid-for-core-spacer container-fluid container-px-1\">\n        <div class=\"row row-cols-1 align-center\">\n          <div class=\"cell\">\n            \n<div style=\"height:20px\" aria-hidden=\"true\" class=\"wp-block-spacer\"><\/div>\n          <\/div>\n        <\/div>\n      <\/div>\n\n      <\/section>\n\n<section class=\"block-grid-wrapper block-grid-for-core-heading\">\n      <div class=\"default-editor-content grid-for-core-heading container-fluid container-px-1\">\n        <div class=\"row row-cols-1 align-center\">\n          <div class=\"cell\">\n            \n<h2 class=\"wp-block-heading\"><strong>Le Chakra de la gorge :&nbsp;<em>Vishuddha<\/em><\/strong>&nbsp;<\/h2>\n          <\/div>\n        <\/div>\n      <\/div>\n\n      <\/section>\n\n<section class=\"block-grid-wrapper block-grid-for-core-heading\">\n      <div class=\"default-editor-content grid-for-core-heading container-fluid container-px-1\">\n        <div class=\"row row-cols-1 align-center\">\n          <div class=\"cell\">\n            \n<h3 class=\"wp-block-heading\"><strong>Les caract\u00e9ristiques du chakra de la gorge<\/strong>&nbsp;<\/h3>\n          <\/div>\n        <\/div>\n      <\/div>\n\n      <\/section>\n\n<section class=\"block-grid-wrapper block-grid-for-core-paragraph\">\n      <div class=\"default-editor-content grid-for-core-paragraph container-fluid container-px-1\">\n        <div class=\"row row-cols-1 align-center\">\n          <div class=\"cell\">\n            \n<p>En sanskrit, Vishuddha signifie \u00ab\u00a0centre de la purification\u00a0\u00bb : il s&rsquo;agit du&nbsp;<strong>chakra de l&rsquo;expression<\/strong>. Il se situe au niveau du cou et vous aide \u00e0 vous exprimer et \u00e0 communiquer clairement, en toute honn\u00eatet\u00e9 avec vous-m\u00eame. Sa couleur est le bleu.&nbsp;<\/p>\n          <\/div>\n        <\/div>\n      <\/div>\n\n      <\/section>\n\n<section class=\"block-grid-wrapper block-grid-for-core-paragraph\">\n      <div class=\"default-editor-content grid-for-core-paragraph container-fluid container-px-1\">\n        <div class=\"row row-cols-1 align-center\">\n          <div class=\"cell\">\n            \n<p>Lorsque Vishuddha est \u00e9quilibr\u00e9, vous vous sentez en mesure de vivre, de communiquer et d&rsquo;exprimer votre v\u00e9rit\u00e9, les autres vous \u00e9coutent et vous les inspirez.&nbsp;&nbsp;<\/p>\n          <\/div>\n        <\/div>\n      <\/div>\n\n      <\/section>\n\n<section class=\"block-grid-wrapper block-grid-for-core-heading\">\n      <div class=\"default-editor-content grid-for-core-heading container-fluid container-px-1\">\n        <div class=\"row row-cols-1 align-center\">\n          <div class=\"cell\">\n            \n<h3 class=\"wp-block-heading\"><strong>Les postures de yoga associ\u00e9es au chakra de la gorge<\/strong>&nbsp;<\/h3>\n          <\/div>\n        <\/div>\n      <\/div>\n\n      <\/section>\n\n<section class=\"block-grid-wrapper block-grid-for-core-paragraph\">\n      <div class=\"default-editor-content grid-for-core-paragraph container-fluid container-px-1\">\n        <div class=\"row row-cols-1 align-center\">\n          <div class=\"cell\">\n            \n<p>Pour&nbsp;<strong><a href=\"https:\/\/beautytherapy.absolution-cosmetics.com\/fr\/bien-etre\/petit-guide-yoga-respiration\/\">r\u00e9\u00e9quilibrer Vishuddha<\/a><\/strong> et vous aider \u00e0 communiquer plus clairement, privil\u00e9giez des positions de yoga qui ouvrent la gorge, le cou et la nuque telles que la posture du Poisson \u2014 Matsyasana \u2014 ou la posture de la Charrue \u2014 Halasana.&nbsp;<\/p>\n          <\/div>\n        <\/div>\n      <\/div>\n\n      <\/section>\n\n<section class=\"block-grid-wrapper block-grid-for-core-spacer\">\n      <div class=\"default-editor-content grid-for-core-spacer container-fluid container-px-1\">\n        <div class=\"row row-cols-1 align-center\">\n          <div class=\"cell\">\n            \n<div style=\"height:20px\" aria-hidden=\"true\" class=\"wp-block-spacer\"><\/div>\n          <\/div>\n        <\/div>\n      <\/div>\n\n      <\/section>\n\n<section class=\"block-grid-wrapper block-grid-for-core-heading\">\n      <div class=\"default-editor-content grid-for-core-heading container-fluid container-px-1\">\n        <div class=\"row row-cols-1 align-center\">\n          <div class=\"cell\">\n            \n<h2 class=\"wp-block-heading\"><strong>Le Chakra du troisi\u00e8me \u0153il :&nbsp;<em>Ajna<\/em><\/strong>&nbsp;<\/h2>\n          <\/div>\n        <\/div>\n      <\/div>\n\n      <\/section>\n\n<section class=\"block-grid-wrapper block-grid-for-core-heading\">\n      <div class=\"default-editor-content grid-for-core-heading container-fluid container-px-1\">\n        <div class=\"row row-cols-1 align-center\">\n          <div class=\"cell\">\n            \n<h3 class=\"wp-block-heading\"><strong>Les caract\u00e9ristiques du chakra du troisi\u00e8me \u0153il<\/strong>&nbsp;<\/h3>\n          <\/div>\n        <\/div>\n      <\/div>\n\n      <\/section>\n\n<section class=\"block-grid-wrapper block-grid-for-core-paragraph\">\n      <div class=\"default-editor-content grid-for-core-paragraph container-fluid container-px-1\">\n        <div class=\"row row-cols-1 align-center\">\n          <div class=\"cell\">\n            \n<p>Le sens d&rsquo;Ajna est double, il signifie \u00e0 la fois \u00ab\u00a0au-del\u00e0 de la sagesse\u00a0\u00bb et \u00ab\u00a0commander\u00a0\u00bb : il s&rsquo;agit du <strong>chakra spirituel<\/strong>, le centre de commandement. Situ\u00e9 entre et l\u00e9g\u00e8rement au-dessus des deux sourcils, Ajna est votre <strong>troisi\u00e8me \u0153il, votre intuition.&nbsp;<\/strong><\/p>\n          <\/div>\n        <\/div>\n      <\/div>\n\n      <\/section>\n\n<section class=\"block-grid-wrapper block-grid-for-core-paragraph\">\n      <div class=\"default-editor-content grid-for-core-paragraph container-fluid container-px-1\">\n        <div class=\"row row-cols-1 align-center\">\n          <div class=\"cell\">\n            \n<p>Lorsqu&rsquo;il est \u00e9quilibr\u00e9, vous agissez en suivant vos instincts et faites confiance \u00e0 votre \u00eatre int\u00e9rieur pour prendre des d\u00e9cisions.&nbsp;<\/p>\n          <\/div>\n        <\/div>\n      <\/div>\n\n      <\/section>\n\n<section class=\"block-grid-wrapper block-grid-for-core-heading\">\n      <div class=\"default-editor-content grid-for-core-heading container-fluid container-px-1\">\n        <div class=\"row row-cols-1 align-center\">\n          <div class=\"cell\">\n            \n<h3 class=\"wp-block-heading\"><strong>Les postures de yoga associ\u00e9es au chakra du troisi\u00e8me \u0153il<\/strong>&nbsp;<\/h3>\n          <\/div>\n        <\/div>\n      <\/div>\n\n      <\/section>\n\n<section class=\"block-grid-wrapper block-grid-for-core-paragraph\">\n      <div class=\"default-editor-content grid-for-core-paragraph container-fluid container-px-1\">\n        <div class=\"row row-cols-1 align-center\">\n          <div class=\"cell\">\n            \n<p>Pour qu&rsquo;Ajna vous apporte la vision et l&rsquo;intuition&nbsp;souhait\u00e9es, pratiquez la posture du Dauphin \u2014 Ardha Pincha Mayurasana \u2014 et la posture de l&rsquo;Aigle assis \u2014 Garudasana assis. La<a href=\"https:\/\/beautytherapy.absolution-cosmetics.com\/fr\/bien-etre\/petit-guide-yoga-respiration\/\">&nbsp;<strong>m\u00e9ditation<\/strong><\/a>&nbsp;est \u00e9galement fortement recommand\u00e9e car elle vous apportera calme et apaisement et r\u00e9\u00e9quilibrera vos sens et vos perceptions.&nbsp;<\/p>\n          <\/div>\n        <\/div>\n      <\/div>\n\n      <\/section>\n\n<section class=\"block-grid-wrapper block-grid-for-core-image\">\n      <div class=\"default-editor-content grid-for-core-image container-fluid container-px-1\">\n        <div class=\"row row-cols-1 align-center\">\n          <div class=\"cell\">\n            \n<figure class=\"wp-block-image aligncenter size-large is-resized\"><img loading=\"lazy\" decoding=\"async\" width=\"800\" height=\"499\" src=\"https:\/\/beautytherapy.absolution-cosmetics.com\/wp-content\/uploads\/2020\/09\/Lotus.png\" alt=\"\" class=\"wp-image-4279\" style=\"width:709px;height:442px\" srcset=\"https:\/\/beautytherapy.absolution-cosmetics.com\/wp-content\/uploads\/2020\/09\/Lotus.png 800w, https:\/\/beautytherapy.absolution-cosmetics.com\/wp-content\/uploads\/2020\/09\/Lotus-300x187-512c1e2135f8.png 300w, https:\/\/beautytherapy.absolution-cosmetics.com\/wp-content\/uploads\/2020\/09\/Lotus-768x479-b56108145cc7.png 768w, https:\/\/beautytherapy.absolution-cosmetics.com\/wp-content\/uploads\/2020\/09\/Lotus-400x250.png 400w, https:\/\/beautytherapy.absolution-cosmetics.com\/wp-content\/uploads\/2020\/09\/Lotus-480x299.png 480w\" sizes=\"auto, (max-width: 800px) 100vw, 800px\" \/><\/figure>\n          <\/div>\n        <\/div>\n      <\/div>\n\n      <\/section>\n\n<section class=\"block-grid-wrapper block-grid-for-core-spacer\">\n      <div class=\"default-editor-content grid-for-core-spacer container-fluid container-px-1\">\n        <div class=\"row row-cols-1 align-center\">\n          <div class=\"cell\">\n            \n<div style=\"height:20px\" aria-hidden=\"true\" class=\"wp-block-spacer\"><\/div>\n          <\/div>\n        <\/div>\n      <\/div>\n\n      <\/section>\n\n<section class=\"block-grid-wrapper block-grid-for-core-heading\">\n      <div class=\"default-editor-content grid-for-core-heading container-fluid container-px-1\">\n        <div class=\"row row-cols-1 align-center\">\n          <div class=\"cell\">\n            \n<h2 class=\"wp-block-heading\"><strong>Le Chakra de la couronne :&nbsp;<em>Sahasrara<\/em><\/strong>&nbsp;<\/h2>\n          <\/div>\n        <\/div>\n      <\/div>\n\n      <\/section>\n\n<section class=\"block-grid-wrapper block-grid-for-core-heading\">\n      <div class=\"default-editor-content grid-for-core-heading container-fluid container-px-1\">\n        <div class=\"row row-cols-1 align-center\">\n          <div class=\"cell\">\n            \n<h3 class=\"wp-block-heading\"><strong>Les caract\u00e9ristiques du chakra de la couronne<\/strong>&nbsp;<\/h3>\n          <\/div>\n        <\/div>\n      <\/div>\n\n      <\/section>\n\n<section class=\"block-grid-wrapper block-grid-for-core-paragraph\">\n      <div class=\"default-editor-content grid-for-core-paragraph container-fluid container-px-1\">\n        <div class=\"row row-cols-1 align-center\">\n          <div class=\"cell\">\n            \n<p>En sanskrit, Sahasrara signifie \u00ab\u00a0lotus aux milles p\u00e9tales\u00a0\u00bb. Le chakra de la couronne est situ\u00e9 au sommet de la t\u00eate, il est associ\u00e9 \u00e0 une forme de pleine conscience, d&rsquo;intuition qui nous d\u00e9passe comme une \u00e9nergie universelle unique. Ses couleurs sont le violet et le blanc.&nbsp;<\/p>\n          <\/div>\n        <\/div>\n      <\/div>\n\n      <\/section>\n\n<section class=\"block-grid-wrapper block-grid-for-core-paragraph\">\n      <div class=\"default-editor-content grid-for-core-paragraph container-fluid container-px-1\">\n        <div class=\"row row-cols-1 align-center\">\n          <div class=\"cell\">\n            \n<p>\u00c9quilibrer Sahaswara est une qu\u00eate spirituelle complexe : le chakra de la couronne vous connecte \u00e0 vous-m\u00eame et au Monde en vous faisant d\u00e9passer les limites de votre corps, de votre \u00eatre et vous offre une perspective nouvelle sur la vie.&nbsp;<\/p>\n          <\/div>\n        <\/div>\n      <\/div>\n\n      <\/section>\n\n<section class=\"block-grid-wrapper block-grid-for-core-heading\">\n      <div class=\"default-editor-content grid-for-core-heading container-fluid container-px-1\">\n        <div class=\"row row-cols-1 align-center\">\n          <div class=\"cell\">\n            \n<h3 class=\"wp-block-heading\"><strong>Les postures&nbsp;de yoga&nbsp;associ\u00e9es au chakra de la couronne<\/strong>&nbsp;<\/h3>\n          <\/div>\n        <\/div>\n      <\/div>\n\n      <\/section>\n\n<section class=\"block-grid-wrapper block-grid-for-core-paragraph\">\n      <div class=\"default-editor-content grid-for-core-paragraph container-fluid container-px-1\">\n        <div class=\"row row-cols-1 align-center\">\n          <div class=\"cell\">\n            \n<p>Comme pour le troisi\u00e8me \u0153il, la m\u00e9ditation met sur la voie de l&rsquo;\u00e9quilibre du chakra de la couronne. En position du\u00a0<strong>Lotus<\/strong>\u00a0\u2014 Padmasana ou en position du\u00a0<strong>Cadavre<\/strong>\u00a0\u2014 Savasana, respirez profond\u00e9ment et faites le vide pour mieux vous ressourcer en \u00e9nergie. Pour les yogis plus exp\u00e9riment\u00e9s, le Headstand \u2014 Sirsasana \u2014 vous permettra de stimuler l&rsquo;\u00e9nergie de la couronne et de r\u00e9\u00e9quilibrer Sahasrara.\u00a0<\/p>\n          <\/div>\n        <\/div>\n      <\/div>\n\n      <\/section>\n\n<section class=\"block-grid-wrapper block-grid-for-core-image\">\n      <div class=\"default-editor-content grid-for-core-image container-fluid container-px-1\">\n        <div class=\"row row-cols-1 align-center\">\n          <div class=\"cell\">\n            \n<figure class=\"wp-block-image aligncenter size-large is-resized\"><img loading=\"lazy\" decoding=\"async\" width=\"800\" height=\"499\" src=\"https:\/\/beautytherapy.absolution-cosmetics.com\/wp-content\/uploads\/2020\/09\/mort.png\" alt=\"\" class=\"wp-image-4287\" style=\"width:622px;height:388px\" srcset=\"https:\/\/beautytherapy.absolution-cosmetics.com\/wp-content\/uploads\/2020\/09\/mort.png 800w, https:\/\/beautytherapy.absolution-cosmetics.com\/wp-content\/uploads\/2020\/09\/mort-300x187-512c1e2135f8.png 300w, https:\/\/beautytherapy.absolution-cosmetics.com\/wp-content\/uploads\/2020\/09\/mort-768x479-b56108145cc7.png 768w, https:\/\/beautytherapy.absolution-cosmetics.com\/wp-content\/uploads\/2020\/09\/mort-400x250.png 400w, https:\/\/beautytherapy.absolution-cosmetics.com\/wp-content\/uploads\/2020\/09\/mort-480x299.png 480w\" sizes=\"auto, (max-width: 800px) 100vw, 800px\" \/><\/figure>\n          <\/div>\n        <\/div>\n      <\/div>\n\n      <\/section>\n\n<section class=\"block-grid-wrapper block-grid-for-core-paragraph\">\n      <div class=\"default-editor-content grid-for-core-paragraph container-fluid container-px-1\">\n        <div class=\"row row-cols-1 align-center\">\n          <div class=\"cell\">\n            \n<p><\/p>\n          <\/div>\n        <\/div>\n      <\/div>\n\n      <\/section>","protected":false},"excerpt":{"rendered":"<p>Les chakras sont issus de croyances et philosophies li\u00e9es \u00e0 l&rsquo;hindouisme.&nbsp;Gr\u00e2ce \u00e0 une pratique r\u00e9guli\u00e8re du yoga, les chakras permettent d&rsquo;apporter harmonie et \u00e9quilibre physiques et psychiques au corps humain et d&rsquo;ouvrir la voie de l&rsquo;\u00e9veil de la&nbsp;Kundalini. D\u00e9couvrez comment \u00e9quilibrer vos besoins \u00e9nerg\u00e9tiques gr\u00e2ce aux chakras et \u00e0 la pratique du yoga. Les chakras [&hellip;]<\/p>\n","protected":false},"author":24,"featured_media":6132,"comment_status":"open","ping_status":"open","sticky":false,"template":"","format":"standard","meta":{"_acf_changed":false,"footnotes":""},"categories":[995,996,998],"tags":[1193,1189],"class_list":["post-5434","post","type-post","status-publish","format-standard","has-post-thumbnail","hentry","category-bien-etre","category-spiritualite-2","category-yoga","tag-chakra","tag-yoga"],"acf":[],"yoast_head":"<!-- This site is optimized with the Yoast SEO plugin v27.5 - https:\/\/yoast.com\/product\/yoast-seo-wordpress\/ -->\n<title>Yoga : \u00c9quilibrer ses besoins \u00e9nerg\u00e9tiques gr\u00e2ce aux Chakras<\/title>\n<meta name=\"description\" content=\"Le yoga et les chakras permettent d\u2019\u00e9quilibrer les pratiques \u00e9nerg\u00e9tiques. Le corps et l\u2019esprit retrouvent harmonie et bien-\u00eatre gr\u00e2ce \u00e0 une pratique r\u00e9guli\u00e8re.\" \/>\n<meta name=\"robots\" content=\"index, follow, max-snippet:-1, max-image-preview:large, max-video-preview:-1\" \/>\n<link rel=\"canonical\" href=\"https:\/\/beautytherapy.absolution-cosmetics.com\/fr\/bien-etre\/equilibrer-besoins-energetiques-chakras\/\" \/>\n<meta property=\"og:locale\" content=\"fr_FR\" \/>\n<meta property=\"og:type\" content=\"article\" \/>\n<meta property=\"og:title\" content=\"Yoga : \u00c9quilibrer ses besoins \u00e9nerg\u00e9tiques gr\u00e2ce aux Chakras\" \/>\n<meta property=\"og:description\" content=\"Le yoga et les chakras permettent d\u2019\u00e9quilibrer les pratiques \u00e9nerg\u00e9tiques. Le corps et l\u2019esprit retrouvent harmonie et bien-\u00eatre gr\u00e2ce \u00e0 une pratique r\u00e9guli\u00e8re.\" \/>\n<meta property=\"og:url\" content=\"https:\/\/beautytherapy.absolution-cosmetics.com\/fr\/bien-etre\/equilibrer-besoins-energetiques-chakras\/\" \/>\n<meta property=\"og:site_name\" content=\"Beauty Therapy\" \/>\n<meta property=\"article:author\" content=\"https:\/\/www.facebook.com\/absolutioncosmetics\" \/>\n<meta property=\"article:published_time\" content=\"2021-03-15T18:28:48+00:00\" \/>\n<meta property=\"article:modified_time\" content=\"2024-12-09T07:40:17+00:00\" \/>\n<meta property=\"og:image\" content=\"https:\/\/beautytherapy.absolution-cosmetics.com\/wp-content\/uploads\/2021\/03\/01_COUV_YOGA_CHAKRAS-1.jpg\" \/>\n\t<meta property=\"og:image:width\" content=\"1500\" \/>\n\t<meta property=\"og:image:height\" content=\"1000\" \/>\n\t<meta property=\"og:image:type\" content=\"image\/jpeg\" \/>\n<meta name=\"author\" content=\"Edito Beauty Therapy\" \/>\n<meta name=\"twitter:card\" content=\"summary_large_image\" \/>\n<meta name=\"twitter:label1\" content=\"\u00c9crit par\" \/>\n\t<meta name=\"twitter:data1\" content=\"Edito Beauty Therapy\" \/>\n\t<meta name=\"twitter:label2\" content=\"Dur\u00e9e de lecture estim\u00e9e\" \/>\n\t<meta name=\"twitter:data2\" content=\"6 minutes\" \/>\n<script type=\"application\/ld+json\" class=\"yoast-schema-graph\">{\"@context\":\"https:\\\/\\\/schema.org\",\"@graph\":[{\"@type\":\"Article\",\"@id\":\"https:\\\/\\\/beautytherapy.absolution-cosmetics.com\\\/fr\\\/bien-etre\\\/equilibrer-besoins-energetiques-chakras\\\/#article\",\"isPartOf\":{\"@id\":\"https:\\\/\\\/beautytherapy.absolution-cosmetics.com\\\/fr\\\/bien-etre\\\/equilibrer-besoins-energetiques-chakras\\\/\"},\"author\":{\"name\":\"Edito Beauty Therapy\",\"@id\":\"https:\\\/\\\/beautytherapy.absolution-cosmetics.com\\\/fr\\\/#\\\/schema\\\/person\\\/39fa4ed518c548c2f2b7d6a399786b66\"},\"headline\":\"Yoga : \u00c9quilibrer ses besoins \u00e9nerg\u00e9tiques gr\u00e2ce aux Chakras\",\"datePublished\":\"2021-03-15T18:28:48+00:00\",\"dateModified\":\"2024-12-09T07:40:17+00:00\",\"mainEntityOfPage\":{\"@id\":\"https:\\\/\\\/beautytherapy.absolution-cosmetics.com\\\/fr\\\/bien-etre\\\/equilibrer-besoins-energetiques-chakras\\\/\"},\"wordCount\":1355,\"commentCount\":0,\"publisher\":{\"@id\":\"https:\\\/\\\/beautytherapy.absolution-cosmetics.com\\\/fr\\\/#organization\"},\"image\":{\"@id\":\"https:\\\/\\\/beautytherapy.absolution-cosmetics.com\\\/fr\\\/bien-etre\\\/equilibrer-besoins-energetiques-chakras\\\/#primaryimage\"},\"thumbnailUrl\":\"https:\\\/\\\/beautytherapy.absolution-cosmetics.com\\\/wp-content\\\/uploads\\\/2021\\\/03\\\/01_COUV_YOGA_CHAKRAS-1.jpg\",\"keywords\":[\"Chakra\",\"Yoga\"],\"articleSection\":[\"Bien-\u00eatre\",\"Spiritualit\u00e9\",\"Yoga\"],\"inLanguage\":\"fr-FR\",\"potentialAction\":[{\"@type\":\"CommentAction\",\"name\":\"Comment\",\"target\":[\"https:\\\/\\\/beautytherapy.absolution-cosmetics.com\\\/fr\\\/bien-etre\\\/equilibrer-besoins-energetiques-chakras\\\/#respond\"]}]},{\"@type\":\"WebPage\",\"@id\":\"https:\\\/\\\/beautytherapy.absolution-cosmetics.com\\\/fr\\\/bien-etre\\\/equilibrer-besoins-energetiques-chakras\\\/\",\"url\":\"https:\\\/\\\/beautytherapy.absolution-cosmetics.com\\\/fr\\\/bien-etre\\\/equilibrer-besoins-energetiques-chakras\\\/\",\"name\":\"Yoga : \u00c9quilibrer ses besoins \u00e9nerg\u00e9tiques gr\u00e2ce aux Chakras\",\"isPartOf\":{\"@id\":\"https:\\\/\\\/beautytherapy.absolution-cosmetics.com\\\/fr\\\/#website\"},\"primaryImageOfPage\":{\"@id\":\"https:\\\/\\\/beautytherapy.absolution-cosmetics.com\\\/fr\\\/bien-etre\\\/equilibrer-besoins-energetiques-chakras\\\/#primaryimage\"},\"image\":{\"@id\":\"https:\\\/\\\/beautytherapy.absolution-cosmetics.com\\\/fr\\\/bien-etre\\\/equilibrer-besoins-energetiques-chakras\\\/#primaryimage\"},\"thumbnailUrl\":\"https:\\\/\\\/beautytherapy.absolution-cosmetics.com\\\/wp-content\\\/uploads\\\/2021\\\/03\\\/01_COUV_YOGA_CHAKRAS-1.jpg\",\"datePublished\":\"2021-03-15T18:28:48+00:00\",\"dateModified\":\"2024-12-09T07:40:17+00:00\",\"description\":\"Le yoga et les chakras permettent d\u2019\u00e9quilibrer les pratiques \u00e9nerg\u00e9tiques. Le corps et l\u2019esprit retrouvent harmonie et bien-\u00eatre gr\u00e2ce \u00e0 une pratique r\u00e9guli\u00e8re.\",\"breadcrumb\":{\"@id\":\"https:\\\/\\\/beautytherapy.absolution-cosmetics.com\\\/fr\\\/bien-etre\\\/equilibrer-besoins-energetiques-chakras\\\/#breadcrumb\"},\"inLanguage\":\"fr-FR\",\"potentialAction\":[{\"@type\":\"ReadAction\",\"target\":[\"https:\\\/\\\/beautytherapy.absolution-cosmetics.com\\\/fr\\\/bien-etre\\\/equilibrer-besoins-energetiques-chakras\\\/\"]}]},{\"@type\":\"ImageObject\",\"inLanguage\":\"fr-FR\",\"@id\":\"https:\\\/\\\/beautytherapy.absolution-cosmetics.com\\\/fr\\\/bien-etre\\\/equilibrer-besoins-energetiques-chakras\\\/#primaryimage\",\"url\":\"https:\\\/\\\/beautytherapy.absolution-cosmetics.com\\\/wp-content\\\/uploads\\\/2021\\\/03\\\/01_COUV_YOGA_CHAKRAS-1.jpg\",\"contentUrl\":\"https:\\\/\\\/beautytherapy.absolution-cosmetics.com\\\/wp-content\\\/uploads\\\/2021\\\/03\\\/01_COUV_YOGA_CHAKRAS-1.jpg\",\"width\":1500,\"height\":1000},{\"@type\":\"BreadcrumbList\",\"@id\":\"https:\\\/\\\/beautytherapy.absolution-cosmetics.com\\\/fr\\\/bien-etre\\\/equilibrer-besoins-energetiques-chakras\\\/#breadcrumb\",\"itemListElement\":[{\"@type\":\"ListItem\",\"position\":1,\"name\":\"Home\",\"item\":\"https:\\\/\\\/beautytherapy.absolution-cosmetics.com\\\/fr\\\/\"},{\"@type\":\"ListItem\",\"position\":2,\"name\":\"Bien-\u00eatre\",\"item\":\"https:\\\/\\\/beautytherapy.absolution-cosmetics.com\\\/fr\\\/bien-etre\\\/\"},{\"@type\":\"ListItem\",\"position\":3,\"name\":\"Yoga : \u00c9quilibrer ses besoins \u00e9nerg\u00e9tiques gr\u00e2ce aux Chakras\"}]},{\"@type\":\"WebSite\",\"@id\":\"https:\\\/\\\/beautytherapy.absolution-cosmetics.com\\\/fr\\\/#website\",\"url\":\"https:\\\/\\\/beautytherapy.absolution-cosmetics.com\\\/fr\\\/\",\"name\":\"Beauty Therapy\",\"description\":\"\",\"publisher\":{\"@id\":\"https:\\\/\\\/beautytherapy.absolution-cosmetics.com\\\/fr\\\/#organization\"},\"inLanguage\":\"fr-FR\"},{\"@type\":\"Organization\",\"@id\":\"https:\\\/\\\/beautytherapy.absolution-cosmetics.com\\\/fr\\\/#organization\",\"name\":\"Beauty Therapy\",\"url\":\"https:\\\/\\\/beautytherapy.absolution-cosmetics.com\\\/fr\\\/\",\"logo\":{\"@type\":\"ImageObject\",\"inLanguage\":\"fr-FR\",\"@id\":\"https:\\\/\\\/beautytherapy.absolution-cosmetics.com\\\/fr\\\/#\\\/schema\\\/logo\\\/image\\\/\",\"url\":\"https:\\\/\\\/beautytherapy.absolution-cosmetics.com\\\/wp-content\\\/uploads\\\/2020\\\/02\\\/beauty-therapy-logo.png\",\"contentUrl\":\"https:\\\/\\\/beautytherapy.absolution-cosmetics.com\\\/wp-content\\\/uploads\\\/2020\\\/02\\\/beauty-therapy-logo.png\",\"width\":424,\"height\":212,\"caption\":\"Beauty Therapy\"},\"image\":{\"@id\":\"https:\\\/\\\/beautytherapy.absolution-cosmetics.com\\\/fr\\\/#\\\/schema\\\/logo\\\/image\\\/\"}},{\"@type\":\"Person\",\"@id\":\"https:\\\/\\\/beautytherapy.absolution-cosmetics.com\\\/fr\\\/#\\\/schema\\\/person\\\/39fa4ed518c548c2f2b7d6a399786b66\",\"name\":\"Edito Beauty Therapy\",\"description\":\"L\u2019objectif d\u2019Absolution est \u00e0 la fois tout simple et merveilleusement complexe : retrouver la Beaut\u00e9 ! Celle du monde qui nous entoure, celle du monde que l\u2019on contient... celle qui se cache dans votre reflet le matin ! Les soins Absolution effacent les scories de nos vies d\u2019urbains : chaque jour ils offrent \u00e0 notre peau un retour \u00e0 sa beaut\u00e9 originelle en restaurant son \u00e9cosyst\u00e8me naturel et en l\u2019amenant \u00e0 son \u00e9tat optimum. \u00c9labor\u00e9e \u00e0 partir d\u2019extraits v\u00e9g\u00e9taux certifi\u00e9s bio ou sauvages, de min\u00e9raux et de vitamines, Absolution allie d\u00e9licatesse des textures et des senteurs, simplicit\u00e9 d\u2019utilisation et totale efficacit\u00e9 des formules. Absolution c\u2019est aussi une volont\u00e9 : celle de transmettre une fa\u00e7on de voir le monde qui fait \u00e9merger la beaut\u00e9 partout o\u00f9 elle est. Partagez-la avec nous ! @absolution_cosmetics #absolutioncosmetics #retrouverlabeaut\u00e9\",\"sameAs\":[\"https:\\\/\\\/www.absolution-cosmetics.com\\\/fr\\\/\",\"https:\\\/\\\/www.facebook.com\\\/absolutioncosmetics\",\"https:\\\/\\\/www.instagram.com\\\/absolution_cosmetics\\\/\"],\"url\":\"https:\\\/\\\/beautytherapy.absolution-cosmetics.com\\\/fr\\\/author\\\/l-equipe-absolution\\\/\"}]}<\/script>\n<!-- \/ Yoast SEO plugin. -->","yoast_head_json":{"title":"Yoga : \u00c9quilibrer ses besoins \u00e9nerg\u00e9tiques gr\u00e2ce aux Chakras","description":"Le yoga et les chakras permettent d\u2019\u00e9quilibrer les pratiques \u00e9nerg\u00e9tiques. Le corps et l\u2019esprit retrouvent harmonie et bien-\u00eatre gr\u00e2ce \u00e0 une pratique r\u00e9guli\u00e8re.","robots":{"index":"index","follow":"follow","max-snippet":"max-snippet:-1","max-image-preview":"max-image-preview:large","max-video-preview":"max-video-preview:-1"},"canonical":"https:\/\/beautytherapy.absolution-cosmetics.com\/fr\/bien-etre\/equilibrer-besoins-energetiques-chakras\/","og_locale":"fr_FR","og_type":"article","og_title":"Yoga : \u00c9quilibrer ses besoins \u00e9nerg\u00e9tiques gr\u00e2ce aux Chakras","og_description":"Le yoga et les chakras permettent d\u2019\u00e9quilibrer les pratiques \u00e9nerg\u00e9tiques. Le corps et l\u2019esprit retrouvent harmonie et bien-\u00eatre gr\u00e2ce \u00e0 une pratique r\u00e9guli\u00e8re.","og_url":"https:\/\/beautytherapy.absolution-cosmetics.com\/fr\/bien-etre\/equilibrer-besoins-energetiques-chakras\/","og_site_name":"Beauty Therapy","article_author":"https:\/\/www.facebook.com\/absolutioncosmetics","article_published_time":"2021-03-15T18:28:48+00:00","article_modified_time":"2024-12-09T07:40:17+00:00","og_image":[{"width":1500,"height":1000,"url":"https:\/\/beautytherapy.absolution-cosmetics.com\/wp-content\/uploads\/2021\/03\/01_COUV_YOGA_CHAKRAS-1.jpg","type":"image\/jpeg"}],"author":"Edito Beauty Therapy","twitter_card":"summary_large_image","twitter_misc":{"\u00c9crit par":"Edito Beauty Therapy","Dur\u00e9e de lecture estim\u00e9e":"6 minutes"},"schema":{"@context":"https:\/\/schema.org","@graph":[{"@type":"Article","@id":"https:\/\/beautytherapy.absolution-cosmetics.com\/fr\/bien-etre\/equilibrer-besoins-energetiques-chakras\/#article","isPartOf":{"@id":"https:\/\/beautytherapy.absolution-cosmetics.com\/fr\/bien-etre\/equilibrer-besoins-energetiques-chakras\/"},"author":{"name":"Edito Beauty Therapy","@id":"https:\/\/beautytherapy.absolution-cosmetics.com\/fr\/#\/schema\/person\/39fa4ed518c548c2f2b7d6a399786b66"},"headline":"Yoga : \u00c9quilibrer ses besoins \u00e9nerg\u00e9tiques gr\u00e2ce aux Chakras","datePublished":"2021-03-15T18:28:48+00:00","dateModified":"2024-12-09T07:40:17+00:00","mainEntityOfPage":{"@id":"https:\/\/beautytherapy.absolution-cosmetics.com\/fr\/bien-etre\/equilibrer-besoins-energetiques-chakras\/"},"wordCount":1355,"commentCount":0,"publisher":{"@id":"https:\/\/beautytherapy.absolution-cosmetics.com\/fr\/#organization"},"image":{"@id":"https:\/\/beautytherapy.absolution-cosmetics.com\/fr\/bien-etre\/equilibrer-besoins-energetiques-chakras\/#primaryimage"},"thumbnailUrl":"https:\/\/beautytherapy.absolution-cosmetics.com\/wp-content\/uploads\/2021\/03\/01_COUV_YOGA_CHAKRAS-1.jpg","keywords":["Chakra","Yoga"],"articleSection":["Bien-\u00eatre","Spiritualit\u00e9","Yoga"],"inLanguage":"fr-FR","potentialAction":[{"@type":"CommentAction","name":"Comment","target":["https:\/\/beautytherapy.absolution-cosmetics.com\/fr\/bien-etre\/equilibrer-besoins-energetiques-chakras\/#respond"]}]},{"@type":"WebPage","@id":"https:\/\/beautytherapy.absolution-cosmetics.com\/fr\/bien-etre\/equilibrer-besoins-energetiques-chakras\/","url":"https:\/\/beautytherapy.absolution-cosmetics.com\/fr\/bien-etre\/equilibrer-besoins-energetiques-chakras\/","name":"Yoga : \u00c9quilibrer ses besoins \u00e9nerg\u00e9tiques gr\u00e2ce aux Chakras","isPartOf":{"@id":"https:\/\/beautytherapy.absolution-cosmetics.com\/fr\/#website"},"primaryImageOfPage":{"@id":"https:\/\/beautytherapy.absolution-cosmetics.com\/fr\/bien-etre\/equilibrer-besoins-energetiques-chakras\/#primaryimage"},"image":{"@id":"https:\/\/beautytherapy.absolution-cosmetics.com\/fr\/bien-etre\/equilibrer-besoins-energetiques-chakras\/#primaryimage"},"thumbnailUrl":"https:\/\/beautytherapy.absolution-cosmetics.com\/wp-content\/uploads\/2021\/03\/01_COUV_YOGA_CHAKRAS-1.jpg","datePublished":"2021-03-15T18:28:48+00:00","dateModified":"2024-12-09T07:40:17+00:00","description":"Le yoga et les chakras permettent d\u2019\u00e9quilibrer les pratiques \u00e9nerg\u00e9tiques. Le corps et l\u2019esprit retrouvent harmonie et bien-\u00eatre gr\u00e2ce \u00e0 une pratique r\u00e9guli\u00e8re.","breadcrumb":{"@id":"https:\/\/beautytherapy.absolution-cosmetics.com\/fr\/bien-etre\/equilibrer-besoins-energetiques-chakras\/#breadcrumb"},"inLanguage":"fr-FR","potentialAction":[{"@type":"ReadAction","target":["https:\/\/beautytherapy.absolution-cosmetics.com\/fr\/bien-etre\/equilibrer-besoins-energetiques-chakras\/"]}]},{"@type":"ImageObject","inLanguage":"fr-FR","@id":"https:\/\/beautytherapy.absolution-cosmetics.com\/fr\/bien-etre\/equilibrer-besoins-energetiques-chakras\/#primaryimage","url":"https:\/\/beautytherapy.absolution-cosmetics.com\/wp-content\/uploads\/2021\/03\/01_COUV_YOGA_CHAKRAS-1.jpg","contentUrl":"https:\/\/beautytherapy.absolution-cosmetics.com\/wp-content\/uploads\/2021\/03\/01_COUV_YOGA_CHAKRAS-1.jpg","width":1500,"height":1000},{"@type":"BreadcrumbList","@id":"https:\/\/beautytherapy.absolution-cosmetics.com\/fr\/bien-etre\/equilibrer-besoins-energetiques-chakras\/#breadcrumb","itemListElement":[{"@type":"ListItem","position":1,"name":"Home","item":"https:\/\/beautytherapy.absolution-cosmetics.com\/fr\/"},{"@type":"ListItem","position":2,"name":"Bien-\u00eatre","item":"https:\/\/beautytherapy.absolution-cosmetics.com\/fr\/bien-etre\/"},{"@type":"ListItem","position":3,"name":"Yoga : \u00c9quilibrer ses besoins \u00e9nerg\u00e9tiques gr\u00e2ce aux Chakras"}]},{"@type":"WebSite","@id":"https:\/\/beautytherapy.absolution-cosmetics.com\/fr\/#website","url":"https:\/\/beautytherapy.absolution-cosmetics.com\/fr\/","name":"Beauty Therapy","description":"","publisher":{"@id":"https:\/\/beautytherapy.absolution-cosmetics.com\/fr\/#organization"},"inLanguage":"fr-FR"},{"@type":"Organization","@id":"https:\/\/beautytherapy.absolution-cosmetics.com\/fr\/#organization","name":"Beauty Therapy","url":"https:\/\/beautytherapy.absolution-cosmetics.com\/fr\/","logo":{"@type":"ImageObject","inLanguage":"fr-FR","@id":"https:\/\/beautytherapy.absolution-cosmetics.com\/fr\/#\/schema\/logo\/image\/","url":"https:\/\/beautytherapy.absolution-cosmetics.com\/wp-content\/uploads\/2020\/02\/beauty-therapy-logo.png","contentUrl":"https:\/\/beautytherapy.absolution-cosmetics.com\/wp-content\/uploads\/2020\/02\/beauty-therapy-logo.png","width":424,"height":212,"caption":"Beauty Therapy"},"image":{"@id":"https:\/\/beautytherapy.absolution-cosmetics.com\/fr\/#\/schema\/logo\/image\/"}},{"@type":"Person","@id":"https:\/\/beautytherapy.absolution-cosmetics.com\/fr\/#\/schema\/person\/39fa4ed518c548c2f2b7d6a399786b66","name":"Edito Beauty Therapy","description":"L\u2019objectif d\u2019Absolution est \u00e0 la fois tout simple et merveilleusement complexe : retrouver la Beaut\u00e9 ! Celle du monde qui nous entoure, celle du monde que l\u2019on contient... celle qui se cache dans votre reflet le matin ! Les soins Absolution effacent les scories de nos vies d\u2019urbains : chaque jour ils offrent \u00e0 notre peau un retour \u00e0 sa beaut\u00e9 originelle en restaurant son \u00e9cosyst\u00e8me naturel et en l\u2019amenant \u00e0 son \u00e9tat optimum. \u00c9labor\u00e9e \u00e0 partir d\u2019extraits v\u00e9g\u00e9taux certifi\u00e9s bio ou sauvages, de min\u00e9raux et de vitamines, Absolution allie d\u00e9licatesse des textures et des senteurs, simplicit\u00e9 d\u2019utilisation et totale efficacit\u00e9 des formules. Absolution c\u2019est aussi une volont\u00e9 : celle de transmettre une fa\u00e7on de voir le monde qui fait \u00e9merger la beaut\u00e9 partout o\u00f9 elle est. Partagez-la avec nous ! @absolution_cosmetics #absolutioncosmetics #retrouverlabeaut\u00e9","sameAs":["https:\/\/www.absolution-cosmetics.com\/fr\/","https:\/\/www.facebook.com\/absolutioncosmetics","https:\/\/www.instagram.com\/absolution_cosmetics\/"],"url":"https:\/\/beautytherapy.absolution-cosmetics.com\/fr\/author\/l-equipe-absolution\/"}]}},"_links":{"self":[{"href":"https:\/\/beautytherapy.absolution-cosmetics.com\/fr\/wp-json\/wp\/v2\/posts\/5434","targetHints":{"allow":["GET"]}}],"collection":[{"href":"https:\/\/beautytherapy.absolution-cosmetics.com\/fr\/wp-json\/wp\/v2\/posts"}],"about":[{"href":"https:\/\/beautytherapy.absolution-cosmetics.com\/fr\/wp-json\/wp\/v2\/types\/post"}],"author":[{"embeddable":true,"href":"https:\/\/beautytherapy.absolution-cosmetics.com\/fr\/wp-json\/wp\/v2\/users\/24"}],"replies":[{"embeddable":true,"href":"https:\/\/beautytherapy.absolution-cosmetics.com\/fr\/wp-json\/wp\/v2\/comments?post=5434"}],"version-history":[{"count":5,"href":"https:\/\/beautytherapy.absolution-cosmetics.com\/fr\/wp-json\/wp\/v2\/posts\/5434\/revisions"}],"predecessor-version":[{"id":24280,"href":"https:\/\/beautytherapy.absolution-cosmetics.com\/fr\/wp-json\/wp\/v2\/posts\/5434\/revisions\/24280"}],"wp:featuredmedia":[{"embeddable":true,"href":"https:\/\/beautytherapy.absolution-cosmetics.com\/fr\/wp-json\/wp\/v2\/media\/6132"}],"wp:attachment":[{"href":"https:\/\/beautytherapy.absolution-cosmetics.com\/fr\/wp-json\/wp\/v2\/media?parent=5434"}],"wp:term":[{"taxonomy":"category","embeddable":true,"href":"https:\/\/beautytherapy.absolution-cosmetics.com\/fr\/wp-json\/wp\/v2\/categories?post=5434"},{"taxonomy":"post_tag","embeddable":true,"href":"https:\/\/beautytherapy.absolution-cosmetics.com\/fr\/wp-json\/wp\/v2\/tags?post=5434"}],"curies":[{"name":"wp","href":"https:\/\/api.w.org\/{rel}","templated":true}]}}