{"id":5438,"date":"2021-03-04T15:20:44","date_gmt":"2021-03-04T14:20:44","guid":{"rendered":"https:\/\/beautytherapy.absolution-cosmetics.com\/?p=5438"},"modified":"2024-12-09T08:40:14","modified_gmt":"2024-12-09T07:40:14","slug":"feminin-sacre","status":"publish","type":"post","link":"https:\/\/beautytherapy.absolution-cosmetics.com\/fr\/bien-etre\/feminin-sacre\/","title":{"rendered":"Retrouver son aura divine gr\u00e2ce au f\u00e9minin sacr\u00e9"},"content":{"rendered":"<section class=\"block-grid-wrapper block-grid-for-core-paragraph\">\n      <div class=\"default-editor-content grid-for-core-paragraph container-fluid container-px-1\">\n        <div class=\"row row-cols-1 align-center\">\n          <div class=\"cell\">\n            \n<p class=\"has-text-align-center\"><strong>Dans la philosophie chinoise, le yin et le yang sont deux aspects compl\u00e9mentaires et oppos\u00e9s qui se retrouvent au c\u0153ur du monde et dans tout ce qui le compose : ensemble, ils assurent \u00e9quilibre et harmonie. Les femmes et les hommes ont,&nbsp;en eux,&nbsp;une essence divine compos\u00e9e d&rsquo;un f\u00e9minin sacr\u00e9 \u2014 le yin, et d&rsquo;un masculin sacr\u00e9 \u2014 le yang. Cette aura universelle existe en chacun de nous, au-del\u00e0 des genres, des sexes et des orientations sexuelles. D\u00e9couvrez comment le f\u00e9minin sacr\u00e9 peut vous aider \u00e0 retrouver harmonie et \u00e9quilibre au quotidien.&nbsp;<\/strong><\/p>\n          <\/div>\n        <\/div>\n      <\/div>\n\n      <\/section>\n\n<section class=\"block-grid-wrapper block-grid-for-core-spacer\">\n      <div class=\"default-editor-content grid-for-core-spacer container-fluid container-px-1\">\n        <div class=\"row row-cols-1 align-center\">\n          <div class=\"cell\">\n            \n<div style=\"height:20px\" aria-hidden=\"true\" class=\"wp-block-spacer\"><\/div>\n          <\/div>\n        <\/div>\n      <\/div>\n\n      <\/section>\n\n<section class=\"block-grid-wrapper block-grid-for-core-heading\">\n      <div class=\"default-editor-content grid-for-core-heading container-fluid container-px-1\">\n        <div class=\"row row-cols-1 align-center\">\n          <div class=\"cell\">\n            \n<h2 class=\"wp-block-heading\"><strong>Qu&rsquo;est-ce que le f\u00e9minin sacr\u00e9 ?<\/strong>&nbsp;<\/h2>\n          <\/div>\n        <\/div>\n      <\/div>\n\n      <\/section>\n\n<section class=\"block-grid-wrapper block-grid-for-core-paragraph\">\n      <div class=\"default-editor-content grid-for-core-paragraph container-fluid container-px-1\">\n        <div class=\"row row-cols-1 align-center\">\n          <div class=\"cell\">\n            \n<p>Le&nbsp;<strong><a href=\"https:\/\/beautytherapy.absolution-cosmetics.com\/fr\/bien-etre\/a-la-rencontre-des-archetypes-feminins\/\">f\u00e9minin sacr\u00e9<\/a><\/strong>&nbsp;est une essence divine qui vit en chacun de nous, qui nous invite \u00e0 red\u00e9couvrir notre \u00e9nergie f\u00e9minine et \u00e0 renouer avec cette force spirituelle unique. Le f\u00e9minin sacr\u00e9 am\u00e8ne \u00e0 une \u00e9coute plus attentive de nos corps et de nos esprits, il nous sugg\u00e8re de suivre notre intuition en pleine conscience&nbsp;pour mieux nous accomplir et&nbsp;lib\u00e9rer notre&nbsp;<strong><a href=\"https:\/\/beautytherapy.absolution-cosmetics.com\/fr\/bien-etre\/petit-guide-yoga-respiration\/\">puissance cr\u00e9atrice<\/a><\/strong>&nbsp;f\u00e9minine.&nbsp;<\/p>\n          <\/div>\n        <\/div>\n      <\/div>\n\n      <\/section>\n\n<section class=\"block-grid-wrapper block-grid-for-core-paragraph\">\n      <div class=\"default-editor-content grid-for-core-paragraph container-fluid container-px-1\">\n        <div class=\"row row-cols-1 align-center\">\n          <div class=\"cell\">\n            \n<p>Au-del\u00e0 de l&rsquo;\u00e9nergie c\u00e9leste qu&rsquo;il d\u00e9gage, le f\u00e9minin sacr\u00e9 est une pratique de vie, une philosophie profonde et spirituelle qui place votre instinct et votre intuition au c\u0153ur de votre vie.&nbsp;<\/p>\n          <\/div>\n        <\/div>\n      <\/div>\n\n      <\/section>\n\n<section class=\"block-grid-wrapper block-grid-for-core-spacer\">\n      <div class=\"default-editor-content grid-for-core-spacer container-fluid container-px-1\">\n        <div class=\"row row-cols-1 align-center\">\n          <div class=\"cell\">\n            \n<div style=\"height:20px\" aria-hidden=\"true\" class=\"wp-block-spacer\"><\/div>\n          <\/div>\n        <\/div>\n      <\/div>\n\n      <\/section>\n\n<section class=\"block-grid-wrapper block-grid-for-core-heading\">\n      <div class=\"default-editor-content grid-for-core-heading container-fluid container-px-1\">\n        <div class=\"row row-cols-1 align-center\">\n          <div class=\"cell\">\n            \n<h2 class=\"wp-block-heading\"><strong>Comprendre son Essence divine<\/strong>&nbsp;<\/h2>\n          <\/div>\n        <\/div>\n      <\/div>\n\n      <\/section>\n\n<section class=\"block-grid-wrapper block-grid-for-core-paragraph\">\n      <div class=\"default-editor-content grid-for-core-paragraph container-fluid container-px-1\">\n        <div class=\"row row-cols-1 align-center\">\n          <div class=\"cell\">\n            \n<p>Vous vous posez peut-\u00eatre la question\u202f: qu\u2019en est-il du masculin sacr\u00e9\u202f? La r\u00e9ponse est la suivante\u202f: il existe aussi en chacun de nous. Notre aura divine est compos\u00e9e d&rsquo;un f\u00e9minin sacr\u00e9 et d&rsquo;un masculin sacr\u00e9 : en harmonisant l&rsquo;expression de ces deux essences&nbsp;universelles, vous trouverez un nouvel \u00e9quilibre.&nbsp;<\/p>\n          <\/div>\n        <\/div>\n      <\/div>\n\n      <\/section>\n\n<section class=\"block-grid-wrapper block-grid-for-core-paragraph\">\n      <div class=\"default-editor-content grid-for-core-paragraph container-fluid container-px-1\">\n        <div class=\"row row-cols-1 align-center\">\n          <div class=\"cell\">\n            \n<p>Chacune de ses deux essences apporte des qualit\u00e9s compl\u00e9mentaires \u00e0 notre vie\u202f: le f\u00e9minin sacr\u00e9 est le c\u0153ur de l\u2019intuition, de l&rsquo;inspiration, de l&rsquo;\u00e2me, de la sensibilit\u00e9 et de la cr\u00e9ativit\u00e9. De son c\u00f4t\u00e9, le masculin sacr\u00e9 est associ\u00e9 \u00e0 l\u2019autre, \u00e0 la chaleur, la force, la prise de risque et \u00e0 l\u2019action. Ces deux forces sacr\u00e9es cohabitent en nous et forgent notre \u00e9quilibre. Le f\u00e9minin sacr\u00e9 embrasse nos \u00e9motions et nous guide, le masculin sacr\u00e9 nous pousse \u00e0 passer \u00e0 l\u2019action.&nbsp;<\/p>\n          <\/div>\n        <\/div>\n      <\/div>\n\n      <\/section>\n\n<section class=\"block-grid-wrapper block-grid-for-core-image\">\n      <div class=\"default-editor-content grid-for-core-image container-fluid container-px-1\">\n        <div class=\"row row-cols-1 align-center\">\n          <div class=\"cell\">\n            \n<figure class=\"wp-block-image aligncenter size-large is-resized\"><img decoding=\"async\" src=\"https:\/\/beautytherapy.absolution-cosmetics.com\/wp-content\/uploads\/2021\/03\/02_PORTRAIT_FEMININ_SACRE-1024x683.jpg\" alt=\"\" class=\"wp-image-6017\" style=\"width:624px;height:416px\"\/><\/figure>\n          <\/div>\n        <\/div>\n      <\/div>\n\n      <\/section>\n\n<section class=\"block-grid-wrapper block-grid-for-core-spacer\">\n      <div class=\"default-editor-content grid-for-core-spacer container-fluid container-px-1\">\n        <div class=\"row row-cols-1 align-center\">\n          <div class=\"cell\">\n            \n<div style=\"height:20px\" aria-hidden=\"true\" class=\"wp-block-spacer\"><\/div>\n          <\/div>\n        <\/div>\n      <\/div>\n\n      <\/section>\n\n<section class=\"block-grid-wrapper block-grid-for-core-heading\">\n      <div class=\"default-editor-content grid-for-core-heading container-fluid container-px-1\">\n        <div class=\"row row-cols-1 align-center\">\n          <div class=\"cell\">\n            \n<h2 class=\"wp-block-heading\"><strong>Comment se reconnecter \u00e0 son f\u00e9minin sacr\u00e9 ?<\/strong>&nbsp;<\/h2>\n          <\/div>\n        <\/div>\n      <\/div>\n\n      <\/section>\n\n<section class=\"block-grid-wrapper block-grid-for-core-heading\">\n      <div class=\"default-editor-content grid-for-core-heading container-fluid container-px-1\">\n        <div class=\"row row-cols-1 align-center\">\n          <div class=\"cell\">\n            \n<h3 class=\"wp-block-heading\"><strong>Comprenez&nbsp;les cycles qui&nbsp;vous entourent<\/strong>&nbsp;<\/h3>\n          <\/div>\n        <\/div>\n      <\/div>\n\n      <\/section>\n\n<section class=\"block-grid-wrapper block-grid-for-core-paragraph\">\n      <div class=\"default-editor-content grid-for-core-paragraph container-fluid container-px-1\">\n        <div class=\"row row-cols-1 align-center\">\n          <div class=\"cell\">\n            \n<p>\u00c9couter l&rsquo;expression du&nbsp;<strong><a href=\"https:\/\/beautytherapy.absolution-cosmetics.com\/fr\/bien-etre\/a-la-rencontre-des-archetypes-feminins\/\">f\u00e9minin sacr\u00e9<\/a><\/strong>&nbsp;en&nbsp;vous passe par une \u00e9coute&nbsp;profonde&nbsp;de&nbsp;votre corps. Le corps de la femme est capable de merveilles : il peut donner la vie. C\u00e9l\u00e9brer ce corps puissant rempli d&rsquo;\u00e9nergie et reconna\u00eetre son pouvoir de d\u00e9esse m\u00e8re, c&rsquo;est aussi renouer avec sa f\u00e9minit\u00e9. Le cycle menstruel fait de la femme ce qu&rsquo;elle est\u202f:&nbsp;l&rsquo;accueillir avec bienveillance, amour et l&rsquo;accepter, c&rsquo;est&nbsp;se red\u00e9couvrir et&nbsp;<strong>s&rsquo;\u00e9panouir en tant que femme.&nbsp;<\/strong><\/p>\n          <\/div>\n        <\/div>\n      <\/div>\n\n      <\/section>\n\n<section class=\"block-grid-wrapper block-grid-for-core-paragraph\">\n      <div class=\"default-editor-content grid-for-core-paragraph container-fluid container-px-1\">\n        <div class=\"row row-cols-1 align-center\">\n          <div class=\"cell\">\n            \n<p>Associ\u00e9 au f\u00e9minin sacr\u00e9, le cycle de la Lune joue un r\u00f4le central dans la r\u00e9alisation du&nbsp;Soi : la Lune, \u00e9galement associ\u00e9e au yin, est une force f\u00e9minine astrale&nbsp;puissante, elle incarne et renforce le pouvoir f\u00e9minin. Suivre ses cycles et vivre au gr\u00e9 des changements de&nbsp;la&nbsp;Lune&nbsp;vous&nbsp;permettra&nbsp;d&rsquo;\u00eatre en synergie avec&nbsp;votre&nbsp;identit\u00e9 f\u00e9minine. La nouvelle Lune est l&rsquo;occasion de commencer de nouveaux projets, d&rsquo;entamer une phase de renouveau. Au contraire, en phase descendante, fiez-vous \u00e0 votre instinct et s\u00e9parez-vous du superflu pour ne garder que l&rsquo;essentiel.&nbsp;<\/p>\n          <\/div>\n        <\/div>\n      <\/div>\n\n      <\/section>\n\n<section class=\"block-grid-wrapper block-grid-for-core-heading\">\n      <div class=\"default-editor-content grid-for-core-heading container-fluid container-px-1\">\n        <div class=\"row row-cols-1 align-center\">\n          <div class=\"cell\">\n            \n<h3 class=\"wp-block-heading\"><strong>Octroyez-vous&nbsp;des moments de calme<\/strong>&nbsp;<\/h3>\n          <\/div>\n        <\/div>\n      <\/div>\n\n      <\/section>\n\n<section class=\"block-grid-wrapper block-grid-for-core-paragraph\">\n      <div class=\"default-editor-content grid-for-core-paragraph container-fluid container-px-1\">\n        <div class=\"row row-cols-1 align-center\">\n          <div class=\"cell\">\n            \n<p>Pour retrouver votre aura divine, d\u00e9connectez-vous. Les r\u00e9seaux sociaux, les \u00e9crans, qu&rsquo;il s&rsquo;agisse de votre t\u00e9l\u00e9phone portable, de votre ordinateur ou de votre t\u00e9l\u00e9vision,&nbsp;les objets connect\u00e9s&nbsp;occupent l&rsquo;espace et l&rsquo;esprit&#8230; Prenez le temps de respirer, de m\u00e9diter pour mieux vous \u00e9couter et vous rapprocher de vos \u00e9motions. <strong>Le f\u00e9minin sacr\u00e9 est synonyme de libert\u00e9<\/strong> : lib\u00e9rez-vous du monde ultra-connect\u00e9 et prenez du temps pour vous pour red\u00e9couvrir la magie et l&rsquo;\u00e9nergie de votre essence&nbsp;naturelle&nbsp;f\u00e9minine.&nbsp;<\/p>\n          <\/div>\n        <\/div>\n      <\/div>\n\n      <\/section>\n\n<section class=\"block-grid-wrapper block-grid-for-core-heading\">\n      <div class=\"default-editor-content grid-for-core-heading container-fluid container-px-1\">\n        <div class=\"row row-cols-1 align-center\">\n          <div class=\"cell\">\n            \n<h3 class=\"wp-block-heading\"><strong>Apprenez&nbsp;\u00e0 faire confiance \u00e0&nbsp;votre&nbsp;intuition<\/strong>&nbsp;<\/h3>\n          <\/div>\n        <\/div>\n      <\/div>\n\n      <\/section>\n\n<section class=\"block-grid-wrapper block-grid-for-core-paragraph\">\n      <div class=\"default-editor-content grid-for-core-paragraph container-fluid container-px-1\">\n        <div class=\"row row-cols-1 align-center\">\n          <div class=\"cell\">\n            \n<p>Les moments de calme et la\u00a0<strong><a href=\"https:\/\/beautytherapy.absolution-cosmetics.com\/fr\/bien-etre\/petit-guide-yoga-respiration\/\">m\u00e9ditation<\/a><\/strong>\u00a0nous am\u00e8nent \u00e9galement \u00e0 nous reconnecter \u00e0 nos corps, \u00e0 les \u00e9couter. Lorsqu&rsquo;on l&rsquo;\u00e9coute, le corps nous guide et nous indique quelle\u00a0voie suivre, il sait pour nous. Faites\u00a0le vide, respirez profond\u00e9ment et fiez-vous \u00e0 votre instinct naturel f\u00e9minin, il vous guide dans vos prises de d\u00e9cision en amour, en soci\u00e9t\u00e9 et m\u00eame dans la nature. Pour vous aider, introduisez la\u00a0<strong><a href=\"https:\/\/beautytherapy.absolution-cosmetics.com\/fr\/bien-etre\/petit-guide-yoga-respiration\/\">m\u00e9ditation<\/a><\/strong>\u00a0ou le\u00a0<strong>yoga\u00a0<\/strong>dans votre quotidien pour favoriser l&rsquo;apaisement de votre esprit et\u00a0de\u00a0votre corps en simultan\u00e9 et laissez\u00a0la porte ouverte \u00e0 votre instinct.\u00a0<\/p>\n          <\/div>\n        <\/div>\n      <\/div>\n\n      <\/section>\n\n<section class=\"block-grid-wrapper block-grid-for-core-heading\">\n      <div class=\"default-editor-content grid-for-core-heading container-fluid container-px-1\">\n        <div class=\"row row-cols-1 align-center\">\n          <div class=\"cell\">\n            \n<h3 class=\"wp-block-heading\"><strong>Stimulez&nbsp;votre&nbsp;cr\u00e9ativit\u00e9<\/strong>&nbsp;<\/h3>\n          <\/div>\n        <\/div>\n      <\/div>\n\n      <\/section>\n\n<section class=\"block-grid-wrapper block-grid-for-core-paragraph\">\n      <div class=\"default-editor-content grid-for-core-paragraph container-fluid container-px-1\">\n        <div class=\"row row-cols-1 align-center\">\n          <div class=\"cell\">\n            \n<p>La\u00a0<strong>force cr\u00e9atrice<\/strong>\u00a0est au c\u0153ur du\u00a0<strong><a href=\"https:\/\/beautytherapy.absolution-cosmetics.com\/fr\/bien-etre\/a-la-rencontre-des-archetypes-feminins\/\">f\u00e9minin sacr\u00e9<\/a><\/strong>. En cr\u00e9ant, vous contribuez \u00e0 enrichir ce cercle vertueux et \u00e0 d\u00e9velopper l&rsquo;expression de votre f\u00e9minin sacr\u00e9. \u00c9crire, sculpter, dessiner, peindre, cuisiner, bricoler, chanter, danser&#8230; Seule ou entour\u00e9e par des femmes de confiance, laissez libre cours \u00e0 la symbiose entre votre corps et votre esprit pour exprimer pleinement toute votre cr\u00e9ativit\u00e9.\u00a0<\/p>\n          <\/div>\n        <\/div>\n      <\/div>\n\n      <\/section>\n\n<section class=\"block-grid-wrapper block-grid-for-core-image\">\n      <div class=\"default-editor-content grid-for-core-image container-fluid container-px-1\">\n        <div class=\"row row-cols-1 align-center\">\n          <div class=\"cell\">\n            \n<figure class=\"wp-block-image aligncenter size-large is-resized\"><img decoding=\"async\" src=\"https:\/\/beautytherapy.absolution-cosmetics.com\/wp-content\/uploads\/2021\/03\/03_LECTURE_FEMININ_SACRE-1024x683.jpg\" alt=\"\" class=\"wp-image-6019\" style=\"width:777px;height:518px\"\/><\/figure>\n          <\/div>\n        <\/div>\n      <\/div>\n\n      <\/section>\n\n<section class=\"block-grid-wrapper block-grid-for-core-spacer\">\n      <div class=\"default-editor-content grid-for-core-spacer container-fluid container-px-1\">\n        <div class=\"row row-cols-1 align-center\">\n          <div class=\"cell\">\n            \n<div style=\"height:20px\" aria-hidden=\"true\" class=\"wp-block-spacer\"><\/div>\n          <\/div>\n        <\/div>\n      <\/div>\n\n      <\/section>\n\n<section class=\"block-grid-wrapper block-grid-for-core-heading\">\n      <div class=\"default-editor-content grid-for-core-heading container-fluid container-px-1\">\n        <div class=\"row row-cols-1 align-center\">\n          <div class=\"cell\">\n            \n<h2 class=\"wp-block-heading\"><strong>Les bienfaits du f\u00e9minin sacr\u00e9<\/strong>&nbsp;<\/h2>\n          <\/div>\n        <\/div>\n      <\/div>\n\n      <\/section>\n\n<section class=\"block-grid-wrapper block-grid-for-core-paragraph\">\n      <div class=\"default-editor-content grid-for-core-paragraph container-fluid container-px-1\">\n        <div class=\"row row-cols-1 align-center\">\n          <div class=\"cell\">\n            \n<p>Renouer avec son f\u00e9minin sacr\u00e9 permet d&rsquo;\u00eatre plus \u00e9panouie dans sa f\u00e9minit\u00e9, de s&rsquo;accomplir dans son essence de femme heureuse et libre.&nbsp;<\/p>\n          <\/div>\n        <\/div>\n      <\/div>\n\n      <\/section>\n\n<section class=\"block-grid-wrapper block-grid-for-core-paragraph\">\n      <div class=\"default-editor-content grid-for-core-paragraph container-fluid container-px-1\">\n        <div class=\"row row-cols-1 align-center\">\n          <div class=\"cell\">\n            \n<p>En \u00e9tant guid\u00e9e vers l\u2019\u00e9coute de vos \u00e9motions et de vos intuitions, le f\u00e9minin sacr\u00e9 vous lib\u00e8re et vous met sur le chemin de votre f\u00e9minin originel. Il vous laisse agir librement selon vos convictions et vos d\u00e9sirs. Vous suivez votre instinct, red\u00e9couvrez la confiance en vos sens, en votre&nbsp;<strong><a href=\"https:\/\/beautytherapy.absolution-cosmetics.com\/fr\/bien-etre\/equilibrer-besoins-energetiques-chakras\/\">troisi\u00e8me \u0153il<\/a><\/strong>&nbsp;: vous vous sentez libre dans vos choix et vous \u00e9panouissez gr\u00e2ce au sentiment profond de libert\u00e9 que votre intuition provoque en vous.&nbsp;<\/p>\n          <\/div>\n        <\/div>\n      <\/div>\n\n      <\/section>\n\n<section class=\"block-grid-wrapper block-grid-for-core-paragraph\">\n      <div class=\"default-editor-content grid-for-core-paragraph container-fluid container-px-1\">\n        <div class=\"row row-cols-1 align-center\">\n          <div class=\"cell\">\n            \n<p><strong>Se reconnecter \u00e0 son f\u00e9minin sacr\u00e9<\/strong>, c&rsquo;est aussi reconna\u00eetre sa valeur personnelle et se lib\u00e9rer des diktats sociaux, c&rsquo;est changer son regard et son rapport aux autres. En renouant avec votre f\u00e9minin sacr\u00e9, vos relations avec les autres femmes changent : elles deviennent des alli\u00e9es, des soutiens, des personnes de confiance. Quant aux hommes, la question de l&rsquo;\u00e9galit\u00e9 et de la masculinit\u00e9 dominante en soci\u00e9t\u00e9 ne se pose plus, vous les consid\u00e9rez comme des \u00e9gaux et vous&nbsp;vous&nbsp;assumez comme femme, sans vous remettre en question face \u00e0 eux.&nbsp;<\/p>\n          <\/div>\n        <\/div>\n      <\/div>\n\n      <\/section>\n\n<section class=\"block-grid-wrapper block-grid-for-core-paragraph\">\n      <div class=\"default-editor-content grid-for-core-paragraph container-fluid container-px-1\">\n        <div class=\"row row-cols-1 align-center\">\n          <div class=\"cell\">\n            \n<p><strong>Renouer avec son f\u00e9minin sacr\u00e9 c&rsquo;est tout simplement \u00eatre une femme heureuse d&rsquo;\u00eatre une femme.&nbsp;<\/strong><\/p>\n          <\/div>\n        <\/div>\n      <\/div>\n\n      <\/section>","protected":false},"excerpt":{"rendered":"<p>Dans la philosophie chinoise, le yin et le yang sont deux aspects compl\u00e9mentaires et oppos\u00e9s qui se retrouvent au c\u0153ur du monde et dans tout ce qui le compose : ensemble, ils assurent \u00e9quilibre et harmonie. Les femmes et les hommes ont,&nbsp;en eux,&nbsp;une essence divine compos\u00e9e d&rsquo;un f\u00e9minin sacr\u00e9 \u2014 le yin, et d&rsquo;un masculin [&hellip;]<\/p>\n","protected":false},"author":24,"featured_media":6015,"comment_status":"open","ping_status":"open","sticky":false,"template":"","format":"standard","meta":{"_acf_changed":false,"footnotes":""},"categories":[995,996],"tags":[1195,1202],"class_list":["post-5438","post","type-post","status-publish","format-standard","has-post-thumbnail","hentry","category-bien-etre","category-spiritualite-2","tag-ceremonie","tag-feminin-sacre"],"acf":[],"yoast_head":"<!-- This site is optimized with the Yoast SEO plugin v27.5 - https:\/\/yoast.com\/product\/yoast-seo-wordpress\/ -->\n<title>Retrouver son aura divine gr\u00e2ce au f\u00e9minin sacr\u00e9 - Beauty Therapy<\/title>\n<meta name=\"description\" content=\"Yin, f\u00e9minin sacr\u00e9, et yang, masculin sacr\u00e9, assurent l\u2019harmonie et l\u2019\u00e9quilibre. Cette aura divine et universelle est pr\u00e9sente chez les hommes et les femmes.\" \/>\n<meta name=\"robots\" content=\"index, follow, max-snippet:-1, max-image-preview:large, max-video-preview:-1\" \/>\n<link rel=\"canonical\" href=\"https:\/\/beautytherapy.absolution-cosmetics.com\/fr\/bien-etre\/feminin-sacre\/\" \/>\n<meta property=\"og:locale\" content=\"fr_FR\" \/>\n<meta property=\"og:type\" content=\"article\" \/>\n<meta property=\"og:title\" content=\"Retrouver son aura divine gr\u00e2ce au f\u00e9minin sacr\u00e9 - Beauty Therapy\" \/>\n<meta property=\"og:description\" content=\"Yin, f\u00e9minin sacr\u00e9, et yang, masculin sacr\u00e9, assurent l\u2019harmonie et l\u2019\u00e9quilibre. Cette aura divine et universelle est pr\u00e9sente chez les hommes et les femmes.\" \/>\n<meta property=\"og:url\" content=\"https:\/\/beautytherapy.absolution-cosmetics.com\/fr\/bien-etre\/feminin-sacre\/\" \/>\n<meta property=\"og:site_name\" content=\"Beauty Therapy\" \/>\n<meta property=\"article:author\" content=\"https:\/\/www.facebook.com\/absolutioncosmetics\" \/>\n<meta property=\"article:published_time\" content=\"2021-03-04T14:20:44+00:00\" \/>\n<meta property=\"article:modified_time\" content=\"2024-12-09T07:40:14+00:00\" \/>\n<meta property=\"og:image\" content=\"https:\/\/beautytherapy.absolution-cosmetics.com\/wp-content\/uploads\/2020\/12\/01_COUV_FEMININ_SACRE.jpg\" \/>\n\t<meta property=\"og:image:width\" content=\"1500\" \/>\n\t<meta property=\"og:image:height\" content=\"1000\" \/>\n\t<meta property=\"og:image:type\" content=\"image\/jpeg\" \/>\n<meta name=\"author\" content=\"Edito Beauty Therapy\" \/>\n<meta name=\"twitter:card\" content=\"summary_large_image\" \/>\n<meta name=\"twitter:label1\" content=\"\u00c9crit par\" \/>\n\t<meta name=\"twitter:data1\" content=\"Edito Beauty Therapy\" \/>\n\t<meta name=\"twitter:label2\" content=\"Dur\u00e9e de lecture estim\u00e9e\" \/>\n\t<meta name=\"twitter:data2\" content=\"5 minutes\" \/>\n<script type=\"application\/ld+json\" class=\"yoast-schema-graph\">{\"@context\":\"https:\\\/\\\/schema.org\",\"@graph\":[{\"@type\":\"Article\",\"@id\":\"https:\\\/\\\/beautytherapy.absolution-cosmetics.com\\\/fr\\\/bien-etre\\\/feminin-sacre\\\/#article\",\"isPartOf\":{\"@id\":\"https:\\\/\\\/beautytherapy.absolution-cosmetics.com\\\/fr\\\/bien-etre\\\/feminin-sacre\\\/\"},\"author\":{\"name\":\"Edito Beauty Therapy\",\"@id\":\"https:\\\/\\\/beautytherapy.absolution-cosmetics.com\\\/fr\\\/#\\\/schema\\\/person\\\/39fa4ed518c548c2f2b7d6a399786b66\"},\"headline\":\"Retrouver son aura divine gr\u00e2ce au f\u00e9minin sacr\u00e9\",\"datePublished\":\"2021-03-04T14:20:44+00:00\",\"dateModified\":\"2024-12-09T07:40:14+00:00\",\"mainEntityOfPage\":{\"@id\":\"https:\\\/\\\/beautytherapy.absolution-cosmetics.com\\\/fr\\\/bien-etre\\\/feminin-sacre\\\/\"},\"wordCount\":1144,\"commentCount\":0,\"publisher\":{\"@id\":\"https:\\\/\\\/beautytherapy.absolution-cosmetics.com\\\/fr\\\/#organization\"},\"image\":{\"@id\":\"https:\\\/\\\/beautytherapy.absolution-cosmetics.com\\\/fr\\\/bien-etre\\\/feminin-sacre\\\/#primaryimage\"},\"thumbnailUrl\":\"https:\\\/\\\/beautytherapy.absolution-cosmetics.com\\\/wp-content\\\/uploads\\\/2020\\\/12\\\/01_COUV_FEMININ_SACRE.jpg\",\"keywords\":[\"C\u00e9r\u00e9monie\",\"F\u00e9minin sacr\u00e9\"],\"articleSection\":[\"Bien-\u00eatre\",\"Spiritualit\u00e9\"],\"inLanguage\":\"fr-FR\",\"potentialAction\":[{\"@type\":\"CommentAction\",\"name\":\"Comment\",\"target\":[\"https:\\\/\\\/beautytherapy.absolution-cosmetics.com\\\/fr\\\/bien-etre\\\/feminin-sacre\\\/#respond\"]}]},{\"@type\":\"WebPage\",\"@id\":\"https:\\\/\\\/beautytherapy.absolution-cosmetics.com\\\/fr\\\/bien-etre\\\/feminin-sacre\\\/\",\"url\":\"https:\\\/\\\/beautytherapy.absolution-cosmetics.com\\\/fr\\\/bien-etre\\\/feminin-sacre\\\/\",\"name\":\"Retrouver son aura divine gr\u00e2ce au f\u00e9minin sacr\u00e9 - Beauty Therapy\",\"isPartOf\":{\"@id\":\"https:\\\/\\\/beautytherapy.absolution-cosmetics.com\\\/fr\\\/#website\"},\"primaryImageOfPage\":{\"@id\":\"https:\\\/\\\/beautytherapy.absolution-cosmetics.com\\\/fr\\\/bien-etre\\\/feminin-sacre\\\/#primaryimage\"},\"image\":{\"@id\":\"https:\\\/\\\/beautytherapy.absolution-cosmetics.com\\\/fr\\\/bien-etre\\\/feminin-sacre\\\/#primaryimage\"},\"thumbnailUrl\":\"https:\\\/\\\/beautytherapy.absolution-cosmetics.com\\\/wp-content\\\/uploads\\\/2020\\\/12\\\/01_COUV_FEMININ_SACRE.jpg\",\"datePublished\":\"2021-03-04T14:20:44+00:00\",\"dateModified\":\"2024-12-09T07:40:14+00:00\",\"description\":\"Yin, f\u00e9minin sacr\u00e9, et yang, masculin sacr\u00e9, assurent l\u2019harmonie et l\u2019\u00e9quilibre. Cette aura divine et universelle est pr\u00e9sente chez les hommes et les femmes.\",\"breadcrumb\":{\"@id\":\"https:\\\/\\\/beautytherapy.absolution-cosmetics.com\\\/fr\\\/bien-etre\\\/feminin-sacre\\\/#breadcrumb\"},\"inLanguage\":\"fr-FR\",\"potentialAction\":[{\"@type\":\"ReadAction\",\"target\":[\"https:\\\/\\\/beautytherapy.absolution-cosmetics.com\\\/fr\\\/bien-etre\\\/feminin-sacre\\\/\"]}]},{\"@type\":\"ImageObject\",\"inLanguage\":\"fr-FR\",\"@id\":\"https:\\\/\\\/beautytherapy.absolution-cosmetics.com\\\/fr\\\/bien-etre\\\/feminin-sacre\\\/#primaryimage\",\"url\":\"https:\\\/\\\/beautytherapy.absolution-cosmetics.com\\\/wp-content\\\/uploads\\\/2020\\\/12\\\/01_COUV_FEMININ_SACRE.jpg\",\"contentUrl\":\"https:\\\/\\\/beautytherapy.absolution-cosmetics.com\\\/wp-content\\\/uploads\\\/2020\\\/12\\\/01_COUV_FEMININ_SACRE.jpg\",\"width\":1500,\"height\":1000},{\"@type\":\"BreadcrumbList\",\"@id\":\"https:\\\/\\\/beautytherapy.absolution-cosmetics.com\\\/fr\\\/bien-etre\\\/feminin-sacre\\\/#breadcrumb\",\"itemListElement\":[{\"@type\":\"ListItem\",\"position\":1,\"name\":\"Home\",\"item\":\"https:\\\/\\\/beautytherapy.absolution-cosmetics.com\\\/fr\\\/\"},{\"@type\":\"ListItem\",\"position\":2,\"name\":\"Bien-\u00eatre\",\"item\":\"https:\\\/\\\/beautytherapy.absolution-cosmetics.com\\\/fr\\\/bien-etre\\\/\"},{\"@type\":\"ListItem\",\"position\":3,\"name\":\"Retrouver son aura divine gr\u00e2ce au f\u00e9minin sacr\u00e9\"}]},{\"@type\":\"WebSite\",\"@id\":\"https:\\\/\\\/beautytherapy.absolution-cosmetics.com\\\/fr\\\/#website\",\"url\":\"https:\\\/\\\/beautytherapy.absolution-cosmetics.com\\\/fr\\\/\",\"name\":\"Beauty Therapy\",\"description\":\"\",\"publisher\":{\"@id\":\"https:\\\/\\\/beautytherapy.absolution-cosmetics.com\\\/fr\\\/#organization\"},\"inLanguage\":\"fr-FR\"},{\"@type\":\"Organization\",\"@id\":\"https:\\\/\\\/beautytherapy.absolution-cosmetics.com\\\/fr\\\/#organization\",\"name\":\"Beauty Therapy\",\"url\":\"https:\\\/\\\/beautytherapy.absolution-cosmetics.com\\\/fr\\\/\",\"logo\":{\"@type\":\"ImageObject\",\"inLanguage\":\"fr-FR\",\"@id\":\"https:\\\/\\\/beautytherapy.absolution-cosmetics.com\\\/fr\\\/#\\\/schema\\\/logo\\\/image\\\/\",\"url\":\"https:\\\/\\\/beautytherapy.absolution-cosmetics.com\\\/wp-content\\\/uploads\\\/2020\\\/02\\\/beauty-therapy-logo.png\",\"contentUrl\":\"https:\\\/\\\/beautytherapy.absolution-cosmetics.com\\\/wp-content\\\/uploads\\\/2020\\\/02\\\/beauty-therapy-logo.png\",\"width\":424,\"height\":212,\"caption\":\"Beauty Therapy\"},\"image\":{\"@id\":\"https:\\\/\\\/beautytherapy.absolution-cosmetics.com\\\/fr\\\/#\\\/schema\\\/logo\\\/image\\\/\"}},{\"@type\":\"Person\",\"@id\":\"https:\\\/\\\/beautytherapy.absolution-cosmetics.com\\\/fr\\\/#\\\/schema\\\/person\\\/39fa4ed518c548c2f2b7d6a399786b66\",\"name\":\"Edito Beauty Therapy\",\"description\":\"L\u2019objectif d\u2019Absolution est \u00e0 la fois tout simple et merveilleusement complexe : retrouver la Beaut\u00e9 ! Celle du monde qui nous entoure, celle du monde que l\u2019on contient... celle qui se cache dans votre reflet le matin ! Les soins Absolution effacent les scories de nos vies d\u2019urbains : chaque jour ils offrent \u00e0 notre peau un retour \u00e0 sa beaut\u00e9 originelle en restaurant son \u00e9cosyst\u00e8me naturel et en l\u2019amenant \u00e0 son \u00e9tat optimum. \u00c9labor\u00e9e \u00e0 partir d\u2019extraits v\u00e9g\u00e9taux certifi\u00e9s bio ou sauvages, de min\u00e9raux et de vitamines, Absolution allie d\u00e9licatesse des textures et des senteurs, simplicit\u00e9 d\u2019utilisation et totale efficacit\u00e9 des formules. Absolution c\u2019est aussi une volont\u00e9 : celle de transmettre une fa\u00e7on de voir le monde qui fait \u00e9merger la beaut\u00e9 partout o\u00f9 elle est. Partagez-la avec nous ! @absolution_cosmetics #absolutioncosmetics #retrouverlabeaut\u00e9\",\"sameAs\":[\"https:\\\/\\\/www.absolution-cosmetics.com\\\/fr\\\/\",\"https:\\\/\\\/www.facebook.com\\\/absolutioncosmetics\",\"https:\\\/\\\/www.instagram.com\\\/absolution_cosmetics\\\/\"],\"url\":\"https:\\\/\\\/beautytherapy.absolution-cosmetics.com\\\/fr\\\/author\\\/l-equipe-absolution\\\/\"}]}<\/script>\n<!-- \/ Yoast SEO plugin. -->","yoast_head_json":{"title":"Retrouver son aura divine gr\u00e2ce au f\u00e9minin sacr\u00e9 - Beauty Therapy","description":"Yin, f\u00e9minin sacr\u00e9, et yang, masculin sacr\u00e9, assurent l\u2019harmonie et l\u2019\u00e9quilibre. Cette aura divine et universelle est pr\u00e9sente chez les hommes et les femmes.","robots":{"index":"index","follow":"follow","max-snippet":"max-snippet:-1","max-image-preview":"max-image-preview:large","max-video-preview":"max-video-preview:-1"},"canonical":"https:\/\/beautytherapy.absolution-cosmetics.com\/fr\/bien-etre\/feminin-sacre\/","og_locale":"fr_FR","og_type":"article","og_title":"Retrouver son aura divine gr\u00e2ce au f\u00e9minin sacr\u00e9 - Beauty Therapy","og_description":"Yin, f\u00e9minin sacr\u00e9, et yang, masculin sacr\u00e9, assurent l\u2019harmonie et l\u2019\u00e9quilibre. Cette aura divine et universelle est pr\u00e9sente chez les hommes et les femmes.","og_url":"https:\/\/beautytherapy.absolution-cosmetics.com\/fr\/bien-etre\/feminin-sacre\/","og_site_name":"Beauty Therapy","article_author":"https:\/\/www.facebook.com\/absolutioncosmetics","article_published_time":"2021-03-04T14:20:44+00:00","article_modified_time":"2024-12-09T07:40:14+00:00","og_image":[{"width":1500,"height":1000,"url":"https:\/\/beautytherapy.absolution-cosmetics.com\/wp-content\/uploads\/2020\/12\/01_COUV_FEMININ_SACRE.jpg","type":"image\/jpeg"}],"author":"Edito Beauty Therapy","twitter_card":"summary_large_image","twitter_misc":{"\u00c9crit par":"Edito Beauty Therapy","Dur\u00e9e de lecture estim\u00e9e":"5 minutes"},"schema":{"@context":"https:\/\/schema.org","@graph":[{"@type":"Article","@id":"https:\/\/beautytherapy.absolution-cosmetics.com\/fr\/bien-etre\/feminin-sacre\/#article","isPartOf":{"@id":"https:\/\/beautytherapy.absolution-cosmetics.com\/fr\/bien-etre\/feminin-sacre\/"},"author":{"name":"Edito Beauty Therapy","@id":"https:\/\/beautytherapy.absolution-cosmetics.com\/fr\/#\/schema\/person\/39fa4ed518c548c2f2b7d6a399786b66"},"headline":"Retrouver son aura divine gr\u00e2ce au f\u00e9minin sacr\u00e9","datePublished":"2021-03-04T14:20:44+00:00","dateModified":"2024-12-09T07:40:14+00:00","mainEntityOfPage":{"@id":"https:\/\/beautytherapy.absolution-cosmetics.com\/fr\/bien-etre\/feminin-sacre\/"},"wordCount":1144,"commentCount":0,"publisher":{"@id":"https:\/\/beautytherapy.absolution-cosmetics.com\/fr\/#organization"},"image":{"@id":"https:\/\/beautytherapy.absolution-cosmetics.com\/fr\/bien-etre\/feminin-sacre\/#primaryimage"},"thumbnailUrl":"https:\/\/beautytherapy.absolution-cosmetics.com\/wp-content\/uploads\/2020\/12\/01_COUV_FEMININ_SACRE.jpg","keywords":["C\u00e9r\u00e9monie","F\u00e9minin sacr\u00e9"],"articleSection":["Bien-\u00eatre","Spiritualit\u00e9"],"inLanguage":"fr-FR","potentialAction":[{"@type":"CommentAction","name":"Comment","target":["https:\/\/beautytherapy.absolution-cosmetics.com\/fr\/bien-etre\/feminin-sacre\/#respond"]}]},{"@type":"WebPage","@id":"https:\/\/beautytherapy.absolution-cosmetics.com\/fr\/bien-etre\/feminin-sacre\/","url":"https:\/\/beautytherapy.absolution-cosmetics.com\/fr\/bien-etre\/feminin-sacre\/","name":"Retrouver son aura divine gr\u00e2ce au f\u00e9minin sacr\u00e9 - Beauty Therapy","isPartOf":{"@id":"https:\/\/beautytherapy.absolution-cosmetics.com\/fr\/#website"},"primaryImageOfPage":{"@id":"https:\/\/beautytherapy.absolution-cosmetics.com\/fr\/bien-etre\/feminin-sacre\/#primaryimage"},"image":{"@id":"https:\/\/beautytherapy.absolution-cosmetics.com\/fr\/bien-etre\/feminin-sacre\/#primaryimage"},"thumbnailUrl":"https:\/\/beautytherapy.absolution-cosmetics.com\/wp-content\/uploads\/2020\/12\/01_COUV_FEMININ_SACRE.jpg","datePublished":"2021-03-04T14:20:44+00:00","dateModified":"2024-12-09T07:40:14+00:00","description":"Yin, f\u00e9minin sacr\u00e9, et yang, masculin sacr\u00e9, assurent l\u2019harmonie et l\u2019\u00e9quilibre. Cette aura divine et universelle est pr\u00e9sente chez les hommes et les femmes.","breadcrumb":{"@id":"https:\/\/beautytherapy.absolution-cosmetics.com\/fr\/bien-etre\/feminin-sacre\/#breadcrumb"},"inLanguage":"fr-FR","potentialAction":[{"@type":"ReadAction","target":["https:\/\/beautytherapy.absolution-cosmetics.com\/fr\/bien-etre\/feminin-sacre\/"]}]},{"@type":"ImageObject","inLanguage":"fr-FR","@id":"https:\/\/beautytherapy.absolution-cosmetics.com\/fr\/bien-etre\/feminin-sacre\/#primaryimage","url":"https:\/\/beautytherapy.absolution-cosmetics.com\/wp-content\/uploads\/2020\/12\/01_COUV_FEMININ_SACRE.jpg","contentUrl":"https:\/\/beautytherapy.absolution-cosmetics.com\/wp-content\/uploads\/2020\/12\/01_COUV_FEMININ_SACRE.jpg","width":1500,"height":1000},{"@type":"BreadcrumbList","@id":"https:\/\/beautytherapy.absolution-cosmetics.com\/fr\/bien-etre\/feminin-sacre\/#breadcrumb","itemListElement":[{"@type":"ListItem","position":1,"name":"Home","item":"https:\/\/beautytherapy.absolution-cosmetics.com\/fr\/"},{"@type":"ListItem","position":2,"name":"Bien-\u00eatre","item":"https:\/\/beautytherapy.absolution-cosmetics.com\/fr\/bien-etre\/"},{"@type":"ListItem","position":3,"name":"Retrouver son aura divine gr\u00e2ce au f\u00e9minin sacr\u00e9"}]},{"@type":"WebSite","@id":"https:\/\/beautytherapy.absolution-cosmetics.com\/fr\/#website","url":"https:\/\/beautytherapy.absolution-cosmetics.com\/fr\/","name":"Beauty Therapy","description":"","publisher":{"@id":"https:\/\/beautytherapy.absolution-cosmetics.com\/fr\/#organization"},"inLanguage":"fr-FR"},{"@type":"Organization","@id":"https:\/\/beautytherapy.absolution-cosmetics.com\/fr\/#organization","name":"Beauty Therapy","url":"https:\/\/beautytherapy.absolution-cosmetics.com\/fr\/","logo":{"@type":"ImageObject","inLanguage":"fr-FR","@id":"https:\/\/beautytherapy.absolution-cosmetics.com\/fr\/#\/schema\/logo\/image\/","url":"https:\/\/beautytherapy.absolution-cosmetics.com\/wp-content\/uploads\/2020\/02\/beauty-therapy-logo.png","contentUrl":"https:\/\/beautytherapy.absolution-cosmetics.com\/wp-content\/uploads\/2020\/02\/beauty-therapy-logo.png","width":424,"height":212,"caption":"Beauty Therapy"},"image":{"@id":"https:\/\/beautytherapy.absolution-cosmetics.com\/fr\/#\/schema\/logo\/image\/"}},{"@type":"Person","@id":"https:\/\/beautytherapy.absolution-cosmetics.com\/fr\/#\/schema\/person\/39fa4ed518c548c2f2b7d6a399786b66","name":"Edito Beauty Therapy","description":"L\u2019objectif d\u2019Absolution est \u00e0 la fois tout simple et merveilleusement complexe : retrouver la Beaut\u00e9 ! Celle du monde qui nous entoure, celle du monde que l\u2019on contient... celle qui se cache dans votre reflet le matin ! Les soins Absolution effacent les scories de nos vies d\u2019urbains : chaque jour ils offrent \u00e0 notre peau un retour \u00e0 sa beaut\u00e9 originelle en restaurant son \u00e9cosyst\u00e8me naturel et en l\u2019amenant \u00e0 son \u00e9tat optimum. \u00c9labor\u00e9e \u00e0 partir d\u2019extraits v\u00e9g\u00e9taux certifi\u00e9s bio ou sauvages, de min\u00e9raux et de vitamines, Absolution allie d\u00e9licatesse des textures et des senteurs, simplicit\u00e9 d\u2019utilisation et totale efficacit\u00e9 des formules. Absolution c\u2019est aussi une volont\u00e9 : celle de transmettre une fa\u00e7on de voir le monde qui fait \u00e9merger la beaut\u00e9 partout o\u00f9 elle est. Partagez-la avec nous ! @absolution_cosmetics #absolutioncosmetics #retrouverlabeaut\u00e9","sameAs":["https:\/\/www.absolution-cosmetics.com\/fr\/","https:\/\/www.facebook.com\/absolutioncosmetics","https:\/\/www.instagram.com\/absolution_cosmetics\/"],"url":"https:\/\/beautytherapy.absolution-cosmetics.com\/fr\/author\/l-equipe-absolution\/"}]}},"_links":{"self":[{"href":"https:\/\/beautytherapy.absolution-cosmetics.com\/fr\/wp-json\/wp\/v2\/posts\/5438","targetHints":{"allow":["GET"]}}],"collection":[{"href":"https:\/\/beautytherapy.absolution-cosmetics.com\/fr\/wp-json\/wp\/v2\/posts"}],"about":[{"href":"https:\/\/beautytherapy.absolution-cosmetics.com\/fr\/wp-json\/wp\/v2\/types\/post"}],"author":[{"embeddable":true,"href":"https:\/\/beautytherapy.absolution-cosmetics.com\/fr\/wp-json\/wp\/v2\/users\/24"}],"replies":[{"embeddable":true,"href":"https:\/\/beautytherapy.absolution-cosmetics.com\/fr\/wp-json\/wp\/v2\/comments?post=5438"}],"version-history":[{"count":6,"href":"https:\/\/beautytherapy.absolution-cosmetics.com\/fr\/wp-json\/wp\/v2\/posts\/5438\/revisions"}],"predecessor-version":[{"id":24262,"href":"https:\/\/beautytherapy.absolution-cosmetics.com\/fr\/wp-json\/wp\/v2\/posts\/5438\/revisions\/24262"}],"wp:featuredmedia":[{"embeddable":true,"href":"https:\/\/beautytherapy.absolution-cosmetics.com\/fr\/wp-json\/wp\/v2\/media\/6015"}],"wp:attachment":[{"href":"https:\/\/beautytherapy.absolution-cosmetics.com\/fr\/wp-json\/wp\/v2\/media?parent=5438"}],"wp:term":[{"taxonomy":"category","embeddable":true,"href":"https:\/\/beautytherapy.absolution-cosmetics.com\/fr\/wp-json\/wp\/v2\/categories?post=5438"},{"taxonomy":"post_tag","embeddable":true,"href":"https:\/\/beautytherapy.absolution-cosmetics.com\/fr\/wp-json\/wp\/v2\/tags?post=5438"}],"curies":[{"name":"wp","href":"https:\/\/api.w.org\/{rel}","templated":true}]}}