{"id":6022,"date":"2021-03-22T15:53:54","date_gmt":"2021-03-22T14:53:54","guid":{"rendered":"https:\/\/beautytherapy.absolution-cosmetics.com\/?p=6022"},"modified":"2024-12-09T08:40:17","modified_gmt":"2024-12-09T07:40:17","slug":"ecologie-interieure-eau","status":"publish","type":"post","link":"https:\/\/beautytherapy.absolution-cosmetics.com\/fr\/bien-etre\/ecologie-interieure-eau\/","title":{"rendered":"Petit pr\u00e9cis d&rsquo;\u00e9cologie int\u00e9rieure &#8211; Chapitre 2 : Prenons soin de notre Eau, F\u00e9minin et cr\u00e9ativit\u00e9"},"content":{"rendered":"<section class=\"block-grid-wrapper block-grid-for-core-paragraph\">\n      <div class=\"default-editor-content grid-for-core-paragraph container-fluid container-px-1\">\n        <div class=\"row row-cols-1 align-center\">\n          <div class=\"cell\">\n            \n<p><strong><a href=\"https:\/\/beautytherapy.absolution-cosmetics.com\/fr\/bien-etre\/terre-ancrage-securite\/\">Terre<\/a>, Eau, Feu, Air ou encore Ether, chaque mois je vous donne rendez-vous pour explorer un des \u00e9l\u00e9ments de notre <a href=\"https:\/\/beautytherapy.absolution-cosmetics.com\/fr\/bien-etre\/petite-precis-decologie-interieure-alice-vivian\/\">maison int\u00e9rieure<\/a>, l\u2019identifier, le comprendre, en prendre soin avec des conseils et rituels doux et&nbsp;bienfaisants.<\/strong><\/p>\n          <\/div>\n        <\/div>\n      <\/div>\n\n      <\/section>\n\n<section class=\"block-grid-wrapper block-grid-for-core-spacer\">\n      <div class=\"default-editor-content grid-for-core-spacer container-fluid container-px-1\">\n        <div class=\"row row-cols-1 align-center\">\n          <div class=\"cell\">\n            \n<div style=\"height:20px\" aria-hidden=\"true\" class=\"wp-block-spacer\"><\/div>\n          <\/div>\n        <\/div>\n      <\/div>\n\n      <\/section>\n\n<section class=\"block-grid-wrapper block-grid-for-core-pullquote\">\n      <div class=\"default-editor-content grid-for-core-pullquote container-fluid container-px-1\">\n        <div class=\"row row-cols-1 align-center\">\n          <div class=\"cell\">\n            \n<figure class=\"wp-block-pullquote\"><blockquote><p>A toi, l\u2019EAU, qui m\u2019anime, m\u2018enveloppe et me nettoie de toutes mes maux,<\/p><p>Berce moi comme la m\u00e8re berce son enfant, doucement, tendrement,&nbsp;<\/p><p>&nbsp;Laisse-moi ressentir tes vagues en moi dans une danse gracieuse et fluide, <\/p><p>Avec toi je suis dans mon \u00e9nergie de vie, joyeuse et cr\u00e9ative<\/p><\/blockquote><\/figure>\n          <\/div>\n        <\/div>\n      <\/div>\n\n      <\/section>\n\n<section class=\"block-grid-wrapper block-grid-for-core-paragraph\">\n      <div class=\"default-editor-content grid-for-core-paragraph container-fluid container-px-1\">\n        <div class=\"row row-cols-1 align-center\">\n          <div class=\"cell\">\n            \n<p>Je vous propose ce mois-ci de nous reconnecter \u00e0 l\u2019\u00e9l\u00e9ment \u00ab&nbsp;EAU&nbsp;\u00bb, \u00e0 la fluidit\u00e9, l\u2019accueil de nos \u00e9motions qui nous traversent, \u00e0 notre nature cyclique et&nbsp; lunaire.<\/p>\n          <\/div>\n        <\/div>\n      <\/div>\n\n      <\/section>\n\n<section class=\"block-grid-wrapper block-grid-for-core-paragraph\">\n      <div class=\"default-editor-content grid-for-core-paragraph container-fluid container-px-1\">\n        <div class=\"row row-cols-1 align-center\">\n          <div class=\"cell\">\n            \n<p>Prendre soin de l\u2019\u00e9l\u00e9ment EAU en nous, c\u2019est prendre soin de soi avec douceur et bienveillance, nous connecter \u00e0 notre \u00e9nergie f\u00e9minine, cr\u00e9atrice et cr\u00e9ative. Sans eau, nous nous ass\u00e9chons, perdons notre vitalit\u00e9, notre joie de vivre et notre cr\u00e9ativit\u00e9. L\u2019eau fluidifie nos relations, nous nettoie et nous lib\u00e8re des&nbsp; m\u00e9moires \u00e9motionnelles somatis\u00e9es. Elle nous offre la possibilit\u00e9 de l\u00e2cher prise, pour accueillir le mouvement de la vie dans une danse souple et gracieuse.<\/p>\n          <\/div>\n        <\/div>\n      <\/div>\n\n      <\/section>\n\n<section class=\"block-grid-wrapper block-grid-for-core-paragraph\">\n      <div class=\"default-editor-content grid-for-core-paragraph container-fluid container-px-1\">\n        <div class=\"row row-cols-1 align-center\">\n          <div class=\"cell\">\n            \n<p>En yoga, l\u2019\u00e9l\u00e9ment Eau est li\u00e9 au 2eme centre \u00e9nerg\u00e9tique, <strong>notre <a href=\"https:\/\/beautytherapy.absolution-cosmetics.com\/fr\/bien-etre\/equilibrer-besoins-energetiques-chakras\/\">chakra sacr\u00e9<\/a><\/strong>, en sanskrit Svadhistana , si\u00e8ge de soi. &nbsp;Situ\u00e9 entre la symphyse pubienne et le nombril, le \u00ab&nbsp;hara&nbsp;\u00bb chez le japonais,&nbsp; il est notre centre d\u2019<a href=\"https:\/\/beautytherapy.absolution-cosmetics.com\/fr\/bien-etre\/kundalini-techniques-eveil\/\">\u00e9nergie vitale<\/a>. Il repr\u00e9sente nos qualit\u00e9s d\u2019agilit\u00e9, de <a href=\"https:\/\/beautytherapy.absolution-cosmetics.com\/fr\/bien-etre\/petit-guide-yoga-respiration\/\">cr\u00e9ativit\u00e9<\/a> mais aussi de plaisir&nbsp;et de f\u00e9minin. Harmoniser ce chakra c\u2019est respecter et accueillir le sacr\u00e9 en nous (valeurs, convictions profondes, corps, sexualit\u00e9, envies..), notre capacit\u00e9 \u00e0 ressentir, notre sensualit\u00e9, nos rythmes et nos \u00e9motions.<\/p>\n          <\/div>\n        <\/div>\n      <\/div>\n\n      <\/section>\n\n<section class=\"block-grid-wrapper block-grid-for-core-image\">\n      <div class=\"default-editor-content grid-for-core-image container-fluid container-px-1\">\n        <div class=\"row row-cols-1 align-center\">\n          <div class=\"cell\">\n            \n<div class=\"wp-block-image\"><figure class=\"aligncenter size-large is-resized\"><img loading=\"lazy\" decoding=\"async\" src=\"https:\/\/beautytherapy.absolution-cosmetics.com\/wp-content\/uploads\/2021\/03\/Unknown-3-1.jpeg\" alt=\"\" class=\"wp-image-6028\" width=\"383\" height=\"473\" srcset=\"https:\/\/beautytherapy.absolution-cosmetics.com\/wp-content\/uploads\/2021\/03\/Unknown-3-1.jpeg 351w, https:\/\/beautytherapy.absolution-cosmetics.com\/wp-content\/uploads\/2021\/03\/Unknown-3-1-243x300-512c1e2135f8.jpeg 243w\" sizes=\"auto, (max-width: 383px) 100vw, 383px\" \/><\/figure><\/div>\n          <\/div>\n        <\/div>\n      <\/div>\n\n      <\/section>\n\n<section class=\"block-grid-wrapper block-grid-for-core-spacer\">\n      <div class=\"default-editor-content grid-for-core-spacer container-fluid container-px-1\">\n        <div class=\"row row-cols-1 align-center\">\n          <div class=\"cell\">\n            \n<div style=\"height:20px\" aria-hidden=\"true\" class=\"wp-block-spacer\"><\/div>\n          <\/div>\n        <\/div>\n      <\/div>\n\n      <\/section>\n\n<section class=\"block-grid-wrapper block-grid-for-core-heading\">\n      <div class=\"default-editor-content grid-for-core-heading container-fluid container-px-1\">\n        <div class=\"row row-cols-1 align-center\">\n          <div class=\"cell\">\n            \n<h2 class=\"wp-block-heading\"><strong>Moi et l\u2019\u00e9l\u00e9ment Eau <\/strong><\/h2>\n          <\/div>\n        <\/div>\n      <\/div>\n\n      <\/section>\n\n<section class=\"block-grid-wrapper block-grid-for-core-paragraph\">\n      <div class=\"default-editor-content grid-for-core-paragraph container-fluid container-px-1\">\n        <div class=\"row row-cols-1 align-center\">\n          <div class=\"cell\">\n            \n<p>Avant de vous livrer des rituels de soin pour votre Eau int\u00e9rieure, je vous propose de prendre deux minutes pour vous poser la question suivante&nbsp;:<\/p>\n          <\/div>\n        <\/div>\n      <\/div>\n\n      <\/section>\n\n<section class=\"block-grid-wrapper block-grid-for-core-paragraph\">\n      <div class=\"default-editor-content grid-for-core-paragraph container-fluid container-px-1\">\n        <div class=\"row row-cols-1 align-center\">\n          <div class=\"cell\">\n            \n<p class=\"has-text-align-center\"><strong>Quel est mon rapport \u00e0 cet \u00e9l\u00e9ment Eau&nbsp;?&nbsp;<\/strong> Est-ce un \u00e9l\u00e9ment que je sens tr\u00e8s pr\u00e9sent en moi&nbsp;? pas assez&nbsp;?<\/p>\n          <\/div>\n        <\/div>\n      <\/div>\n\n      <\/section>\n\n<section class=\"block-grid-wrapper block-grid-for-core-paragraph\">\n      <div class=\"default-editor-content grid-for-core-paragraph container-fluid container-px-1\">\n        <div class=\"row row-cols-1 align-center\">\n          <div class=\"cell\">\n            \n<p>Pour vous aider \u00e0 creuser, demandez vous&nbsp;par exemple&nbsp;:<\/p>\n          <\/div>\n        <\/div>\n      <\/div>\n\n      <\/section>\n\n<section class=\"block-grid-wrapper block-grid-for-core-list\">\n      <div class=\"default-editor-content grid-for-core-list container-fluid container-px-1\">\n        <div class=\"row row-cols-1 align-center\">\n          <div class=\"cell\">\n            \n<ul class=\"wp-block-list\"><li>Suis-je \u00e0 l\u2019\u00e9coute de mes \u00e9motions et de mes besoins ? Est-ce que je trouve facilement du plaisir dans mon quotidien&nbsp;? suis-je cr\u00e9ative et \u00e9panouie ?<\/li><li>Ou au contraire, est-ce que j\u2019ai du mal \u00e0 accueillir mes \u00e9motions (je me coupe d\u2019elles, les r\u00e9prime ou \u00e0 l\u2019inverse je me sens souvent submerg\u00e9 par elles).&nbsp; Ais-je une sensation de ne pas toujours \u00e9couter mes besoins et mes envies&nbsp;? <\/li><li>Ma libido est-elle un peu \u00e9teinte&nbsp;? Ai-je des difficult\u00e9s relationnelles, du mal \u00e0 trouver ma place, \u00e0 me consid\u00e9rer, \u00e0 m\u2019aimer ou \u00eatre doux envers moi-m\u00eame&nbsp;? <\/li><li>Ais-je du mal \u00e0 \u00eatre dans le plaisir et la joie&nbsp;?<\/li><\/ul>\n          <\/div>\n        <\/div>\n      <\/div>\n\n      <\/section>\n\n<section class=\"block-grid-wrapper block-grid-for-core-paragraph\">\n      <div class=\"default-editor-content grid-for-core-paragraph container-fluid container-px-1\">\n        <div class=\"row row-cols-1 align-center\">\n          <div class=\"cell\">\n            \n<p>Si la r\u00e9ponse \u00e0 ce deuxi\u00e8me groupe de questions est plut\u00f4t \u00ab&nbsp;oui&nbsp;\u00bb, cela veut sans doute dire qu\u2019il serait b\u00e9n\u00e9fique pour vous de renforcer votre \u00e9l\u00e9ment Eau et votre <strong><a href=\"https:\/\/beautytherapy.absolution-cosmetics.com\/fr\/bien-etre\/feminin-sacre\/\">\u00e9nergie du f\u00e9minin.<\/a><\/strong><\/p>\n          <\/div>\n        <\/div>\n      <\/div>\n\n      <\/section>\n\n<section class=\"block-grid-wrapper block-grid-for-core-spacer\">\n      <div class=\"default-editor-content grid-for-core-spacer container-fluid container-px-1\">\n        <div class=\"row row-cols-1 align-center\">\n          <div class=\"cell\">\n            \n<div style=\"height:20px\" aria-hidden=\"true\" class=\"wp-block-spacer\"><\/div>\n          <\/div>\n        <\/div>\n      <\/div>\n\n      <\/section>\n\n<section class=\"block-grid-wrapper block-grid-for-core-heading\">\n      <div class=\"default-editor-content grid-for-core-heading container-fluid container-px-1\">\n        <div class=\"row row-cols-1 align-center\">\n          <div class=\"cell\">\n            \n<h2 class=\"wp-block-heading\">Comment prendre soin de mon Eau int\u00e9rieure ?<\/h2>\n          <\/div>\n        <\/div>\n      <\/div>\n\n      <\/section>\n\n<section class=\"block-grid-wrapper block-grid-for-core-paragraph\">\n      <div class=\"default-editor-content grid-for-core-paragraph container-fluid container-px-1\">\n        <div class=\"row row-cols-1 align-center\">\n          <div class=\"cell\">\n            \n<p><strong>4 rituels pour vous connecter \u00e0 votre f\u00e9minin<\/strong><\/p>\n          <\/div>\n        <\/div>\n      <\/div>\n\n      <\/section>\n\n<section class=\"block-grid-wrapper block-grid-for-core-spacer\">\n      <div class=\"default-editor-content grid-for-core-spacer container-fluid container-px-1\">\n        <div class=\"row row-cols-1 align-center\">\n          <div class=\"cell\">\n            \n<div style=\"height:20px\" aria-hidden=\"true\" class=\"wp-block-spacer\"><\/div>\n          <\/div>\n        <\/div>\n      <\/div>\n\n      <\/section>\n\n<section class=\"block-grid-wrapper block-grid-for-core-heading\">\n      <div class=\"default-editor-content grid-for-core-heading container-fluid container-px-1\">\n        <div class=\"row row-cols-1 align-center\">\n          <div class=\"cell\">\n            \n<h3 class=\"wp-block-heading\">Rituel 1&nbsp;: la douche purificatrice et bienfaisante<\/h3>\n          <\/div>\n        <\/div>\n      <\/div>\n\n      <\/section>\n\n<section class=\"block-grid-wrapper block-grid-for-core-paragraph\">\n      <div class=\"default-editor-content grid-for-core-paragraph container-fluid container-px-1\">\n        <div class=\"row row-cols-1 align-center\">\n          <div class=\"cell\">\n            \n<p>\u00catre en contact direct <a href=\"https:\/\/beautytherapy.absolution-cosmetics.com\/fr\/bien-etre\/beaux-gestes-eau\/\">avec l\u2019Eau<\/a>, est une des meilleures fa\u00e7ons de nous reconnecter avec notre <a href=\"https:\/\/beautytherapy.absolution-cosmetics.com\/fr\/bien-etre\/feminin-sacre\/\">f\u00e9minin sacr\u00e9<\/a> et notre cr\u00e9ativit\u00e9. Pratiquer des activit\u00e9s d\u2019eau bien sur, mais aussi se relier \u00e0 l\u2019Eau en conscience dans notre quotidien (douche, bain\u2026).<\/p>\n          <\/div>\n        <\/div>\n      <\/div>\n\n      <\/section>\n\n<section class=\"block-grid-wrapper block-grid-for-core-image\">\n      <div class=\"default-editor-content grid-for-core-image container-fluid container-px-1\">\n        <div class=\"row row-cols-1 align-center\">\n          <div class=\"cell\">\n            \n<div class=\"wp-block-image\"><figure class=\"aligncenter size-large is-resized\"><img loading=\"lazy\" decoding=\"async\" src=\"https:\/\/beautytherapy.absolution-cosmetics.com\/wp-content\/uploads\/2021\/03\/jakayla-toney-dmgjBv3w8s-unsplash1-1-768x1024.jpg\" alt=\"\" class=\"wp-image-6030\" width=\"536\" height=\"714\"\/><\/figure><\/div>\n          <\/div>\n        <\/div>\n      <\/div>\n\n      <\/section>\n\n<section class=\"block-grid-wrapper block-grid-for-core-paragraph\">\n      <div class=\"default-editor-content grid-for-core-paragraph container-fluid container-px-1\">\n        <div class=\"row row-cols-1 align-center\">\n          <div class=\"cell\">\n            \n<p>Je vous partage le <strong>rituel de la douche purificatrice<\/strong>, un moment \u00e0 la fois sacr\u00e9 et doux&nbsp;:<\/p>\n          <\/div>\n        <\/div>\n      <\/div>\n\n      <\/section>\n\n<section class=\"block-grid-wrapper block-grid-for-core-paragraph\">\n      <div class=\"default-editor-content grid-for-core-paragraph container-fluid container-px-1\">\n        <div class=\"row row-cols-1 align-center\">\n          <div class=\"cell\">\n            \n<p>Entrez dans votre douche, en vous assurant que tout est propre et harmonieux. Commencez \u00e0 vous doucher en conscience, comme une m\u00e9ditation dynamique. Sentez l\u2019eau couler sur votre peau, sa chaleur, son enveloppement, sentez les muscles qui se d\u00e9tendent \u00e0 son contact, la sensation de l\u00e2cher prise et de plaisir qui s\u2019installent. Puis sentez chaque partie du corps comme purifi\u00e9e par l\u2019eau, lav\u00e9e de toutes ses tensions physiques, \u00e9motionnelles, \u00e9nerg\u00e9tiques, en vous disant mentalement \u00ab mon visage est purifi\u00e9&nbsp;\u00bb, puis descendez l\u2019attention \u00ab&nbsp; mon cou et ma gorge sont purifi\u00e9s&nbsp;\u00bb, \u00ab&nbsp;mes bras et mes mains sont purifi\u00e9s&nbsp;\u00bb etc\u2026 Visualisez toutes les choses n\u00e9gatives que vous ne souhaitez plus dans votre vie. Imaginez-les s\u2019\u00e9couler hors de vous, glisser. Soyez dans la gratitude pour cette eau qui vous lib\u00e8re.<\/p>\n          <\/div>\n        <\/div>\n      <\/div>\n\n      <\/section>\n\n<section class=\"block-grid-wrapper block-grid-for-core-paragraph\">\n      <div class=\"default-editor-content grid-for-core-paragraph container-fluid container-px-1\">\n        <div class=\"row row-cols-1 align-center\">\n          <div class=\"cell\">\n            \n<p>Pensez ensuite aux choses que vous voudriez avoir dans votre vie, et imaginez les couler sur votre t\u00eate comme une belle cascade lumineuse. Sentez une nouvelle \u00e9nergie en vous. Remerciez. Finissez le rituel en allant boire un grand verre d\u2019eau purificateur, buvez-le en conscience.<\/p>\n          <\/div>\n        <\/div>\n      <\/div>\n\n      <\/section>\n\n<section class=\"block-grid-wrapper block-grid-for-core-spacer\">\n      <div class=\"default-editor-content grid-for-core-spacer container-fluid container-px-1\">\n        <div class=\"row row-cols-1 align-center\">\n          <div class=\"cell\">\n            \n<div style=\"height:20px\" aria-hidden=\"true\" class=\"wp-block-spacer\"><\/div>\n          <\/div>\n        <\/div>\n      <\/div>\n\n      <\/section>\n\n<section class=\"block-grid-wrapper block-grid-for-core-heading\">\n      <div class=\"default-editor-content grid-for-core-heading container-fluid container-px-1\">\n        <div class=\"row row-cols-1 align-center\">\n          <div class=\"cell\">\n            \n<h3 class=\"wp-block-heading\">Rituel 2&nbsp;: le Hula hoop&nbsp;! <\/h3>\n          <\/div>\n        <\/div>\n      <\/div>\n\n      <\/section>\n\n<section class=\"block-grid-wrapper block-grid-for-core-paragraph\">\n      <div class=\"default-editor-content grid-for-core-paragraph container-fluid container-px-1\">\n        <div class=\"row row-cols-1 align-center\">\n          <div class=\"cell\">\n            \n<p>Un exercice \u00e0 la fois symbolique du mouvement cyclique de la vie mais aussi tr\u00e8s efficace d\u2019un point de vue \u00e9nerg\u00e9tique pour harmoniser notre 2eme chakra et nous dynamiser. Debout, les pieds \u00e9cart\u00e9s et bien ancr\u00e9s, le buste droit, faites des rotations des hanches, comme si vous aviez un hula hoop \u00e0 faire tourner autour de votre taille. Dans un sens, puis l\u2019autre, de fa\u00e7on lente, puis plus rapide. Rel\u00e2chez le bassin et muscles des fessiers pour gagner en fluidit\u00e9. Fermez les yeux et laisser vous porter par ce mouvement lib\u00e9rateur, joyeux et \u00e9nergisant&#8230;<\/p>\n          <\/div>\n        <\/div>\n      <\/div>\n\n      <\/section>\n\n<section class=\"block-grid-wrapper block-grid-for-core-spacer\">\n      <div class=\"default-editor-content grid-for-core-spacer container-fluid container-px-1\">\n        <div class=\"row row-cols-1 align-center\">\n          <div class=\"cell\">\n            \n<div style=\"height:20px\" aria-hidden=\"true\" class=\"wp-block-spacer\"><\/div>\n          <\/div>\n        <\/div>\n      <\/div>\n\n      <\/section>\n\n<section class=\"block-grid-wrapper block-grid-for-core-heading\">\n      <div class=\"default-editor-content grid-for-core-heading container-fluid container-px-1\">\n        <div class=\"row row-cols-1 align-center\">\n          <div class=\"cell\">\n            \n<h3 class=\"wp-block-heading\">Rituel 3&nbsp;: Et si on prolongeait ce mouvement de Hula hoop en une danse&nbsp;intuitive ? &nbsp;<\/h3>\n          <\/div>\n        <\/div>\n      <\/div>\n\n      <\/section>\n\n<section class=\"block-grid-wrapper block-grid-for-core-paragraph\">\n      <div class=\"default-editor-content grid-for-core-paragraph container-fluid container-px-1\">\n        <div class=\"row row-cols-1 align-center\">\n          <div class=\"cell\">\n            \n<p>Une musique douce et touchante&nbsp; en fond sonore, continuez des mouvements amples de bassins, les yeux ferm\u00e9s, \u00e9coutant chaque sensation. Vous pouvez maintenant vous laisser aller \u00e0 une danse fluide et sensuelle, en faisant tous les mouvements dont le corps \u00e0 besoin. C\u2019est lui qui naturellement vous am\u00e8ne vers plus de lib\u00e9ration et l\u00e2cher-prise. Laissez-faire et profitez de ce pur moment de plaisir et douceur.<\/p>\n          <\/div>\n        <\/div>\n      <\/div>\n\n      <\/section>\n\n<section class=\"block-grid-wrapper block-grid-for-core-spacer\">\n      <div class=\"default-editor-content grid-for-core-spacer container-fluid container-px-1\">\n        <div class=\"row row-cols-1 align-center\">\n          <div class=\"cell\">\n            \n<div style=\"height:20px\" aria-hidden=\"true\" class=\"wp-block-spacer\"><\/div>\n          <\/div>\n        <\/div>\n      <\/div>\n\n      <\/section>\n\n<section class=\"block-grid-wrapper block-grid-for-core-heading\">\n      <div class=\"default-editor-content grid-for-core-heading container-fluid container-px-1\">\n        <div class=\"row row-cols-1 align-center\">\n          <div class=\"cell\">\n            \n<h3 class=\"wp-block-heading\">Rituel 4 : une m\u00e9ditation sur le deuxi\u00e8me chakra<\/h3>\n          <\/div>\n        <\/div>\n      <\/div>\n\n      <\/section>\n\n<section class=\"block-grid-wrapper block-grid-for-core-paragraph\">\n      <div class=\"default-editor-content grid-for-core-paragraph container-fluid container-px-1\">\n        <div class=\"row row-cols-1 align-center\">\n          <div class=\"cell\">\n            \n<p>Installez vous confortablement, id\u00e9alement dans pr\u00e8s d\u2019une source d\u2019eau (rivi\u00e8re, lac, mer, fontaine), mais cela peut simplement \u00eatre dans un espace confortable et au calme. Vous pouvez \u00eatre assis en tailleur, ou les jambes allong\u00e9es devant vous le dos soutenu. Fermez les yeux, et laissez le corps se d\u00e9tendre au rythme de la <a href=\"https:\/\/beautytherapy.absolution-cosmetics.com\/fr\/bien-etre\/medecines-alternatives\/sophrologie-a-emporter\/\">respiration<\/a>&nbsp;; le souffle traverse doucement le corps, comme une caresse int\u00e9rieure.<\/p>\n          <\/div>\n        <\/div>\n      <\/div>\n\n      <\/section>\n\n<section class=\"block-grid-wrapper block-grid-for-core-image\">\n      <div class=\"default-editor-content grid-for-core-image container-fluid container-px-1\">\n        <div class=\"row row-cols-1 align-center\">\n          <div class=\"cell\">\n            \n<div class=\"wp-block-image\"><figure class=\"aligncenter size-large is-resized\"><img loading=\"lazy\" decoding=\"async\" src=\"https:\/\/beautytherapy.absolution-cosmetics.com\/wp-content\/uploads\/2021\/03\/evie-s-cmbbwn-2Ilw-unsplash-684x1024.jpg\" alt=\"\" class=\"wp-image-6032\" width=\"522\" height=\"782\"\/><\/figure><\/div>\n          <\/div>\n        <\/div>\n      <\/div>\n\n      <\/section>\n\n<section class=\"block-grid-wrapper block-grid-for-core-paragraph\">\n      <div class=\"default-editor-content grid-for-core-paragraph container-fluid container-px-1\">\n        <div class=\"row row-cols-1 align-center\">\n          <div class=\"cell\">\n            \n<p>Concentrez-vous maintenant&nbsp; sur le bas du ventre, un peu en dessous du nombril, o\u00f9 vous visualisez un grand soleil orange , chaud, r\u00e9confortant&nbsp;: votre r\u00e9serve d\u2019\u00e9nergie vitale. A chaque inspiration vous sentez ce soleil grandir un peu plus dans le ventre, briller un peu plus&nbsp;: votre force cr\u00e9ative et votre f\u00e9minin sacr\u00e9 s\u2019active. A chaque expiration vous envoyez cette lumi\u00e8re orange dans tous le corps, pour que chaque cellule puisse s\u2019impr\u00e9gner de joie, d\u2019\u00e9nergie de vie et de plaisir. Soyez \u00e0 l\u2019\u00e9coute de toutes les sensations, toutes les \u00e9motions, les images qui passent, toujours avec bienveillance. Rester le temps souhait\u00e9&nbsp;; baign\u00e9 de cette belle lumi\u00e8re orange qui vous enveloppe.<\/p>\n          <\/div>\n        <\/div>\n      <\/div>\n\n      <\/section>\n\n<section class=\"block-grid-wrapper block-grid-for-core-paragraph\">\n      <div class=\"default-editor-content grid-for-core-paragraph container-fluid container-px-1\">\n        <div class=\"row row-cols-1 align-center\">\n          <div class=\"cell\">\n            \n<p>Revenez tout doucement apr\u00e8s plusieurs minutes, en respirant pleinement. Sentez la vie couler en vous et dites lui merci en souriant.&nbsp;<\/p>\n          <\/div>\n        <\/div>\n      <\/div>\n\n      <\/section>\n\n<section class=\"block-grid-wrapper block-grid-for-core-paragraph\">\n      <div class=\"default-editor-content grid-for-core-paragraph container-fluid container-px-1\">\n        <div class=\"row row-cols-1 align-center\">\n          <div class=\"cell\">\n            \n<p class=\"has-text-align-center\"><strong>Prenez soin de vous et on se retrouve le mois prochain. <\/strong><\/p>\n          <\/div>\n        <\/div>\n      <\/div>\n\n      <\/section>","protected":false},"excerpt":{"rendered":"<p>Terre, Eau, Feu, Air ou encore Ether, chaque mois je vous donne rendez-vous pour explorer un des \u00e9l\u00e9ments de notre maison int\u00e9rieure, l\u2019identifier, le comprendre, en prendre soin avec des conseils et rituels doux et&nbsp;bienfaisants. A toi, l\u2019EAU, qui m\u2019anime, m\u2018enveloppe et me nettoie de toutes mes maux, Berce moi comme la m\u00e8re berce son [&hellip;]<\/p>\n","protected":false},"author":23,"featured_media":6034,"comment_status":"open","ping_status":"open","sticky":false,"template":"","format":"standard","meta":{"_acf_changed":false,"footnotes":""},"categories":[995,996],"tags":[],"class_list":["post-6022","post","type-post","status-publish","format-standard","has-post-thumbnail","hentry","category-bien-etre","category-spiritualite-2"],"acf":[],"yoast_head":"<!-- This site is optimized with the Yoast SEO plugin v27.5 - https:\/\/yoast.com\/product\/yoast-seo-wordpress\/ -->\n<title>Petit pr\u00e9cis d&#039;\u00e9cologie int\u00e9rieure - Chapitre 2 : Prenons soin de notre Eau<\/title>\n<meta name=\"description\" content=\"On retrouve Alice Vivian pour explorer un des \u00e9l\u00e9ments de notre maison int\u00e9rieure : L&#039;Eau. Elle nous apprend \u00e0 en prendre soin avec des conseils et rituels doux et bienfaisants.\" \/>\n<meta name=\"robots\" content=\"index, follow, max-snippet:-1, max-image-preview:large, max-video-preview:-1\" \/>\n<link rel=\"canonical\" href=\"https:\/\/beautytherapy.absolution-cosmetics.com\/fr\/bien-etre\/ecologie-interieure-eau\/\" \/>\n<meta property=\"og:locale\" content=\"fr_FR\" \/>\n<meta property=\"og:type\" content=\"article\" \/>\n<meta property=\"og:title\" content=\"Petit pr\u00e9cis d&#039;\u00e9cologie int\u00e9rieure - Chapitre 2 : Prenons soin de notre Eau\" \/>\n<meta property=\"og:description\" content=\"On retrouve Alice Vivian pour explorer un des \u00e9l\u00e9ments de notre maison int\u00e9rieure : L&#039;Eau. Elle nous apprend \u00e0 en prendre soin avec des conseils et rituels doux et bienfaisants.\" \/>\n<meta property=\"og:url\" content=\"https:\/\/beautytherapy.absolution-cosmetics.com\/fr\/bien-etre\/ecologie-interieure-eau\/\" \/>\n<meta property=\"og:site_name\" content=\"Beauty Therapy\" \/>\n<meta property=\"article:author\" content=\"https:\/\/www.facebook.com\/alicevivianyoga\/\" \/>\n<meta property=\"article:published_time\" content=\"2021-03-22T14:53:54+00:00\" \/>\n<meta property=\"article:modified_time\" content=\"2024-12-09T07:40:17+00:00\" \/>\n<meta property=\"og:image\" content=\"https:\/\/beautytherapy.absolution-cosmetics.com\/wp-content\/uploads\/2021\/03\/Cover-Article-29.png\" \/>\n\t<meta property=\"og:image:width\" content=\"1500\" \/>\n\t<meta property=\"og:image:height\" content=\"1000\" \/>\n\t<meta property=\"og:image:type\" content=\"image\/png\" \/>\n<meta name=\"author\" content=\"Alice Vivian\" \/>\n<meta name=\"twitter:card\" content=\"summary_large_image\" \/>\n<meta name=\"twitter:label1\" content=\"\u00c9crit par\" \/>\n\t<meta name=\"twitter:data1\" content=\"Alice Vivian\" \/>\n\t<meta name=\"twitter:label2\" content=\"Dur\u00e9e de lecture estim\u00e9e\" \/>\n\t<meta name=\"twitter:data2\" content=\"6 minutes\" \/>\n<script type=\"application\/ld+json\" class=\"yoast-schema-graph\">{\"@context\":\"https:\\\/\\\/schema.org\",\"@graph\":[{\"@type\":\"Article\",\"@id\":\"https:\\\/\\\/beautytherapy.absolution-cosmetics.com\\\/fr\\\/bien-etre\\\/ecologie-interieure-eau\\\/#article\",\"isPartOf\":{\"@id\":\"https:\\\/\\\/beautytherapy.absolution-cosmetics.com\\\/fr\\\/bien-etre\\\/ecologie-interieure-eau\\\/\"},\"author\":{\"name\":\"Alice Vivian\",\"@id\":\"https:\\\/\\\/beautytherapy.absolution-cosmetics.com\\\/fr\\\/#\\\/schema\\\/person\\\/8c78959482ff0299b9872777e4d71413\"},\"headline\":\"Petit pr\u00e9cis d&rsquo;\u00e9cologie int\u00e9rieure &#8211; Chapitre 2 : Prenons soin de notre Eau, F\u00e9minin et cr\u00e9ativit\u00e9\",\"datePublished\":\"2021-03-22T14:53:54+00:00\",\"dateModified\":\"2024-12-09T07:40:17+00:00\",\"mainEntityOfPage\":{\"@id\":\"https:\\\/\\\/beautytherapy.absolution-cosmetics.com\\\/fr\\\/bien-etre\\\/ecologie-interieure-eau\\\/\"},\"wordCount\":1253,\"commentCount\":0,\"publisher\":{\"@id\":\"https:\\\/\\\/beautytherapy.absolution-cosmetics.com\\\/fr\\\/#organization\"},\"image\":{\"@id\":\"https:\\\/\\\/beautytherapy.absolution-cosmetics.com\\\/fr\\\/bien-etre\\\/ecologie-interieure-eau\\\/#primaryimage\"},\"thumbnailUrl\":\"https:\\\/\\\/beautytherapy.absolution-cosmetics.com\\\/wp-content\\\/uploads\\\/2021\\\/03\\\/Cover-Article-29.png\",\"articleSection\":[\"Bien-\u00eatre\",\"Spiritualit\u00e9\"],\"inLanguage\":\"fr-FR\",\"potentialAction\":[{\"@type\":\"CommentAction\",\"name\":\"Comment\",\"target\":[\"https:\\\/\\\/beautytherapy.absolution-cosmetics.com\\\/fr\\\/bien-etre\\\/ecologie-interieure-eau\\\/#respond\"]}]},{\"@type\":\"WebPage\",\"@id\":\"https:\\\/\\\/beautytherapy.absolution-cosmetics.com\\\/fr\\\/bien-etre\\\/ecologie-interieure-eau\\\/\",\"url\":\"https:\\\/\\\/beautytherapy.absolution-cosmetics.com\\\/fr\\\/bien-etre\\\/ecologie-interieure-eau\\\/\",\"name\":\"Petit pr\u00e9cis d'\u00e9cologie int\u00e9rieure - Chapitre 2 : Prenons soin de notre Eau\",\"isPartOf\":{\"@id\":\"https:\\\/\\\/beautytherapy.absolution-cosmetics.com\\\/fr\\\/#website\"},\"primaryImageOfPage\":{\"@id\":\"https:\\\/\\\/beautytherapy.absolution-cosmetics.com\\\/fr\\\/bien-etre\\\/ecologie-interieure-eau\\\/#primaryimage\"},\"image\":{\"@id\":\"https:\\\/\\\/beautytherapy.absolution-cosmetics.com\\\/fr\\\/bien-etre\\\/ecologie-interieure-eau\\\/#primaryimage\"},\"thumbnailUrl\":\"https:\\\/\\\/beautytherapy.absolution-cosmetics.com\\\/wp-content\\\/uploads\\\/2021\\\/03\\\/Cover-Article-29.png\",\"datePublished\":\"2021-03-22T14:53:54+00:00\",\"dateModified\":\"2024-12-09T07:40:17+00:00\",\"description\":\"On retrouve Alice Vivian pour explorer un des \u00e9l\u00e9ments de notre maison int\u00e9rieure : L'Eau. Elle nous apprend \u00e0 en prendre soin avec des conseils et rituels doux et bienfaisants.\",\"breadcrumb\":{\"@id\":\"https:\\\/\\\/beautytherapy.absolution-cosmetics.com\\\/fr\\\/bien-etre\\\/ecologie-interieure-eau\\\/#breadcrumb\"},\"inLanguage\":\"fr-FR\",\"potentialAction\":[{\"@type\":\"ReadAction\",\"target\":[\"https:\\\/\\\/beautytherapy.absolution-cosmetics.com\\\/fr\\\/bien-etre\\\/ecologie-interieure-eau\\\/\"]}]},{\"@type\":\"ImageObject\",\"inLanguage\":\"fr-FR\",\"@id\":\"https:\\\/\\\/beautytherapy.absolution-cosmetics.com\\\/fr\\\/bien-etre\\\/ecologie-interieure-eau\\\/#primaryimage\",\"url\":\"https:\\\/\\\/beautytherapy.absolution-cosmetics.com\\\/wp-content\\\/uploads\\\/2021\\\/03\\\/Cover-Article-29.png\",\"contentUrl\":\"https:\\\/\\\/beautytherapy.absolution-cosmetics.com\\\/wp-content\\\/uploads\\\/2021\\\/03\\\/Cover-Article-29.png\",\"width\":1500,\"height\":1000},{\"@type\":\"BreadcrumbList\",\"@id\":\"https:\\\/\\\/beautytherapy.absolution-cosmetics.com\\\/fr\\\/bien-etre\\\/ecologie-interieure-eau\\\/#breadcrumb\",\"itemListElement\":[{\"@type\":\"ListItem\",\"position\":1,\"name\":\"Home\",\"item\":\"https:\\\/\\\/beautytherapy.absolution-cosmetics.com\\\/fr\\\/\"},{\"@type\":\"ListItem\",\"position\":2,\"name\":\"Bien-\u00eatre\",\"item\":\"https:\\\/\\\/beautytherapy.absolution-cosmetics.com\\\/fr\\\/bien-etre\\\/\"},{\"@type\":\"ListItem\",\"position\":3,\"name\":\"Spiritualit\u00e9\",\"item\":\"https:\\\/\\\/beautytherapy.absolution-cosmetics.com\\\/fr\\\/bien-etre\\\/spiritualite-2\\\/\"},{\"@type\":\"ListItem\",\"position\":4,\"name\":\"Petit pr\u00e9cis d&#8217;\u00e9cologie int\u00e9rieure &#8211; Chapitre 2 : Prenons soin de notre Eau, F\u00e9minin et cr\u00e9ativit\u00e9\"}]},{\"@type\":\"WebSite\",\"@id\":\"https:\\\/\\\/beautytherapy.absolution-cosmetics.com\\\/fr\\\/#website\",\"url\":\"https:\\\/\\\/beautytherapy.absolution-cosmetics.com\\\/fr\\\/\",\"name\":\"Beauty Therapy\",\"description\":\"\",\"publisher\":{\"@id\":\"https:\\\/\\\/beautytherapy.absolution-cosmetics.com\\\/fr\\\/#organization\"},\"inLanguage\":\"fr-FR\"},{\"@type\":\"Organization\",\"@id\":\"https:\\\/\\\/beautytherapy.absolution-cosmetics.com\\\/fr\\\/#organization\",\"name\":\"Beauty Therapy\",\"url\":\"https:\\\/\\\/beautytherapy.absolution-cosmetics.com\\\/fr\\\/\",\"logo\":{\"@type\":\"ImageObject\",\"inLanguage\":\"fr-FR\",\"@id\":\"https:\\\/\\\/beautytherapy.absolution-cosmetics.com\\\/fr\\\/#\\\/schema\\\/logo\\\/image\\\/\",\"url\":\"https:\\\/\\\/beautytherapy.absolution-cosmetics.com\\\/wp-content\\\/uploads\\\/2020\\\/02\\\/beauty-therapy-logo.png\",\"contentUrl\":\"https:\\\/\\\/beautytherapy.absolution-cosmetics.com\\\/wp-content\\\/uploads\\\/2020\\\/02\\\/beauty-therapy-logo.png\",\"width\":424,\"height\":212,\"caption\":\"Beauty Therapy\"},\"image\":{\"@id\":\"https:\\\/\\\/beautytherapy.absolution-cosmetics.com\\\/fr\\\/#\\\/schema\\\/logo\\\/image\\\/\"}},{\"@type\":\"Person\",\"@id\":\"https:\\\/\\\/beautytherapy.absolution-cosmetics.com\\\/fr\\\/#\\\/schema\\\/person\\\/8c78959482ff0299b9872777e4d71413\",\"name\":\"Alice Vivian\",\"description\":\"Lecturer, consultant in social innovation and corporate wellness, Alice is a certified yoga teacher, she teaches yoga-therapy, mindfulness and NVC (non-violent communication). She is also the founder of Mojom. Passionate also about neuroscience applied to the talent activation, she mixes these disciplines in order to imagine new forms of pedagogy based on a \\\"head, heart and body\\\" approach. Stress management, well-being at work, body and leadership... She founded in 2018 the Mojom concept and company where she aims to bring empowerment and well-being tools to accompany changes. Her research topics: \\\"The future of work\\\", \\\"The urgency of deceleration\\\" and \\\"Reconnecting Body - Mind: new pedagogies for tomorrow\\\". She also devotes time to the associative world where she shares the benefits of yoga with people in physical or social precariousness. Find out more about Alice through her Beauty Interview just here and follow her on Instagram @alice_and_wonderlands or @mojom.fr where she shares all her wellness tips. Passionn\u00e9e \u00e9galement de neurosciences appliqu\u00e9es \u00e0 l\u2019activation des talents, Alice m\u00eale ces disciplines afin d\u2019imaginer de nouvelles formes de p\u00e9dagogies bas\u00e9es sur une approche \u00ab t\u00eate, coeur et corps \u00bb. Gestion du stress, mieux-\u00eatre au travail, corps et leadership\u2026 elle a fond\u00e9 en 2018 le concept et la soci\u00e9t\u00e9 Mojom o\u00f9 elle travaille \u00e0 apporter des outils d'empowerment et de bien-\u00eatre pour accompagner le changement. Ses sujets de recherche : \u00ab Le futur du travail \u00bb, \u00ab De l'urgence de la d\u00e9c\u00e9l\u00e9ration \u00bb et \u00ab Reconnexion Corps - Esprit : nouvelles p\u00e9dagogies pour demain \u00bb. Alice consacre \u00e9galement du temps au monde associatif o\u00f9 je partage les b\u00e9n\u00e9fices du yoga \u00e0 des publics en pr\u00e9carit\u00e9 physique ou sociale. Retrouvez la Beauty Interview d'Alice juste ici et suivez la sur Instagram @alice_and_wonderlands ou sur @mojom.fr o\u00f9 elle partage plein d'autres conseils et astuces bien-\u00eatre.\",\"sameAs\":[\"http:\\\/\\\/www.alice-vivian.com\",\"https:\\\/\\\/www.facebook.com\\\/alicevivianyoga\\\/\",\"https:\\\/\\\/www.instagram.com\\\/alice_and_wonderlands\\\/\"],\"url\":\"https:\\\/\\\/beautytherapy.absolution-cosmetics.com\\\/fr\\\/author\\\/alice-vivian\\\/\"}]}<\/script>\n<!-- \/ Yoast SEO plugin. -->","yoast_head_json":{"title":"Petit pr\u00e9cis d'\u00e9cologie int\u00e9rieure - Chapitre 2 : Prenons soin de notre Eau","description":"On retrouve Alice Vivian pour explorer un des \u00e9l\u00e9ments de notre maison int\u00e9rieure : L'Eau. Elle nous apprend \u00e0 en prendre soin avec des conseils et rituels doux et bienfaisants.","robots":{"index":"index","follow":"follow","max-snippet":"max-snippet:-1","max-image-preview":"max-image-preview:large","max-video-preview":"max-video-preview:-1"},"canonical":"https:\/\/beautytherapy.absolution-cosmetics.com\/fr\/bien-etre\/ecologie-interieure-eau\/","og_locale":"fr_FR","og_type":"article","og_title":"Petit pr\u00e9cis d'\u00e9cologie int\u00e9rieure - Chapitre 2 : Prenons soin de notre Eau","og_description":"On retrouve Alice Vivian pour explorer un des \u00e9l\u00e9ments de notre maison int\u00e9rieure : L'Eau. Elle nous apprend \u00e0 en prendre soin avec des conseils et rituels doux et bienfaisants.","og_url":"https:\/\/beautytherapy.absolution-cosmetics.com\/fr\/bien-etre\/ecologie-interieure-eau\/","og_site_name":"Beauty Therapy","article_author":"https:\/\/www.facebook.com\/alicevivianyoga\/","article_published_time":"2021-03-22T14:53:54+00:00","article_modified_time":"2024-12-09T07:40:17+00:00","og_image":[{"width":1500,"height":1000,"url":"https:\/\/beautytherapy.absolution-cosmetics.com\/wp-content\/uploads\/2021\/03\/Cover-Article-29.png","type":"image\/png"}],"author":"Alice Vivian","twitter_card":"summary_large_image","twitter_misc":{"\u00c9crit par":"Alice Vivian","Dur\u00e9e de lecture estim\u00e9e":"6 minutes"},"schema":{"@context":"https:\/\/schema.org","@graph":[{"@type":"Article","@id":"https:\/\/beautytherapy.absolution-cosmetics.com\/fr\/bien-etre\/ecologie-interieure-eau\/#article","isPartOf":{"@id":"https:\/\/beautytherapy.absolution-cosmetics.com\/fr\/bien-etre\/ecologie-interieure-eau\/"},"author":{"name":"Alice Vivian","@id":"https:\/\/beautytherapy.absolution-cosmetics.com\/fr\/#\/schema\/person\/8c78959482ff0299b9872777e4d71413"},"headline":"Petit pr\u00e9cis d&rsquo;\u00e9cologie int\u00e9rieure &#8211; Chapitre 2 : Prenons soin de notre Eau, F\u00e9minin et cr\u00e9ativit\u00e9","datePublished":"2021-03-22T14:53:54+00:00","dateModified":"2024-12-09T07:40:17+00:00","mainEntityOfPage":{"@id":"https:\/\/beautytherapy.absolution-cosmetics.com\/fr\/bien-etre\/ecologie-interieure-eau\/"},"wordCount":1253,"commentCount":0,"publisher":{"@id":"https:\/\/beautytherapy.absolution-cosmetics.com\/fr\/#organization"},"image":{"@id":"https:\/\/beautytherapy.absolution-cosmetics.com\/fr\/bien-etre\/ecologie-interieure-eau\/#primaryimage"},"thumbnailUrl":"https:\/\/beautytherapy.absolution-cosmetics.com\/wp-content\/uploads\/2021\/03\/Cover-Article-29.png","articleSection":["Bien-\u00eatre","Spiritualit\u00e9"],"inLanguage":"fr-FR","potentialAction":[{"@type":"CommentAction","name":"Comment","target":["https:\/\/beautytherapy.absolution-cosmetics.com\/fr\/bien-etre\/ecologie-interieure-eau\/#respond"]}]},{"@type":"WebPage","@id":"https:\/\/beautytherapy.absolution-cosmetics.com\/fr\/bien-etre\/ecologie-interieure-eau\/","url":"https:\/\/beautytherapy.absolution-cosmetics.com\/fr\/bien-etre\/ecologie-interieure-eau\/","name":"Petit pr\u00e9cis d'\u00e9cologie int\u00e9rieure - Chapitre 2 : Prenons soin de notre Eau","isPartOf":{"@id":"https:\/\/beautytherapy.absolution-cosmetics.com\/fr\/#website"},"primaryImageOfPage":{"@id":"https:\/\/beautytherapy.absolution-cosmetics.com\/fr\/bien-etre\/ecologie-interieure-eau\/#primaryimage"},"image":{"@id":"https:\/\/beautytherapy.absolution-cosmetics.com\/fr\/bien-etre\/ecologie-interieure-eau\/#primaryimage"},"thumbnailUrl":"https:\/\/beautytherapy.absolution-cosmetics.com\/wp-content\/uploads\/2021\/03\/Cover-Article-29.png","datePublished":"2021-03-22T14:53:54+00:00","dateModified":"2024-12-09T07:40:17+00:00","description":"On retrouve Alice Vivian pour explorer un des \u00e9l\u00e9ments de notre maison int\u00e9rieure : L'Eau. Elle nous apprend \u00e0 en prendre soin avec des conseils et rituels doux et bienfaisants.","breadcrumb":{"@id":"https:\/\/beautytherapy.absolution-cosmetics.com\/fr\/bien-etre\/ecologie-interieure-eau\/#breadcrumb"},"inLanguage":"fr-FR","potentialAction":[{"@type":"ReadAction","target":["https:\/\/beautytherapy.absolution-cosmetics.com\/fr\/bien-etre\/ecologie-interieure-eau\/"]}]},{"@type":"ImageObject","inLanguage":"fr-FR","@id":"https:\/\/beautytherapy.absolution-cosmetics.com\/fr\/bien-etre\/ecologie-interieure-eau\/#primaryimage","url":"https:\/\/beautytherapy.absolution-cosmetics.com\/wp-content\/uploads\/2021\/03\/Cover-Article-29.png","contentUrl":"https:\/\/beautytherapy.absolution-cosmetics.com\/wp-content\/uploads\/2021\/03\/Cover-Article-29.png","width":1500,"height":1000},{"@type":"BreadcrumbList","@id":"https:\/\/beautytherapy.absolution-cosmetics.com\/fr\/bien-etre\/ecologie-interieure-eau\/#breadcrumb","itemListElement":[{"@type":"ListItem","position":1,"name":"Home","item":"https:\/\/beautytherapy.absolution-cosmetics.com\/fr\/"},{"@type":"ListItem","position":2,"name":"Bien-\u00eatre","item":"https:\/\/beautytherapy.absolution-cosmetics.com\/fr\/bien-etre\/"},{"@type":"ListItem","position":3,"name":"Spiritualit\u00e9","item":"https:\/\/beautytherapy.absolution-cosmetics.com\/fr\/bien-etre\/spiritualite-2\/"},{"@type":"ListItem","position":4,"name":"Petit pr\u00e9cis d&#8217;\u00e9cologie int\u00e9rieure &#8211; Chapitre 2 : Prenons soin de notre Eau, F\u00e9minin et cr\u00e9ativit\u00e9"}]},{"@type":"WebSite","@id":"https:\/\/beautytherapy.absolution-cosmetics.com\/fr\/#website","url":"https:\/\/beautytherapy.absolution-cosmetics.com\/fr\/","name":"Beauty Therapy","description":"","publisher":{"@id":"https:\/\/beautytherapy.absolution-cosmetics.com\/fr\/#organization"},"inLanguage":"fr-FR"},{"@type":"Organization","@id":"https:\/\/beautytherapy.absolution-cosmetics.com\/fr\/#organization","name":"Beauty Therapy","url":"https:\/\/beautytherapy.absolution-cosmetics.com\/fr\/","logo":{"@type":"ImageObject","inLanguage":"fr-FR","@id":"https:\/\/beautytherapy.absolution-cosmetics.com\/fr\/#\/schema\/logo\/image\/","url":"https:\/\/beautytherapy.absolution-cosmetics.com\/wp-content\/uploads\/2020\/02\/beauty-therapy-logo.png","contentUrl":"https:\/\/beautytherapy.absolution-cosmetics.com\/wp-content\/uploads\/2020\/02\/beauty-therapy-logo.png","width":424,"height":212,"caption":"Beauty Therapy"},"image":{"@id":"https:\/\/beautytherapy.absolution-cosmetics.com\/fr\/#\/schema\/logo\/image\/"}},{"@type":"Person","@id":"https:\/\/beautytherapy.absolution-cosmetics.com\/fr\/#\/schema\/person\/8c78959482ff0299b9872777e4d71413","name":"Alice Vivian","description":"Lecturer, consultant in social innovation and corporate wellness, Alice is a certified yoga teacher, she teaches yoga-therapy, mindfulness and NVC (non-violent communication). She is also the founder of Mojom. Passionate also about neuroscience applied to the talent activation, she mixes these disciplines in order to imagine new forms of pedagogy based on a \"head, heart and body\" approach. Stress management, well-being at work, body and leadership... She founded in 2018 the Mojom concept and company where she aims to bring empowerment and well-being tools to accompany changes. Her research topics: \"The future of work\", \"The urgency of deceleration\" and \"Reconnecting Body - Mind: new pedagogies for tomorrow\". She also devotes time to the associative world where she shares the benefits of yoga with people in physical or social precariousness. Find out more about Alice through her Beauty Interview just here and follow her on Instagram @alice_and_wonderlands or @mojom.fr where she shares all her wellness tips. Passionn\u00e9e \u00e9galement de neurosciences appliqu\u00e9es \u00e0 l\u2019activation des talents, Alice m\u00eale ces disciplines afin d\u2019imaginer de nouvelles formes de p\u00e9dagogies bas\u00e9es sur une approche \u00ab t\u00eate, coeur et corps \u00bb. Gestion du stress, mieux-\u00eatre au travail, corps et leadership\u2026 elle a fond\u00e9 en 2018 le concept et la soci\u00e9t\u00e9 Mojom o\u00f9 elle travaille \u00e0 apporter des outils d'empowerment et de bien-\u00eatre pour accompagner le changement. Ses sujets de recherche : \u00ab Le futur du travail \u00bb, \u00ab De l'urgence de la d\u00e9c\u00e9l\u00e9ration \u00bb et \u00ab Reconnexion Corps - Esprit : nouvelles p\u00e9dagogies pour demain \u00bb. Alice consacre \u00e9galement du temps au monde associatif o\u00f9 je partage les b\u00e9n\u00e9fices du yoga \u00e0 des publics en pr\u00e9carit\u00e9 physique ou sociale. Retrouvez la Beauty Interview d'Alice juste ici et suivez la sur Instagram @alice_and_wonderlands ou sur @mojom.fr o\u00f9 elle partage plein d'autres conseils et astuces bien-\u00eatre.","sameAs":["http:\/\/www.alice-vivian.com","https:\/\/www.facebook.com\/alicevivianyoga\/","https:\/\/www.instagram.com\/alice_and_wonderlands\/"],"url":"https:\/\/beautytherapy.absolution-cosmetics.com\/fr\/author\/alice-vivian\/"}]}},"_links":{"self":[{"href":"https:\/\/beautytherapy.absolution-cosmetics.com\/fr\/wp-json\/wp\/v2\/posts\/6022","targetHints":{"allow":["GET"]}}],"collection":[{"href":"https:\/\/beautytherapy.absolution-cosmetics.com\/fr\/wp-json\/wp\/v2\/posts"}],"about":[{"href":"https:\/\/beautytherapy.absolution-cosmetics.com\/fr\/wp-json\/wp\/v2\/types\/post"}],"author":[{"embeddable":true,"href":"https:\/\/beautytherapy.absolution-cosmetics.com\/fr\/wp-json\/wp\/v2\/users\/23"}],"replies":[{"embeddable":true,"href":"https:\/\/beautytherapy.absolution-cosmetics.com\/fr\/wp-json\/wp\/v2\/comments?post=6022"}],"version-history":[{"count":9,"href":"https:\/\/beautytherapy.absolution-cosmetics.com\/fr\/wp-json\/wp\/v2\/posts\/6022\/revisions"}],"predecessor-version":[{"id":24284,"href":"https:\/\/beautytherapy.absolution-cosmetics.com\/fr\/wp-json\/wp\/v2\/posts\/6022\/revisions\/24284"}],"wp:featuredmedia":[{"embeddable":true,"href":"https:\/\/beautytherapy.absolution-cosmetics.com\/fr\/wp-json\/wp\/v2\/media\/6034"}],"wp:attachment":[{"href":"https:\/\/beautytherapy.absolution-cosmetics.com\/fr\/wp-json\/wp\/v2\/media?parent=6022"}],"wp:term":[{"taxonomy":"category","embeddable":true,"href":"https:\/\/beautytherapy.absolution-cosmetics.com\/fr\/wp-json\/wp\/v2\/categories?post=6022"},{"taxonomy":"post_tag","embeddable":true,"href":"https:\/\/beautytherapy.absolution-cosmetics.com\/fr\/wp-json\/wp\/v2\/tags?post=6022"}],"curies":[{"name":"wp","href":"https:\/\/api.w.org\/{rel}","templated":true}]}}