{"id":6323,"date":"2021-04-06T16:13:58","date_gmt":"2021-04-06T14:13:58","guid":{"rendered":"https:\/\/beautytherapy.absolution-cosmetics.com\/?p=6323"},"modified":"2024-12-09T08:36:29","modified_gmt":"2024-12-09T07:36:29","slug":"f-flute","status":"publish","type":"post","link":"https:\/\/beautytherapy.absolution-cosmetics.com\/fr\/bien-etre\/f-flute\/","title":{"rendered":"F comme Fl\u00fbte"},"content":{"rendered":"<section class=\"block-grid-wrapper block-grid-for-core-paragraph\">\n      <div class=\"default-editor-content grid-for-core-paragraph container-fluid container-px-1\">\n        <div class=\"row row-cols-1 align-center\">\n          <div class=\"cell\">\n            \n<p><strong>Pour \u00e9voquer la Beaut\u00e9, <a href=\"https:\/\/beautytherapy.absolution-cosmetics.com\/fr\/author\/patrick-jouffret\/\r\">Patrick Jouffret<\/a>, designer fran\u00e7ais, a choisi de parler d\u2019objets cr\u00e9\u00e9s par l\u2019humain pour accomplir ses r\u00eaves. Selon lui, au-del\u00e0 des modes et des statuts, ils embellissent la fonction, rythment notre histoire et l\u2019\u00e9volution de nos besoins. A travers cette s\u00e9lection subjective, sous la forme d\u2019un ab\u00e9c\u00e9daire, Patrick a la volont\u00e9 d&rsquo;explorer leur dimension cach\u00e9e qui en font des pi\u00e8ces uniques, intemporelles et essentielles.<\/strong> <strong>Apr\u00e8s la lettre E (<a href=\"https:\/\/beautytherapy.absolution-cosmetics.com\/fr\/bien-etre\/e-encrier\/\">comme Encrier)<\/a>, place \u00e0 la lettre F&#8230; comme Fl\u00fbte !<\/strong><\/p>\n          <\/div>\n        <\/div>\n      <\/div>\n\n      <\/section>\n\n<section class=\"block-grid-wrapper block-grid-for-core-paragraph\">\n      <div class=\"default-editor-content grid-for-core-paragraph container-fluid container-px-1\">\n        <div class=\"row row-cols-1 align-center\">\n          <div class=\"cell\">\n            \n<p>Dans l\u2019actuelle Colombie, il y a 6000 ans, les habitants de la c\u00f4te cara\u00efbe ont d\u00e9velopp\u00e9 une grande culture hydraulique leur permettant de ma\u00eetriser les inondations et de pr\u00e9server de larges plaines pour leurs habitations.<\/p>\n          <\/div>\n        <\/div>\n      <\/div>\n\n      <\/section>\n\n<section class=\"block-grid-wrapper block-grid-for-core-paragraph\">\n      <div class=\"default-editor-content grid-for-core-paragraph container-fluid container-px-1\">\n        <div class=\"row row-cols-1 align-center\">\n          <div class=\"cell\">\n            \n<p>Ce peuple, les Zen\u00fa, avait essentiellement pour moyen de subsistance la p\u00eache, la chasse, l\u2019agriculture et la collecte d&rsquo;aliments v\u00e9g\u00e9taux. Leurs groupes \u00e9taient dirig\u00e9s indiff\u00e9remment par des femmes ou des hommes. Le professeur Jes\u00fas Antonio Qui\u00f1ones d\u00e9crit le peuple indig\u00e8ne Zen\u00fa jouant avec des coquillages et des fl\u00fbtes de c\u00e9r\u00e9monie en groupes berc\u00e9s par le balancement de l&rsquo;eau la berceuse de leurs chansons.<\/p>\n          <\/div>\n        <\/div>\n      <\/div>\n\n      <\/section>\n\n<section class=\"block-grid-wrapper block-grid-for-core-image\">\n      <div class=\"default-editor-content grid-for-core-image container-fluid container-px-1\">\n        <div class=\"row row-cols-1 align-center\">\n          <div class=\"cell\">\n            \n<figure class=\"wp-block-image aligncenter size-large is-resized\"><img loading=\"lazy\" decoding=\"async\" width=\"448\" height=\"324\" src=\"https:\/\/beautytherapy.absolution-cosmetics.com\/wp-content\/uploads\/2021\/04\/95697503_1396968190497938_2946795839382618112_n.jpg\" alt=\"\" class=\"wp-image-6327\" style=\"width:559px;height:405px\" srcset=\"https:\/\/beautytherapy.absolution-cosmetics.com\/wp-content\/uploads\/2021\/04\/95697503_1396968190497938_2946795839382618112_n.jpg 448w, https:\/\/beautytherapy.absolution-cosmetics.com\/wp-content\/uploads\/2021\/04\/95697503_1396968190497938_2946795839382618112_n-300x217-512c1e2135f8.jpg 300w\" sizes=\"auto, (max-width: 448px) 100vw, 448px\" \/><\/figure>\n          <\/div>\n        <\/div>\n      <\/div>\n\n      <\/section>\n\n<section class=\"block-grid-wrapper block-grid-for-core-spacer\">\n      <div class=\"default-editor-content grid-for-core-spacer container-fluid container-px-1\">\n        <div class=\"row row-cols-1 align-center\">\n          <div class=\"cell\">\n            \n<div style=\"height:20px\" aria-hidden=\"true\" class=\"wp-block-spacer\"><\/div>\n          <\/div>\n        <\/div>\n      <\/div>\n\n      <\/section>\n\n<section class=\"block-grid-wrapper block-grid-for-core-paragraph\">\n      <div class=\"default-editor-content grid-for-core-paragraph container-fluid container-px-1\">\n        <div class=\"row row-cols-1 align-center\">\n          <div class=\"cell\">\n            \n<p>Pendant pr\u00e8s de deux mille ans, ils \u00e9rig\u00e8rent un syst\u00e8me de canaux entre la rivi\u00e8re San Jorge, le Rio Magdalena et la rivi\u00e8re Yuma couvrant ainsi 600 000 hectares. Dans cet environnement, ils d\u00e9velopp\u00e8rent l\u2019orf\u00e8vrerie et la poterie jusqu&rsquo;\u00e0 cr\u00e9er l\u2019une des plus anciennes c\u00e9ramiques connues en Colombie.<\/p>\n          <\/div>\n        <\/div>\n      <\/div>\n\n      <\/section>\n\n<section class=\"block-grid-wrapper block-grid-for-core-paragraph\">\n      <div class=\"default-editor-content grid-for-core-paragraph container-fluid container-px-1\">\n        <div class=\"row row-cols-1 align-center\">\n          <div class=\"cell\">\n            \n<p>R\u00e9alis\u00e9es dans la tradition Inca, ces poteries se caract\u00e9risent par des formes sobres, sans distinction de niveau social que ce soit pour un rituel ou un usage domestique. La musique \u00e9tait \u00e9galement omnipr\u00e9sente. On retrouve beaucoup de repr\u00e9sentations d\u2019animaux ou de musiciens sur leurs c\u00e9ramiques.<\/p>\n          <\/div>\n        <\/div>\n      <\/div>\n\n      <\/section>\n\n<section class=\"block-grid-wrapper block-grid-for-core-paragraph\">\n      <div class=\"default-editor-content grid-for-core-paragraph container-fluid container-px-1\">\n        <div class=\"row row-cols-1 align-center\">\n          <div class=\"cell\">\n            \n<p>En appliquant la m\u00eame rigueur scientifique \u00e0 l\u2019exp\u00e9rimentation et \u00e0 l\u2019\u00e9laboration d\u2019instruments de musique, le peuple Zen\u00fa a cr\u00e9\u00e9 les plus belles fl\u00fbtes \u00e0 bec en c\u00e9ramique de leur temps. Leur forme t\u00e9moigne d\u2019une grande sensibilit\u00e9 artistique, acoustique et artisanale.<\/p>\n          <\/div>\n        <\/div>\n      <\/div>\n\n      <\/section>\n\n<section class=\"block-grid-wrapper block-grid-for-core-image\">\n      <div class=\"default-editor-content grid-for-core-image container-fluid container-px-1\">\n        <div class=\"row row-cols-1 align-center\">\n          <div class=\"cell\">\n            \n<figure class=\"wp-block-image aligncenter size-large is-resized\"><img decoding=\"async\" src=\"https:\/\/beautytherapy.absolution-cosmetics.com\/wp-content\/uploads\/2021\/04\/F-Flute-Tairona-1024x768.jpg\" alt=\"\" class=\"wp-image-6329\" style=\"width:559px;height:437px\"\/><\/figure>\n          <\/div>\n        <\/div>\n      <\/div>\n\n      <\/section>\n\n<section class=\"block-grid-wrapper block-grid-for-core-paragraph\">\n      <div class=\"default-editor-content grid-for-core-paragraph container-fluid container-px-1\">\n        <div class=\"row row-cols-1 align-center\">\n          <div class=\"cell\">\n            \n<p>Le compositeur Colombien, Luis Antonio Escobar d\u00e9crit la sonorit\u00e9 de ces instruments, magnifiquement temp\u00e9r\u00e9s. Il pr\u00e9cise qu&rsquo;elle&nbsp;n&rsquo;est \u00e9gal\u00e9e par aucun sifflet ou ocarina des autres cultures de Colombie (Tairona, calima, Tumaco). Leur qualit\u00e9 acoustique va de pair avec leur esth\u00e9tique minimaliste unique.<\/p>\n          <\/div>\n        <\/div>\n      <\/div>\n\n      <\/section>\n\n<section class=\"block-grid-wrapper block-grid-for-core-paragraph\">\n      <div class=\"default-editor-content grid-for-core-paragraph container-fluid container-px-1\">\n        <div class=\"row row-cols-1 align-center\">\n          <div class=\"cell\">\n            \n<p>Les exp\u00e9rimentations Zen\u00fa ont abouti \u00e0 un arch\u00e9type reproductible que l\u2019on retrouve \u00e0 travers tout le territoire dans diff\u00e9rentes tailles y compris de petits formats destin\u00e9s aux enfants. En effet, ces \u201cfl\u00fbtes tronqu\u00e9es\u201d ont \u00e9t\u00e9 fabriqu\u00e9, pendant plusieurs si\u00e8cles, avec les m\u00eames proportions, les m\u00eames mesures, les m\u00eames c\u00e9ramiques et les m\u00eames couleurs.<\/p>\n          <\/div>\n        <\/div>\n      <\/div>\n\n      <\/section>\n\n<section class=\"block-grid-wrapper block-grid-for-core-paragraph\">\n      <div class=\"default-editor-content grid-for-core-paragraph container-fluid container-px-1\">\n        <div class=\"row row-cols-1 align-center\">\n          <div class=\"cell\">\n            \n<p>Pour faire rena\u00eetre le souvenir intact du son datant d\u20191 mill\u00e9naire, il suffit de souffler dans cette fl\u00fbte de c\u00e9ramique. En vibrant, la colonne d\u2019air nous relie \u00e0 ces gens, \u00e0 un instant po\u00e9tique de leur existence sur terre. Les qualit\u00e9s esth\u00e9tiques et sonores de ces instruments nous laissent imaginer le raffinement&nbsp;de leur culture. Cette subtilit\u00e9 avait d\u00fb se d\u00e9velopper dans d\u2019autres secteurs, le textile, les outils, le maquillage ou les relations humaines.<\/p>\n          <\/div>\n        <\/div>\n      <\/div>\n\n      <\/section>\n\n<section class=\"block-grid-wrapper block-grid-for-core-image\">\n      <div class=\"default-editor-content grid-for-core-image container-fluid container-px-1\">\n        <div class=\"row row-cols-1 align-center\">\n          <div class=\"cell\">\n            \n<figure class=\"wp-block-image aligncenter size-large is-resized\"><img decoding=\"async\" src=\"https:\/\/beautytherapy.absolution-cosmetics.com\/wp-content\/uploads\/2021\/04\/Flute-1017x1024.jpg\" alt=\"\" class=\"wp-image-6331\" style=\"width:559px;height:544px\"\/><\/figure>\n          <\/div>\n        <\/div>\n      <\/div>\n\n      <\/section>\n\n<section class=\"block-grid-wrapper block-grid-for-core-paragraph\">\n      <div class=\"default-editor-content grid-for-core-paragraph container-fluid container-px-1\">\n        <div class=\"row row-cols-1 align-center\">\n          <div class=\"cell\">\n            \n<p>Possiblement fabriqu\u00e9e entre le X\u00e8me et le XIII\u00e8me si\u00e8cle, cette fl\u00fbte est une preuve suppl\u00e9mentaire que la qu\u00eate du sens et de la forme simple \u00e0 commenc\u00e9 bien avant le Bauhaus et les th\u00e9ories fonctionnalistes. L\u2019objet avait possiblement une dimension sup\u00e9rieure \u00e0 la musique elle-m\u00eame, contribuant par la puret\u00e9 de son son \u00e0 un \u00e9veil au sacr\u00e9 quotidien, sans cesse recommenc\u00e9.&nbsp; Un langage universel qui nous transmet une connaissance de la mati\u00e8re, de l&rsquo;acoustique et une po\u00e9sie de la vie. Ce peuple s\u2019appelait Zen\u00fa et disparut progressivement \u00e0 partir du 16\u00e8me si\u00e8cle avec la conqu\u00eate espagnole.<\/p>\n          <\/div>\n        <\/div>\n      <\/div>\n\n      <\/section>","protected":false},"excerpt":{"rendered":"<p>Pour \u00e9voquer la Beaut\u00e9, Patrick Jouffret, designer fran\u00e7ais, a choisi de parler d\u2019objets cr\u00e9\u00e9s par l\u2019humain pour accomplir ses r\u00eaves. Selon lui, au-del\u00e0 des modes et des statuts, ils embellissent la fonction, rythment notre histoire et l\u2019\u00e9volution de nos besoins. A travers cette s\u00e9lection subjective, sous la forme d\u2019un ab\u00e9c\u00e9daire, Patrick a la volont\u00e9 d&rsquo;explorer [&hellip;]<\/p>\n","protected":false},"author":30,"featured_media":6325,"comment_status":"open","ping_status":"open","sticky":false,"template":"","format":"standard","meta":{"_acf_changed":false,"footnotes":""},"categories":[995,1187],"tags":[],"class_list":["post-6323","post","type-post","status-publish","format-standard","has-post-thumbnail","hentry","category-bien-etre","category-contempler_le_beau"],"acf":[],"yoast_head":"<!-- This site is optimized with the Yoast SEO plugin v27.5 - https:\/\/yoast.com\/product\/yoast-seo-wordpress\/ -->\n<title>&quot;F comme Fl\u00fbte&quot; par Patrick Jouffret - Beauty Therapy<\/title>\n<meta name=\"description\" content=\"Pour \u00e9voquer la Beaut\u00e9, Patrick Jouffret, designer fran\u00e7ais, a choisi de parler d\u2019objets cr\u00e9\u00e9s par l\u2019humain pour accomplir ses r\u00eaves. Aujourd&#039;hui on s&#039;int\u00e9resse \u00e0 la cr\u00e9ation de la fl\u00fbte.\" \/>\n<meta name=\"robots\" content=\"index, follow, max-snippet:-1, max-image-preview:large, max-video-preview:-1\" \/>\n<link rel=\"canonical\" href=\"https:\/\/beautytherapy.absolution-cosmetics.com\/fr\/bien-etre\/f-flute\/\" \/>\n<meta property=\"og:locale\" content=\"fr_FR\" \/>\n<meta property=\"og:type\" content=\"article\" \/>\n<meta property=\"og:title\" content=\"&quot;F comme Fl\u00fbte&quot; par Patrick Jouffret - Beauty Therapy\" \/>\n<meta property=\"og:description\" content=\"Pour \u00e9voquer la Beaut\u00e9, Patrick Jouffret, designer fran\u00e7ais, a choisi de parler d\u2019objets cr\u00e9\u00e9s par l\u2019humain pour accomplir ses r\u00eaves. Aujourd&#039;hui on s&#039;int\u00e9resse \u00e0 la cr\u00e9ation de la fl\u00fbte.\" \/>\n<meta property=\"og:url\" content=\"https:\/\/beautytherapy.absolution-cosmetics.com\/fr\/bien-etre\/f-flute\/\" \/>\n<meta property=\"og:site_name\" content=\"Beauty Therapy\" \/>\n<meta property=\"article:author\" content=\"https:\/\/www.facebook.com\/ATELIER360DESIGN\/\" \/>\n<meta property=\"article:published_time\" content=\"2021-04-06T14:13:58+00:00\" \/>\n<meta property=\"article:modified_time\" content=\"2024-12-09T07:36:29+00:00\" \/>\n<meta property=\"og:image\" content=\"https:\/\/beautytherapy.absolution-cosmetics.com\/wp-content\/uploads\/2021\/04\/Cover-Article-44.png\" \/>\n\t<meta property=\"og:image:width\" content=\"1500\" \/>\n\t<meta property=\"og:image:height\" content=\"1000\" \/>\n\t<meta property=\"og:image:type\" content=\"image\/png\" \/>\n<meta name=\"author\" content=\"Patrick Jouffret\" \/>\n<meta name=\"twitter:card\" content=\"summary_large_image\" \/>\n<meta name=\"twitter:label1\" content=\"\u00c9crit par\" \/>\n\t<meta name=\"twitter:data1\" content=\"Patrick Jouffret\" \/>\n\t<meta name=\"twitter:label2\" content=\"Dur\u00e9e de lecture estim\u00e9e\" \/>\n\t<meta name=\"twitter:data2\" content=\"4 minutes\" \/>\n<script type=\"application\/ld+json\" class=\"yoast-schema-graph\">{\"@context\":\"https:\\\/\\\/schema.org\",\"@graph\":[{\"@type\":\"Article\",\"@id\":\"https:\\\/\\\/beautytherapy.absolution-cosmetics.com\\\/fr\\\/bien-etre\\\/f-flute\\\/#article\",\"isPartOf\":{\"@id\":\"https:\\\/\\\/beautytherapy.absolution-cosmetics.com\\\/fr\\\/bien-etre\\\/f-flute\\\/\"},\"author\":{\"name\":\"Patrick Jouffret\",\"@id\":\"https:\\\/\\\/beautytherapy.absolution-cosmetics.com\\\/fr\\\/#\\\/schema\\\/person\\\/e7fa6c5151442ef0e8a479e61f2db51f\"},\"headline\":\"F comme Fl\u00fbte\",\"datePublished\":\"2021-04-06T14:13:58+00:00\",\"dateModified\":\"2024-12-09T07:36:29+00:00\",\"mainEntityOfPage\":{\"@id\":\"https:\\\/\\\/beautytherapy.absolution-cosmetics.com\\\/fr\\\/bien-etre\\\/f-flute\\\/\"},\"wordCount\":682,\"commentCount\":0,\"publisher\":{\"@id\":\"https:\\\/\\\/beautytherapy.absolution-cosmetics.com\\\/fr\\\/#organization\"},\"image\":{\"@id\":\"https:\\\/\\\/beautytherapy.absolution-cosmetics.com\\\/fr\\\/bien-etre\\\/f-flute\\\/#primaryimage\"},\"thumbnailUrl\":\"https:\\\/\\\/beautytherapy.absolution-cosmetics.com\\\/wp-content\\\/uploads\\\/2021\\\/04\\\/Cover-Article-44.png\",\"articleSection\":[\"Bien-\u00eatre\",\"Contemplation\"],\"inLanguage\":\"fr-FR\",\"potentialAction\":[{\"@type\":\"CommentAction\",\"name\":\"Comment\",\"target\":[\"https:\\\/\\\/beautytherapy.absolution-cosmetics.com\\\/fr\\\/bien-etre\\\/f-flute\\\/#respond\"]}]},{\"@type\":\"WebPage\",\"@id\":\"https:\\\/\\\/beautytherapy.absolution-cosmetics.com\\\/fr\\\/bien-etre\\\/f-flute\\\/\",\"url\":\"https:\\\/\\\/beautytherapy.absolution-cosmetics.com\\\/fr\\\/bien-etre\\\/f-flute\\\/\",\"name\":\"\\\"F comme Fl\u00fbte\\\" par Patrick Jouffret - Beauty Therapy\",\"isPartOf\":{\"@id\":\"https:\\\/\\\/beautytherapy.absolution-cosmetics.com\\\/fr\\\/#website\"},\"primaryImageOfPage\":{\"@id\":\"https:\\\/\\\/beautytherapy.absolution-cosmetics.com\\\/fr\\\/bien-etre\\\/f-flute\\\/#primaryimage\"},\"image\":{\"@id\":\"https:\\\/\\\/beautytherapy.absolution-cosmetics.com\\\/fr\\\/bien-etre\\\/f-flute\\\/#primaryimage\"},\"thumbnailUrl\":\"https:\\\/\\\/beautytherapy.absolution-cosmetics.com\\\/wp-content\\\/uploads\\\/2021\\\/04\\\/Cover-Article-44.png\",\"datePublished\":\"2021-04-06T14:13:58+00:00\",\"dateModified\":\"2024-12-09T07:36:29+00:00\",\"description\":\"Pour \u00e9voquer la Beaut\u00e9, Patrick Jouffret, designer fran\u00e7ais, a choisi de parler d\u2019objets cr\u00e9\u00e9s par l\u2019humain pour accomplir ses r\u00eaves. Aujourd'hui on s'int\u00e9resse \u00e0 la cr\u00e9ation de la fl\u00fbte.\",\"breadcrumb\":{\"@id\":\"https:\\\/\\\/beautytherapy.absolution-cosmetics.com\\\/fr\\\/bien-etre\\\/f-flute\\\/#breadcrumb\"},\"inLanguage\":\"fr-FR\",\"potentialAction\":[{\"@type\":\"ReadAction\",\"target\":[\"https:\\\/\\\/beautytherapy.absolution-cosmetics.com\\\/fr\\\/bien-etre\\\/f-flute\\\/\"]}]},{\"@type\":\"ImageObject\",\"inLanguage\":\"fr-FR\",\"@id\":\"https:\\\/\\\/beautytherapy.absolution-cosmetics.com\\\/fr\\\/bien-etre\\\/f-flute\\\/#primaryimage\",\"url\":\"https:\\\/\\\/beautytherapy.absolution-cosmetics.com\\\/wp-content\\\/uploads\\\/2021\\\/04\\\/Cover-Article-44.png\",\"contentUrl\":\"https:\\\/\\\/beautytherapy.absolution-cosmetics.com\\\/wp-content\\\/uploads\\\/2021\\\/04\\\/Cover-Article-44.png\",\"width\":1500,\"height\":1000},{\"@type\":\"BreadcrumbList\",\"@id\":\"https:\\\/\\\/beautytherapy.absolution-cosmetics.com\\\/fr\\\/bien-etre\\\/f-flute\\\/#breadcrumb\",\"itemListElement\":[{\"@type\":\"ListItem\",\"position\":1,\"name\":\"Home\",\"item\":\"https:\\\/\\\/beautytherapy.absolution-cosmetics.com\\\/fr\\\/\"},{\"@type\":\"ListItem\",\"position\":2,\"name\":\"Bien-\u00eatre\",\"item\":\"https:\\\/\\\/beautytherapy.absolution-cosmetics.com\\\/fr\\\/bien-etre\\\/\"},{\"@type\":\"ListItem\",\"position\":3,\"name\":\"F comme Fl\u00fbte\"}]},{\"@type\":\"WebSite\",\"@id\":\"https:\\\/\\\/beautytherapy.absolution-cosmetics.com\\\/fr\\\/#website\",\"url\":\"https:\\\/\\\/beautytherapy.absolution-cosmetics.com\\\/fr\\\/\",\"name\":\"Beauty Therapy\",\"description\":\"\",\"publisher\":{\"@id\":\"https:\\\/\\\/beautytherapy.absolution-cosmetics.com\\\/fr\\\/#organization\"},\"inLanguage\":\"fr-FR\"},{\"@type\":\"Organization\",\"@id\":\"https:\\\/\\\/beautytherapy.absolution-cosmetics.com\\\/fr\\\/#organization\",\"name\":\"Beauty Therapy\",\"url\":\"https:\\\/\\\/beautytherapy.absolution-cosmetics.com\\\/fr\\\/\",\"logo\":{\"@type\":\"ImageObject\",\"inLanguage\":\"fr-FR\",\"@id\":\"https:\\\/\\\/beautytherapy.absolution-cosmetics.com\\\/fr\\\/#\\\/schema\\\/logo\\\/image\\\/\",\"url\":\"https:\\\/\\\/beautytherapy.absolution-cosmetics.com\\\/wp-content\\\/uploads\\\/2020\\\/02\\\/beauty-therapy-logo.png\",\"contentUrl\":\"https:\\\/\\\/beautytherapy.absolution-cosmetics.com\\\/wp-content\\\/uploads\\\/2020\\\/02\\\/beauty-therapy-logo.png\",\"width\":424,\"height\":212,\"caption\":\"Beauty Therapy\"},\"image\":{\"@id\":\"https:\\\/\\\/beautytherapy.absolution-cosmetics.com\\\/fr\\\/#\\\/schema\\\/logo\\\/image\\\/\"}},{\"@type\":\"Person\",\"@id\":\"https:\\\/\\\/beautytherapy.absolution-cosmetics.com\\\/fr\\\/#\\\/schema\\\/person\\\/e7fa6c5151442ef0e8a479e61f2db51f\",\"name\":\"Patrick Jouffret\",\"description\":\"Patrick Jouffret est un designer Fran\u00e7ais n\u00e9 \u00e0 Nancy en 1972 et fondateur de l\u2019Atelier 360 en 2006. \u00c0 travers le design il a pour volont\u00e9 de cr\u00e9er des objets qui lib\u00e8rent l'esprit. Cette recherche passe par le travail de la mati\u00e8re et par des solutions innovantes qu\u2019il met au point pour faire perdurer l\u2019histoire des marques avec qui il choisit de travailler. Ces projets pens\u00e9s dans leur ensemble, prennent en compte l\u2019histoire qui se cache derri\u00e8re les marques et les personnes qui les font vivre, tout en gardant en t\u00eate les contraintes industrielles, cr\u00e9ant ainsi une recherche de l\u2019excellence. Que ce soit un v\u00e9lo pour les Jeux Olympiques, une cage oc\u00e9anographique qui descend \u00e0 4000m de profondeur, ou du mobilier, il donne a chacun de ces projets une importance essentielle et cr\u00e9\u00e9 ainsi des objets justes, fonctionnels, p\u00e9rennes et intemporels. Aujourd\u2019hui install\u00e9 \u00e0 Toulon, Patrick Jouffret et son \u00e9quipe collaborent avec des entreprises aux secteurs d\u2019activit\u00e9s tr\u00e8s vari\u00e9s et re\u00e7oivent r\u00e9guli\u00e8rement des r\u00e9compenses pour leurs cr\u00e9ations. Retrouvez la Beauty Interview de Patrick juste ici Partick Jouffert is a French designer born in Nancy (France) in 1972. He founded Atelier 360 in 2006. Through design, he wants to create objects that free the mind. This wish goes through the work of material and finding innovative solutions that he develops in order to perpetuate the history of the brands which he chooses to work with. Those projects thought as a whole, consider the history behind brands and the people who bring them to life while keeping the industrial constraints in mind, creating a real quest of excellence. Whether it's a bicycle designed for the Olympic Games, an oceanographic cage that goes at 4000m deep, or furniture, he gives each of these projects essential importance and thus creates objects that are functional, perennial and timeless. Today based in Toulon, Patrick Jouffret and his team, work with companies in a wide variety of sectors and regularly receive awards for their creations. Read Patrick's Beauty Interview right here.\",\"sameAs\":[\"http:\\\/\\\/atelier360.net\\\/\",\"https:\\\/\\\/www.facebook.com\\\/ATELIER360DESIGN\\\/\",\"https:\\\/\\\/www.instagram.com\\\/atelier.360\\\/\"],\"url\":\"https:\\\/\\\/beautytherapy.absolution-cosmetics.com\\\/fr\\\/author\\\/patrick-jouffret\\\/\"}]}<\/script>\n<!-- \/ Yoast SEO plugin. -->","yoast_head_json":{"title":"\"F comme Fl\u00fbte\" par Patrick Jouffret - Beauty Therapy","description":"Pour \u00e9voquer la Beaut\u00e9, Patrick Jouffret, designer fran\u00e7ais, a choisi de parler d\u2019objets cr\u00e9\u00e9s par l\u2019humain pour accomplir ses r\u00eaves. Aujourd'hui on s'int\u00e9resse \u00e0 la cr\u00e9ation de la fl\u00fbte.","robots":{"index":"index","follow":"follow","max-snippet":"max-snippet:-1","max-image-preview":"max-image-preview:large","max-video-preview":"max-video-preview:-1"},"canonical":"https:\/\/beautytherapy.absolution-cosmetics.com\/fr\/bien-etre\/f-flute\/","og_locale":"fr_FR","og_type":"article","og_title":"\"F comme Fl\u00fbte\" par Patrick Jouffret - Beauty Therapy","og_description":"Pour \u00e9voquer la Beaut\u00e9, Patrick Jouffret, designer fran\u00e7ais, a choisi de parler d\u2019objets cr\u00e9\u00e9s par l\u2019humain pour accomplir ses r\u00eaves. Aujourd'hui on s'int\u00e9resse \u00e0 la cr\u00e9ation de la fl\u00fbte.","og_url":"https:\/\/beautytherapy.absolution-cosmetics.com\/fr\/bien-etre\/f-flute\/","og_site_name":"Beauty Therapy","article_author":"https:\/\/www.facebook.com\/ATELIER360DESIGN\/","article_published_time":"2021-04-06T14:13:58+00:00","article_modified_time":"2024-12-09T07:36:29+00:00","og_image":[{"width":1500,"height":1000,"url":"https:\/\/beautytherapy.absolution-cosmetics.com\/wp-content\/uploads\/2021\/04\/Cover-Article-44.png","type":"image\/png"}],"author":"Patrick Jouffret","twitter_card":"summary_large_image","twitter_misc":{"\u00c9crit par":"Patrick Jouffret","Dur\u00e9e de lecture estim\u00e9e":"4 minutes"},"schema":{"@context":"https:\/\/schema.org","@graph":[{"@type":"Article","@id":"https:\/\/beautytherapy.absolution-cosmetics.com\/fr\/bien-etre\/f-flute\/#article","isPartOf":{"@id":"https:\/\/beautytherapy.absolution-cosmetics.com\/fr\/bien-etre\/f-flute\/"},"author":{"name":"Patrick Jouffret","@id":"https:\/\/beautytherapy.absolution-cosmetics.com\/fr\/#\/schema\/person\/e7fa6c5151442ef0e8a479e61f2db51f"},"headline":"F comme Fl\u00fbte","datePublished":"2021-04-06T14:13:58+00:00","dateModified":"2024-12-09T07:36:29+00:00","mainEntityOfPage":{"@id":"https:\/\/beautytherapy.absolution-cosmetics.com\/fr\/bien-etre\/f-flute\/"},"wordCount":682,"commentCount":0,"publisher":{"@id":"https:\/\/beautytherapy.absolution-cosmetics.com\/fr\/#organization"},"image":{"@id":"https:\/\/beautytherapy.absolution-cosmetics.com\/fr\/bien-etre\/f-flute\/#primaryimage"},"thumbnailUrl":"https:\/\/beautytherapy.absolution-cosmetics.com\/wp-content\/uploads\/2021\/04\/Cover-Article-44.png","articleSection":["Bien-\u00eatre","Contemplation"],"inLanguage":"fr-FR","potentialAction":[{"@type":"CommentAction","name":"Comment","target":["https:\/\/beautytherapy.absolution-cosmetics.com\/fr\/bien-etre\/f-flute\/#respond"]}]},{"@type":"WebPage","@id":"https:\/\/beautytherapy.absolution-cosmetics.com\/fr\/bien-etre\/f-flute\/","url":"https:\/\/beautytherapy.absolution-cosmetics.com\/fr\/bien-etre\/f-flute\/","name":"\"F comme Fl\u00fbte\" par Patrick Jouffret - Beauty Therapy","isPartOf":{"@id":"https:\/\/beautytherapy.absolution-cosmetics.com\/fr\/#website"},"primaryImageOfPage":{"@id":"https:\/\/beautytherapy.absolution-cosmetics.com\/fr\/bien-etre\/f-flute\/#primaryimage"},"image":{"@id":"https:\/\/beautytherapy.absolution-cosmetics.com\/fr\/bien-etre\/f-flute\/#primaryimage"},"thumbnailUrl":"https:\/\/beautytherapy.absolution-cosmetics.com\/wp-content\/uploads\/2021\/04\/Cover-Article-44.png","datePublished":"2021-04-06T14:13:58+00:00","dateModified":"2024-12-09T07:36:29+00:00","description":"Pour \u00e9voquer la Beaut\u00e9, Patrick Jouffret, designer fran\u00e7ais, a choisi de parler d\u2019objets cr\u00e9\u00e9s par l\u2019humain pour accomplir ses r\u00eaves. Aujourd'hui on s'int\u00e9resse \u00e0 la cr\u00e9ation de la fl\u00fbte.","breadcrumb":{"@id":"https:\/\/beautytherapy.absolution-cosmetics.com\/fr\/bien-etre\/f-flute\/#breadcrumb"},"inLanguage":"fr-FR","potentialAction":[{"@type":"ReadAction","target":["https:\/\/beautytherapy.absolution-cosmetics.com\/fr\/bien-etre\/f-flute\/"]}]},{"@type":"ImageObject","inLanguage":"fr-FR","@id":"https:\/\/beautytherapy.absolution-cosmetics.com\/fr\/bien-etre\/f-flute\/#primaryimage","url":"https:\/\/beautytherapy.absolution-cosmetics.com\/wp-content\/uploads\/2021\/04\/Cover-Article-44.png","contentUrl":"https:\/\/beautytherapy.absolution-cosmetics.com\/wp-content\/uploads\/2021\/04\/Cover-Article-44.png","width":1500,"height":1000},{"@type":"BreadcrumbList","@id":"https:\/\/beautytherapy.absolution-cosmetics.com\/fr\/bien-etre\/f-flute\/#breadcrumb","itemListElement":[{"@type":"ListItem","position":1,"name":"Home","item":"https:\/\/beautytherapy.absolution-cosmetics.com\/fr\/"},{"@type":"ListItem","position":2,"name":"Bien-\u00eatre","item":"https:\/\/beautytherapy.absolution-cosmetics.com\/fr\/bien-etre\/"},{"@type":"ListItem","position":3,"name":"F comme Fl\u00fbte"}]},{"@type":"WebSite","@id":"https:\/\/beautytherapy.absolution-cosmetics.com\/fr\/#website","url":"https:\/\/beautytherapy.absolution-cosmetics.com\/fr\/","name":"Beauty Therapy","description":"","publisher":{"@id":"https:\/\/beautytherapy.absolution-cosmetics.com\/fr\/#organization"},"inLanguage":"fr-FR"},{"@type":"Organization","@id":"https:\/\/beautytherapy.absolution-cosmetics.com\/fr\/#organization","name":"Beauty Therapy","url":"https:\/\/beautytherapy.absolution-cosmetics.com\/fr\/","logo":{"@type":"ImageObject","inLanguage":"fr-FR","@id":"https:\/\/beautytherapy.absolution-cosmetics.com\/fr\/#\/schema\/logo\/image\/","url":"https:\/\/beautytherapy.absolution-cosmetics.com\/wp-content\/uploads\/2020\/02\/beauty-therapy-logo.png","contentUrl":"https:\/\/beautytherapy.absolution-cosmetics.com\/wp-content\/uploads\/2020\/02\/beauty-therapy-logo.png","width":424,"height":212,"caption":"Beauty Therapy"},"image":{"@id":"https:\/\/beautytherapy.absolution-cosmetics.com\/fr\/#\/schema\/logo\/image\/"}},{"@type":"Person","@id":"https:\/\/beautytherapy.absolution-cosmetics.com\/fr\/#\/schema\/person\/e7fa6c5151442ef0e8a479e61f2db51f","name":"Patrick Jouffret","description":"Patrick Jouffret est un designer Fran\u00e7ais n\u00e9 \u00e0 Nancy en 1972 et fondateur de l\u2019Atelier 360 en 2006. \u00c0 travers le design il a pour volont\u00e9 de cr\u00e9er des objets qui lib\u00e8rent l'esprit. Cette recherche passe par le travail de la mati\u00e8re et par des solutions innovantes qu\u2019il met au point pour faire perdurer l\u2019histoire des marques avec qui il choisit de travailler. Ces projets pens\u00e9s dans leur ensemble, prennent en compte l\u2019histoire qui se cache derri\u00e8re les marques et les personnes qui les font vivre, tout en gardant en t\u00eate les contraintes industrielles, cr\u00e9ant ainsi une recherche de l\u2019excellence. Que ce soit un v\u00e9lo pour les Jeux Olympiques, une cage oc\u00e9anographique qui descend \u00e0 4000m de profondeur, ou du mobilier, il donne a chacun de ces projets une importance essentielle et cr\u00e9\u00e9 ainsi des objets justes, fonctionnels, p\u00e9rennes et intemporels. Aujourd\u2019hui install\u00e9 \u00e0 Toulon, Patrick Jouffret et son \u00e9quipe collaborent avec des entreprises aux secteurs d\u2019activit\u00e9s tr\u00e8s vari\u00e9s et re\u00e7oivent r\u00e9guli\u00e8rement des r\u00e9compenses pour leurs cr\u00e9ations. Retrouvez la Beauty Interview de Patrick juste ici Partick Jouffert is a French designer born in Nancy (France) in 1972. He founded Atelier 360 in 2006. Through design, he wants to create objects that free the mind. This wish goes through the work of material and finding innovative solutions that he develops in order to perpetuate the history of the brands which he chooses to work with. Those projects thought as a whole, consider the history behind brands and the people who bring them to life while keeping the industrial constraints in mind, creating a real quest of excellence. Whether it's a bicycle designed for the Olympic Games, an oceanographic cage that goes at 4000m deep, or furniture, he gives each of these projects essential importance and thus creates objects that are functional, perennial and timeless. Today based in Toulon, Patrick Jouffret and his team, work with companies in a wide variety of sectors and regularly receive awards for their creations. Read Patrick's Beauty Interview right here.","sameAs":["http:\/\/atelier360.net\/","https:\/\/www.facebook.com\/ATELIER360DESIGN\/","https:\/\/www.instagram.com\/atelier.360\/"],"url":"https:\/\/beautytherapy.absolution-cosmetics.com\/fr\/author\/patrick-jouffret\/"}]}},"_links":{"self":[{"href":"https:\/\/beautytherapy.absolution-cosmetics.com\/fr\/wp-json\/wp\/v2\/posts\/6323","targetHints":{"allow":["GET"]}}],"collection":[{"href":"https:\/\/beautytherapy.absolution-cosmetics.com\/fr\/wp-json\/wp\/v2\/posts"}],"about":[{"href":"https:\/\/beautytherapy.absolution-cosmetics.com\/fr\/wp-json\/wp\/v2\/types\/post"}],"author":[{"embeddable":true,"href":"https:\/\/beautytherapy.absolution-cosmetics.com\/fr\/wp-json\/wp\/v2\/users\/30"}],"replies":[{"embeddable":true,"href":"https:\/\/beautytherapy.absolution-cosmetics.com\/fr\/wp-json\/wp\/v2\/comments?post=6323"}],"version-history":[{"count":3,"href":"https:\/\/beautytherapy.absolution-cosmetics.com\/fr\/wp-json\/wp\/v2\/posts\/6323\/revisions"}],"predecessor-version":[{"id":23959,"href":"https:\/\/beautytherapy.absolution-cosmetics.com\/fr\/wp-json\/wp\/v2\/posts\/6323\/revisions\/23959"}],"wp:featuredmedia":[{"embeddable":true,"href":"https:\/\/beautytherapy.absolution-cosmetics.com\/fr\/wp-json\/wp\/v2\/media\/6325"}],"wp:attachment":[{"href":"https:\/\/beautytherapy.absolution-cosmetics.com\/fr\/wp-json\/wp\/v2\/media?parent=6323"}],"wp:term":[{"taxonomy":"category","embeddable":true,"href":"https:\/\/beautytherapy.absolution-cosmetics.com\/fr\/wp-json\/wp\/v2\/categories?post=6323"},{"taxonomy":"post_tag","embeddable":true,"href":"https:\/\/beautytherapy.absolution-cosmetics.com\/fr\/wp-json\/wp\/v2\/tags?post=6323"}],"curies":[{"name":"wp","href":"https:\/\/api.w.org\/{rel}","templated":true}]}}