{"id":6450,"date":"2021-04-29T17:33:31","date_gmt":"2021-04-29T15:33:31","guid":{"rendered":"https:\/\/beautytherapy.absolution-cosmetics.com\/?p=6450"},"modified":"2024-12-09T08:37:50","modified_gmt":"2024-12-09T07:37:50","slug":"qualite-sommeil","status":"publish","type":"post","link":"https:\/\/beautytherapy.absolution-cosmetics.com\/fr\/bien-etre\/qualite-sommeil\/","title":{"rendered":"Comment retrouver un sommeil de qualit\u00e9 pour bien dormir\u2009?"},"content":{"rendered":"<section class=\"block-grid-wrapper block-grid-for-core-paragraph\">\n      <div class=\"default-editor-content grid-for-core-paragraph container-fluid container-px-1\">\n        <div class=\"row row-cols-1 align-center\">\n          <div class=\"cell\">\n            \n<p><strong>Le sommeil repose sur un \u00e9quilibre fragile, intimement li\u00e9 \u00e0 notre environnement. Stress, rythme effr\u00e9n\u00e9 ou d\u00e9calage horaire&nbsp;: comment retrouver un sommeil de qualit\u00e9\u2009? Pour mieux dormir, la compr\u00e9hension des m\u00e9canismes des cycles de sommeil est essentielle. Yoga, m\u00e9ditation ou lecture, il s\u2019agit ensuite de mettre en place une routine d\u2019endormissement adapt\u00e9e afin de permettre au corps de se reposer dans de bonnes conditions.<\/strong><\/p>\n          <\/div>\n        <\/div>\n      <\/div>\n\n      <\/section>\n\n<section class=\"block-grid-wrapper block-grid-for-core-spacer\">\n      <div class=\"default-editor-content grid-for-core-spacer container-fluid container-px-1\">\n        <div class=\"row row-cols-1 align-center\">\n          <div class=\"cell\">\n            \n<div style=\"height:20px\" aria-hidden=\"true\" class=\"wp-block-spacer\"><\/div>\n          <\/div>\n        <\/div>\n      <\/div>\n\n      <\/section>\n\n<section class=\"block-grid-wrapper block-grid-for-core-heading\">\n      <div class=\"default-editor-content grid-for-core-heading container-fluid container-px-1\">\n        <div class=\"row row-cols-1 align-center\">\n          <div class=\"cell\">\n            \n<h2 class=\"wp-block-heading\">Les m\u00e9canismes du cycle du sommeil<\/h2>\n          <\/div>\n        <\/div>\n      <\/div>\n\n      <\/section>\n\n<section class=\"block-grid-wrapper block-grid-for-core-spacer\">\n      <div class=\"default-editor-content grid-for-core-spacer container-fluid container-px-1\">\n        <div class=\"row row-cols-1 align-center\">\n          <div class=\"cell\">\n            \n<div style=\"height:20px\" aria-hidden=\"true\" class=\"wp-block-spacer\"><\/div>\n          <\/div>\n        <\/div>\n      <\/div>\n\n      <\/section>\n\n<section class=\"block-grid-wrapper block-grid-for-core-heading\">\n      <div class=\"default-editor-content grid-for-core-heading container-fluid container-px-1\">\n        <div class=\"row row-cols-1 align-center\">\n          <div class=\"cell\">\n            \n<h3 class=\"wp-block-heading has-text-align-center\"><strong>L\u2019organisation du sommeil<\/strong><\/h3>\n          <\/div>\n        <\/div>\n      <\/div>\n\n      <\/section>\n\n<section class=\"block-grid-wrapper block-grid-for-core-paragraph\">\n      <div class=\"default-editor-content grid-for-core-paragraph container-fluid container-px-1\">\n        <div class=\"row row-cols-1 align-center\">\n          <div class=\"cell\">\n            \n<p><strong>Le sommeil est indispensable<\/strong> \u00e0 la sant\u00e9 globale de l\u2019organisme. Au cours de la nuit, les cellules se r\u00e9g\u00e9n\u00e8rent et les l\u00e9sions sont r\u00e9par\u00e9es. <strong>Il existe diff\u00e9rentes formes de sommeil<\/strong>, qui se r\u00e9p\u00e8tent au travers de plusieurs cycles successifs. Pour une nuit, c\u2019est quatre \u00e0 six&nbsp;cycles d\u2019une dur\u00e9e d\u2019environ 90&nbsp;minutes qui se succ\u00e8dent. Ils se composent de trois phases principales&nbsp;: la phase d\u2019endormissement correspond au <strong>sommeil lent l\u00e9ger<\/strong>, suivie par le <strong>sommeil lent profond<\/strong>. Ensuite, une nouvelle phase de sommeil lent l\u00e9ger s\u2019installe, pour laisser place au <strong>sommeil paradoxal<\/strong>.<\/p>\n          <\/div>\n        <\/div>\n      <\/div>\n\n      <\/section>\n\n<section class=\"block-grid-wrapper block-grid-for-core-image\">\n      <div class=\"default-editor-content grid-for-core-image container-fluid container-px-1\">\n        <div class=\"row row-cols-1 align-center\">\n          <div class=\"cell\">\n            \n<figure class=\"wp-block-image aligncenter size-large is-resized\"><img decoding=\"async\" src=\"https:\/\/beautytherapy.absolution-cosmetics.com\/wp-content\/uploads\/2021\/04\/01_COUV_JEUNE_SOMMEIL-1024x683.png\" alt=\"\" class=\"wp-image-6581\"\/><\/figure>\n          <\/div>\n        <\/div>\n      <\/div>\n\n      <\/section>\n\n<section class=\"block-grid-wrapper block-grid-for-core-heading\">\n      <div class=\"default-editor-content grid-for-core-heading container-fluid container-px-1\">\n        <div class=\"row row-cols-1 align-center\">\n          <div class=\"cell\">\n            \n<h4 class=\"wp-block-heading\"><strong>Le sommeil lent l\u00e9ger<\/strong><\/h4>\n          <\/div>\n        <\/div>\n      <\/div>\n\n      <\/section>\n\n<section class=\"block-grid-wrapper block-grid-for-core-paragraph\">\n      <div class=\"default-editor-content grid-for-core-paragraph container-fluid container-px-1\">\n        <div class=\"row row-cols-1 align-center\">\n          <div class=\"cell\">\n            \n<p>Le sommeil lent l\u00e9ger s\u2019installe d\u00e8s l\u2019endormissement&nbsp;: c\u2019est la premi\u00e8re phase du sommeil, pendant laquelle le corps se relaxe. La respiration se ralentit, les muscles se d\u00e9tendent et la temp\u00e9rature corporelle diminue. L\u2019organisme se pr\u00e9pare progressivement au sommeil. Pendant cette phase, l\u2019esprit reste en alerte et le moindre bruit peut vous r\u00e9veiller. Apr\u00e8s seulement quelques minutes, le sommeil lent devient plus profond. Cet \u00e9tat repr\u00e9sente environ 50&nbsp;% du temps de sommeil et sa dur\u00e9e s\u2019allonge au fil des cycles.<\/p>\n          <\/div>\n        <\/div>\n      <\/div>\n\n      <\/section>\n\n<section class=\"block-grid-wrapper block-grid-for-core-heading\">\n      <div class=\"default-editor-content grid-for-core-heading container-fluid container-px-1\">\n        <div class=\"row row-cols-1 align-center\">\n          <div class=\"cell\">\n            \n<h4 class=\"wp-block-heading\">Le sommeil lent profond<\/h4>\n          <\/div>\n        <\/div>\n      <\/div>\n\n      <\/section>\n\n<section class=\"block-grid-wrapper block-grid-for-core-paragraph\">\n      <div class=\"default-editor-content grid-for-core-paragraph container-fluid container-px-1\">\n        <div class=\"row row-cols-1 align-center\">\n          <div class=\"cell\">\n            \n<p>Le sommeil lent profond intervient juste apr\u00e8s le sommeil lent l\u00e9ger. Pendant cette phase, la temp\u00e9rature corporelle est au plus bas et le corps est compl\u00e8tement immobile. Le rythme des battements du c\u0153ur est tr\u00e8s lent et les muscles sont d\u00e9tendus. \u00c0 ce stade, l\u2019organisme est peu sensible \u00e0 son environnement (bruit, lumi\u00e8re, mouvements, etc.) et le r\u00e9veil peut \u00eatre difficile. Les heures de sommeil de cette phase sont tr\u00e8s r\u00e9paratrices. C\u2019est \u00e0 ce moment-l\u00e0 que les cellules se r\u00e9g\u00e9n\u00e8rent et que le corps r\u00e9cup\u00e8re de la fatigue accumul\u00e9e. Ce type de sommeil intervient pendant la premi\u00e8re partie de la nuit. Il repr\u00e9sente environ 20 \u00e0 25&nbsp;% du temps de sommeil total.<\/p>\n          <\/div>\n        <\/div>\n      <\/div>\n\n      <\/section>\n\n<section class=\"block-grid-wrapper block-grid-for-core-heading\">\n      <div class=\"default-editor-content grid-for-core-heading container-fluid container-px-1\">\n        <div class=\"row row-cols-1 align-center\">\n          <div class=\"cell\">\n            \n<h4 class=\"wp-block-heading\"><strong>Le sommeil paradoxal<\/strong><\/h4>\n          <\/div>\n        <\/div>\n      <\/div>\n\n      <\/section>\n\n<section class=\"block-grid-wrapper block-grid-for-core-paragraph\">\n      <div class=\"default-editor-content grid-for-core-paragraph container-fluid container-px-1\">\n        <div class=\"row row-cols-1 align-center\">\n          <div class=\"cell\">\n            \n<p>Le sommeil paradoxal cl\u00f4ture chaque cycle. En effet, apr\u00e8s la phase de sommeil lent profond, une nouvelle phase de sommeil lent l\u00e9ger intervient, avant de faire place au sommeil paradoxal. C\u2019est \u00e0 ce moment-l\u00e0 que la probabilit\u00e9 de r\u00e9veil est la plus \u00e9lev\u00e9e. L\u2019activit\u00e9 c\u00e9r\u00e9brale reprend progressivement, ce qui se traduit par des mouvements des yeux et de la langue. C\u2019est aussi la p\u00e9riode de la nuit pendant laquelle les r\u00eaves sont les plus pr\u00e9sents. En fonction de leurs contenus, le rythme cardiaque et la respiration sont amen\u00e9s \u00e0 varier. La dur\u00e9e du sommeil paradoxal \u00e9quivaut environ \u00e0 20&nbsp;% de la nuit et augmente au fil des cycles. Elle se poursuit g\u00e9n\u00e9ralement jusqu\u2019\u00e0 l\u2019\u00e9veil complet.<\/p>\n          <\/div>\n        <\/div>\n      <\/div>\n\n      <\/section>\n\n<section class=\"block-grid-wrapper block-grid-for-core-spacer\">\n      <div class=\"default-editor-content grid-for-core-spacer container-fluid container-px-1\">\n        <div class=\"row row-cols-1 align-center\">\n          <div class=\"cell\">\n            \n<div style=\"height:20px\" aria-hidden=\"true\" class=\"wp-block-spacer\"><\/div>\n          <\/div>\n        <\/div>\n      <\/div>\n\n      <\/section>\n\n<section class=\"block-grid-wrapper block-grid-for-core-heading\">\n      <div class=\"default-editor-content grid-for-core-heading container-fluid container-px-1\">\n        <div class=\"row row-cols-1 align-center\">\n          <div class=\"cell\">\n            \n<h2 class=\"wp-block-heading\">Les causes des troubles du sommeil<\/h2>\n          <\/div>\n        <\/div>\n      <\/div>\n\n      <\/section>\n\n<section class=\"block-grid-wrapper block-grid-for-core-spacer\">\n      <div class=\"default-editor-content grid-for-core-spacer container-fluid container-px-1\">\n        <div class=\"row row-cols-1 align-center\">\n          <div class=\"cell\">\n            \n<div style=\"height:20px\" aria-hidden=\"true\" class=\"wp-block-spacer\"><\/div>\n          <\/div>\n        <\/div>\n      <\/div>\n\n      <\/section>\n\n<section class=\"block-grid-wrapper block-grid-for-core-heading\">\n      <div class=\"default-editor-content grid-for-core-heading container-fluid container-px-1\">\n        <div class=\"row row-cols-1 align-center\">\n          <div class=\"cell\">\n            \n<h3 class=\"wp-block-heading has-text-align-center\"><strong>Une mauvaise qualit\u00e9 de sommeil<\/strong><\/h3>\n          <\/div>\n        <\/div>\n      <\/div>\n\n      <\/section>\n\n<section class=\"block-grid-wrapper block-grid-for-core-paragraph\">\n      <div class=\"default-editor-content grid-for-core-paragraph container-fluid container-px-1\">\n        <div class=\"row row-cols-1 align-center\">\n          <div class=\"cell\">\n            \n<p>En France, la population a perdu en moyenne pr\u00e8s d\u2019une heure et demie de sommeil par nuit en pr\u00e8s de 50&nbsp;ans. <a href=\"https:\/\/beautytherapy.absolution-cosmetics.com\/fr\/bien-etre\/medecines-alternatives\/sophrologie-a-emporter\/\">Stress omnipr\u00e9sent<\/a>,<strong> d\u00e9calage horaire<\/strong> ou encore multiplication des \u00e9crans figurent parmi les causes les plus r\u00e9currentes. Consulter un.e professionnel.le pour <strong>une mauvaise qualit\u00e9 de sommeil <\/strong>est de plus en plus fr\u00e9quent. Cela peut se traduire par de l\u2019apn\u00e9e du sommeil, de la somnolence, un syndrome des jambes sans repos, des insomnies chroniques, des r\u00e9veils nocturnes, etc.<\/p>\n          <\/div>\n        <\/div>\n      <\/div>\n\n      <\/section>\n\n<section class=\"block-grid-wrapper block-grid-for-core-spacer\">\n      <div class=\"default-editor-content grid-for-core-spacer container-fluid container-px-1\">\n        <div class=\"row row-cols-1 align-center\">\n          <div class=\"cell\">\n            \n<div style=\"height:20px\" aria-hidden=\"true\" class=\"wp-block-spacer\"><\/div>\n          <\/div>\n        <\/div>\n      <\/div>\n\n      <\/section>\n\n<section class=\"block-grid-wrapper block-grid-for-core-heading\">\n      <div class=\"default-editor-content grid-for-core-heading container-fluid container-px-1\">\n        <div class=\"row row-cols-1 align-center\">\n          <div class=\"cell\">\n            \n<h3 class=\"wp-block-heading has-text-align-center\"><strong>Les cons\u00e9quences des troubles du sommeil<\/strong><\/h3>\n          <\/div>\n        <\/div>\n      <\/div>\n\n      <\/section>\n\n<section class=\"block-grid-wrapper block-grid-for-core-paragraph\">\n      <div class=\"default-editor-content grid-for-core-paragraph container-fluid container-px-1\">\n        <div class=\"row row-cols-1 align-center\">\n          <div class=\"cell\">\n            \n<p><strong>Les cons\u00e9quences des troubles du sommeil<\/strong> sont multiples et ne se limitent pas toujours \u00e0 de la simple fatigue. Lorsque le manque s\u2019accumule, on parle de \u00ab\u2009dette de sommeil\u2009\u00bb. <strong>Le nombre d\u2019heures de sommeil <\/strong>n\u2019est plus suffisant, l\u2019organisme ne r\u00e9cup\u00e8re pas et s\u2019affaiblit progressivement. Cet \u00e9tat d\u2019\u00e9puisement peut se traduire par des probl\u00e8mes gastro-intestinaux, de l\u2019ob\u00e9sit\u00e9, <a href=\"https:\/\/beautytherapy.absolution-cosmetics.com\/fr\/bien-etre\/medecines-alternatives\/troubles-humeur\/\">une d\u00e9pression<\/a> ou encore une d\u00e9gradation globale du syst\u00e8me immunitaire. \u00c0 terme, c\u2019est l\u2019ensemble du quotidien de la personne qui risque d\u2019\u00eatre impact\u00e9, ainsi que son entourage.<\/p>\n          <\/div>\n        <\/div>\n      <\/div>\n\n      <\/section>\n\n<section class=\"block-grid-wrapper block-grid-for-core-spacer\">\n      <div class=\"default-editor-content grid-for-core-spacer container-fluid container-px-1\">\n        <div class=\"row row-cols-1 align-center\">\n          <div class=\"cell\">\n            \n<div style=\"height:20px\" aria-hidden=\"true\" class=\"wp-block-spacer\"><\/div>\n          <\/div>\n        <\/div>\n      <\/div>\n\n      <\/section>\n\n<section class=\"block-grid-wrapper block-grid-for-core-heading\">\n      <div class=\"default-editor-content grid-for-core-heading container-fluid container-px-1\">\n        <div class=\"row row-cols-1 align-center\">\n          <div class=\"cell\">\n            \n<h2 class=\"wp-block-heading\">Comment retrouver un sommeil de qualit\u00e9\u2009?&nbsp;<\/h2>\n          <\/div>\n        <\/div>\n      <\/div>\n\n      <\/section>\n\n<section class=\"block-grid-wrapper block-grid-for-core-spacer\">\n      <div class=\"default-editor-content grid-for-core-spacer container-fluid container-px-1\">\n        <div class=\"row row-cols-1 align-center\">\n          <div class=\"cell\">\n            \n<div style=\"height:20px\" aria-hidden=\"true\" class=\"wp-block-spacer\"><\/div>\n          <\/div>\n        <\/div>\n      <\/div>\n\n      <\/section>\n\n<section class=\"block-grid-wrapper block-grid-for-core-heading\">\n      <div class=\"default-editor-content grid-for-core-heading container-fluid container-px-1\">\n        <div class=\"row row-cols-1 align-center\">\n          <div class=\"cell\">\n            \n<h3 class=\"wp-block-heading has-text-align-center\">L\u2019endormissement, une \u00e9tape essentielle<\/h3>\n          <\/div>\n        <\/div>\n      <\/div>\n\n      <\/section>\n\n<section class=\"block-grid-wrapper block-grid-for-core-paragraph\">\n      <div class=\"default-editor-content grid-for-core-paragraph container-fluid container-px-1\">\n        <div class=\"row row-cols-1 align-center\">\n          <div class=\"cell\">\n            \n<p><strong>Pour favoriser le retour d\u2019un sommeil r\u00e9parateur<\/strong>, la phase d\u2019endormissement est essentielle. C\u2019est l\u00e0 que tout se joue. En effet, tout au long de la journ\u00e9e, le corps s\u00e9cr\u00e8te de l\u2019ad\u00e9nosine. Cette hormone s\u2019accumule au fil des heures et r\u00e9duit progressivement l\u2019activit\u00e9 du cerveau. C\u2019est gr\u00e2ce \u00e0 elle que nous ressentons le besoin de nous endormir le soir. Sa quantit\u00e9 dans l\u2019organisme diminue ensuite progressivement au cours de la nuit, ce qui nous permet de nous r\u00e9veiller le matin. Il est important <strong>d\u2019\u00e9couter son corps et de respecter son horloge biologique\u2009!<\/strong><\/p>\n          <\/div>\n        <\/div>\n      <\/div>\n\n      <\/section>\n\n<section class=\"block-grid-wrapper block-grid-for-core-image\">\n      <div class=\"default-editor-content grid-for-core-image container-fluid container-px-1\">\n        <div class=\"row row-cols-1 align-center\">\n          <div class=\"cell\">\n            \n<figure class=\"wp-block-image aligncenter size-large is-resized\"><img decoding=\"async\" src=\"https:\/\/beautytherapy.absolution-cosmetics.com\/wp-content\/uploads\/2021\/04\/02_RETROUVER_SOMMEIL_LECTURE_@celine.depoitiers-1024x683.jpg\" alt=\"\" class=\"wp-image-6579\"\/><\/figure>\n          <\/div>\n        <\/div>\n      <\/div>\n\n      <\/section>\n\n<section class=\"block-grid-wrapper block-grid-for-core-spacer\">\n      <div class=\"default-editor-content grid-for-core-spacer container-fluid container-px-1\">\n        <div class=\"row row-cols-1 align-center\">\n          <div class=\"cell\">\n            \n<div style=\"height:20px\" aria-hidden=\"true\" class=\"wp-block-spacer\"><\/div>\n          <\/div>\n        <\/div>\n      <\/div>\n\n      <\/section>\n\n<section class=\"block-grid-wrapper block-grid-for-core-heading\">\n      <div class=\"default-editor-content grid-for-core-heading container-fluid container-px-1\">\n        <div class=\"row row-cols-1 align-center\">\n          <div class=\"cell\">\n            \n<h3 class=\"wp-block-heading has-text-align-center\"><strong>Un environnement propice au sommeil<\/strong><\/h3>\n          <\/div>\n        <\/div>\n      <\/div>\n\n      <\/section>\n\n<section class=\"block-grid-wrapper block-grid-for-core-paragraph\">\n      <div class=\"default-editor-content grid-for-core-paragraph container-fluid container-px-1\">\n        <div class=\"row row-cols-1 align-center\">\n          <div class=\"cell\">\n            \n<p><strong>Pour un sommeil r\u00e9parateur, <\/strong>il est primordial de cr\u00e9er un environnement favorable \u00e0 l\u2019endormissement. Si vous souhaitez bien vous reposer, certaines habitudes sont \u00e0 proscrire comme&nbsp;:<\/p>\n          <\/div>\n        <\/div>\n      <\/div>\n\n      <\/section>\n\n<section class=\"block-grid-wrapper block-grid-for-core-list\">\n      <div class=\"default-editor-content grid-for-core-list container-fluid container-px-1\">\n        <div class=\"row row-cols-1 align-center\">\n          <div class=\"cell\">\n            \n<ul class=\"wp-block-list\">\n<li><strong><a href=\"https:\/\/beautytherapy.absolution-cosmetics.com\/fr\/prendre-soin-de-sa-peau\/hydrater-the\/\">boire du th\u00e9<\/a> ou du caf\u00e9 apr\u00e8s 16&nbsp;heures<\/strong>&nbsp;: ces boissons contiennent des excitants qui peuvent nuire \u00e0 votre sommeil\u2009;<\/li>\n\n\n\n<li><strong>prendre un bain chaud avant le coucher<\/strong>&nbsp;: la temp\u00e9rature corporelle diminue lors de l\u2019endormissement, l\u2019eau chaude n\u2019est donc pas recommand\u00e9e\u2009;<\/li>\n\n\n\n<li><strong>pratiquer une activit\u00e9 physique intense&nbsp;<\/strong>: l\u2019acc\u00e9l\u00e9ration du pouls et la lib\u00e9ration d\u2019adr\u00e9naline dans les veines ne favorisent pas l\u2019endormissement\u2009;<\/li>\n\n\n\n<li><strong>regarder un \u00e9cran tard le soir<\/strong>&nbsp;: la lumi\u00e8re bleue des \u00e9crans excite le nerf optique, ce qui peut impacter la qualit\u00e9 de votre sommeil.<\/li>\n<\/ul>\n          <\/div>\n        <\/div>\n      <\/div>\n\n      <\/section>\n\n<section class=\"block-grid-wrapper block-grid-for-core-paragraph\">\n      <div class=\"default-editor-content grid-for-core-paragraph container-fluid container-px-1\">\n        <div class=\"row row-cols-1 align-center\">\n          <div class=\"cell\">\n            \n<p>Veillez \u00e0 diminuer la temp\u00e9rature de la chambre et \u00e0 baisser progressivement la luminosit\u00e9. En cas d\u2019agitation, <strong>la pratique d\u2019une activit\u00e9 physique douce<\/strong> comme le yoga antistress peut aider \u00e0 la d\u00e9tente. La respiration ou <a href=\"https:\/\/beautytherapy.absolution-cosmetics.com\/fr\/bien-etre\/meditation-janvier-uma-gaia\/\">la m\u00e9ditation<\/a> sont \u00e9galement des techniques de relaxation tr\u00e8s efficaces. Enfin, votre lit doit \u00eatre confortable, adapt\u00e9 \u00e0 vos besoins.<\/p>\n          <\/div>\n        <\/div>\n      <\/div>\n\n      <\/section>\n\n<section class=\"block-grid-wrapper block-grid-for-core-image\">\n      <div class=\"default-editor-content grid-for-core-image container-fluid container-px-1\">\n        <div class=\"row row-cols-1 align-center\">\n          <div class=\"cell\">\n            \n<figure class=\"wp-block-image aligncenter size-large is-resized\"><img decoding=\"async\" src=\"https:\/\/beautytherapy.absolution-cosmetics.com\/wp-content\/uploads\/2021\/04\/03_RETROUVER_SOMMEIL_YOGA_@mathildenormand_-1024x683.jpg\" alt=\"\" class=\"wp-image-6577\"\/><\/figure>\n          <\/div>\n        <\/div>\n      <\/div>\n\n      <\/section>\n\n<section class=\"block-grid-wrapper block-grid-for-core-paragraph\">\n      <div class=\"default-editor-content grid-for-core-paragraph container-fluid container-px-1\">\n        <div class=\"row row-cols-1 align-center\">\n          <div class=\"cell\">\n            \n<p><strong>Le sommeil est un \u00e9l\u00e9ment indispensable<\/strong> \u00e0 la vie. C\u2019est gr\u00e2ce \u00e0 lui que l\u2019organisme se met au repos et se r\u00e9g\u00e9n\u00e8re. Lorsqu\u2019ils s\u2019installent, les troubles du sommeil peuvent avoir un impact cons\u00e9quent sur le quotidien. <strong>La qualit\u00e9 du sommeil<\/strong> est directement li\u00e9e \u00e0 notre environnement&nbsp;: stress, \u00e9crans, d\u00e9calage horaire, c\u2019est un \u00e9quilibre fragile, essentiel \u00e0 pr\u00e9server. Certaines pratiques comme la m\u00e9ditation, la relaxation ou le yoga peuvent participer au retour d\u2019<strong>un sommeil r\u00e9parateur.<\/strong><\/p>\n          <\/div>\n        <\/div>\n      <\/div>\n\n      <\/section>","protected":false},"excerpt":{"rendered":"<p>Le sommeil repose sur un \u00e9quilibre fragile, intimement li\u00e9 \u00e0 notre environnement. Stress, rythme effr\u00e9n\u00e9 ou d\u00e9calage horaire&nbsp;: comment retrouver un sommeil de qualit\u00e9\u2009? Pour mieux dormir, la compr\u00e9hension des m\u00e9canismes des cycles de sommeil est essentielle. Yoga, m\u00e9ditation ou lecture, il s\u2019agit ensuite de mettre en place une routine d\u2019endormissement adapt\u00e9e afin de permettre [&hellip;]<\/p>\n","protected":false},"author":24,"featured_media":6575,"comment_status":"open","ping_status":"open","sticky":false,"template":"","format":"standard","meta":{"_acf_changed":false,"footnotes":""},"categories":[995,997],"tags":[],"class_list":["post-6450","post","type-post","status-publish","format-standard","has-post-thumbnail","hentry","category-bien-etre","category-bien-etre-et-beaute"],"acf":[],"yoast_head":"<!-- This site is optimized with the Yoast SEO plugin v27.5 - https:\/\/yoast.com\/product\/yoast-seo-wordpress\/ -->\n<title>Comment retrouver un sommeil de qualit\u00e9 pour bien dormir\u2009?<\/title>\n<meta name=\"description\" content=\"Le sommeil repose sur un \u00e9quilibre fragile, intimement li\u00e9 \u00e0 notre environnement. Stress, rythme effr\u00e9n\u00e9 ou d\u00e9calage horaire : comment retrouver un sommeil de qualit\u00e9\u2009?\" \/>\n<meta name=\"robots\" content=\"index, follow, max-snippet:-1, max-image-preview:large, max-video-preview:-1\" \/>\n<link rel=\"canonical\" href=\"https:\/\/beautytherapy.absolution-cosmetics.com\/fr\/bien-etre\/qualite-sommeil\/\" \/>\n<meta property=\"og:locale\" content=\"fr_FR\" \/>\n<meta property=\"og:type\" content=\"article\" \/>\n<meta property=\"og:title\" content=\"Comment retrouver un sommeil de qualit\u00e9 pour bien dormir\u2009?\" \/>\n<meta property=\"og:description\" content=\"Le sommeil repose sur un \u00e9quilibre fragile, intimement li\u00e9 \u00e0 notre environnement. Stress, rythme effr\u00e9n\u00e9 ou d\u00e9calage horaire : comment retrouver un sommeil de qualit\u00e9\u2009?\" \/>\n<meta property=\"og:url\" content=\"https:\/\/beautytherapy.absolution-cosmetics.com\/fr\/bien-etre\/qualite-sommeil\/\" \/>\n<meta property=\"og:site_name\" content=\"Beauty Therapy\" \/>\n<meta property=\"article:author\" content=\"https:\/\/www.facebook.com\/absolutioncosmetics\" \/>\n<meta property=\"article:published_time\" content=\"2021-04-29T15:33:31+00:00\" \/>\n<meta property=\"article:modified_time\" content=\"2024-12-09T07:37:50+00:00\" \/>\n<meta property=\"og:image\" content=\"https:\/\/beautytherapy.absolution-cosmetics.com\/wp-content\/uploads\/2021\/04\/01_COUV_RETROUVER_SOMMEIL.jpg\" \/>\n\t<meta property=\"og:image:width\" content=\"1500\" \/>\n\t<meta property=\"og:image:height\" content=\"1000\" \/>\n\t<meta property=\"og:image:type\" content=\"image\/jpeg\" \/>\n<meta name=\"author\" content=\"Edito Beauty Therapy\" \/>\n<meta name=\"twitter:card\" content=\"summary_large_image\" \/>\n<meta name=\"twitter:label1\" content=\"\u00c9crit par\" \/>\n\t<meta name=\"twitter:data1\" content=\"Edito Beauty Therapy\" \/>\n\t<meta name=\"twitter:label2\" content=\"Dur\u00e9e de lecture estim\u00e9e\" \/>\n\t<meta name=\"twitter:data2\" content=\"6 minutes\" \/>\n<script type=\"application\/ld+json\" class=\"yoast-schema-graph\">{\"@context\":\"https:\\\/\\\/schema.org\",\"@graph\":[{\"@type\":\"Article\",\"@id\":\"https:\\\/\\\/beautytherapy.absolution-cosmetics.com\\\/fr\\\/bien-etre\\\/qualite-sommeil\\\/#article\",\"isPartOf\":{\"@id\":\"https:\\\/\\\/beautytherapy.absolution-cosmetics.com\\\/fr\\\/bien-etre\\\/qualite-sommeil\\\/\"},\"author\":{\"name\":\"Edito Beauty Therapy\",\"@id\":\"https:\\\/\\\/beautytherapy.absolution-cosmetics.com\\\/fr\\\/#\\\/schema\\\/person\\\/39fa4ed518c548c2f2b7d6a399786b66\"},\"headline\":\"Comment retrouver un sommeil de qualit\u00e9 pour bien dormir\u2009?\",\"datePublished\":\"2021-04-29T15:33:31+00:00\",\"dateModified\":\"2024-12-09T07:37:50+00:00\",\"mainEntityOfPage\":{\"@id\":\"https:\\\/\\\/beautytherapy.absolution-cosmetics.com\\\/fr\\\/bien-etre\\\/qualite-sommeil\\\/\"},\"wordCount\":1172,\"commentCount\":0,\"publisher\":{\"@id\":\"https:\\\/\\\/beautytherapy.absolution-cosmetics.com\\\/fr\\\/#organization\"},\"image\":{\"@id\":\"https:\\\/\\\/beautytherapy.absolution-cosmetics.com\\\/fr\\\/bien-etre\\\/qualite-sommeil\\\/#primaryimage\"},\"thumbnailUrl\":\"https:\\\/\\\/beautytherapy.absolution-cosmetics.com\\\/wp-content\\\/uploads\\\/2021\\\/04\\\/01_COUV_RETROUVER_SOMMEIL.jpg\",\"articleSection\":[\"Bien-\u00eatre\",\"Bien-\u00eatre et beaut\u00e9\"],\"inLanguage\":\"fr-FR\",\"potentialAction\":[{\"@type\":\"CommentAction\",\"name\":\"Comment\",\"target\":[\"https:\\\/\\\/beautytherapy.absolution-cosmetics.com\\\/fr\\\/bien-etre\\\/qualite-sommeil\\\/#respond\"]}]},{\"@type\":\"WebPage\",\"@id\":\"https:\\\/\\\/beautytherapy.absolution-cosmetics.com\\\/fr\\\/bien-etre\\\/qualite-sommeil\\\/\",\"url\":\"https:\\\/\\\/beautytherapy.absolution-cosmetics.com\\\/fr\\\/bien-etre\\\/qualite-sommeil\\\/\",\"name\":\"Comment retrouver un sommeil de qualit\u00e9 pour bien dormir\u2009?\",\"isPartOf\":{\"@id\":\"https:\\\/\\\/beautytherapy.absolution-cosmetics.com\\\/fr\\\/#website\"},\"primaryImageOfPage\":{\"@id\":\"https:\\\/\\\/beautytherapy.absolution-cosmetics.com\\\/fr\\\/bien-etre\\\/qualite-sommeil\\\/#primaryimage\"},\"image\":{\"@id\":\"https:\\\/\\\/beautytherapy.absolution-cosmetics.com\\\/fr\\\/bien-etre\\\/qualite-sommeil\\\/#primaryimage\"},\"thumbnailUrl\":\"https:\\\/\\\/beautytherapy.absolution-cosmetics.com\\\/wp-content\\\/uploads\\\/2021\\\/04\\\/01_COUV_RETROUVER_SOMMEIL.jpg\",\"datePublished\":\"2021-04-29T15:33:31+00:00\",\"dateModified\":\"2024-12-09T07:37:50+00:00\",\"description\":\"Le sommeil repose sur un \u00e9quilibre fragile, intimement li\u00e9 \u00e0 notre environnement. Stress, rythme effr\u00e9n\u00e9 ou d\u00e9calage horaire : comment retrouver un sommeil de qualit\u00e9\u2009?\",\"breadcrumb\":{\"@id\":\"https:\\\/\\\/beautytherapy.absolution-cosmetics.com\\\/fr\\\/bien-etre\\\/qualite-sommeil\\\/#breadcrumb\"},\"inLanguage\":\"fr-FR\",\"potentialAction\":[{\"@type\":\"ReadAction\",\"target\":[\"https:\\\/\\\/beautytherapy.absolution-cosmetics.com\\\/fr\\\/bien-etre\\\/qualite-sommeil\\\/\"]}]},{\"@type\":\"ImageObject\",\"inLanguage\":\"fr-FR\",\"@id\":\"https:\\\/\\\/beautytherapy.absolution-cosmetics.com\\\/fr\\\/bien-etre\\\/qualite-sommeil\\\/#primaryimage\",\"url\":\"https:\\\/\\\/beautytherapy.absolution-cosmetics.com\\\/wp-content\\\/uploads\\\/2021\\\/04\\\/01_COUV_RETROUVER_SOMMEIL.jpg\",\"contentUrl\":\"https:\\\/\\\/beautytherapy.absolution-cosmetics.com\\\/wp-content\\\/uploads\\\/2021\\\/04\\\/01_COUV_RETROUVER_SOMMEIL.jpg\",\"width\":1500,\"height\":1000},{\"@type\":\"BreadcrumbList\",\"@id\":\"https:\\\/\\\/beautytherapy.absolution-cosmetics.com\\\/fr\\\/bien-etre\\\/qualite-sommeil\\\/#breadcrumb\",\"itemListElement\":[{\"@type\":\"ListItem\",\"position\":1,\"name\":\"Home\",\"item\":\"https:\\\/\\\/beautytherapy.absolution-cosmetics.com\\\/fr\\\/\"},{\"@type\":\"ListItem\",\"position\":2,\"name\":\"Bien-\u00eatre\",\"item\":\"https:\\\/\\\/beautytherapy.absolution-cosmetics.com\\\/fr\\\/bien-etre\\\/\"},{\"@type\":\"ListItem\",\"position\":3,\"name\":\"Comment retrouver un sommeil de qualit\u00e9 pour bien dormir\u2009?\"}]},{\"@type\":\"WebSite\",\"@id\":\"https:\\\/\\\/beautytherapy.absolution-cosmetics.com\\\/fr\\\/#website\",\"url\":\"https:\\\/\\\/beautytherapy.absolution-cosmetics.com\\\/fr\\\/\",\"name\":\"Beauty Therapy\",\"description\":\"\",\"publisher\":{\"@id\":\"https:\\\/\\\/beautytherapy.absolution-cosmetics.com\\\/fr\\\/#organization\"},\"inLanguage\":\"fr-FR\"},{\"@type\":\"Organization\",\"@id\":\"https:\\\/\\\/beautytherapy.absolution-cosmetics.com\\\/fr\\\/#organization\",\"name\":\"Beauty Therapy\",\"url\":\"https:\\\/\\\/beautytherapy.absolution-cosmetics.com\\\/fr\\\/\",\"logo\":{\"@type\":\"ImageObject\",\"inLanguage\":\"fr-FR\",\"@id\":\"https:\\\/\\\/beautytherapy.absolution-cosmetics.com\\\/fr\\\/#\\\/schema\\\/logo\\\/image\\\/\",\"url\":\"https:\\\/\\\/beautytherapy.absolution-cosmetics.com\\\/wp-content\\\/uploads\\\/2020\\\/02\\\/beauty-therapy-logo.png\",\"contentUrl\":\"https:\\\/\\\/beautytherapy.absolution-cosmetics.com\\\/wp-content\\\/uploads\\\/2020\\\/02\\\/beauty-therapy-logo.png\",\"width\":424,\"height\":212,\"caption\":\"Beauty Therapy\"},\"image\":{\"@id\":\"https:\\\/\\\/beautytherapy.absolution-cosmetics.com\\\/fr\\\/#\\\/schema\\\/logo\\\/image\\\/\"}},{\"@type\":\"Person\",\"@id\":\"https:\\\/\\\/beautytherapy.absolution-cosmetics.com\\\/fr\\\/#\\\/schema\\\/person\\\/39fa4ed518c548c2f2b7d6a399786b66\",\"name\":\"Edito Beauty Therapy\",\"description\":\"L\u2019objectif d\u2019Absolution est \u00e0 la fois tout simple et merveilleusement complexe : retrouver la Beaut\u00e9 ! Celle du monde qui nous entoure, celle du monde que l\u2019on contient... celle qui se cache dans votre reflet le matin ! Les soins Absolution effacent les scories de nos vies d\u2019urbains : chaque jour ils offrent \u00e0 notre peau un retour \u00e0 sa beaut\u00e9 originelle en restaurant son \u00e9cosyst\u00e8me naturel et en l\u2019amenant \u00e0 son \u00e9tat optimum. \u00c9labor\u00e9e \u00e0 partir d\u2019extraits v\u00e9g\u00e9taux certifi\u00e9s bio ou sauvages, de min\u00e9raux et de vitamines, Absolution allie d\u00e9licatesse des textures et des senteurs, simplicit\u00e9 d\u2019utilisation et totale efficacit\u00e9 des formules. Absolution c\u2019est aussi une volont\u00e9 : celle de transmettre une fa\u00e7on de voir le monde qui fait \u00e9merger la beaut\u00e9 partout o\u00f9 elle est. Partagez-la avec nous ! @absolution_cosmetics #absolutioncosmetics #retrouverlabeaut\u00e9\",\"sameAs\":[\"https:\\\/\\\/www.absolution-cosmetics.com\\\/fr\\\/\",\"https:\\\/\\\/www.facebook.com\\\/absolutioncosmetics\",\"https:\\\/\\\/www.instagram.com\\\/absolution_cosmetics\\\/\"],\"url\":\"https:\\\/\\\/beautytherapy.absolution-cosmetics.com\\\/fr\\\/author\\\/l-equipe-absolution\\\/\"}]}<\/script>\n<!-- \/ Yoast SEO plugin. -->","yoast_head_json":{"title":"Comment retrouver un sommeil de qualit\u00e9 pour bien dormir\u2009?","description":"Le sommeil repose sur un \u00e9quilibre fragile, intimement li\u00e9 \u00e0 notre environnement. Stress, rythme effr\u00e9n\u00e9 ou d\u00e9calage horaire : comment retrouver un sommeil de qualit\u00e9\u2009?","robots":{"index":"index","follow":"follow","max-snippet":"max-snippet:-1","max-image-preview":"max-image-preview:large","max-video-preview":"max-video-preview:-1"},"canonical":"https:\/\/beautytherapy.absolution-cosmetics.com\/fr\/bien-etre\/qualite-sommeil\/","og_locale":"fr_FR","og_type":"article","og_title":"Comment retrouver un sommeil de qualit\u00e9 pour bien dormir\u2009?","og_description":"Le sommeil repose sur un \u00e9quilibre fragile, intimement li\u00e9 \u00e0 notre environnement. Stress, rythme effr\u00e9n\u00e9 ou d\u00e9calage horaire : comment retrouver un sommeil de qualit\u00e9\u2009?","og_url":"https:\/\/beautytherapy.absolution-cosmetics.com\/fr\/bien-etre\/qualite-sommeil\/","og_site_name":"Beauty Therapy","article_author":"https:\/\/www.facebook.com\/absolutioncosmetics","article_published_time":"2021-04-29T15:33:31+00:00","article_modified_time":"2024-12-09T07:37:50+00:00","og_image":[{"width":1500,"height":1000,"url":"https:\/\/beautytherapy.absolution-cosmetics.com\/wp-content\/uploads\/2021\/04\/01_COUV_RETROUVER_SOMMEIL.jpg","type":"image\/jpeg"}],"author":"Edito Beauty Therapy","twitter_card":"summary_large_image","twitter_misc":{"\u00c9crit par":"Edito Beauty Therapy","Dur\u00e9e de lecture estim\u00e9e":"6 minutes"},"schema":{"@context":"https:\/\/schema.org","@graph":[{"@type":"Article","@id":"https:\/\/beautytherapy.absolution-cosmetics.com\/fr\/bien-etre\/qualite-sommeil\/#article","isPartOf":{"@id":"https:\/\/beautytherapy.absolution-cosmetics.com\/fr\/bien-etre\/qualite-sommeil\/"},"author":{"name":"Edito Beauty Therapy","@id":"https:\/\/beautytherapy.absolution-cosmetics.com\/fr\/#\/schema\/person\/39fa4ed518c548c2f2b7d6a399786b66"},"headline":"Comment retrouver un sommeil de qualit\u00e9 pour bien dormir\u2009?","datePublished":"2021-04-29T15:33:31+00:00","dateModified":"2024-12-09T07:37:50+00:00","mainEntityOfPage":{"@id":"https:\/\/beautytherapy.absolution-cosmetics.com\/fr\/bien-etre\/qualite-sommeil\/"},"wordCount":1172,"commentCount":0,"publisher":{"@id":"https:\/\/beautytherapy.absolution-cosmetics.com\/fr\/#organization"},"image":{"@id":"https:\/\/beautytherapy.absolution-cosmetics.com\/fr\/bien-etre\/qualite-sommeil\/#primaryimage"},"thumbnailUrl":"https:\/\/beautytherapy.absolution-cosmetics.com\/wp-content\/uploads\/2021\/04\/01_COUV_RETROUVER_SOMMEIL.jpg","articleSection":["Bien-\u00eatre","Bien-\u00eatre et beaut\u00e9"],"inLanguage":"fr-FR","potentialAction":[{"@type":"CommentAction","name":"Comment","target":["https:\/\/beautytherapy.absolution-cosmetics.com\/fr\/bien-etre\/qualite-sommeil\/#respond"]}]},{"@type":"WebPage","@id":"https:\/\/beautytherapy.absolution-cosmetics.com\/fr\/bien-etre\/qualite-sommeil\/","url":"https:\/\/beautytherapy.absolution-cosmetics.com\/fr\/bien-etre\/qualite-sommeil\/","name":"Comment retrouver un sommeil de qualit\u00e9 pour bien dormir\u2009?","isPartOf":{"@id":"https:\/\/beautytherapy.absolution-cosmetics.com\/fr\/#website"},"primaryImageOfPage":{"@id":"https:\/\/beautytherapy.absolution-cosmetics.com\/fr\/bien-etre\/qualite-sommeil\/#primaryimage"},"image":{"@id":"https:\/\/beautytherapy.absolution-cosmetics.com\/fr\/bien-etre\/qualite-sommeil\/#primaryimage"},"thumbnailUrl":"https:\/\/beautytherapy.absolution-cosmetics.com\/wp-content\/uploads\/2021\/04\/01_COUV_RETROUVER_SOMMEIL.jpg","datePublished":"2021-04-29T15:33:31+00:00","dateModified":"2024-12-09T07:37:50+00:00","description":"Le sommeil repose sur un \u00e9quilibre fragile, intimement li\u00e9 \u00e0 notre environnement. Stress, rythme effr\u00e9n\u00e9 ou d\u00e9calage horaire : comment retrouver un sommeil de qualit\u00e9\u2009?","breadcrumb":{"@id":"https:\/\/beautytherapy.absolution-cosmetics.com\/fr\/bien-etre\/qualite-sommeil\/#breadcrumb"},"inLanguage":"fr-FR","potentialAction":[{"@type":"ReadAction","target":["https:\/\/beautytherapy.absolution-cosmetics.com\/fr\/bien-etre\/qualite-sommeil\/"]}]},{"@type":"ImageObject","inLanguage":"fr-FR","@id":"https:\/\/beautytherapy.absolution-cosmetics.com\/fr\/bien-etre\/qualite-sommeil\/#primaryimage","url":"https:\/\/beautytherapy.absolution-cosmetics.com\/wp-content\/uploads\/2021\/04\/01_COUV_RETROUVER_SOMMEIL.jpg","contentUrl":"https:\/\/beautytherapy.absolution-cosmetics.com\/wp-content\/uploads\/2021\/04\/01_COUV_RETROUVER_SOMMEIL.jpg","width":1500,"height":1000},{"@type":"BreadcrumbList","@id":"https:\/\/beautytherapy.absolution-cosmetics.com\/fr\/bien-etre\/qualite-sommeil\/#breadcrumb","itemListElement":[{"@type":"ListItem","position":1,"name":"Home","item":"https:\/\/beautytherapy.absolution-cosmetics.com\/fr\/"},{"@type":"ListItem","position":2,"name":"Bien-\u00eatre","item":"https:\/\/beautytherapy.absolution-cosmetics.com\/fr\/bien-etre\/"},{"@type":"ListItem","position":3,"name":"Comment retrouver un sommeil de qualit\u00e9 pour bien dormir\u2009?"}]},{"@type":"WebSite","@id":"https:\/\/beautytherapy.absolution-cosmetics.com\/fr\/#website","url":"https:\/\/beautytherapy.absolution-cosmetics.com\/fr\/","name":"Beauty Therapy","description":"","publisher":{"@id":"https:\/\/beautytherapy.absolution-cosmetics.com\/fr\/#organization"},"inLanguage":"fr-FR"},{"@type":"Organization","@id":"https:\/\/beautytherapy.absolution-cosmetics.com\/fr\/#organization","name":"Beauty Therapy","url":"https:\/\/beautytherapy.absolution-cosmetics.com\/fr\/","logo":{"@type":"ImageObject","inLanguage":"fr-FR","@id":"https:\/\/beautytherapy.absolution-cosmetics.com\/fr\/#\/schema\/logo\/image\/","url":"https:\/\/beautytherapy.absolution-cosmetics.com\/wp-content\/uploads\/2020\/02\/beauty-therapy-logo.png","contentUrl":"https:\/\/beautytherapy.absolution-cosmetics.com\/wp-content\/uploads\/2020\/02\/beauty-therapy-logo.png","width":424,"height":212,"caption":"Beauty Therapy"},"image":{"@id":"https:\/\/beautytherapy.absolution-cosmetics.com\/fr\/#\/schema\/logo\/image\/"}},{"@type":"Person","@id":"https:\/\/beautytherapy.absolution-cosmetics.com\/fr\/#\/schema\/person\/39fa4ed518c548c2f2b7d6a399786b66","name":"Edito Beauty Therapy","description":"L\u2019objectif d\u2019Absolution est \u00e0 la fois tout simple et merveilleusement complexe : retrouver la Beaut\u00e9 ! Celle du monde qui nous entoure, celle du monde que l\u2019on contient... celle qui se cache dans votre reflet le matin ! Les soins Absolution effacent les scories de nos vies d\u2019urbains : chaque jour ils offrent \u00e0 notre peau un retour \u00e0 sa beaut\u00e9 originelle en restaurant son \u00e9cosyst\u00e8me naturel et en l\u2019amenant \u00e0 son \u00e9tat optimum. \u00c9labor\u00e9e \u00e0 partir d\u2019extraits v\u00e9g\u00e9taux certifi\u00e9s bio ou sauvages, de min\u00e9raux et de vitamines, Absolution allie d\u00e9licatesse des textures et des senteurs, simplicit\u00e9 d\u2019utilisation et totale efficacit\u00e9 des formules. Absolution c\u2019est aussi une volont\u00e9 : celle de transmettre une fa\u00e7on de voir le monde qui fait \u00e9merger la beaut\u00e9 partout o\u00f9 elle est. Partagez-la avec nous ! @absolution_cosmetics #absolutioncosmetics #retrouverlabeaut\u00e9","sameAs":["https:\/\/www.absolution-cosmetics.com\/fr\/","https:\/\/www.facebook.com\/absolutioncosmetics","https:\/\/www.instagram.com\/absolution_cosmetics\/"],"url":"https:\/\/beautytherapy.absolution-cosmetics.com\/fr\/author\/l-equipe-absolution\/"}]}},"_links":{"self":[{"href":"https:\/\/beautytherapy.absolution-cosmetics.com\/fr\/wp-json\/wp\/v2\/posts\/6450","targetHints":{"allow":["GET"]}}],"collection":[{"href":"https:\/\/beautytherapy.absolution-cosmetics.com\/fr\/wp-json\/wp\/v2\/posts"}],"about":[{"href":"https:\/\/beautytherapy.absolution-cosmetics.com\/fr\/wp-json\/wp\/v2\/types\/post"}],"author":[{"embeddable":true,"href":"https:\/\/beautytherapy.absolution-cosmetics.com\/fr\/wp-json\/wp\/v2\/users\/24"}],"replies":[{"embeddable":true,"href":"https:\/\/beautytherapy.absolution-cosmetics.com\/fr\/wp-json\/wp\/v2\/comments?post=6450"}],"version-history":[{"count":7,"href":"https:\/\/beautytherapy.absolution-cosmetics.com\/fr\/wp-json\/wp\/v2\/posts\/6450\/revisions"}],"predecessor-version":[{"id":24213,"href":"https:\/\/beautytherapy.absolution-cosmetics.com\/fr\/wp-json\/wp\/v2\/posts\/6450\/revisions\/24213"}],"wp:featuredmedia":[{"embeddable":true,"href":"https:\/\/beautytherapy.absolution-cosmetics.com\/fr\/wp-json\/wp\/v2\/media\/6575"}],"wp:attachment":[{"href":"https:\/\/beautytherapy.absolution-cosmetics.com\/fr\/wp-json\/wp\/v2\/media?parent=6450"}],"wp:term":[{"taxonomy":"category","embeddable":true,"href":"https:\/\/beautytherapy.absolution-cosmetics.com\/fr\/wp-json\/wp\/v2\/categories?post=6450"},{"taxonomy":"post_tag","embeddable":true,"href":"https:\/\/beautytherapy.absolution-cosmetics.com\/fr\/wp-json\/wp\/v2\/tags?post=6450"}],"curies":[{"name":"wp","href":"https:\/\/api.w.org\/{rel}","templated":true}]}}