{"id":6461,"date":"2021-04-21T14:51:59","date_gmt":"2021-04-21T12:51:59","guid":{"rendered":"https:\/\/beautytherapy.absolution-cosmetics.com\/?p=6461"},"modified":"2024-12-09T08:40:14","modified_gmt":"2024-12-09T07:40:14","slug":"archetype-guerriere","status":"publish","type":"post","link":"https:\/\/beautytherapy.absolution-cosmetics.com\/fr\/bien-etre\/archetype-guerriere\/","title":{"rendered":"L&rsquo;arch\u00e9type f\u00e9minin d\u2019Avril : La Guerri\u00e8re, celle qui prot\u00e8ge"},"content":{"rendered":"<section class=\"block-grid-wrapper block-grid-for-core-paragraph\">\n      <div class=\"default-editor-content grid-for-core-paragraph container-fluid container-px-1\">\n        <div class=\"row row-cols-1 align-center\">\n          <div class=\"cell\">\n            \n<p><strong><strong>\u00c0 la rencontre des <a href=\"https:\/\/beautytherapy.absolution-cosmetics.com\/fr\/bien-etre\/a-la-rencontre-des-archetypes-feminins\/\">arch\u00e9types f\u00e9minins<\/a>, un parcours initiatique pour se relier \u00e0 sa nature f\u00e9minine cyclique changeante. Arch\u00e9type f\u00e9minin du mois d&rsquo;avril : La Guerri\u00e8re, celle qui prot\u00e8ge.<\/strong><\/strong><\/p>\n          <\/div>\n        <\/div>\n      <\/div>\n\n      <\/section>\n\n<section class=\"block-grid-wrapper block-grid-for-core-spacer\">\n      <div class=\"default-editor-content grid-for-core-spacer container-fluid container-px-1\">\n        <div class=\"row row-cols-1 align-center\">\n          <div class=\"cell\">\n            \n<div style=\"height:20px\" aria-hidden=\"true\" class=\"wp-block-spacer\"><\/div>\n          <\/div>\n        <\/div>\n      <\/div>\n\n      <\/section>\n\n<section class=\"block-grid-wrapper block-grid-for-core-paragraph\">\n      <div class=\"default-editor-content grid-for-core-paragraph container-fluid container-px-1\">\n        <div class=\"row row-cols-1 align-center\">\n          <div class=\"cell\">\n            \n<p>Imaginez <a href=\"https:\/\/beautytherapy.absolution-cosmetics.com\/wp-content\/uploads\/2020\/09\/Welcome-Spring-Part-1.png\r\">l\u2019ouverture du printemps<\/a>, les neiges fondent sur les arbres et l\u2019eau se met a\u0300 ruisseler des branches. L\u2019hiver re\u0301cupe\u0300re son manteau pendant que les jeunes pousses traversent l\u2019e\u0301corce de la terre avec de\u0301termination pour acce\u0301der a\u0300 la lumie\u0300re du jour. C\u2019est aux portes de cet espace-temps que se tient l\u2019arche\u0301type de la Guerrie\u0300re.<\/p>\n          <\/div>\n        <\/div>\n      <\/div>\n\n      <\/section>\n\n<section class=\"block-grid-wrapper block-grid-for-core-image\">\n      <div class=\"default-editor-content grid-for-core-image container-fluid container-px-1\">\n        <div class=\"row row-cols-1 align-center\">\n          <div class=\"cell\">\n            \n<div class=\"wp-block-image\"><figure class=\"aligncenter size-large is-resized\"><img loading=\"lazy\" decoding=\"async\" src=\"https:\/\/beautytherapy.absolution-cosmetics.com\/wp-content\/uploads\/2021\/04\/image2-1024x683.jpg\" alt=\"\" class=\"wp-image-6465\" width=\"746\" height=\"497\"\/><\/figure><\/div>\n          <\/div>\n        <\/div>\n      <\/div>\n\n      <\/section>\n\n<section class=\"block-grid-wrapper block-grid-for-core-spacer\">\n      <div class=\"default-editor-content grid-for-core-spacer container-fluid container-px-1\">\n        <div class=\"row row-cols-1 align-center\">\n          <div class=\"cell\">\n            \n<div style=\"height:20px\" aria-hidden=\"true\" class=\"wp-block-spacer\"><\/div>\n          <\/div>\n        <\/div>\n      <\/div>\n\n      <\/section>\n\n<section class=\"block-grid-wrapper block-grid-for-core-paragraph\">\n      <div class=\"default-editor-content grid-for-core-paragraph container-fluid container-px-1\">\n        <div class=\"row row-cols-1 align-center\">\n          <div class=\"cell\">\n            \n<p>Elle est puissante et droite. Son regard est impe\u0301tueux. Elle tient un bouclier dore\u0301 et porte des bijoux en me\u0301tal brillant. Une lumie\u0300re rayonnante e\u0301mane d\u2019elle. <strong>Elle est vive et e\u0301blouissante. Elle est lumineuse et solaire !<\/strong><\/p>\n          <\/div>\n        <\/div>\n      <\/div>\n\n      <\/section>\n\n<section class=\"block-grid-wrapper block-grid-for-core-spacer\">\n      <div class=\"default-editor-content grid-for-core-spacer container-fluid container-px-1\">\n        <div class=\"row row-cols-1 align-center\">\n          <div class=\"cell\">\n            \n<div style=\"height:20px\" aria-hidden=\"true\" class=\"wp-block-spacer\"><\/div>\n          <\/div>\n        <\/div>\n      <\/div>\n\n      <\/section>\n\n<section class=\"block-grid-wrapper block-grid-for-core-heading\">\n      <div class=\"default-editor-content grid-for-core-heading container-fluid container-px-1\">\n        <div class=\"row row-cols-1 align-center\">\n          <div class=\"cell\">\n            \n<h2 class=\"wp-block-heading\">La Guerrie\u0300re de\u0301fend le territoire sacre\u0301 de notre vie<\/h2>\n          <\/div>\n        <\/div>\n      <\/div>\n\n      <\/section>\n\n<section class=\"block-grid-wrapper block-grid-for-core-paragraph\">\n      <div class=\"default-editor-content grid-for-core-paragraph container-fluid container-px-1\">\n        <div class=\"row row-cols-1 align-center\">\n          <div class=\"cell\">\n            \n<p>Comme une me\u0300re qui prote\u0300ge son nouveau-ne\u0301, elle nous invite a\u0300 dresser des barrie\u0300res saines autour de notre vie. Elle nous donne la force de placer nos limites avec les autres et avec notre environnement.<\/p>\n          <\/div>\n        <\/div>\n      <\/div>\n\n      <\/section>\n\n<section class=\"block-grid-wrapper block-grid-for-core-spacer\">\n      <div class=\"default-editor-content grid-for-core-spacer container-fluid container-px-1\">\n        <div class=\"row row-cols-1 align-center\">\n          <div class=\"cell\">\n            \n<div style=\"height:20px\" aria-hidden=\"true\" class=\"wp-block-spacer\"><\/div>\n          <\/div>\n        <\/div>\n      <\/div>\n\n      <\/section>\n\n<section class=\"block-grid-wrapper block-grid-for-core-heading\">\n      <div class=\"default-editor-content grid-for-core-heading container-fluid container-px-1\">\n        <div class=\"row row-cols-1 align-center\">\n          <div class=\"cell\">\n            \n<h2 class=\"wp-block-heading\">La Guerrie\u0300re fait jaillir notre confiance en nous<\/h2>\n          <\/div>\n        <\/div>\n      <\/div>\n\n      <\/section>\n\n<section class=\"block-grid-wrapper block-grid-for-core-paragraph\">\n      <div class=\"default-editor-content grid-for-core-paragraph container-fluid container-px-1\">\n        <div class=\"row row-cols-1 align-center\">\n          <div class=\"cell\">\n            \n<p>Elle fait nai\u0302tre notre courage inte\u0301rieur pour que nous soyons capables d\u2019affirmer nos besoins et nos de\u0301sirs. Elle nous aide <strong>a\u0300 prendre confiance en nous et a\u0300 de\u0301velopper notre estime de soi.<\/strong><br>A\u0300 ses co\u0302te\u0301s, nous apprenons a\u0300 choisir avec conscience ce qui est be\u0301ne\u0301fique pour nous et, a\u0300 l\u2019inverse, nous savons refuser ce qui est toxique ou dangereux. Ainsi, nous optimisons notre e\u0301nergie vitale. Nous prenons la responsabilite\u0301 de nos actions et de nos e\u0301motions.<\/p>\n          <\/div>\n        <\/div>\n      <\/div>\n\n      <\/section>\n\n<section class=\"block-grid-wrapper block-grid-for-core-image\">\n      <div class=\"default-editor-content grid-for-core-image container-fluid container-px-1\">\n        <div class=\"row row-cols-1 align-center\">\n          <div class=\"cell\">\n            \n<div class=\"wp-block-image\"><figure class=\"aligncenter size-large is-resized\"><img loading=\"lazy\" decoding=\"async\" src=\"https:\/\/beautytherapy.absolution-cosmetics.com\/wp-content\/uploads\/2021\/04\/image5-1024x683.jpg\" alt=\"\" class=\"wp-image-6467\" width=\"746\" height=\"504\"\/><\/figure><\/div>\n          <\/div>\n        <\/div>\n      <\/div>\n\n      <\/section>\n\n<section class=\"block-grid-wrapper block-grid-for-core-spacer\">\n      <div class=\"default-editor-content grid-for-core-spacer container-fluid container-px-1\">\n        <div class=\"row row-cols-1 align-center\">\n          <div class=\"cell\">\n            \n<div style=\"height:20px\" aria-hidden=\"true\" class=\"wp-block-spacer\"><\/div>\n          <\/div>\n        <\/div>\n      <\/div>\n\n      <\/section>\n\n<section class=\"block-grid-wrapper block-grid-for-core-heading\">\n      <div class=\"default-editor-content grid-for-core-heading container-fluid container-px-1\">\n        <div class=\"row row-cols-1 align-center\">\n          <div class=\"cell\">\n            \n<h2 class=\"wp-block-heading\">La Guerrie\u0300re sait prendre des de\u0301cisions difficiles<\/h2>\n          <\/div>\n        <\/div>\n      <\/div>\n\n      <\/section>\n\n<section class=\"block-grid-wrapper block-grid-for-core-paragraph\">\n      <div class=\"default-editor-content grid-for-core-paragraph container-fluid container-px-1\">\n        <div class=\"row row-cols-1 align-center\">\n          <div class=\"cell\">\n            \n<p>Dote\u0301e d\u2019un esprit clair et rationnel, elle utilise son sens du discernement pour prendre des de\u0301cisions difficiles. Elle n\u2019he\u0301site pas a\u0300 trancher avec les anciens sche\u0301mas lorsque c\u2019est ne\u0301cessaire ou a\u0300 couper les liens ne\u0301fastes dans nos relations. Elle nous donne <strong>la force de dire \u00ab Non \u00bb quand il le faut<\/strong>, pour que nous puissions concentrer notre e\u0301nergie sur nous- me\u0302mes ou de\u0301fendre nos convictions.<\/p>\n          <\/div>\n        <\/div>\n      <\/div>\n\n      <\/section>\n\n<section class=\"block-grid-wrapper block-grid-for-core-image\">\n      <div class=\"default-editor-content grid-for-core-image container-fluid container-px-1\">\n        <div class=\"row row-cols-1 align-center\">\n          <div class=\"cell\">\n            \n<div class=\"wp-block-image\"><figure class=\"aligncenter size-large is-resized\"><img loading=\"lazy\" decoding=\"async\" src=\"https:\/\/beautytherapy.absolution-cosmetics.com\/wp-content\/uploads\/2021\/04\/image3-1-873x1024.jpg\" alt=\"\" class=\"wp-image-6471\" width=\"458\" height=\"537\"\/><\/figure><\/div>\n          <\/div>\n        <\/div>\n      <\/div>\n\n      <\/section>\n\n<section class=\"block-grid-wrapper block-grid-for-core-spacer\">\n      <div class=\"default-editor-content grid-for-core-spacer container-fluid container-px-1\">\n        <div class=\"row row-cols-1 align-center\">\n          <div class=\"cell\">\n            \n<div style=\"height:20px\" aria-hidden=\"true\" class=\"wp-block-spacer\"><\/div>\n          <\/div>\n        <\/div>\n      <\/div>\n\n      <\/section>\n\n<section class=\"block-grid-wrapper block-grid-for-core-heading\">\n      <div class=\"default-editor-content grid-for-core-heading container-fluid container-px-1\">\n        <div class=\"row row-cols-1 align-center\">\n          <div class=\"cell\">\n            \n<h2 class=\"wp-block-heading\">Voici quelques questions pour prolonger votre r\u00e9flexion seul(e) ou avec vos proches <\/h2>\n          <\/div>\n        <\/div>\n      <\/div>\n\n      <\/section>\n\n<section class=\"block-grid-wrapper block-grid-for-core-list\">\n      <div class=\"default-editor-content grid-for-core-list container-fluid container-px-1\">\n        <div class=\"row row-cols-1 align-center\">\n          <div class=\"cell\">\n            \n<ul class=\"wp-block-list\"><li>Quels aspects de votre vie ont besoin d\u2019e\u0302tre prote\u0301ge\u0301s ou de\u0301fendus ?<\/li><li>Parvenez-vous a\u0300 faire respecter vos valeurs, vos de\u0301cisions, votre ve\u0301rite\u0301 ?<\/li><li>E\u0302tes-vous capable de placer des limites claires et saines dans votre vie ?<\/li><li>Savez-vous communiquer clairement vos besoins, vos envies, et dire non lorsque quelque chose ne vous convient pas ?<\/li><li>Y a-t-il des peurs qui sont aux commandes de votre vie ?<\/li><\/ul>\n          <\/div>\n        <\/div>\n      <\/div>\n\n      <\/section>\n\n<section class=\"block-grid-wrapper block-grid-for-core-paragraph\">\n      <div class=\"default-editor-content grid-for-core-paragraph container-fluid container-px-1\">\n        <div class=\"row row-cols-1 align-center\">\n          <div class=\"cell\">\n            \n<p><em>Extrait du livre <strong><a href=\"https:\/\/www.moonsistersparis.com\/mon-livre?utm_medium=social&amp;utm_source=linktree&amp;utm_campaign=d%C3%A9couvrir+mon+livre+%3A+femme+pr%C3%AAtresse+%E2%9C%A8\">Femme Pr\u00eatresse<\/a><\/strong>, Editions Leduc 2021<\/em><\/p>\n          <\/div>\n        <\/div>\n      <\/div>\n\n      <\/section>\n\n<section class=\"block-grid-wrapper block-grid-for-core-spacer\">\n      <div class=\"default-editor-content grid-for-core-spacer container-fluid container-px-1\">\n        <div class=\"row row-cols-1 align-center\">\n          <div class=\"cell\">\n            \n<div style=\"height:20px\" aria-hidden=\"true\" class=\"wp-block-spacer\"><\/div>\n          <\/div>\n        <\/div>\n      <\/div>\n\n      <\/section>\n\n<section class=\"block-grid-wrapper block-grid-for-core-heading\">\n      <div class=\"default-editor-content grid-for-core-heading container-fluid container-px-1\">\n        <div class=\"row row-cols-1 align-center\">\n          <div class=\"cell\">\n            \n<h2 class=\"wp-block-heading\">Rituel : les bonhommes allumettes<\/h2>\n          <\/div>\n        <\/div>\n      <\/div>\n\n      <\/section>\n\n<section class=\"block-grid-wrapper block-grid-for-core-paragraph\">\n      <div class=\"default-editor-content grid-for-core-paragraph container-fluid container-px-1\">\n        <div class=\"row row-cols-1 align-center\">\n          <div class=\"cell\">\n            \n<p>La Guerri\u00e8re, <em>celle qui prot\u00e8ge<\/em>, sait mettre des fronti\u00e8res claires pour prot\u00e9ger sa vie et avancer librement sur son chemin. Voici un rituel simple pour placer vos limites ou pour vous d\u00e9faire des liens d\u2019attachement qui vous emp\u00eachent d\u2019avancer. Le bonhomme allumette est un acte psycho-magique qui permet de <strong>se couper d\u2019une situation n\u00e9gative bloquante ou d\u2019une relation toxique.<\/strong><\/p>\n          <\/div>\n        <\/div>\n      <\/div>\n\n      <\/section>\n\n<section class=\"block-grid-wrapper block-grid-for-core-paragraph\">\n      <div class=\"default-editor-content grid-for-core-paragraph container-fluid container-px-1\">\n        <div class=\"row row-cols-1 align-center\">\n          <div class=\"cell\">\n            \n<p>Il peut se pratiquer entre vous et une autre personne ou alors entre vous et une situation dont vous ne voulez plus, par exemple : un \u00e9tat de col\u00e8re, une situation bloquante dans votre couple etc.<\/p>\n          <\/div>\n        <\/div>\n      <\/div>\n\n      <\/section>\n\n<section class=\"block-grid-wrapper block-grid-for-core-paragraph\">\n      <div class=\"default-editor-content grid-for-core-paragraph container-fluid container-px-1\">\n        <div class=\"row row-cols-1 align-center\">\n          <div class=\"cell\">\n            \n<p>Personnellement, j\u2019aime faire ce rituel en conscience dans un \u00e9tat m\u00e9ditatif. Commencez par choisir une temporalit\u00e9 particuli\u00e8re comme, par exemple, un soir de pleine lune. Puis, cr\u00e9ez votre espace vibratoire en faisant br\u00fbler de l\u2019encens ou un bouquet de plantes m\u00e9dicinales. Installez-vous autour d\u2019une table et d\u00e9posez-y une feuille blanche, un stylo et une paire de ciseaux. Vous pouvez aussi ajouter quelques pierres ou cristaux pour amplifier les vibrations. Mettez-vous \u00e0 l\u2019aise !<\/p>\n          <\/div>\n        <\/div>\n      <\/div>\n\n      <\/section>\n\n<section class=\"block-grid-wrapper block-grid-for-core-paragraph\">\n      <div class=\"default-editor-content grid-for-core-paragraph container-fluid container-px-1\">\n        <div class=\"row row-cols-1 align-center\">\n          <div class=\"cell\">\n            \n<p><br>Prenez trois grandes respirations les yeux ferm\u00e9s et concentrez votre attention sur la th\u00e9matique dont vous souhaitez vous lib\u00e9rer. Imaginez distinctement les liens d\u2019attachements qui vous relient \u00e0 la personne ou au sujet que vous avez choisi, puis visualisez une lumi\u00e8re blanche autour de toute cette situation.<\/p>\n          <\/div>\n        <\/div>\n      <\/div>\n\n      <\/section>\n\n<section class=\"block-grid-wrapper block-grid-for-core-paragraph\">\n      <div class=\"default-editor-content grid-for-core-paragraph container-fluid container-px-1\">\n        <div class=\"row row-cols-1 align-center\">\n          <div class=\"cell\">\n            \n<p>Rouvrez les yeux et prenez votre feuille de papier. Sur la partie gauche, dessinez-vous sous la forme simpliste d\u2019un bonhomme allumette et notez votre pr\u00e9nom en dessous. Sur la partie droite, dessinez un autre bonhomme pour repr\u00e9senter la personne avec laquelle vous souhaitez rompre des liens d\u2019attachement toxiques. Si vous souhaitez \u201ctravailler\u201d avec une situation ou un th\u00e8me, dessinez un rectangle \u00e0 l\u2019int\u00e9rieur duquel vous noterez la th\u00e9matique. (comme ci-dessus)<\/p>\n          <\/div>\n        <\/div>\n      <\/div>\n\n      <\/section>\n\n<section class=\"block-grid-wrapper block-grid-for-core-columns\">\n      <div class=\"default-editor-content grid-for-core-columns container-fluid container-px-1\">\n        <div class=\"row row-cols-1 align-center\">\n          <div class=\"cell\">\n            \n<div class=\"wp-block-columns is-layout-flex wp-container-core-columns-is-layout-9d6595d7 wp-block-columns-is-layout-flex\">\n<div class=\"wp-block-column is-layout-flow wp-block-column-is-layout-flow\">\n<div class=\"wp-block-image\"><figure class=\"aligncenter size-large\"><img decoding=\"async\" src=\"https:\/\/beautytherapy.absolution-cosmetics.com\/wp-content\/uploads\/2021\/04\/image6-1024x768.jpg\" alt=\"\" class=\"wp-image-6473\"\/><\/figure><\/div>\n<\/div>\n\n\n\n<div class=\"wp-block-column is-layout-flow wp-block-column-is-layout-flow\">\n<p>Ensuite, entourez le bonhomme pour repr\u00e9senter un cercle de lumi\u00e8re et de protection autour de vous. Faites pareil avec la personne ou le rectangle d\u2019en face pour symboliser que peu importe l\u2019issue, vous lui souhaitez un bon d\u00e9nouement<br>Enfin, tracez un grand cercle de lumi\u00e8re autour de vos deux illustrations pour envoyer de la lumi\u00e8re \u00e0 la situation toute enti\u00e8re.<br>Une fois cette \u00e9tape accomplie, vous allez mat\u00e9rialiser vos liens d&rsquo;attachements en reliant les deux dessins avec 7 traits correspondant aux <a href=\"https:\/\/beautytherapy.absolution-cosmetics.com\/fr\/bien-etre\/equilibrer-besoins-energetiques-chakras\/\">7 chakras<\/a>. Commencez par le chakra racine, puis le sacr\u00e9, le plexus solaire, le c\u0153ur, la gorge, le troisi\u00e8me oeil et enfin le chakra couronne.<\/p>\n<\/div>\n<\/div>\n          <\/div>\n        <\/div>\n      <\/div>\n\n      <\/section>\n\n<section class=\"block-grid-wrapper block-grid-for-core-spacer\">\n      <div class=\"default-editor-content grid-for-core-spacer container-fluid container-px-1\">\n        <div class=\"row row-cols-1 align-center\">\n          <div class=\"cell\">\n            \n<div style=\"height:20px\" aria-hidden=\"true\" class=\"wp-block-spacer\"><\/div>\n          <\/div>\n        <\/div>\n      <\/div>\n\n      <\/section>\n\n<section class=\"block-grid-wrapper block-grid-for-core-paragraph\">\n      <div class=\"default-editor-content grid-for-core-paragraph container-fluid container-px-1\">\n        <div class=\"row row-cols-1 align-center\">\n          <div class=\"cell\">\n            \n<p>Prenez un moment pour observer ces liens et ce qu\u2019ils ont engendr\u00e9 dans votre vie de positif et de n\u00e9gatif. Lorsque vous serez pr\u00eate, attrapez votre paire de ciseaux et d\u00e9coupez la feuille en deux pour s\u00e9parer vos deux bonhommes. Prononcez \u00e0 voix haute une phrase de compl\u00e9tude du type : \u00ab\u00a0Voil\u00e0, c\u2019est fait. Je suis s\u00e9par\u00e9e d\u2019une situation qui ne me sert plus !\u00a0\u00bb<\/p>\n          <\/div>\n        <\/div>\n      <\/div>\n\n      <\/section>\n\n<section class=\"block-grid-wrapper block-grid-for-core-image\">\n      <div class=\"default-editor-content grid-for-core-image container-fluid container-px-1\">\n        <div class=\"row row-cols-1 align-center\">\n          <div class=\"cell\">\n            \n<div class=\"wp-block-image\"><figure class=\"aligncenter size-large is-resized\"><img decoding=\"async\" src=\"https:\/\/beautytherapy.absolution-cosmetics.com\/wp-content\/uploads\/2021\/04\/image4-1024x768.jpg\" alt=\"\" class=\"wp-image-6475\" width=\"746\"\/><\/figure><\/div>\n          <\/div>\n        <\/div>\n      <\/div>\n\n      <\/section>\n\n<section class=\"block-grid-wrapper block-grid-for-core-paragraph\">\n      <div class=\"default-editor-content grid-for-core-paragraph container-fluid container-px-1\">\n        <div class=\"row row-cols-1 align-center\">\n          <div class=\"cell\">\n            \n<p>Vous pouvez jeter les deux morceaux de papier ou prolonger le rituel en les faisant br\u00fbler dans une coupelle.<br>Ce rituel, bien que simple, est <strong>tr\u00e8s lib\u00e9rateur et puissant !<\/strong> Je vous encourage \u00e0 ne pas l\u2019exercer dans un \u00e9tat de col\u00e8re mais plut\u00f4t de mani\u00e8re pos\u00e9e, apr\u00e8s avoir suffisamment r\u00e9fl\u00e9chi \u00e0 la situation qui ne vous correspond plus. Correctement appliqu\u00e9, ce rituel ne manquera pas de vous apporter joie et l\u00e9g\u00e8ret\u00e9 !<\/p>\n          <\/div>\n        <\/div>\n      <\/div>\n\n      <\/section>\n\n<section class=\"block-grid-wrapper block-grid-for-core-spacer\">\n      <div class=\"default-editor-content grid-for-core-spacer container-fluid container-px-1\">\n        <div class=\"row row-cols-1 align-center\">\n          <div class=\"cell\">\n            \n<div style=\"height:20px\" aria-hidden=\"true\" class=\"wp-block-spacer\"><\/div>\n          <\/div>\n        <\/div>\n      <\/div>\n\n      <\/section>\n\n<section class=\"block-grid-wrapper block-grid-for-core-paragraph\">\n      <div class=\"default-editor-content grid-for-core-paragraph container-fluid container-px-1\">\n        <div class=\"row row-cols-1 align-center\">\n          <div class=\"cell\">\n            \n<p>Technique invent\u00e9e par Jacques Martel, l\u2019auteur du <em>Grand dictionnaire des malaises et des maladies.<\/em><\/p>\n          <\/div>\n        <\/div>\n      <\/div>\n\n      <\/section>\n\n<section class=\"block-grid-wrapper block-grid-for-core-spacer\">\n      <div class=\"default-editor-content grid-for-core-spacer container-fluid container-px-1\">\n        <div class=\"row row-cols-1 align-center\">\n          <div class=\"cell\">\n            \n<div style=\"height:20px\" aria-hidden=\"true\" class=\"wp-block-spacer\"><\/div>\n          <\/div>\n        <\/div>\n      <\/div>\n\n      <\/section>","protected":false},"excerpt":{"rendered":"<p>\u00c0 la rencontre des arch\u00e9types f\u00e9minins, un parcours initiatique pour se relier \u00e0 sa nature f\u00e9minine cyclique changeante. Arch\u00e9type f\u00e9minin du mois d&rsquo;avril : La Guerri\u00e8re, celle qui prot\u00e8ge. Imaginez l\u2019ouverture du printemps, les neiges fondent sur les arbres et l\u2019eau se met a\u0300 ruisseler des branches. L\u2019hiver re\u0301cupe\u0300re son manteau pendant que les jeunes [&hellip;]<\/p>\n","protected":false},"author":9,"featured_media":6463,"comment_status":"open","ping_status":"open","sticky":false,"template":"","format":"standard","meta":{"_acf_changed":false,"footnotes":""},"categories":[995,1187,996],"tags":[],"class_list":["post-6461","post","type-post","status-publish","format-standard","has-post-thumbnail","hentry","category-bien-etre","category-contempler_le_beau","category-spiritualite-2"],"acf":[],"yoast_head":"<!-- This site is optimized with the Yoast SEO plugin v27.5 - https:\/\/yoast.com\/product\/yoast-seo-wordpress\/ -->\n<title>L&#039;arch\u00e9type de la Guerri\u00e8re avec Alexandra Fryda Marty<\/title>\n<meta name=\"description\" content=\"\u00c0 la rencontre des arch\u00e9types f\u00e9minins, un parcours initiatique pour se relier \u00e0 sa nature f\u00e9minine cyclique changeante. Arch\u00e9type f\u00e9minin du mois d&#039;avril : La Guerri\u00e8re, celle qui prot\u00e8ge.\" \/>\n<meta name=\"robots\" content=\"index, follow, max-snippet:-1, max-image-preview:large, max-video-preview:-1\" \/>\n<link rel=\"canonical\" href=\"https:\/\/beautytherapy.absolution-cosmetics.com\/fr\/bien-etre\/archetype-guerriere\/\" \/>\n<meta property=\"og:locale\" content=\"fr_FR\" \/>\n<meta property=\"og:type\" content=\"article\" \/>\n<meta property=\"og:title\" content=\"L&#039;arch\u00e9type de la Guerri\u00e8re avec Alexandra Fryda Marty\" \/>\n<meta property=\"og:description\" content=\"\u00c0 la rencontre des arch\u00e9types f\u00e9minins, un parcours initiatique pour se relier \u00e0 sa nature f\u00e9minine cyclique changeante. Arch\u00e9type f\u00e9minin du mois d&#039;avril : La Guerri\u00e8re, celle qui prot\u00e8ge.\" \/>\n<meta property=\"og:url\" content=\"https:\/\/beautytherapy.absolution-cosmetics.com\/fr\/bien-etre\/archetype-guerriere\/\" \/>\n<meta property=\"og:site_name\" content=\"Beauty Therapy\" \/>\n<meta property=\"article:published_time\" content=\"2021-04-21T12:51:59+00:00\" \/>\n<meta property=\"article:modified_time\" content=\"2024-12-09T07:40:14+00:00\" \/>\n<meta property=\"og:image\" content=\"https:\/\/beautytherapy.absolution-cosmetics.com\/wp-content\/uploads\/2021\/04\/Cover-Article-47.png\" \/>\n\t<meta property=\"og:image:width\" content=\"1500\" \/>\n\t<meta property=\"og:image:height\" content=\"1000\" \/>\n\t<meta property=\"og:image:type\" content=\"image\/png\" \/>\n<meta name=\"author\" content=\"Alexandra Fryda Marty\" \/>\n<meta name=\"twitter:card\" content=\"summary_large_image\" \/>\n<meta name=\"twitter:label1\" content=\"\u00c9crit par\" \/>\n\t<meta name=\"twitter:data1\" content=\"Alexandra Fryda Marty\" \/>\n\t<meta name=\"twitter:label2\" content=\"Dur\u00e9e de lecture estim\u00e9e\" \/>\n\t<meta name=\"twitter:data2\" content=\"5 minutes\" \/>\n<script type=\"application\/ld+json\" class=\"yoast-schema-graph\">{\"@context\":\"https:\\\/\\\/schema.org\",\"@graph\":[{\"@type\":\"Article\",\"@id\":\"https:\\\/\\\/beautytherapy.absolution-cosmetics.com\\\/fr\\\/bien-etre\\\/archetype-guerriere\\\/#article\",\"isPartOf\":{\"@id\":\"https:\\\/\\\/beautytherapy.absolution-cosmetics.com\\\/fr\\\/bien-etre\\\/archetype-guerriere\\\/\"},\"author\":{\"name\":\"Alexandra Fryda Marty\",\"@id\":\"https:\\\/\\\/beautytherapy.absolution-cosmetics.com\\\/fr\\\/#\\\/schema\\\/person\\\/e3c13e680b0fee5f22fec37ae80094d5\"},\"headline\":\"L&rsquo;arch\u00e9type f\u00e9minin d\u2019Avril : La Guerri\u00e8re, celle qui prot\u00e8ge\",\"datePublished\":\"2021-04-21T12:51:59+00:00\",\"dateModified\":\"2024-12-09T07:40:14+00:00\",\"mainEntityOfPage\":{\"@id\":\"https:\\\/\\\/beautytherapy.absolution-cosmetics.com\\\/fr\\\/bien-etre\\\/archetype-guerriere\\\/\"},\"wordCount\":1083,\"commentCount\":0,\"publisher\":{\"@id\":\"https:\\\/\\\/beautytherapy.absolution-cosmetics.com\\\/fr\\\/#organization\"},\"image\":{\"@id\":\"https:\\\/\\\/beautytherapy.absolution-cosmetics.com\\\/fr\\\/bien-etre\\\/archetype-guerriere\\\/#primaryimage\"},\"thumbnailUrl\":\"https:\\\/\\\/beautytherapy.absolution-cosmetics.com\\\/wp-content\\\/uploads\\\/2021\\\/04\\\/Cover-Article-47.png\",\"articleSection\":[\"Bien-\u00eatre\",\"Contemplation\",\"Spiritualit\u00e9\"],\"inLanguage\":\"fr-FR\",\"potentialAction\":[{\"@type\":\"CommentAction\",\"name\":\"Comment\",\"target\":[\"https:\\\/\\\/beautytherapy.absolution-cosmetics.com\\\/fr\\\/bien-etre\\\/archetype-guerriere\\\/#respond\"]}]},{\"@type\":\"WebPage\",\"@id\":\"https:\\\/\\\/beautytherapy.absolution-cosmetics.com\\\/fr\\\/bien-etre\\\/archetype-guerriere\\\/\",\"url\":\"https:\\\/\\\/beautytherapy.absolution-cosmetics.com\\\/fr\\\/bien-etre\\\/archetype-guerriere\\\/\",\"name\":\"L'arch\u00e9type de la Guerri\u00e8re avec Alexandra Fryda Marty\",\"isPartOf\":{\"@id\":\"https:\\\/\\\/beautytherapy.absolution-cosmetics.com\\\/fr\\\/#website\"},\"primaryImageOfPage\":{\"@id\":\"https:\\\/\\\/beautytherapy.absolution-cosmetics.com\\\/fr\\\/bien-etre\\\/archetype-guerriere\\\/#primaryimage\"},\"image\":{\"@id\":\"https:\\\/\\\/beautytherapy.absolution-cosmetics.com\\\/fr\\\/bien-etre\\\/archetype-guerriere\\\/#primaryimage\"},\"thumbnailUrl\":\"https:\\\/\\\/beautytherapy.absolution-cosmetics.com\\\/wp-content\\\/uploads\\\/2021\\\/04\\\/Cover-Article-47.png\",\"datePublished\":\"2021-04-21T12:51:59+00:00\",\"dateModified\":\"2024-12-09T07:40:14+00:00\",\"description\":\"\u00c0 la rencontre des arch\u00e9types f\u00e9minins, un parcours initiatique pour se relier \u00e0 sa nature f\u00e9minine cyclique changeante. Arch\u00e9type f\u00e9minin du mois d'avril : La Guerri\u00e8re, celle qui prot\u00e8ge.\",\"breadcrumb\":{\"@id\":\"https:\\\/\\\/beautytherapy.absolution-cosmetics.com\\\/fr\\\/bien-etre\\\/archetype-guerriere\\\/#breadcrumb\"},\"inLanguage\":\"fr-FR\",\"potentialAction\":[{\"@type\":\"ReadAction\",\"target\":[\"https:\\\/\\\/beautytherapy.absolution-cosmetics.com\\\/fr\\\/bien-etre\\\/archetype-guerriere\\\/\"]}]},{\"@type\":\"ImageObject\",\"inLanguage\":\"fr-FR\",\"@id\":\"https:\\\/\\\/beautytherapy.absolution-cosmetics.com\\\/fr\\\/bien-etre\\\/archetype-guerriere\\\/#primaryimage\",\"url\":\"https:\\\/\\\/beautytherapy.absolution-cosmetics.com\\\/wp-content\\\/uploads\\\/2021\\\/04\\\/Cover-Article-47.png\",\"contentUrl\":\"https:\\\/\\\/beautytherapy.absolution-cosmetics.com\\\/wp-content\\\/uploads\\\/2021\\\/04\\\/Cover-Article-47.png\",\"width\":1500,\"height\":1000},{\"@type\":\"BreadcrumbList\",\"@id\":\"https:\\\/\\\/beautytherapy.absolution-cosmetics.com\\\/fr\\\/bien-etre\\\/archetype-guerriere\\\/#breadcrumb\",\"itemListElement\":[{\"@type\":\"ListItem\",\"position\":1,\"name\":\"Home\",\"item\":\"https:\\\/\\\/beautytherapy.absolution-cosmetics.com\\\/fr\\\/\"},{\"@type\":\"ListItem\",\"position\":2,\"name\":\"Bien-\u00eatre\",\"item\":\"https:\\\/\\\/beautytherapy.absolution-cosmetics.com\\\/fr\\\/bien-etre\\\/\"},{\"@type\":\"ListItem\",\"position\":3,\"name\":\"Contemplation\",\"item\":\"https:\\\/\\\/beautytherapy.absolution-cosmetics.com\\\/fr\\\/bien-etre\\\/contempler_le_beau\\\/\"},{\"@type\":\"ListItem\",\"position\":4,\"name\":\"L&#8217;arch\u00e9type f\u00e9minin d\u2019Avril : La Guerri\u00e8re, celle qui prot\u00e8ge\"}]},{\"@type\":\"WebSite\",\"@id\":\"https:\\\/\\\/beautytherapy.absolution-cosmetics.com\\\/fr\\\/#website\",\"url\":\"https:\\\/\\\/beautytherapy.absolution-cosmetics.com\\\/fr\\\/\",\"name\":\"Beauty Therapy\",\"description\":\"\",\"publisher\":{\"@id\":\"https:\\\/\\\/beautytherapy.absolution-cosmetics.com\\\/fr\\\/#organization\"},\"inLanguage\":\"fr-FR\"},{\"@type\":\"Organization\",\"@id\":\"https:\\\/\\\/beautytherapy.absolution-cosmetics.com\\\/fr\\\/#organization\",\"name\":\"Beauty Therapy\",\"url\":\"https:\\\/\\\/beautytherapy.absolution-cosmetics.com\\\/fr\\\/\",\"logo\":{\"@type\":\"ImageObject\",\"inLanguage\":\"fr-FR\",\"@id\":\"https:\\\/\\\/beautytherapy.absolution-cosmetics.com\\\/fr\\\/#\\\/schema\\\/logo\\\/image\\\/\",\"url\":\"https:\\\/\\\/beautytherapy.absolution-cosmetics.com\\\/wp-content\\\/uploads\\\/2020\\\/02\\\/beauty-therapy-logo.png\",\"contentUrl\":\"https:\\\/\\\/beautytherapy.absolution-cosmetics.com\\\/wp-content\\\/uploads\\\/2020\\\/02\\\/beauty-therapy-logo.png\",\"width\":424,\"height\":212,\"caption\":\"Beauty Therapy\"},\"image\":{\"@id\":\"https:\\\/\\\/beautytherapy.absolution-cosmetics.com\\\/fr\\\/#\\\/schema\\\/logo\\\/image\\\/\"}},{\"@type\":\"Person\",\"@id\":\"https:\\\/\\\/beautytherapy.absolution-cosmetics.com\\\/fr\\\/#\\\/schema\\\/person\\\/e3c13e680b0fee5f22fec37ae80094d5\",\"name\":\"Alexandra Fryda Marty\",\"description\":\"Alexandra est facilitatrice de cercles de femmes et d\u2019ateliers sur le f\u00e9minin sacr\u00e9. Passionn\u00e9e de spiritualit\u00e9 multiculturelle et initi\u00e9e aux voies myst\u00e9rieuses du f\u00e9minin par deux pr\u00eatresses am\u00e9ricaines, Alexandra transmet ces enseignements \u00e0 travers sa formation en ligne : L\u2019Ecole des 13 Lunes. \\\" Rendre aux femmes leur savoir, leur sagesse, leurs connaissances inn\u00e9es sur ce qui les relie \u00e0 leur nature cyclique et changeante.\u201d C\u00e9r\u00e9monies pour c\u00e9l\u00e9brer les saisons, rituels pour honorer la lune, m\u00e9ditations sonores au bols de cristal ou cercles de paroles, entrez dans l'univers mystique et sacr\u00e9 des sagesses ancestrales f\u00e9minines et de la sororit\u00e9. Retrouvez le Beauty Interview d'Alexandra juste ici et suivez Alexandra sur Instagram @moonsistersparis pour d\u00e9couvrir tout son univers.\",\"sameAs\":[\"https:\\\/\\\/www.moonsistersparis.com\\\/\",\"https:\\\/\\\/www.instagram.com\\\/moonsistersparis\\\/\"],\"url\":\"https:\\\/\\\/beautytherapy.absolution-cosmetics.com\\\/fr\\\/author\\\/moonsisters-paris\\\/\"}]}<\/script>\n<!-- \/ Yoast SEO plugin. -->","yoast_head_json":{"title":"L'arch\u00e9type de la Guerri\u00e8re avec Alexandra Fryda Marty","description":"\u00c0 la rencontre des arch\u00e9types f\u00e9minins, un parcours initiatique pour se relier \u00e0 sa nature f\u00e9minine cyclique changeante. Arch\u00e9type f\u00e9minin du mois d'avril : La Guerri\u00e8re, celle qui prot\u00e8ge.","robots":{"index":"index","follow":"follow","max-snippet":"max-snippet:-1","max-image-preview":"max-image-preview:large","max-video-preview":"max-video-preview:-1"},"canonical":"https:\/\/beautytherapy.absolution-cosmetics.com\/fr\/bien-etre\/archetype-guerriere\/","og_locale":"fr_FR","og_type":"article","og_title":"L'arch\u00e9type de la Guerri\u00e8re avec Alexandra Fryda Marty","og_description":"\u00c0 la rencontre des arch\u00e9types f\u00e9minins, un parcours initiatique pour se relier \u00e0 sa nature f\u00e9minine cyclique changeante. Arch\u00e9type f\u00e9minin du mois d'avril : La Guerri\u00e8re, celle qui prot\u00e8ge.","og_url":"https:\/\/beautytherapy.absolution-cosmetics.com\/fr\/bien-etre\/archetype-guerriere\/","og_site_name":"Beauty Therapy","article_published_time":"2021-04-21T12:51:59+00:00","article_modified_time":"2024-12-09T07:40:14+00:00","og_image":[{"width":1500,"height":1000,"url":"https:\/\/beautytherapy.absolution-cosmetics.com\/wp-content\/uploads\/2021\/04\/Cover-Article-47.png","type":"image\/png"}],"author":"Alexandra Fryda Marty","twitter_card":"summary_large_image","twitter_misc":{"\u00c9crit par":"Alexandra Fryda Marty","Dur\u00e9e de lecture estim\u00e9e":"5 minutes"},"schema":{"@context":"https:\/\/schema.org","@graph":[{"@type":"Article","@id":"https:\/\/beautytherapy.absolution-cosmetics.com\/fr\/bien-etre\/archetype-guerriere\/#article","isPartOf":{"@id":"https:\/\/beautytherapy.absolution-cosmetics.com\/fr\/bien-etre\/archetype-guerriere\/"},"author":{"name":"Alexandra Fryda Marty","@id":"https:\/\/beautytherapy.absolution-cosmetics.com\/fr\/#\/schema\/person\/e3c13e680b0fee5f22fec37ae80094d5"},"headline":"L&rsquo;arch\u00e9type f\u00e9minin d\u2019Avril : La Guerri\u00e8re, celle qui prot\u00e8ge","datePublished":"2021-04-21T12:51:59+00:00","dateModified":"2024-12-09T07:40:14+00:00","mainEntityOfPage":{"@id":"https:\/\/beautytherapy.absolution-cosmetics.com\/fr\/bien-etre\/archetype-guerriere\/"},"wordCount":1083,"commentCount":0,"publisher":{"@id":"https:\/\/beautytherapy.absolution-cosmetics.com\/fr\/#organization"},"image":{"@id":"https:\/\/beautytherapy.absolution-cosmetics.com\/fr\/bien-etre\/archetype-guerriere\/#primaryimage"},"thumbnailUrl":"https:\/\/beautytherapy.absolution-cosmetics.com\/wp-content\/uploads\/2021\/04\/Cover-Article-47.png","articleSection":["Bien-\u00eatre","Contemplation","Spiritualit\u00e9"],"inLanguage":"fr-FR","potentialAction":[{"@type":"CommentAction","name":"Comment","target":["https:\/\/beautytherapy.absolution-cosmetics.com\/fr\/bien-etre\/archetype-guerriere\/#respond"]}]},{"@type":"WebPage","@id":"https:\/\/beautytherapy.absolution-cosmetics.com\/fr\/bien-etre\/archetype-guerriere\/","url":"https:\/\/beautytherapy.absolution-cosmetics.com\/fr\/bien-etre\/archetype-guerriere\/","name":"L'arch\u00e9type de la Guerri\u00e8re avec Alexandra Fryda Marty","isPartOf":{"@id":"https:\/\/beautytherapy.absolution-cosmetics.com\/fr\/#website"},"primaryImageOfPage":{"@id":"https:\/\/beautytherapy.absolution-cosmetics.com\/fr\/bien-etre\/archetype-guerriere\/#primaryimage"},"image":{"@id":"https:\/\/beautytherapy.absolution-cosmetics.com\/fr\/bien-etre\/archetype-guerriere\/#primaryimage"},"thumbnailUrl":"https:\/\/beautytherapy.absolution-cosmetics.com\/wp-content\/uploads\/2021\/04\/Cover-Article-47.png","datePublished":"2021-04-21T12:51:59+00:00","dateModified":"2024-12-09T07:40:14+00:00","description":"\u00c0 la rencontre des arch\u00e9types f\u00e9minins, un parcours initiatique pour se relier \u00e0 sa nature f\u00e9minine cyclique changeante. Arch\u00e9type f\u00e9minin du mois d'avril : La Guerri\u00e8re, celle qui prot\u00e8ge.","breadcrumb":{"@id":"https:\/\/beautytherapy.absolution-cosmetics.com\/fr\/bien-etre\/archetype-guerriere\/#breadcrumb"},"inLanguage":"fr-FR","potentialAction":[{"@type":"ReadAction","target":["https:\/\/beautytherapy.absolution-cosmetics.com\/fr\/bien-etre\/archetype-guerriere\/"]}]},{"@type":"ImageObject","inLanguage":"fr-FR","@id":"https:\/\/beautytherapy.absolution-cosmetics.com\/fr\/bien-etre\/archetype-guerriere\/#primaryimage","url":"https:\/\/beautytherapy.absolution-cosmetics.com\/wp-content\/uploads\/2021\/04\/Cover-Article-47.png","contentUrl":"https:\/\/beautytherapy.absolution-cosmetics.com\/wp-content\/uploads\/2021\/04\/Cover-Article-47.png","width":1500,"height":1000},{"@type":"BreadcrumbList","@id":"https:\/\/beautytherapy.absolution-cosmetics.com\/fr\/bien-etre\/archetype-guerriere\/#breadcrumb","itemListElement":[{"@type":"ListItem","position":1,"name":"Home","item":"https:\/\/beautytherapy.absolution-cosmetics.com\/fr\/"},{"@type":"ListItem","position":2,"name":"Bien-\u00eatre","item":"https:\/\/beautytherapy.absolution-cosmetics.com\/fr\/bien-etre\/"},{"@type":"ListItem","position":3,"name":"Contemplation","item":"https:\/\/beautytherapy.absolution-cosmetics.com\/fr\/bien-etre\/contempler_le_beau\/"},{"@type":"ListItem","position":4,"name":"L&#8217;arch\u00e9type f\u00e9minin d\u2019Avril : La Guerri\u00e8re, celle qui prot\u00e8ge"}]},{"@type":"WebSite","@id":"https:\/\/beautytherapy.absolution-cosmetics.com\/fr\/#website","url":"https:\/\/beautytherapy.absolution-cosmetics.com\/fr\/","name":"Beauty Therapy","description":"","publisher":{"@id":"https:\/\/beautytherapy.absolution-cosmetics.com\/fr\/#organization"},"inLanguage":"fr-FR"},{"@type":"Organization","@id":"https:\/\/beautytherapy.absolution-cosmetics.com\/fr\/#organization","name":"Beauty Therapy","url":"https:\/\/beautytherapy.absolution-cosmetics.com\/fr\/","logo":{"@type":"ImageObject","inLanguage":"fr-FR","@id":"https:\/\/beautytherapy.absolution-cosmetics.com\/fr\/#\/schema\/logo\/image\/","url":"https:\/\/beautytherapy.absolution-cosmetics.com\/wp-content\/uploads\/2020\/02\/beauty-therapy-logo.png","contentUrl":"https:\/\/beautytherapy.absolution-cosmetics.com\/wp-content\/uploads\/2020\/02\/beauty-therapy-logo.png","width":424,"height":212,"caption":"Beauty Therapy"},"image":{"@id":"https:\/\/beautytherapy.absolution-cosmetics.com\/fr\/#\/schema\/logo\/image\/"}},{"@type":"Person","@id":"https:\/\/beautytherapy.absolution-cosmetics.com\/fr\/#\/schema\/person\/e3c13e680b0fee5f22fec37ae80094d5","name":"Alexandra Fryda Marty","description":"Alexandra est facilitatrice de cercles de femmes et d\u2019ateliers sur le f\u00e9minin sacr\u00e9. Passionn\u00e9e de spiritualit\u00e9 multiculturelle et initi\u00e9e aux voies myst\u00e9rieuses du f\u00e9minin par deux pr\u00eatresses am\u00e9ricaines, Alexandra transmet ces enseignements \u00e0 travers sa formation en ligne : L\u2019Ecole des 13 Lunes. \" Rendre aux femmes leur savoir, leur sagesse, leurs connaissances inn\u00e9es sur ce qui les relie \u00e0 leur nature cyclique et changeante.\u201d C\u00e9r\u00e9monies pour c\u00e9l\u00e9brer les saisons, rituels pour honorer la lune, m\u00e9ditations sonores au bols de cristal ou cercles de paroles, entrez dans l'univers mystique et sacr\u00e9 des sagesses ancestrales f\u00e9minines et de la sororit\u00e9. Retrouvez le Beauty Interview d'Alexandra juste ici et suivez Alexandra sur Instagram @moonsistersparis pour d\u00e9couvrir tout son univers.","sameAs":["https:\/\/www.moonsistersparis.com\/","https:\/\/www.instagram.com\/moonsistersparis\/"],"url":"https:\/\/beautytherapy.absolution-cosmetics.com\/fr\/author\/moonsisters-paris\/"}]}},"_links":{"self":[{"href":"https:\/\/beautytherapy.absolution-cosmetics.com\/fr\/wp-json\/wp\/v2\/posts\/6461","targetHints":{"allow":["GET"]}}],"collection":[{"href":"https:\/\/beautytherapy.absolution-cosmetics.com\/fr\/wp-json\/wp\/v2\/posts"}],"about":[{"href":"https:\/\/beautytherapy.absolution-cosmetics.com\/fr\/wp-json\/wp\/v2\/types\/post"}],"author":[{"embeddable":true,"href":"https:\/\/beautytherapy.absolution-cosmetics.com\/fr\/wp-json\/wp\/v2\/users\/9"}],"replies":[{"embeddable":true,"href":"https:\/\/beautytherapy.absolution-cosmetics.com\/fr\/wp-json\/wp\/v2\/comments?post=6461"}],"version-history":[{"count":3,"href":"https:\/\/beautytherapy.absolution-cosmetics.com\/fr\/wp-json\/wp\/v2\/posts\/6461\/revisions"}],"predecessor-version":[{"id":24263,"href":"https:\/\/beautytherapy.absolution-cosmetics.com\/fr\/wp-json\/wp\/v2\/posts\/6461\/revisions\/24263"}],"wp:featuredmedia":[{"embeddable":true,"href":"https:\/\/beautytherapy.absolution-cosmetics.com\/fr\/wp-json\/wp\/v2\/media\/6463"}],"wp:attachment":[{"href":"https:\/\/beautytherapy.absolution-cosmetics.com\/fr\/wp-json\/wp\/v2\/media?parent=6461"}],"wp:term":[{"taxonomy":"category","embeddable":true,"href":"https:\/\/beautytherapy.absolution-cosmetics.com\/fr\/wp-json\/wp\/v2\/categories?post=6461"},{"taxonomy":"post_tag","embeddable":true,"href":"https:\/\/beautytherapy.absolution-cosmetics.com\/fr\/wp-json\/wp\/v2\/tags?post=6461"}],"curies":[{"name":"wp","href":"https:\/\/api.w.org\/{rel}","templated":true}]}}