{"id":7039,"date":"2021-07-06T18:30:44","date_gmt":"2021-07-06T16:30:44","guid":{"rendered":"https:\/\/beautytherapy.absolution-cosmetics.com\/?p=7039"},"modified":"2024-12-09T08:21:08","modified_gmt":"2024-12-09T07:21:08","slug":"hermes-muses","status":"publish","type":"post","link":"https:\/\/beautytherapy.absolution-cosmetics.com\/fr\/bien-etre\/hermes-muses\/","title":{"rendered":"Le rendez-vous des Divinit\u00e9s : Herm\u00e8s et les muses"},"content":{"rendered":"<section class=\"block-grid-wrapper block-grid-for-core-paragraph\">\n      <div class=\"default-editor-content grid-for-core-paragraph container-fluid container-px-1\">\n        <div class=\"row row-cols-1 align-center\">\n          <div class=\"cell\">\n            \n<p><strong><a href=\"https:\/\/beautytherapy.absolution-cosmetics.com\/fr\/author\/nadege-quinssac\/\r\">Nad\u00e8ge Quinssac<\/a> est une enseignante de Grec et une passionn\u00e9e de Mythologie et d&rsquo;Astrologie. Chaque mois, nous la retrouverons \u00e0 la rencontre d&rsquo;une ou de nouvelles divinit\u00e9s pour un Tissage entre Antiquit\u00e9 et Modernit\u00e9 afin de relier la Culture antique, sous le prisme de la Mythologie, \u00e0 notre vie quotidienne et contemporaine, en les entrela\u00e7ant toutes les deux \u00e0 la Roue de l\u2019Ann\u00e9e, \u00e0 l\u2019Astrologie, et aux <a href=\"https:\/\/beautytherapy.absolution-cosmetics.com\/fr\/bien-etre\/a-la-rencontre-des-archetypes-feminins\/\">Arch\u00e9types<\/a> que nous pr\u00e9sente chaque mois <a href=\"https:\/\/beautytherapy.absolution-cosmetics.com\/fr\/author\/moonsisters-paris\/\r\">Alexandra Fryda Marty<\/a>. <\/strong><\/p>\n          <\/div>\n        <\/div>\n      <\/div>\n\n      <\/section>\n\n<section class=\"block-grid-wrapper block-grid-for-core-spacer\">\n      <div class=\"default-editor-content grid-for-core-spacer container-fluid container-px-1\">\n        <div class=\"row row-cols-1 align-center\">\n          <div class=\"cell\">\n            \n<div style=\"height:20px\" aria-hidden=\"true\" class=\"wp-block-spacer\"><\/div>\n          <\/div>\n        <\/div>\n      <\/div>\n\n      <\/section>\n\n<section class=\"block-grid-wrapper block-grid-for-core-paragraph\">\n      <div class=\"default-editor-content grid-for-core-paragraph container-fluid container-px-1\">\n        <div class=\"row row-cols-1 align-center\">\n          <div class=\"cell\">\n            \n<p>Le signe du G\u00e9meaux depuis fin mai occupe une grande place dans le mois de juin et l\u2019<strong>Arch\u00e9type de la Muse<\/strong> (article d&rsquo;Alexandra Fryda Marty <a href=\"https:\/\/beautytherapy.absolution-cosmetics.com\/fr\/bien-etre\/larchetype-de-la-muse-alexandra-fryda-marty\/\">\u00e0 lire ici<\/a>).<\/p>\n          <\/div>\n        <\/div>\n      <\/div>\n\n      <\/section>\n\n<section class=\"block-grid-wrapper block-grid-for-core-paragraph\">\n      <div class=\"default-editor-content grid-for-core-paragraph container-fluid container-px-1\">\n        <div class=\"row row-cols-1 align-center\">\n          <div class=\"cell\">\n            \n<p>Les caract\u00e9ristiques de cet Arch\u00e9type et celles du signe d\u2019air qu\u2019est le G\u00e9meaux sont \u00e9troitement corr\u00e9l\u00e9es au dieu latin, Mercure, dont la plan\u00e8te du m\u00eame nom r\u00e9git le signe. En effet, il s\u2019agit du dieu <strong>Herm\u00e8s<\/strong> en grec avec toute l\u2019espi\u00e8glerie qui lui est inh\u00e9rente dans la Mythologie mais aussi avec ses attributs principaux de <strong>cr\u00e9ativit\u00e9 et de communication<\/strong>.<\/p>\n          <\/div>\n        <\/div>\n      <\/div>\n\n      <\/section>\n\n<section class=\"block-grid-wrapper block-grid-for-core-paragraph\">\n      <div class=\"default-editor-content grid-for-core-paragraph container-fluid container-px-1\">\n        <div class=\"row row-cols-1 align-center\">\n          <div class=\"cell\">\n            \n<p>On remarque la richesse de la Culture antique dans plusieurs domaines de notre vie, comme nich\u00e9e au c\u0153ur de notre quotidien, et la Mythologie s\u2019invite souvent \u00e0 la m\u00eame table que l\u2019Astrologie. En effet, la cartographie du ciel est tr\u00e8s \u00e9troitement li\u00e9e aux \u00e9pisodes, aux cycles mythologiques comme les Grecs anciens nous l\u2019ont transmis\u00a0: ils l\u2019appelaient m\u00eame l\u2019uranographie, en sp\u00e9ciale d\u00e9dicace \u00e0 Uranie, la Muse de l\u2019Astronomie.<\/p>\n          <\/div>\n        <\/div>\n      <\/div>\n\n      <\/section>\n\n<section class=\"block-grid-wrapper block-grid-for-core-image\">\n      <div class=\"default-editor-content grid-for-core-image container-fluid container-px-1\">\n        <div class=\"row row-cols-1 align-center\">\n          <div class=\"cell\">\n            \n<div class=\"wp-block-image\"><figure class=\"aligncenter size-large is-resized\"><img loading=\"lazy\" decoding=\"async\" src=\"https:\/\/beautytherapy.absolution-cosmetics.com\/wp-content\/uploads\/2021\/07\/Uranie-peinture-a\u0300-lhuile-Paul-Vincenti-2011-557x1024.jpg\" alt=\"\" class=\"wp-image-7046\" width=\"423\" height=\"778\"\/><figcaption><em>Uranie, peinture a\u0300 l&rsquo;huile, Paul Vincenti, 2011<\/em><\/figcaption><\/figure><\/div>\n          <\/div>\n        <\/div>\n      <\/div>\n\n      <\/section>\n\n<section class=\"block-grid-wrapper block-grid-for-core-spacer\">\n      <div class=\"default-editor-content grid-for-core-spacer container-fluid container-px-1\">\n        <div class=\"row row-cols-1 align-center\">\n          <div class=\"cell\">\n            \n<div style=\"height:20px\" aria-hidden=\"true\" class=\"wp-block-spacer\"><\/div>\n          <\/div>\n        <\/div>\n      <\/div>\n\n      <\/section>\n\n<section class=\"block-grid-wrapper block-grid-for-core-heading\">\n      <div class=\"default-editor-content grid-for-core-heading container-fluid container-px-1\">\n        <div class=\"row row-cols-1 align-center\">\n          <div class=\"cell\">\n            \n<h2 class=\"wp-block-heading\">H\u00e9ritage du dieu Herm\u00e8s dans la roue zodiacale avec le signe du G\u00e9meaux<\/h2>\n          <\/div>\n        <\/div>\n      <\/div>\n\n      <\/section>\n\n<section class=\"block-grid-wrapper block-grid-for-core-paragraph\">\n      <div class=\"default-editor-content grid-for-core-paragraph container-fluid container-px-1\">\n        <div class=\"row row-cols-1 align-center\">\n          <div class=\"cell\">\n            \n<p>Le signe d\u2019air du G\u00e9meaux est souvent associ\u00e9 \u00e0 l\u2019<em>aeternus puer<\/em>, l\u2019\u00e9ternel jeune enfant, l\u2019adolescent espi\u00e8gle qui exp\u00e9rimente et veut voir par lui-m\u00eame o\u00f9 son id\u00e9e le m\u00e8nera. Il est aussi qualifi\u00e9 d\u2019habile, d\u2019esprit vif qui aime parler, communiquer, \u00e9changer, d\u00e9battre\u2026 Tournons-nous vers la Mythologie pour effectuer des ponts, des relations\u00a0: Mercure ou Herm\u00e8s a bon nombre d\u2019\u00e9pisodes \u00e0 son actif, alors qu\u2019il est encore un tout jeune enfant\u2026<\/p>\n          <\/div>\n        <\/div>\n      <\/div>\n\n      <\/section>\n\n<section class=\"block-grid-wrapper block-grid-for-core-paragraph\">\n      <div class=\"default-editor-content grid-for-core-paragraph container-fluid container-px-1\">\n        <div class=\"row row-cols-1 align-center\">\n          <div class=\"cell\">\n            \n<p>En effet, Herm\u00e8s accomplit des exploits\u00a0autant que des b\u00eatises d\u2019enfant et fait parler de lui dans l\u2019Olympe d\u00e8s son plus jeune \u00e2ge. L\u2019espi\u00e8glerie est au rendez-vous mais aussi l\u2019habilet\u00e9 et l\u2019esprit alerte. Herm\u00e8s est fils de Zeus et de Ma\u00efa [1].<\/p>\n          <\/div>\n        <\/div>\n      <\/div>\n\n      <\/section>\n\n<section class=\"block-grid-wrapper block-grid-for-core-paragraph\">\n      <div class=\"default-editor-content grid-for-core-paragraph container-fluid container-px-1\">\n        <div class=\"row row-cols-1 align-center\">\n          <div class=\"cell\">\n            \n<p>L\u2019un des plus c\u00e9l\u00e8bres \u00e9pisodes racont\u00e9s dans l\u2019Hymne hom\u00e9rique compos\u00e9 en son honneur est qu\u2019un jour, \u00e0 midi, tout jeune enfant, il avait quitt\u00e9 la maison familiale et sur le chemin avait trouv\u00e9 une tortue morte. Il a imm\u00e9diatement l\u2019id\u00e9e de transformer la carapace de cette tortue qui r\u00e9sonne quand on tape dessus en un instrument de musique et l\u00e0, son habilet\u00e9 artisanale, cr\u00e9ative, voit le jour \u00e0 partir de cet \u00e9pisode. Il a, en effet, l\u2019id\u00e9e de vider cette carapace, de tendre deux tiges de roseau pour maintenir un cadre \u00e0 l\u2019instrument qu\u2019il envisage de cr\u00e9er et de tendre \u00e9galement sept boyaux de brebis pour en faire les cordes : <strong>l\u2019instrument de la lyre \u00e9tait n\u00e9.<\/strong><\/p>\n          <\/div>\n        <\/div>\n      <\/div>\n\n      <\/section>\n\n<section class=\"block-grid-wrapper block-grid-for-core-paragraph\">\n      <div class=\"default-editor-content grid-for-core-paragraph container-fluid container-px-1\">\n        <div class=\"row row-cols-1 align-center\">\n          <div class=\"cell\">\n            \n<p>La m\u00eame journ\u00e9e, son espi\u00e8glerie le pousse \u00e0 jouer un tour au dieu Apollon en lui volant ses boeufs et en les faisant marcher \u00e0 reculons pour que les traces de pas ne soient pas dans le bon sens et ne laissent aucun indice. Mais renseign\u00e9 par un vieillard qui \u00e9tait \u00e0 proximit\u00e9, Apollon retrouve Herm\u00e8s et lui demande en contrepartie de ses b\u0153ufs la lyre qu\u2019il vient de cr\u00e9er, sensible au son m\u00e9lodieux de cet instrument.<\/p>\n          <\/div>\n        <\/div>\n      <\/div>\n\n      <\/section>\n\n<section class=\"block-grid-wrapper block-grid-for-core-paragraph\">\n      <div class=\"default-editor-content grid-for-core-paragraph container-fluid container-px-1\">\n        <div class=\"row row-cols-1 align-center\">\n          <div class=\"cell\">\n            \n<p>Plus tard, Apollon sera vivement int\u00e9ress\u00e9 par la fl\u00fbte fabriqu\u00e9e par l\u2019ing\u00e9nieux Herm\u00e8s et il l\u2019obtiendra en contrepartie de cours et d\u2019apprentissages sur ses dons de pr\u00e9diction et c\u2019est ainsi qu\u2019Herm\u00e8s pourra b\u00e9n\u00e9ficier de ce talent.<\/p>\n          <\/div>\n        <\/div>\n      <\/div>\n\n      <\/section>\n\n<section class=\"block-grid-wrapper block-grid-for-core-paragraph\">\n      <div class=\"default-editor-content grid-for-core-paragraph container-fluid container-px-1\">\n        <div class=\"row row-cols-1 align-center\">\n          <div class=\"cell\">\n            \n<p>Il est \u00e9galement <strong>le dieu de la connaissance<\/strong> : son surnom d\u2019interpr\u00e8te en grec se dit \u00ab <em>hermeneus<\/em> \u00bb qui a donn\u00e9 \u00ab&nbsp;<em>l\u2019herm\u00e9neutique<\/em>&nbsp;\u00bb, qui est la recherche de sens et l\u2019art de l\u2019interpr\u00e9tation. Mais aussi, il a donn\u00e9 naissance \u00e0 \u00ab <em>herm\u00e9tique<\/em> \u00bb. Et Herm\u00e8s peut appara\u00eetre comme \u00ab <em>herm\u00e9tique<\/em> \u00bb car il ne se laisse pas facilement cerner, d\u00e9crypter, il reste dans une forme d\u2019ambigu\u00eft\u00e9, tout comme le signe de dualit\u00e9 souvent symbolis\u00e9 par les signes g\u00e9mellaires. <\/p>\n          <\/div>\n        <\/div>\n      <\/div>\n\n      <\/section>\n\n<section class=\"block-grid-wrapper block-grid-for-core-paragraph\">\n      <div class=\"default-editor-content grid-for-core-paragraph container-fluid container-px-1\">\n        <div class=\"row row-cols-1 align-center\">\n          <div class=\"cell\">\n            \n<p>On attribue aussi \u00e0 Herm\u00e8s, comme \u00e0 tout \u00eatre, sa part d\u2019ombre\u00a0: la tricherie, la sournoiserie\u2026 Il \u00e9tait le <strong>dieu des marchands, des commer\u00e7ants, mais aussi des voleurs. <\/strong>C\u2019est en cela que la dualit\u00e9 est en arri\u00e8re-plan.<\/p>\n          <\/div>\n        <\/div>\n      <\/div>\n\n      <\/section>\n\n<section class=\"block-grid-wrapper block-grid-for-core-paragraph\">\n      <div class=\"default-editor-content grid-for-core-paragraph container-fluid container-px-1\">\n        <div class=\"row row-cols-1 align-center\">\n          <div class=\"cell\">\n            \n<p>C\u2019est pour toutes ces raisons qu\u2019Herm\u00e8s est consid\u00e9r\u00e9 comme le patron de <strong>l\u2019art oratoire, de l\u2019art du bien parler, et de l\u2019art de comprendre<\/strong> ce qui peut para\u00eetre obscur, mais il choisit de se d\u00e9voiler en toute fluidit\u00e9 quand bon lui semble\u2026 <\/p>\n          <\/div>\n        <\/div>\n      <\/div>\n\n      <\/section>\n\n<section class=\"block-grid-wrapper block-grid-for-core-paragraph\">\n      <div class=\"default-editor-content grid-for-core-paragraph container-fluid container-px-1\">\n        <div class=\"row row-cols-1 align-center\">\n          <div class=\"cell\">\n            \n<p>De plus, on raconte que c\u2019est lui-m\u00eame qui a choisi de donner la parole \u00e0 la premi\u00e8re femme, <strong>Pandore,<\/strong> d\u2019avoir invent\u00e9 l\u2019\u00e9criture, la danse et la musique soit toute <a href=\"https:\/\/beautytherapy.absolution-cosmetics.com\/fr\/bien-etre\/medecines-alternatives\/guide-self-expression\/\">forme d\u2019expression<\/a>. Il est le repr\u00e9sentant du trio pens\u00e9e, parole, r\u00e9alisation\u00a0: <strong>il est au c\u0153ur de la cr\u00e9ativit\u00e9.<\/strong><\/p>\n          <\/div>\n        <\/div>\n      <\/div>\n\n      <\/section>\n\n<section class=\"block-grid-wrapper block-grid-for-core-paragraph\">\n      <div class=\"default-editor-content grid-for-core-paragraph container-fluid container-px-1\">\n        <div class=\"row row-cols-1 align-center\">\n          <div class=\"cell\">\n            \n<p>Par ailleurs, Herm\u00e8s est le messager des dieux mais aussi celui qui leur rend service. Il est donc souvent au c\u0153ur de la communication, des d\u00e9placements et des projets des dieux. Il est reli\u00e9 \u00e0 la libert\u00e9 de d\u00e9placements, de mouvements, et parfois en astrologie, selon comme il est aspect\u00e9, il peut se r\u00e9v\u00e9ler \u00ab joueur \u00bb et entra\u00eener des rat\u00e9s, des confusions, des retards, des accrocs dans les d\u00e9placements et communications. Herm\u00e8s est aussi celui qui conduit les \u00e2mes des morts aux Enfers (le Psychopompe) : il est le lien entre la vie et la mort, entre l\u2019activit\u00e9 de la journ\u00e9e et le sommeil\/les r\u00eaves de la nuit.<\/p>\n          <\/div>\n        <\/div>\n      <\/div>\n\n      <\/section>\n\n<section class=\"block-grid-wrapper block-grid-for-core-paragraph\">\n      <div class=\"default-editor-content grid-for-core-paragraph container-fluid container-px-1\">\n        <div class=\"row row-cols-1 align-center\">\n          <div class=\"cell\">\n            \n<p>Concernant les d\u00e9placements, Herm\u00e8s parrainait aussi les voyageurs et les marcheurs, mais il s\u2019agit aussi de d\u00e9placements plus symboliques, comme celui du voyage int\u00e9rieur, de l\u2019\u00e9vasion, li\u00e9e aux plaisirs que l\u2019on peut se faire, s\u2019offrir, aux parenth\u00e8ses que l\u2019on s\u2019accorde, aux sensations et aux ressentis sensoriels qui \u00e9manent de nous\u2026 C\u2019est une forme, une belle forme, de voyage avec soi-m\u00eame\u2026<\/p>\n          <\/div>\n        <\/div>\n      <\/div>\n\n      <\/section>\n\n<section class=\"block-grid-wrapper block-grid-for-core-spacer\">\n      <div class=\"default-editor-content grid-for-core-spacer container-fluid container-px-1\">\n        <div class=\"row row-cols-1 align-center\">\n          <div class=\"cell\">\n            \n<div style=\"height:20px\" aria-hidden=\"true\" class=\"wp-block-spacer\"><\/div>\n          <\/div>\n        <\/div>\n      <\/div>\n\n      <\/section>\n\n<section class=\"block-grid-wrapper block-grid-for-core-heading\">\n      <div class=\"default-editor-content grid-for-core-heading container-fluid container-px-1\">\n        <div class=\"row row-cols-1 align-center\">\n          <div class=\"cell\">\n            \n<h2 class=\"wp-block-heading\">Entrons dans le Jardin de l\u2019Antiquit\u00e9 pour y retrouver les Muses\u2026<\/h2>\n          <\/div>\n        <\/div>\n      <\/div>\n\n      <\/section>\n\n<section class=\"block-grid-wrapper block-grid-for-core-paragraph\">\n      <div class=\"default-editor-content grid-for-core-paragraph container-fluid container-px-1\">\n        <div class=\"row row-cols-1 align-center\">\n          <div class=\"cell\">\n            \n<p>Comme nous venons de le voir, Herm\u00e8s et Apollon sont \u00e9troitement li\u00e9s autour de la lyre, qu\u2019Herm\u00e8s invente et qu\u2019Apollon r\u00e9cup\u00e8re en \u00e9change des b\u0153ufs qu\u2019il laisse au tout jeune dieu. Ainsi, le beau et lumineux Apollon, par la lyre et la ma\u00eetrise de cet instrument, deviendra le <strong>dieu des arts, de la beaut\u00e9 et de l\u2019esth\u00e9tique<\/strong>, accompagn\u00e9 du cort\u00e8ge des <strong>Muses<\/strong>.<\/p>\n          <\/div>\n        <\/div>\n      <\/div>\n\n      <\/section>\n\n<section class=\"block-grid-wrapper block-grid-for-core-paragraph\">\n      <div class=\"default-editor-content grid-for-core-paragraph container-fluid container-px-1\">\n        <div class=\"row row-cols-1 align-center\">\n          <div class=\"cell\">\n            \n<p>Les Muses sont filles de Zeus et de la d\u00e9esse Mn\u00e9mosyne (= la M\u00e9moire), elles sont le fruit de 9 nuits d\u2019amour entre ces divinit\u00e9s. Elles r\u00e8gnent sur la <strong>Litt\u00e9rature, la Musique, la Danse<\/strong> puis toutes les activit\u00e9s artistiques et individuelles. Elles habitent sur le Mont H\u00e9licon, ou le Mont Parnasse (qui d\u2019ailleurs se retrouve dans le nom du Quartier Montparnasse \u00e0 Paris, c\u00e9l\u00e8bre pour ses ateliers d\u2019artistes), ou elles si\u00e8gent pr\u00e8s du Mont Olympe (on remarque en tous les cas toujours un endroit \u00e9lev\u00e9, comme un lien transversal avec la Terre et le Ciel\u2026). Elles sont v\u00e9n\u00e9r\u00e9es lors de cultes \u00e0 travers toute la Gr\u00e8ce et plus tard \u00e9galement dans la culture romaine.<\/p>\n          <\/div>\n        <\/div>\n      <\/div>\n\n      <\/section>\n\n<section class=\"block-grid-wrapper block-grid-for-core-paragraph\">\n      <div class=\"default-editor-content grid-for-core-paragraph container-fluid container-px-1\">\n        <div class=\"row row-cols-1 align-center\">\n          <div class=\"cell\">\n            \n<p>Les Muses ont \u00e9tymologiquement donn\u00e9 les termes de \u00ab mus\u00e9e \u00bb et de \u00ab musique \u00bb et puis une muse est devenue l\u2019appellation de toute \u00e9g\u00e9rie qui inspire un artiste, une marque\u2026 <strong>Chaque Muse repr\u00e9sente un art particulier,<\/strong> elles sont des Gardiennes de l\u2019Histoire, des Protectrices des savoir-faire et des Tisseuses dans la transmission qu\u2019elles font de ces pr\u00e9cieux savoirs qui forment le patrimoine artistique et culturel\u00a0:<\/p>\n          <\/div>\n        <\/div>\n      <\/div>\n\n      <\/section>\n\n<section class=\"block-grid-wrapper block-grid-for-core-list\">\n      <div class=\"default-editor-content grid-for-core-list container-fluid container-px-1\">\n        <div class=\"row row-cols-1 align-center\">\n          <div class=\"cell\">\n            \n<ul class=\"wp-block-list\"><li><strong>Calliope,<\/strong> qui signifie \u00ab\u00a0\u00e0 la tr\u00e8s belle voix\u00a0\u00bb, est la <strong>Muse de la philosophie et de la po\u00e9sie \u00e9pique<\/strong>, la po\u00e9sie des grands h\u00e9ros tels que Ulysse, elle tient un stylet, anc\u00eatre de la plume, \u00a0et une tablette de cire comme support de l\u2019\u00e9criture, mais aussi un <em>volumen<\/em>, anc\u00eatre du livre. Sa t\u00eate est couronn\u00e9e de laurier et orn\u00e9e de guirlandes fleuries. Elle incarnait la <strong>Muse des Muses<\/strong>, et pouvait jouer un r\u00f4le d\u2019arbitre dans les conflits. D\u2019ailleurs, les Muses savaient se montrer impitoyables si on les provoquait avec arrogance\u00a0: on raconte que les Sir\u00e8nes, voulant se mesurer \u00e0 elles par le chant, en ont perdu leurs ailes et sont tomb\u00e9es dans les ab\u00eemes de la mer.<\/li><\/ul>\n          <\/div>\n        <\/div>\n      <\/div>\n\n      <\/section>\n\n<section class=\"block-grid-wrapper block-grid-for-core-list\">\n      <div class=\"default-editor-content grid-for-core-list container-fluid container-px-1\">\n        <div class=\"row row-cols-1 align-center\">\n          <div class=\"cell\">\n            \n<ul class=\"wp-block-list\"><li><strong>Clio,<\/strong> qui veut dire \u00ab\u00a0la c\u00e9l\u00e8bre\u00a0\u00bb, tient la plume de l\u2019Histoire, tisse les histoires de chacun dans l\u2019Histoire de l\u2019Humanit\u00e9 et est connue pour avoir donn\u00e9 sa forme d\u00e9finitive \u00e0 l\u2019alphabet grec. Elle est couronn\u00e9e de laurier, repr\u00e9sent\u00e9e avec un stylet et une tablette de cire mais aussi une clepsydre, cette horloge \u00e0 eau permettant de signifier le temps qui passe.<\/li><\/ul>\n          <\/div>\n        <\/div>\n      <\/div>\n\n      <\/section>\n\n<section class=\"block-grid-wrapper block-grid-for-core-image\">\n      <div class=\"default-editor-content grid-for-core-image container-fluid container-px-1\">\n        <div class=\"row row-cols-1 align-center\">\n          <div class=\"cell\">\n            \n<div class=\"wp-block-image\"><figure class=\"aligncenter size-large is-resized\"><img loading=\"lazy\" decoding=\"async\" src=\"https:\/\/beautytherapy.absolution-cosmetics.com\/wp-content\/uploads\/2021\/07\/Clio-marbre-de-la-Villa-Cassius-pre\u0300s-de-Tivoli-2e-s.-ap.-J.C-Muse\u0301e-du-Vatican-Rome-660x1024.jpg\" alt=\"\" class=\"wp-image-7048\" width=\"445\" height=\"691\"\/><figcaption><em>Clio, marbre de la Villa Cassius, pre\u0300s de Tivoli, 2e s. ap. J.C, Muse\u0301e du Vatican, Rome.<\/em><\/figcaption><\/figure><\/div>\n          <\/div>\n        <\/div>\n      <\/div>\n\n      <\/section>\n\n<section class=\"block-grid-wrapper block-grid-for-core-list\">\n      <div class=\"default-editor-content grid-for-core-list container-fluid container-px-1\">\n        <div class=\"row row-cols-1 align-center\">\n          <div class=\"cell\">\n            \n<ul class=\"wp-block-list\"><li><strong>Erato, <\/strong>\u00ab\u00a0celle qui aime et est aim\u00e9e\u00a0\u00bb, est<strong> la Muse de la po\u00e9sie \u00e9rotique et lyrique<\/strong>. Couronn\u00e9e de roses et de myrte, elle est repr\u00e9sent\u00e9e avec de nombreux attributs musicaux, tels que la lyre mais aussi, le tambourin, la cithare (\u00e9galement associ\u00e9e \u00e0 Apollon). Eros, (<em>Cupidon en \u00e9quivalent Romain<\/em>), l\u2019accompagne souvent pour d\u00e9signer l\u2019amour que sa po\u00e9sie inspire.<\/li><\/ul>\n          <\/div>\n        <\/div>\n      <\/div>\n\n      <\/section>\n\n<section class=\"block-grid-wrapper block-grid-for-core-list\">\n      <div class=\"default-editor-content grid-for-core-list container-fluid container-px-1\">\n        <div class=\"row row-cols-1 align-center\">\n          <div class=\"cell\">\n            \n<ul class=\"wp-block-list\"><li><strong>Euterpe, <\/strong>dont le nom veut dire \u00ab\u00a0celle qui sait plaire, la toute r\u00e9jouissante\u00bb, est <strong>la Muse de la fl\u00fbte et de la musique lyrique,<\/strong> elle est couronn\u00e9e de fleurs et est repr\u00e9sent\u00e9e avec une fl\u00fbte, mais aussi avec une lyre ainsi que des partitions de musique sur papyrus sont souvent dispos\u00e9es aupr\u00e8s d\u2019elle.<\/li><\/ul>\n          <\/div>\n        <\/div>\n      <\/div>\n\n      <\/section>\n\n<section class=\"block-grid-wrapper block-grid-for-core-list\">\n      <div class=\"default-editor-content grid-for-core-list container-fluid container-px-1\">\n        <div class=\"row row-cols-1 align-center\">\n          <div class=\"cell\">\n            \n<ul class=\"wp-block-list\"><li><strong>Melpom\u00e8ne, <\/strong>\u00ab\u00a0la chanteuse\u00a0\u00bb, inspire les auteurs de trag\u00e9die et a pour attribut principal le masque de th\u00e9\u00e2tre. Elle est couronn\u00e9e de rameaux de vigne pour faire allusion \u00e0 Dionysos, le dieu r\u00e9gnant sur le th\u00e9\u00e2tre mais aussi la f\u00eate, l\u2019ivresse et les banquets.<\/li><\/ul>\n          <\/div>\n        <\/div>\n      <\/div>\n\n      <\/section>\n\n<section class=\"block-grid-wrapper block-grid-for-core-image\">\n      <div class=\"default-editor-content grid-for-core-image container-fluid container-px-1\">\n        <div class=\"row row-cols-1 align-center\">\n          <div class=\"cell\">\n            \n<div class=\"wp-block-image\"><figure class=\"aligncenter size-large is-resized\"><img decoding=\"async\" src=\"https:\/\/beautytherapy.absolution-cosmetics.com\/wp-content\/uploads\/2021\/07\/Melpome\u0300ne-avec-lhuile-sur-toile-Orphe\u0301e-de-Gustave-Moreau-1865-Muse\u0301e-dOrsay-Paris-edited.jpg\" alt=\"\" class=\"wp-image-7054\" width=\"399\" height=\"623.7801526717557\" srcset=\"https:\/\/beautytherapy.absolution-cosmetics.com\/wp-content\/uploads\/2021\/07\/Melpome\u0300ne-avec-lhuile-sur-toile-Orphe\u0301e-de-Gustave-Moreau-1865-Muse\u0301e-dOrsay-Paris-edited.jpg 929w, https:\/\/beautytherapy.absolution-cosmetics.com\/wp-content\/uploads\/2021\/07\/Melpome\u0300ne-avec-lhuile-sur-toile-Orphe\u0301e-de-Gustave-Moreau-1865-Muse\u0301e-dOrsay-Paris-edited-192x300-512c1e2135f8.jpg 192w, https:\/\/beautytherapy.absolution-cosmetics.com\/wp-content\/uploads\/2021\/07\/Melpome\u0300ne-avec-lhuile-sur-toile-Orphe\u0301e-de-Gustave-Moreau-1865-Muse\u0301e-dOrsay-Paris-edited-655x1024-fd90e2c36371.jpg 655w, https:\/\/beautytherapy.absolution-cosmetics.com\/wp-content\/uploads\/2021\/07\/Melpome\u0300ne-avec-lhuile-sur-toile-Orphe\u0301e-de-Gustave-Moreau-1865-Muse\u0301e-dOrsay-Paris-edited-768x1201.jpg 768w, https:\/\/beautytherapy.absolution-cosmetics.com\/wp-content\/uploads\/2021\/07\/Melpome\u0300ne-avec-lhuile-sur-toile-Orphe\u0301e-de-Gustave-Moreau-1865-Muse\u0301e-dOrsay-Paris-edited-480x751.jpg 480w\" sizes=\"(max-width: 929px) 100vw, 929px\" \/><figcaption><em>Melpome\u0300ne, huile sur toile, Orphe\u0301e de Gustave Moreau, 1865, <\/em><br><em>Muse\u0301e d&rsquo;Orsay, Paris<\/em><\/figcaption><\/figure><\/div>\n          <\/div>\n        <\/div>\n      <\/div>\n\n      <\/section>\n\n<section class=\"block-grid-wrapper block-grid-for-core-list\">\n      <div class=\"default-editor-content grid-for-core-list container-fluid container-px-1\">\n        <div class=\"row row-cols-1 align-center\">\n          <div class=\"cell\">\n            \n<ul class=\"wp-block-list\"><li><strong>Polymnie<\/strong>, \u00ab la Muse\u00a0aux voix et aux chants multiples\u00a0\u00bb, est <strong>la Muse des hymnes, de la musique sacr\u00e9e, des chants nuptiaux et fun\u00e9raires. <\/strong>Elle inspire les po\u00e8tes en mettant dans leur c\u0153ur le souffle, le <em>pneuma<\/em>, de l\u2019inspiration de la divinit\u00e9, comme le terme \u00ab\u00a0<em>enthousiasme<\/em>\u00a0\u00bb l\u2019indique\u00a0\u00ab\u00a0<em>ce qui entre dans le thymus<\/em>\u00a0\u00bb. Elle est repr\u00e9sent\u00e9e dans une attitude pensive avec un rouleau de papyrus dans sa main gauche. Sa chevelure est entrelac\u00e9e de fleurs, de perles et de pierres semi-pr\u00e9cieuses.<\/li><\/ul>\n          <\/div>\n        <\/div>\n      <\/div>\n\n      <\/section>\n\n<section class=\"block-grid-wrapper block-grid-for-core-list\">\n      <div class=\"default-editor-content grid-for-core-list container-fluid container-px-1\">\n        <div class=\"row row-cols-1 align-center\">\n          <div class=\"cell\">\n            \n<ul class=\"wp-block-list\"><li><strong>Terpsichore,<\/strong> qui signifie \u00ab\u00a0dont la danse pla\u00eet, dont la danse s\u00e9duit\u00a0\u00bb, pr\u00e9side, la t\u00eate couronn\u00e9e de guirlandes fleuries, <strong>le chant, le chant choral<\/strong> (qu\u2019on retrouve \u00e0 la fin du nom de cette Muse avec le suffixe -chore) <strong>et la danse, <\/strong>elle aura aussi l\u2019attribut de la lyre en \u00e9caille de tortue (clin d\u2019\u0153il \u00e0 Herm\u00e8s et \u00e0 sa fabrication tr\u00e8s artisanale de la lyre).<\/li><\/ul>\n          <\/div>\n        <\/div>\n      <\/div>\n\n      <\/section>\n\n<section class=\"block-grid-wrapper block-grid-for-core-image\">\n      <div class=\"default-editor-content grid-for-core-image container-fluid container-px-1\">\n        <div class=\"row row-cols-1 align-center\">\n          <div class=\"cell\">\n            \n<div class=\"wp-block-image\"><figure class=\"aligncenter size-large is-resized\"><img loading=\"lazy\" decoding=\"async\" src=\"https:\/\/beautytherapy.absolution-cosmetics.com\/wp-content\/uploads\/2021\/07\/Terpsichore-peinture-du-plafond-du-Palais-de-Marbre-de-Saint-PeterSaint-Petersburg-623x1024.jpg\" alt=\"\" class=\"wp-image-7052\" width=\"393\" height=\"646\"\/><figcaption><em>Terpsichore, peinture du plafond du Palais de Marbre de Saint-Peter, Saint-Petersburg<\/em><\/figcaption><\/figure><\/div>\n          <\/div>\n        <\/div>\n      <\/div>\n\n      <\/section>\n\n<section class=\"block-grid-wrapper block-grid-for-core-list\">\n      <div class=\"default-editor-content grid-for-core-list container-fluid container-px-1\">\n        <div class=\"row row-cols-1 align-center\">\n          <div class=\"cell\">\n            \n<ul class=\"wp-block-list\"><li><strong>Thalie, <\/strong>\u00ab\u00a0la fleur en \u00e9closion, la florissante\u00a0\u00bb, est la <strong>Muse de la com\u00e9die et la po\u00e9sie des bergers, appel\u00e9e po\u00e9sie pastorale, ainsi que la po\u00e9sie champ\u00eatre, la po\u00e9sie bucolique, <\/strong>la po\u00e9sie l\u00e9g\u00e8re et p\u00e9tillante des mois d\u2019\u00e9t\u00e9. Couronn\u00e9e de lierre, elle tient un masque de com\u00e9die dans une de ses mains, et un b\u00e2ton dans l\u2019autre, symbolisant le b\u00e2ton de marche des bergers. Parfois, le clairon peut l\u2019accompagner en relation avec le masque porte-voix des acteurs antiques.<\/li><\/ul>\n          <\/div>\n        <\/div>\n      <\/div>\n\n      <\/section>\n\n<section class=\"block-grid-wrapper block-grid-for-core-list\">\n      <div class=\"default-editor-content grid-for-core-list container-fluid container-px-1\">\n        <div class=\"row row-cols-1 align-center\">\n          <div class=\"cell\">\n            \n<ul class=\"wp-block-list\"><li><strong>Uranie,<\/strong> \u00ab\u00a0la c\u00e9leste\u00a0\u00bb, la <strong>Muse de l\u2019astronomie\u00a0et de l\u2019astrologie,<\/strong> elle est v\u00eatue d\u2019une tunique azur, aur\u00e9ol\u00e9e d\u2019\u00e9toiles et de petites sph\u00e8res, elle tient un globe terrestre et divers outils math\u00e9matiques tels qu\u2019un compas.<\/li><\/ul>\n          <\/div>\n        <\/div>\n      <\/div>\n\n      <\/section>\n\n<section class=\"block-grid-wrapper block-grid-for-core-paragraph\">\n      <div class=\"default-editor-content grid-for-core-paragraph container-fluid container-px-1\">\n        <div class=\"row row-cols-1 align-center\">\n          <div class=\"cell\">\n            \n<p>Quand Apollon vit pour la premi\u00e8re fois ces jeunes nymphes, baign\u00e9es de rayons de soleil, ne faisant qu\u2019un avec la Nature, ces jeunes filles jouaient pr\u00e8s d\u2019une cascade d\u2019eau. Plusieurs po\u00e8tes grecs insistent sur cet \u00e9pisode. Et en effet, leur ancien caract\u00e8re de nymphes des sources explique que de nombreuses fontaines \u00e9taient consacr\u00e9es aux Muses.<\/p>\n          <\/div>\n        <\/div>\n      <\/div>\n\n      <\/section>\n\n<section class=\"block-grid-wrapper block-grid-for-core-paragraph\">\n      <div class=\"default-editor-content grid-for-core-paragraph container-fluid container-px-1\">\n        <div class=\"row row-cols-1 align-center\">\n          <div class=\"cell\">\n            \n<p>On les associe souvent \u00e0 des nymphes de sources et de fontaines car leur m\u00e8re, <strong>Mn\u00e9mosyne, D\u00e9esse de la M\u00e9moire,<\/strong> leur a transmis cette capacit\u00e9 du souvenir, du t\u00e9moignage qui s\u2019ancre dans l\u2019histoire, comme dans chacun des arts que les Muses prot\u00e8gent en impr\u00e9gnant chaque activit\u00e9 artistique de son histoire, de son pass\u00e9, de ses traditions, et en les infusant de chaque exp\u00e9rience humaine li\u00e9e au temps.<\/p>\n          <\/div>\n        <\/div>\n      <\/div>\n\n      <\/section>\n\n<section class=\"block-grid-wrapper block-grid-for-core-paragraph\">\n      <div class=\"default-editor-content grid-for-core-paragraph container-fluid container-px-1\">\n        <div class=\"row row-cols-1 align-center\">\n          <div class=\"cell\">\n            \n<p><strong>L\u2019eau pour les Grecs avait ce pouvoir de m\u00e9moire<\/strong>\u00a0: une capacit\u00e9 \u00e0 v\u00e9hiculer la m\u00e9moire, le mouvement de flux et de reflux qui brasse, charrie, transporte, fait s\u2019\u00e9couler les blessures, les mauvais moments comme les meilleurs. <strong>L\u2019eau comme une m\u00e9taphore de la vie qui s\u2019\u00e9coule\u2026<\/strong><\/p>\n          <\/div>\n        <\/div>\n      <\/div>\n\n      <\/section>\n\n<section class=\"block-grid-wrapper block-grid-for-core-paragraph\">\n      <div class=\"default-editor-content grid-for-core-paragraph container-fluid container-px-1\">\n        <div class=\"row row-cols-1 align-center\">\n          <div class=\"cell\">\n            \n<p>Les offrandes qu\u2019on faisait aux Muses dans diff\u00e9rents sanctuaires \u00e0 travers toute la Gr\u00e8ce, et toutes les \u00eeles grecques et m\u00eame en Sicile, consistaient en des grains de bl\u00e9 p\u00e9tris de miel, on versait sur leurs autels des libations d\u2019eau, de miel et de lait, contenant en eux le principe nourricier.<\/p>\n          <\/div>\n        <\/div>\n      <\/div>\n\n      <\/section>\n\n<section class=\"block-grid-wrapper block-grid-for-core-paragraph\">\n      <div class=\"default-editor-content grid-for-core-paragraph container-fluid container-px-1\">\n        <div class=\"row row-cols-1 align-center\">\n          <div class=\"cell\">\n            \n<p>Les Neuf Muses deviennent des ic\u00f4nes de ces pr\u00e9cieux domaines\u00a0: elles sont de v\u00e9ritables interm\u00e9diaires entre la divinit\u00e9 et le po\u00e8te, qui \u00e9tymologiquement signifie \u00ab\u00a0<em>poi\u00e9sis<\/em>\u00a0\u00bb <strong>l\u2019artisan du faire<\/strong>, celui qui tisse les mots entre eux, comme entre la divinit\u00e9 et tout cr\u00e9ateur.<\/p>\n          <\/div>\n        <\/div>\n      <\/div>\n\n      <\/section>\n\n<section class=\"block-grid-wrapper block-grid-for-core-paragraph\">\n      <div class=\"default-editor-content grid-for-core-paragraph container-fluid container-px-1\">\n        <div class=\"row row-cols-1 align-center\">\n          <div class=\"cell\">\n            \n<p><strong>La po\u00e9tesse grecque Sappho<\/strong> \u00e9tait surnomm\u00e9e la <strong>Dixi\u00e8me Muse <\/strong>en raison de son pouvoir cr\u00e9atif inspirant et innovant, un vrai souffle d\u2019oxyg\u00e8ne pour exprimer toutes les formes d\u2019amour dans ses textes po\u00e9tiques sans honte ni peur. Une vraie bouff\u00e9e d\u2019air frais quand la po\u00e9tesse aux cheveux tress\u00e9s, entrelac\u00e9s de violettes, lors de ses cercles de femmes, leur transmettait d\u2019assumer pleinement leur statut de femme pour qu\u2019elles n\u2019oublient jamais de faire de chacune d\u2019elle leur priorit\u00e9, en faisant <strong>confiance \u00e0 leur f\u00e9minit\u00e9, \u00e0 leur intuition, et \u00e0 leur cr\u00e9ativit\u00e9.<\/strong><\/p>\n          <\/div>\n        <\/div>\n      <\/div>\n\n      <\/section>\n\n<section class=\"block-grid-wrapper block-grid-for-core-separator\">\n      <div class=\"default-editor-content grid-for-core-separator container-fluid container-px-1\">\n        <div class=\"row row-cols-1 align-center\">\n          <div class=\"cell\">\n            \n<hr class=\"wp-block-separator\"\/>\n          <\/div>\n        <\/div>\n      <\/div>\n\n      <\/section>\n\n<section class=\"block-grid-wrapper block-grid-for-core-paragraph\">\n      <div class=\"default-editor-content grid-for-core-paragraph container-fluid container-px-1\">\n        <div class=\"row row-cols-1 align-center\">\n          <div class=\"cell\">\n            \n<p><em>[1] Ma\u00efa est la s\u0153ur a\u00een\u00e9e des sept Pl\u00e9iades, filles du Titan Atlas et de son \u00e9pouse, Pl\u00e9ion\u00e9\u00a0: les Pl\u00e9iades ont donn\u00e9 leur nom \u00e0 un groupe de 7 \u00e9toiles qui avaient une importance toute particuli\u00e8re pour rythmer les saisons, notamment le temps des semailles et des plantations.\u00a0 Ma\u00efa avait une f\u00eate en son honneur, le 1<sup>er<\/sup> mai, et on explique que le mois de mai s\u2019appelle ainsi.<\/em><\/p>\n          <\/div>\n        <\/div>\n      <\/div>\n\n      <\/section>\n\n<section class=\"block-grid-wrapper block-grid-for-core-paragraph\">\n      <div class=\"default-editor-content grid-for-core-paragraph container-fluid container-px-1\">\n        <div class=\"row row-cols-1 align-center\">\n          <div class=\"cell\">\n            \n<p><em>Image de couverture : Polymnie, marbre, 2e s. ap. J.C, Muse\u0301e du Louvre, Paris.<\/em><\/p>\n          <\/div>\n        <\/div>\n      <\/div>\n\n      <\/section>\n\n<section class=\"block-grid-wrapper block-grid-for-core-spacer\">\n      <div class=\"default-editor-content grid-for-core-spacer container-fluid container-px-1\">\n        <div class=\"row row-cols-1 align-center\">\n          <div class=\"cell\">\n            \n<div style=\"height:20px\" aria-hidden=\"true\" class=\"wp-block-spacer\"><\/div>\n          <\/div>\n        <\/div>\n      <\/div>\n\n      <\/section>","protected":false},"excerpt":{"rendered":"<p>Nad\u00e8ge Quinssac est une enseignante de Grec et une passionn\u00e9e de Mythologie et d&rsquo;Astrologie. Chaque mois, nous la retrouverons \u00e0 la rencontre d&rsquo;une ou de nouvelles divinit\u00e9s pour un Tissage entre Antiquit\u00e9 et Modernit\u00e9 afin de relier la Culture antique, sous le prisme de la Mythologie, \u00e0 notre vie quotidienne et contemporaine, en les entrela\u00e7ant [&hellip;]<\/p>\n","protected":false},"author":58,"featured_media":7044,"comment_status":"open","ping_status":"open","sticky":false,"template":"","format":"standard","meta":{"_acf_changed":false,"footnotes":""},"categories":[995,1187,996],"tags":[1198],"class_list":["post-7039","post","type-post","status-publish","format-standard","has-post-thumbnail","hentry","category-bien-etre","category-contempler_le_beau","category-spiritualite-2","tag-divinites"],"acf":[],"yoast_head":"<!-- This site is optimized with the Yoast SEO plugin v27.4 - https:\/\/yoast.com\/product\/yoast-seo-wordpress\/ -->\n<title>Le rendez-vous des Divinit\u00e9s : Herm\u00e8s et les muses - Beauty Therapy<\/title>\n<meta name=\"description\" content=\"Tissage entre Antiquit\u00e9 et Modernit\u00e9 afin de relier la Culture antique \u00e0 notre vie quotidienne et contemporaine, en les entrela\u00e7ant toutes les deux \u00e0 la Roue de l\u2019Ann\u00e9e et \u00e0 l\u2019Astrologie.\" \/>\n<meta name=\"robots\" content=\"index, follow, max-snippet:-1, max-image-preview:large, max-video-preview:-1\" \/>\n<link rel=\"canonical\" href=\"https:\/\/beautytherapy.absolution-cosmetics.com\/fr\/bien-etre\/hermes-muses\/\" \/>\n<meta property=\"og:locale\" content=\"fr_FR\" \/>\n<meta property=\"og:type\" content=\"article\" \/>\n<meta property=\"og:title\" content=\"Le rendez-vous des Divinit\u00e9s : Herm\u00e8s et les muses - Beauty Therapy\" \/>\n<meta property=\"og:description\" content=\"Tissage entre Antiquit\u00e9 et Modernit\u00e9 afin de relier la Culture antique \u00e0 notre vie quotidienne et contemporaine, en les entrela\u00e7ant toutes les deux \u00e0 la Roue de l\u2019Ann\u00e9e et \u00e0 l\u2019Astrologie.\" \/>\n<meta property=\"og:url\" content=\"https:\/\/beautytherapy.absolution-cosmetics.com\/fr\/bien-etre\/hermes-muses\/\" \/>\n<meta property=\"og:site_name\" content=\"Beauty Therapy\" \/>\n<meta property=\"article:published_time\" content=\"2021-07-06T16:30:44+00:00\" \/>\n<meta property=\"article:modified_time\" content=\"2024-12-09T07:21:08+00:00\" \/>\n<meta property=\"og:image\" content=\"https:\/\/beautytherapy.absolution-cosmetics.com\/wp-content\/uploads\/2021\/07\/Cover-Article-15.png\" \/>\n\t<meta property=\"og:image:width\" content=\"1500\" \/>\n\t<meta property=\"og:image:height\" content=\"1000\" \/>\n\t<meta property=\"og:image:type\" content=\"image\/png\" \/>\n<meta name=\"author\" content=\"Nad\u00e8ge Quinssac\" \/>\n<meta name=\"twitter:card\" content=\"summary_large_image\" \/>\n<meta name=\"twitter:label1\" content=\"\u00c9crit par\" \/>\n\t<meta name=\"twitter:data1\" content=\"Nad\u00e8ge Quinssac\" \/>\n\t<meta name=\"twitter:label2\" content=\"Dur\u00e9e de lecture estim\u00e9e\" \/>\n\t<meta name=\"twitter:data2\" content=\"13 minutes\" \/>\n<script type=\"application\/ld+json\" class=\"yoast-schema-graph\">{\"@context\":\"https:\\\/\\\/schema.org\",\"@graph\":[{\"@type\":\"Article\",\"@id\":\"https:\\\/\\\/beautytherapy.absolution-cosmetics.com\\\/fr\\\/bien-etre\\\/hermes-muses\\\/#article\",\"isPartOf\":{\"@id\":\"https:\\\/\\\/beautytherapy.absolution-cosmetics.com\\\/fr\\\/bien-etre\\\/hermes-muses\\\/\"},\"author\":{\"name\":\"Nad\u00e8ge Quinssac\",\"@id\":\"https:\\\/\\\/beautytherapy.absolution-cosmetics.com\\\/fr\\\/#\\\/schema\\\/person\\\/9fc62988bad9ff1169064ad1e25679c3\"},\"headline\":\"Le rendez-vous des Divinit\u00e9s : Herm\u00e8s et les muses\",\"datePublished\":\"2021-07-06T16:30:44+00:00\",\"dateModified\":\"2024-12-09T07:21:08+00:00\",\"mainEntityOfPage\":{\"@id\":\"https:\\\/\\\/beautytherapy.absolution-cosmetics.com\\\/fr\\\/bien-etre\\\/hermes-muses\\\/\"},\"wordCount\":2633,\"commentCount\":0,\"publisher\":{\"@id\":\"https:\\\/\\\/beautytherapy.absolution-cosmetics.com\\\/fr\\\/#organization\"},\"image\":{\"@id\":\"https:\\\/\\\/beautytherapy.absolution-cosmetics.com\\\/fr\\\/bien-etre\\\/hermes-muses\\\/#primaryimage\"},\"thumbnailUrl\":\"https:\\\/\\\/beautytherapy.absolution-cosmetics.com\\\/wp-content\\\/uploads\\\/2021\\\/07\\\/Cover-Article-15.png\",\"keywords\":[\"Divinit\u00e9s\"],\"articleSection\":[\"Bien-\u00eatre\",\"Contemplation\",\"Spiritualit\u00e9\"],\"inLanguage\":\"fr-FR\",\"potentialAction\":[{\"@type\":\"CommentAction\",\"name\":\"Comment\",\"target\":[\"https:\\\/\\\/beautytherapy.absolution-cosmetics.com\\\/fr\\\/bien-etre\\\/hermes-muses\\\/#respond\"]}]},{\"@type\":\"WebPage\",\"@id\":\"https:\\\/\\\/beautytherapy.absolution-cosmetics.com\\\/fr\\\/bien-etre\\\/hermes-muses\\\/\",\"url\":\"https:\\\/\\\/beautytherapy.absolution-cosmetics.com\\\/fr\\\/bien-etre\\\/hermes-muses\\\/\",\"name\":\"Le rendez-vous des Divinit\u00e9s : Herm\u00e8s et les muses - Beauty Therapy\",\"isPartOf\":{\"@id\":\"https:\\\/\\\/beautytherapy.absolution-cosmetics.com\\\/fr\\\/#website\"},\"primaryImageOfPage\":{\"@id\":\"https:\\\/\\\/beautytherapy.absolution-cosmetics.com\\\/fr\\\/bien-etre\\\/hermes-muses\\\/#primaryimage\"},\"image\":{\"@id\":\"https:\\\/\\\/beautytherapy.absolution-cosmetics.com\\\/fr\\\/bien-etre\\\/hermes-muses\\\/#primaryimage\"},\"thumbnailUrl\":\"https:\\\/\\\/beautytherapy.absolution-cosmetics.com\\\/wp-content\\\/uploads\\\/2021\\\/07\\\/Cover-Article-15.png\",\"datePublished\":\"2021-07-06T16:30:44+00:00\",\"dateModified\":\"2024-12-09T07:21:08+00:00\",\"description\":\"Tissage entre Antiquit\u00e9 et Modernit\u00e9 afin de relier la Culture antique \u00e0 notre vie quotidienne et contemporaine, en les entrela\u00e7ant toutes les deux \u00e0 la Roue de l\u2019Ann\u00e9e et \u00e0 l\u2019Astrologie.\",\"breadcrumb\":{\"@id\":\"https:\\\/\\\/beautytherapy.absolution-cosmetics.com\\\/fr\\\/bien-etre\\\/hermes-muses\\\/#breadcrumb\"},\"inLanguage\":\"fr-FR\",\"potentialAction\":[{\"@type\":\"ReadAction\",\"target\":[\"https:\\\/\\\/beautytherapy.absolution-cosmetics.com\\\/fr\\\/bien-etre\\\/hermes-muses\\\/\"]}]},{\"@type\":\"ImageObject\",\"inLanguage\":\"fr-FR\",\"@id\":\"https:\\\/\\\/beautytherapy.absolution-cosmetics.com\\\/fr\\\/bien-etre\\\/hermes-muses\\\/#primaryimage\",\"url\":\"https:\\\/\\\/beautytherapy.absolution-cosmetics.com\\\/wp-content\\\/uploads\\\/2021\\\/07\\\/Cover-Article-15.png\",\"contentUrl\":\"https:\\\/\\\/beautytherapy.absolution-cosmetics.com\\\/wp-content\\\/uploads\\\/2021\\\/07\\\/Cover-Article-15.png\",\"width\":1500,\"height\":1000},{\"@type\":\"BreadcrumbList\",\"@id\":\"https:\\\/\\\/beautytherapy.absolution-cosmetics.com\\\/fr\\\/bien-etre\\\/hermes-muses\\\/#breadcrumb\",\"itemListElement\":[{\"@type\":\"ListItem\",\"position\":1,\"name\":\"Home\",\"item\":\"https:\\\/\\\/beautytherapy.absolution-cosmetics.com\\\/fr\\\/\"},{\"@type\":\"ListItem\",\"position\":2,\"name\":\"Bien-\u00eatre\",\"item\":\"https:\\\/\\\/beautytherapy.absolution-cosmetics.com\\\/fr\\\/bien-etre\\\/\"},{\"@type\":\"ListItem\",\"position\":3,\"name\":\"Contemplation\",\"item\":\"https:\\\/\\\/beautytherapy.absolution-cosmetics.com\\\/fr\\\/bien-etre\\\/contempler_le_beau\\\/\"},{\"@type\":\"ListItem\",\"position\":4,\"name\":\"Le rendez-vous des Divinit\u00e9s : Herm\u00e8s et les muses\"}]},{\"@type\":\"WebSite\",\"@id\":\"https:\\\/\\\/beautytherapy.absolution-cosmetics.com\\\/fr\\\/#website\",\"url\":\"https:\\\/\\\/beautytherapy.absolution-cosmetics.com\\\/fr\\\/\",\"name\":\"Beauty Therapy\",\"description\":\"\",\"publisher\":{\"@id\":\"https:\\\/\\\/beautytherapy.absolution-cosmetics.com\\\/fr\\\/#organization\"},\"inLanguage\":\"fr-FR\"},{\"@type\":\"Organization\",\"@id\":\"https:\\\/\\\/beautytherapy.absolution-cosmetics.com\\\/fr\\\/#organization\",\"name\":\"Beauty Therapy\",\"url\":\"https:\\\/\\\/beautytherapy.absolution-cosmetics.com\\\/fr\\\/\",\"logo\":{\"@type\":\"ImageObject\",\"inLanguage\":\"fr-FR\",\"@id\":\"https:\\\/\\\/beautytherapy.absolution-cosmetics.com\\\/fr\\\/#\\\/schema\\\/logo\\\/image\\\/\",\"url\":\"https:\\\/\\\/beautytherapy.absolution-cosmetics.com\\\/wp-content\\\/uploads\\\/2020\\\/02\\\/beauty-therapy-logo.png\",\"contentUrl\":\"https:\\\/\\\/beautytherapy.absolution-cosmetics.com\\\/wp-content\\\/uploads\\\/2020\\\/02\\\/beauty-therapy-logo.png\",\"width\":424,\"height\":212,\"caption\":\"Beauty Therapy\"},\"image\":{\"@id\":\"https:\\\/\\\/beautytherapy.absolution-cosmetics.com\\\/fr\\\/#\\\/schema\\\/logo\\\/image\\\/\"}},{\"@type\":\"Person\",\"@id\":\"https:\\\/\\\/beautytherapy.absolution-cosmetics.com\\\/fr\\\/#\\\/schema\\\/person\\\/9fc62988bad9ff1169064ad1e25679c3\",\"name\":\"Nad\u00e8ge Quinssac\",\"description\":\"Nad\u00e8ge Quinssac est une enseignante passionn\u00e9e par la mythologie et les divinit\u00e9s. Elle d\u00e9couvre le Grec et sa culture en fin de 6\u00e8me lors d'une initiation propos\u00e9e par une enseignante passionn\u00e9e et inspirante, elle a alors plong\u00e9 dans les eaux cristallines de la Gr\u00e8ce pour ne plus jamais s'\u00e9loigner de ces rivages enchanteurs. Issue d\u2019une formation en Lettres Anciennes, elle enseigne le fran\u00e7ais, le latin et le grec depuis 1999. Un m\u00e9tier \u00e0 travers lequel elle transmet sa passion aux \u00e9l\u00e8ves en tissant Antiquit\u00e9 et Modernit\u00e9 afin de leur montrer toute la richesse de ces pr\u00e9cieux tr\u00e9sors nich\u00e9s au c\u0153ur de leur vie. Puis, au printemps 2020, elle s\u2019inscrit aux cours de l'Ecole en ligne des 13 Lunes, cr\u00e9\u00e9e par une autre de nos Beauty Activist, Alexandra Fryda Marty de Moonsistersparis, et y apportera ses connaissances sur le message et les symboliques des Divinit\u00e9s en rapport avec les Arch\u00e9types f\u00e9minins que nous d\u00e9couvrons ensemble dans les articles d\u2019Alexandra. De fil en aiguille, l'id\u00e9e de cr\u00e9er un espace d\u00e9di\u00e9 \u00e0 la Mythologie et \u00e0 la Culture Antique est n\u00e9e pour souligner tous les liens tiss\u00e9s par l'Antiquit\u00e9 avec notre quotidien, avec les Saisons, avec l'Astrologie, avec les Arch\u00e9types. Ainsi, elle cr\u00e9a le compte et le podcast @au_au_jardin_d_hesperis en octobre 2020. Elle y propose des voyages cont\u00e9s entrem\u00ealant Mythologie, Astrologie, Arch\u00e9types et Saisons. Depuis peu, l'Aventure des Tisseuses est adapt\u00e9e sous un nouveau format : un podcast dans lequel \u00e9change Tisseuses et des Tisserandes modernes sur tous supports qui \u00e9tablissent des liens entre leur passion et les Autres. Ces \u00e9pisodes de Tisseuses sont reli\u00e9s aux \u00e9nergies lunaires et astrologiques du moment pour mieux en saisir leur portrait : elles nous racontent comment elles tissent avec les Autres au quotidien, avec quels mat\u00e9riaux sp\u00e9cifiques elles le font, et les \u00e9motions que ces formes de tissages leur apportent: des va-et-vient avec l'Antiquit\u00e9 naissent car elles s'inscrivent dans la lign\u00e9e des Tisseuses et Fileuses de l'Antiquit\u00e9 qui mettaient leur savoir-faire individuel au service du collectif. Elle rejoint aujourd\u2019hui notre \u00e9quipe de Beauty Activist pour nous proposer chaque mois un article sur les Divinit\u00e9s : \\\"Le Rendez-vous des Divinit\u00e9s\\\" dans lequel elle nous livre les tr\u00e9sors de l'Antiquit\u00e9 et leur lien avec notre quotidien et les arch\u00e9types d\u2019Alexandra. Nad\u00e8ge Quinssac is a teacher who is passionate about mythology and divinities. With a background in Ancient Letters, she has been teaching French, Latin and Greek since 1999. She transmits her passion to her students by binding Antiquity and Modernity in order to show them the richness of these precious treasures. During Spring 2020, she enrolled in the \u201c13 Moons School\u201d, created by another of our Beauty Activists, Alexandra Fryda Marty founder of Moonsistersparis, and brought her knowledge about how Divinities and female Archetypes are linked. One thing leading to another, the idea of creating a space dedicated to Mythology and Ancient Culture was born to underline all the links between Antiquity and our daily life, with the seasons, Astrology and the Archetypes. Thus, she created the account and podcast @au_au_jardin_d_hesperis in October 2020. She proposes storytelling journeys intertwining Mythology, Astrology, Archetypes and Seasons. She joins today our Beauty Activist team to offer us a monthly rendez-vous : \\\"Meet with divinities\\\" in which she will tell us about the treasures of Antiquity and their link with our daily lives and Alexandra's archetypes.\",\"sameAs\":[\"https:\\\/\\\/www.instagram.com\\\/au_jardin_d_hesperis\\\/\"],\"url\":\"https:\\\/\\\/beautytherapy.absolution-cosmetics.com\\\/fr\\\/author\\\/nadege-quinssac\\\/\"}]}<\/script>\n<!-- \/ Yoast SEO plugin. -->","yoast_head_json":{"title":"Le rendez-vous des Divinit\u00e9s : Herm\u00e8s et les muses - Beauty Therapy","description":"Tissage entre Antiquit\u00e9 et Modernit\u00e9 afin de relier la Culture antique \u00e0 notre vie quotidienne et contemporaine, en les entrela\u00e7ant toutes les deux \u00e0 la Roue de l\u2019Ann\u00e9e et \u00e0 l\u2019Astrologie.","robots":{"index":"index","follow":"follow","max-snippet":"max-snippet:-1","max-image-preview":"max-image-preview:large","max-video-preview":"max-video-preview:-1"},"canonical":"https:\/\/beautytherapy.absolution-cosmetics.com\/fr\/bien-etre\/hermes-muses\/","og_locale":"fr_FR","og_type":"article","og_title":"Le rendez-vous des Divinit\u00e9s : Herm\u00e8s et les muses - Beauty Therapy","og_description":"Tissage entre Antiquit\u00e9 et Modernit\u00e9 afin de relier la Culture antique \u00e0 notre vie quotidienne et contemporaine, en les entrela\u00e7ant toutes les deux \u00e0 la Roue de l\u2019Ann\u00e9e et \u00e0 l\u2019Astrologie.","og_url":"https:\/\/beautytherapy.absolution-cosmetics.com\/fr\/bien-etre\/hermes-muses\/","og_site_name":"Beauty Therapy","article_published_time":"2021-07-06T16:30:44+00:00","article_modified_time":"2024-12-09T07:21:08+00:00","og_image":[{"width":1500,"height":1000,"url":"https:\/\/beautytherapy.absolution-cosmetics.com\/wp-content\/uploads\/2021\/07\/Cover-Article-15.png","type":"image\/png"}],"author":"Nad\u00e8ge Quinssac","twitter_card":"summary_large_image","twitter_misc":{"\u00c9crit par":"Nad\u00e8ge Quinssac","Dur\u00e9e de lecture estim\u00e9e":"13 minutes"},"schema":{"@context":"https:\/\/schema.org","@graph":[{"@type":"Article","@id":"https:\/\/beautytherapy.absolution-cosmetics.com\/fr\/bien-etre\/hermes-muses\/#article","isPartOf":{"@id":"https:\/\/beautytherapy.absolution-cosmetics.com\/fr\/bien-etre\/hermes-muses\/"},"author":{"name":"Nad\u00e8ge Quinssac","@id":"https:\/\/beautytherapy.absolution-cosmetics.com\/fr\/#\/schema\/person\/9fc62988bad9ff1169064ad1e25679c3"},"headline":"Le rendez-vous des Divinit\u00e9s : Herm\u00e8s et les muses","datePublished":"2021-07-06T16:30:44+00:00","dateModified":"2024-12-09T07:21:08+00:00","mainEntityOfPage":{"@id":"https:\/\/beautytherapy.absolution-cosmetics.com\/fr\/bien-etre\/hermes-muses\/"},"wordCount":2633,"commentCount":0,"publisher":{"@id":"https:\/\/beautytherapy.absolution-cosmetics.com\/fr\/#organization"},"image":{"@id":"https:\/\/beautytherapy.absolution-cosmetics.com\/fr\/bien-etre\/hermes-muses\/#primaryimage"},"thumbnailUrl":"https:\/\/beautytherapy.absolution-cosmetics.com\/wp-content\/uploads\/2021\/07\/Cover-Article-15.png","keywords":["Divinit\u00e9s"],"articleSection":["Bien-\u00eatre","Contemplation","Spiritualit\u00e9"],"inLanguage":"fr-FR","potentialAction":[{"@type":"CommentAction","name":"Comment","target":["https:\/\/beautytherapy.absolution-cosmetics.com\/fr\/bien-etre\/hermes-muses\/#respond"]}]},{"@type":"WebPage","@id":"https:\/\/beautytherapy.absolution-cosmetics.com\/fr\/bien-etre\/hermes-muses\/","url":"https:\/\/beautytherapy.absolution-cosmetics.com\/fr\/bien-etre\/hermes-muses\/","name":"Le rendez-vous des Divinit\u00e9s : Herm\u00e8s et les muses - Beauty Therapy","isPartOf":{"@id":"https:\/\/beautytherapy.absolution-cosmetics.com\/fr\/#website"},"primaryImageOfPage":{"@id":"https:\/\/beautytherapy.absolution-cosmetics.com\/fr\/bien-etre\/hermes-muses\/#primaryimage"},"image":{"@id":"https:\/\/beautytherapy.absolution-cosmetics.com\/fr\/bien-etre\/hermes-muses\/#primaryimage"},"thumbnailUrl":"https:\/\/beautytherapy.absolution-cosmetics.com\/wp-content\/uploads\/2021\/07\/Cover-Article-15.png","datePublished":"2021-07-06T16:30:44+00:00","dateModified":"2024-12-09T07:21:08+00:00","description":"Tissage entre Antiquit\u00e9 et Modernit\u00e9 afin de relier la Culture antique \u00e0 notre vie quotidienne et contemporaine, en les entrela\u00e7ant toutes les deux \u00e0 la Roue de l\u2019Ann\u00e9e et \u00e0 l\u2019Astrologie.","breadcrumb":{"@id":"https:\/\/beautytherapy.absolution-cosmetics.com\/fr\/bien-etre\/hermes-muses\/#breadcrumb"},"inLanguage":"fr-FR","potentialAction":[{"@type":"ReadAction","target":["https:\/\/beautytherapy.absolution-cosmetics.com\/fr\/bien-etre\/hermes-muses\/"]}]},{"@type":"ImageObject","inLanguage":"fr-FR","@id":"https:\/\/beautytherapy.absolution-cosmetics.com\/fr\/bien-etre\/hermes-muses\/#primaryimage","url":"https:\/\/beautytherapy.absolution-cosmetics.com\/wp-content\/uploads\/2021\/07\/Cover-Article-15.png","contentUrl":"https:\/\/beautytherapy.absolution-cosmetics.com\/wp-content\/uploads\/2021\/07\/Cover-Article-15.png","width":1500,"height":1000},{"@type":"BreadcrumbList","@id":"https:\/\/beautytherapy.absolution-cosmetics.com\/fr\/bien-etre\/hermes-muses\/#breadcrumb","itemListElement":[{"@type":"ListItem","position":1,"name":"Home","item":"https:\/\/beautytherapy.absolution-cosmetics.com\/fr\/"},{"@type":"ListItem","position":2,"name":"Bien-\u00eatre","item":"https:\/\/beautytherapy.absolution-cosmetics.com\/fr\/bien-etre\/"},{"@type":"ListItem","position":3,"name":"Contemplation","item":"https:\/\/beautytherapy.absolution-cosmetics.com\/fr\/bien-etre\/contempler_le_beau\/"},{"@type":"ListItem","position":4,"name":"Le rendez-vous des Divinit\u00e9s : Herm\u00e8s et les muses"}]},{"@type":"WebSite","@id":"https:\/\/beautytherapy.absolution-cosmetics.com\/fr\/#website","url":"https:\/\/beautytherapy.absolution-cosmetics.com\/fr\/","name":"Beauty Therapy","description":"","publisher":{"@id":"https:\/\/beautytherapy.absolution-cosmetics.com\/fr\/#organization"},"inLanguage":"fr-FR"},{"@type":"Organization","@id":"https:\/\/beautytherapy.absolution-cosmetics.com\/fr\/#organization","name":"Beauty Therapy","url":"https:\/\/beautytherapy.absolution-cosmetics.com\/fr\/","logo":{"@type":"ImageObject","inLanguage":"fr-FR","@id":"https:\/\/beautytherapy.absolution-cosmetics.com\/fr\/#\/schema\/logo\/image\/","url":"https:\/\/beautytherapy.absolution-cosmetics.com\/wp-content\/uploads\/2020\/02\/beauty-therapy-logo.png","contentUrl":"https:\/\/beautytherapy.absolution-cosmetics.com\/wp-content\/uploads\/2020\/02\/beauty-therapy-logo.png","width":424,"height":212,"caption":"Beauty Therapy"},"image":{"@id":"https:\/\/beautytherapy.absolution-cosmetics.com\/fr\/#\/schema\/logo\/image\/"}},{"@type":"Person","@id":"https:\/\/beautytherapy.absolution-cosmetics.com\/fr\/#\/schema\/person\/9fc62988bad9ff1169064ad1e25679c3","name":"Nad\u00e8ge Quinssac","description":"Nad\u00e8ge Quinssac est une enseignante passionn\u00e9e par la mythologie et les divinit\u00e9s. Elle d\u00e9couvre le Grec et sa culture en fin de 6\u00e8me lors d'une initiation propos\u00e9e par une enseignante passionn\u00e9e et inspirante, elle a alors plong\u00e9 dans les eaux cristallines de la Gr\u00e8ce pour ne plus jamais s'\u00e9loigner de ces rivages enchanteurs. Issue d\u2019une formation en Lettres Anciennes, elle enseigne le fran\u00e7ais, le latin et le grec depuis 1999. Un m\u00e9tier \u00e0 travers lequel elle transmet sa passion aux \u00e9l\u00e8ves en tissant Antiquit\u00e9 et Modernit\u00e9 afin de leur montrer toute la richesse de ces pr\u00e9cieux tr\u00e9sors nich\u00e9s au c\u0153ur de leur vie. Puis, au printemps 2020, elle s\u2019inscrit aux cours de l'Ecole en ligne des 13 Lunes, cr\u00e9\u00e9e par une autre de nos Beauty Activist, Alexandra Fryda Marty de Moonsistersparis, et y apportera ses connaissances sur le message et les symboliques des Divinit\u00e9s en rapport avec les Arch\u00e9types f\u00e9minins que nous d\u00e9couvrons ensemble dans les articles d\u2019Alexandra. De fil en aiguille, l'id\u00e9e de cr\u00e9er un espace d\u00e9di\u00e9 \u00e0 la Mythologie et \u00e0 la Culture Antique est n\u00e9e pour souligner tous les liens tiss\u00e9s par l'Antiquit\u00e9 avec notre quotidien, avec les Saisons, avec l'Astrologie, avec les Arch\u00e9types. Ainsi, elle cr\u00e9a le compte et le podcast @au_au_jardin_d_hesperis en octobre 2020. Elle y propose des voyages cont\u00e9s entrem\u00ealant Mythologie, Astrologie, Arch\u00e9types et Saisons. Depuis peu, l'Aventure des Tisseuses est adapt\u00e9e sous un nouveau format : un podcast dans lequel \u00e9change Tisseuses et des Tisserandes modernes sur tous supports qui \u00e9tablissent des liens entre leur passion et les Autres. Ces \u00e9pisodes de Tisseuses sont reli\u00e9s aux \u00e9nergies lunaires et astrologiques du moment pour mieux en saisir leur portrait : elles nous racontent comment elles tissent avec les Autres au quotidien, avec quels mat\u00e9riaux sp\u00e9cifiques elles le font, et les \u00e9motions que ces formes de tissages leur apportent: des va-et-vient avec l'Antiquit\u00e9 naissent car elles s'inscrivent dans la lign\u00e9e des Tisseuses et Fileuses de l'Antiquit\u00e9 qui mettaient leur savoir-faire individuel au service du collectif. Elle rejoint aujourd\u2019hui notre \u00e9quipe de Beauty Activist pour nous proposer chaque mois un article sur les Divinit\u00e9s : \"Le Rendez-vous des Divinit\u00e9s\" dans lequel elle nous livre les tr\u00e9sors de l'Antiquit\u00e9 et leur lien avec notre quotidien et les arch\u00e9types d\u2019Alexandra. Nad\u00e8ge Quinssac is a teacher who is passionate about mythology and divinities. With a background in Ancient Letters, she has been teaching French, Latin and Greek since 1999. She transmits her passion to her students by binding Antiquity and Modernity in order to show them the richness of these precious treasures. During Spring 2020, she enrolled in the \u201c13 Moons School\u201d, created by another of our Beauty Activists, Alexandra Fryda Marty founder of Moonsistersparis, and brought her knowledge about how Divinities and female Archetypes are linked. One thing leading to another, the idea of creating a space dedicated to Mythology and Ancient Culture was born to underline all the links between Antiquity and our daily life, with the seasons, Astrology and the Archetypes. Thus, she created the account and podcast @au_au_jardin_d_hesperis in October 2020. She proposes storytelling journeys intertwining Mythology, Astrology, Archetypes and Seasons. She joins today our Beauty Activist team to offer us a monthly rendez-vous : \"Meet with divinities\" in which she will tell us about the treasures of Antiquity and their link with our daily lives and Alexandra's archetypes.","sameAs":["https:\/\/www.instagram.com\/au_jardin_d_hesperis\/"],"url":"https:\/\/beautytherapy.absolution-cosmetics.com\/fr\/author\/nadege-quinssac\/"}]}},"_links":{"self":[{"href":"https:\/\/beautytherapy.absolution-cosmetics.com\/fr\/wp-json\/wp\/v2\/posts\/7039","targetHints":{"allow":["GET"]}}],"collection":[{"href":"https:\/\/beautytherapy.absolution-cosmetics.com\/fr\/wp-json\/wp\/v2\/posts"}],"about":[{"href":"https:\/\/beautytherapy.absolution-cosmetics.com\/fr\/wp-json\/wp\/v2\/types\/post"}],"author":[{"embeddable":true,"href":"https:\/\/beautytherapy.absolution-cosmetics.com\/fr\/wp-json\/wp\/v2\/users\/58"}],"replies":[{"embeddable":true,"href":"https:\/\/beautytherapy.absolution-cosmetics.com\/fr\/wp-json\/wp\/v2\/comments?post=7039"}],"version-history":[{"count":4,"href":"https:\/\/beautytherapy.absolution-cosmetics.com\/fr\/wp-json\/wp\/v2\/posts\/7039\/revisions"}],"predecessor-version":[{"id":23321,"href":"https:\/\/beautytherapy.absolution-cosmetics.com\/fr\/wp-json\/wp\/v2\/posts\/7039\/revisions\/23321"}],"wp:featuredmedia":[{"embeddable":true,"href":"https:\/\/beautytherapy.absolution-cosmetics.com\/fr\/wp-json\/wp\/v2\/media\/7044"}],"wp:attachment":[{"href":"https:\/\/beautytherapy.absolution-cosmetics.com\/fr\/wp-json\/wp\/v2\/media?parent=7039"}],"wp:term":[{"taxonomy":"category","embeddable":true,"href":"https:\/\/beautytherapy.absolution-cosmetics.com\/fr\/wp-json\/wp\/v2\/categories?post=7039"},{"taxonomy":"post_tag","embeddable":true,"href":"https:\/\/beautytherapy.absolution-cosmetics.com\/fr\/wp-json\/wp\/v2\/tags?post=7039"}],"curies":[{"name":"wp","href":"https:\/\/api.w.org\/{rel}","templated":true}]}}