{"id":7868,"date":"2021-10-07T18:00:00","date_gmt":"2021-10-07T16:00:00","guid":{"rendered":"https:\/\/beautytherapy.absolution-cosmetics.com\/?p=7868"},"modified":"2024-12-09T08:36:31","modified_gmt":"2024-12-09T07:36:31","slug":"larchetype-feminin-du-mois-doctobre-lepouse-sacree-celle-qui-unit","status":"publish","type":"post","link":"https:\/\/beautytherapy.absolution-cosmetics.com\/fr\/bien-etre\/larchetype-feminin-du-mois-doctobre-lepouse-sacree-celle-qui-unit\/","title":{"rendered":"L&rsquo;Arch\u00e9type f\u00e9minin du mois d\u2019Octobre : L\u2019\u00e9pouse Sacr\u00e9e, celle qui unit"},"content":{"rendered":"<section class=\"block-grid-wrapper block-grid-for-core-paragraph\">\n      <div class=\"default-editor-content grid-for-core-paragraph container-fluid container-px-1\">\n        <div class=\"row row-cols-1 align-center\">\n          <div class=\"cell\">\n            \n<p><strong>A la rencontre des <a href=\"https:\/\/beautytherapy.absolution-cosmetics.com\/fr\/bien-etre\/a-la-rencontre-des-archetypes-feminins\/\" type=\"URL\" id=\"https:\/\/beautytherapy.absolution-cosmetics.com\/fr\/a-la-rencontre-des-archetypes-feminins\/\r\" target=\"_blank\" rel=\"noreferrer noopener\">arch\u00e9types f\u00e9minins<\/a>, un parcours initiatique pour se relier \u00e0 sa nature f\u00e9minine cyclique changeante. L&rsquo;Arch\u00e9type f\u00e9minin du mois d\u2019Octobre : L\u2019\u00e9pouse Sacr\u00e9e, celle qui unit.<\/strong><\/p>\n          <\/div>\n        <\/div>\n      <\/div>\n\n      <\/section>\n\n<section class=\"block-grid-wrapper block-grid-for-core-spacer\">\n      <div class=\"default-editor-content grid-for-core-spacer container-fluid container-px-1\">\n        <div class=\"row row-cols-1 align-center\">\n          <div class=\"cell\">\n            \n<div style=\"height:20px\" aria-hidden=\"true\" class=\"wp-block-spacer\"><\/div>\n          <\/div>\n        <\/div>\n      <\/div>\n\n      <\/section>\n\n<section class=\"block-grid-wrapper block-grid-for-core-paragraph\">\n      <div class=\"default-editor-content grid-for-core-paragraph container-fluid container-px-1\">\n        <div class=\"row row-cols-1 align-center\">\n          <div class=\"cell\">\n            \n<p><strong>L\u2019\u00c9pouse <\/strong>nous accueille aux portes de <a href=\"https:\/\/beautytherapy.absolution-cosmetics.com\/fr\/bien-etre\/celebrer-equinoxe-automne\/\" type=\"URL\" id=\"https:\/\/beautytherapy.absolution-cosmetics.com\/fr\/celebrer-equinoxe-automne\/\r\" target=\"_blank\" rel=\"noreferrer noopener\">l\u2019\u00e9quinoxe d\u2019automne<\/a>, le passage qui symbolise la rencontre entre le jour et la nuit. C\u2019est ainsi qu\u2019elle tient l\u2019espace sacr\u00e9 de l\u2019\u00e9quilibre entre la moiti\u00e9 lumineuse (printemps-\u00e9t\u00e9) et la moiti\u00e9 sombre (automne-hiver) de l\u2019ann\u00e9e.<\/p>\n          <\/div>\n        <\/div>\n      <\/div>\n\n      <\/section>\n\n<section class=\"block-grid-wrapper block-grid-for-core-paragraph\">\n      <div class=\"default-editor-content grid-for-core-paragraph container-fluid container-px-1\">\n        <div class=\"row row-cols-1 align-center\">\n          <div class=\"cell\">\n            \n<p>Son \u00e2me nous invite \u00e0 nous harmoniser avec gr\u00e2ce et justesse. Elle porte le symbole de la balance de la justice qui repr\u00e9sente <strong>l\u2019union et l\u2019impartialit\u00e9<\/strong>.<\/p>\n          <\/div>\n        <\/div>\n      <\/div>\n\n      <\/section>\n\n<section class=\"block-grid-wrapper block-grid-for-core-spacer\">\n      <div class=\"default-editor-content grid-for-core-spacer container-fluid container-px-1\">\n        <div class=\"row row-cols-1 align-center\">\n          <div class=\"cell\">\n            \n<div style=\"height:20px\" aria-hidden=\"true\" class=\"wp-block-spacer\"><\/div>\n          <\/div>\n        <\/div>\n      <\/div>\n\n      <\/section>\n\n<section class=\"block-grid-wrapper block-grid-for-core-heading\">\n      <div class=\"default-editor-content grid-for-core-heading container-fluid container-px-1\">\n        <div class=\"row row-cols-1 align-center\">\n          <div class=\"cell\">\n            \n<h2 class=\"wp-block-heading\">L\u2019\u00c9pouse apporte l\u2019harmonie<\/h2>\n          <\/div>\n        <\/div>\n      <\/div>\n\n      <\/section>\n\n<section class=\"block-grid-wrapper block-grid-for-core-paragraph\">\n      <div class=\"default-editor-content grid-for-core-paragraph container-fluid container-px-1\">\n        <div class=\"row row-cols-1 align-center\">\n          <div class=\"cell\">\n            \n<p>Cette grande esth\u00e8te est fascin\u00e9e par l\u2019\u00e9l\u00e9gance. Elle pr\u00eate attention aux d\u00e9tails : la <a href=\"https:\/\/beautytherapy.absolution-cosmetics.com\/fr\/bien-etre\/etude-sur-la-lumiere-contemplation-louise-skadhauge\/\" target=\"_blank\" rel=\"noreferrer noopener\">tonalit\u00e9 de la lumi\u00e8re<\/a>, la temp\u00e9rature de l\u2019air, le m\u00e9lange de parfums et de fragrances. Elle arrange les espaces dans lesquels elle se trouve avec d\u00e9licatesse et raffinement. Elle est pr\u00eatresse de l\u2019harmonie et de la r\u00e9sonance.<\/p>\n          <\/div>\n        <\/div>\n      <\/div>\n\n      <\/section>\n\n<section class=\"block-grid-wrapper block-grid-for-core-paragraph\">\n      <div class=\"default-editor-content grid-for-core-paragraph container-fluid container-px-1\">\n        <div class=\"row row-cols-1 align-center\">\n          <div class=\"cell\">\n            \n<p>Elle appr\u00e9cie la sophistication et trouve satisfaction dans la perfection. Elle peut \u00e9prouver de la difficult\u00e9 \u00e0 voir le <a href=\"https:\/\/beautytherapy.absolution-cosmetics.com\/fr\/bien-etre\/bords-de-mer-contemplations-louise-skadhauge-2\/\" target=\"_blank\" rel=\"noreferrer noopener\">beau dans les instants simples<\/a> et naturels de la vie. <\/p>\n          <\/div>\n        <\/div>\n      <\/div>\n\n      <\/section>\n\n<section class=\"block-grid-wrapper block-grid-for-core-spacer\">\n      <div class=\"default-editor-content grid-for-core-spacer container-fluid container-px-1\">\n        <div class=\"row row-cols-1 align-center\">\n          <div class=\"cell\">\n            \n<div style=\"height:20px\" aria-hidden=\"true\" class=\"wp-block-spacer\"><\/div>\n          <\/div>\n        <\/div>\n      <\/div>\n\n      <\/section>\n\n<section class=\"block-grid-wrapper block-grid-for-core-heading\">\n      <div class=\"default-editor-content grid-for-core-heading container-fluid container-px-1\">\n        <div class=\"row row-cols-1 align-center\">\n          <div class=\"cell\">\n            \n<h2 class=\"wp-block-heading\">L\u2019\u00c9pouse est romantique<\/h2>\n          <\/div>\n        <\/div>\n      <\/div>\n\n      <\/section>\n\n<section class=\"block-grid-wrapper block-grid-for-core-paragraph\">\n      <div class=\"default-editor-content grid-for-core-paragraph container-fluid container-px-1\">\n        <div class=\"row row-cols-1 align-center\">\n          <div class=\"cell\">\n            \n<p>Elle est gardienne du mariage et des relations sentimentales. Elle attache une importance consid\u00e9rable \u00e0 la bonne entente du foyer, qui pour elle repr\u00e9sente le temple de l\u2019amour.<\/p>\n          <\/div>\n        <\/div>\n      <\/div>\n\n      <\/section>\n\n<section class=\"block-grid-wrapper block-grid-for-core-paragraph\">\n      <div class=\"default-editor-content grid-for-core-paragraph container-fluid container-px-1\">\n        <div class=\"row row-cols-1 align-center\">\n          <div class=\"cell\">\n            \n<p>Elle est sensible, compatissante et empathique. <strong>Ses relations humaines sont des liens sacr\u00e9s <\/strong>qu\u2019elle tisse avec courtoisie et finesse. Sa bonne \u00e9ducation l\u2019emp\u00eache parfois de r\u00e9ussir \u00e0 se d\u00e9tacher des relations devenues n\u00e9fastes ou toxiques.<\/p>\n          <\/div>\n        <\/div>\n      <\/div>\n\n      <\/section>\n\n<section class=\"block-grid-wrapper block-grid-for-core-spacer\">\n      <div class=\"default-editor-content grid-for-core-spacer container-fluid container-px-1\">\n        <div class=\"row row-cols-1 align-center\">\n          <div class=\"cell\">\n            \n<div style=\"height:20px\" aria-hidden=\"true\" class=\"wp-block-spacer\"><\/div>\n          <\/div>\n        <\/div>\n      <\/div>\n\n      <\/section>\n\n<section class=\"block-grid-wrapper block-grid-for-core-heading\">\n      <div class=\"default-editor-content grid-for-core-heading container-fluid container-px-1\">\n        <div class=\"row row-cols-1 align-center\">\n          <div class=\"cell\">\n            \n<h2 class=\"wp-block-heading\">L\u2019\u00c9pouse est une \u00e9quilibriste<\/h2>\n          <\/div>\n        <\/div>\n      <\/div>\n\n      <\/section>\n\n<section class=\"block-grid-wrapper block-grid-for-core-paragraph\">\n      <div class=\"default-editor-content grid-for-core-paragraph container-fluid container-px-1\">\n        <div class=\"row row-cols-1 align-center\">\n          <div class=\"cell\">\n            \n<p>Elle est \u00e0 la recherche de l\u2019\u00e9quilibre et de <a href=\"https:\/\/beautytherapy.absolution-cosmetics.com\/fr\/bien-etre\/entretenir-amour-inconditionnel\/\" target=\"_blank\" rel=\"noreferrer noopener\">l\u2019alignement<\/a>. Attir\u00e9e par la sym\u00e9trie et les figures g\u00e9om\u00e9triques, elle peut montrer de l\u2019app\u00e9tence pour les gymnastiques corporelles et m\u00e9ditatives qui structurent le corps et le mental. La concentration et la pr\u00e9cision sont des qualit\u00e9s qu\u2019elle estime. Elle aspire \u00e0 l\u2019\u00e9l\u00e9vation de son \u00e2me.<\/p>\n          <\/div>\n        <\/div>\n      <\/div>\n\n      <\/section>\n\n<section class=\"block-grid-wrapper block-grid-for-core-spacer\">\n      <div class=\"default-editor-content grid-for-core-spacer container-fluid container-px-1\">\n        <div class=\"row row-cols-1 align-center\">\n          <div class=\"cell\">\n            \n<div style=\"height:20px\" aria-hidden=\"true\" class=\"wp-block-spacer\"><\/div>\n          <\/div>\n        <\/div>\n      <\/div>\n\n      <\/section>\n\n<section class=\"block-grid-wrapper block-grid-for-core-image\">\n      <div class=\"default-editor-content grid-for-core-image container-fluid container-px-1\">\n        <div class=\"row row-cols-1 align-center\">\n          <div class=\"cell\">\n            \n<div class=\"wp-block-image\"><figure class=\"aligncenter size-large is-resized\"><img loading=\"lazy\" decoding=\"async\" src=\"https:\/\/beautytherapy.absolution-cosmetics.com\/wp-content\/uploads\/2021\/10\/image1-1024x683.jpg\" alt=\"Cr\u00e9dit photo : Delphine Joly, Yoga Photorama\" class=\"wp-image-7870\" width=\"756\" height=\"504\"\/><figcaption><em>Cr\u00e9dit photo : Delphine Joly, Yoga Photorama<\/em><\/figcaption><\/figure><\/div>\n          <\/div>\n        <\/div>\n      <\/div>\n\n      <\/section>\n\n<section class=\"block-grid-wrapper block-grid-for-core-spacer\">\n      <div class=\"default-editor-content grid-for-core-spacer container-fluid container-px-1\">\n        <div class=\"row row-cols-1 align-center\">\n          <div class=\"cell\">\n            \n<div style=\"height:20px\" aria-hidden=\"true\" class=\"wp-block-spacer\"><\/div>\n          <\/div>\n        <\/div>\n      <\/div>\n\n      <\/section>\n\n<section class=\"block-grid-wrapper block-grid-for-core-heading\">\n      <div class=\"default-editor-content grid-for-core-heading container-fluid container-px-1\">\n        <div class=\"row row-cols-1 align-center\">\n          <div class=\"cell\">\n            \n<h2 class=\"wp-block-heading\">L\u2019\u00c9pouse se r\u00e9concilie<\/h2>\n          <\/div>\n        <\/div>\n      <\/div>\n\n      <\/section>\n\n<section class=\"block-grid-wrapper block-grid-for-core-paragraph\">\n      <div class=\"default-editor-content grid-for-core-paragraph container-fluid container-px-1\">\n        <div class=\"row row-cols-1 align-center\">\n          <div class=\"cell\">\n            \n<p>Ses qualit\u00e9s pacifistes la guident vers la r\u00e9conciliation. Elle cherche \u00e0 <strong>s\u2019\u00e9pouser dans son int\u00e9gralit\u00e9<\/strong>. Elle r\u00e9unit sa lumi\u00e8re et son ombre dans un alliage sacr\u00e9. Elle \u00e9pouse son masculin et son f\u00e9minin, son yin et son yang, son feu et son eau. Elle unit tout ce qui l\u2019oppose int\u00e9rieurement dans un mariage divin.<\/p>\n          <\/div>\n        <\/div>\n      <\/div>\n\n      <\/section>\n\n<section class=\"block-grid-wrapper block-grid-for-core-image\">\n      <div class=\"default-editor-content grid-for-core-image container-fluid container-px-1\">\n        <div class=\"row row-cols-1 align-center\">\n          <div class=\"cell\">\n            \n<div class=\"wp-block-image\"><figure class=\"aligncenter size-large is-resized\"><img loading=\"lazy\" decoding=\"async\" src=\"https:\/\/beautytherapy.absolution-cosmetics.com\/wp-content\/uploads\/2021\/10\/image4-683x1024.jpg\" alt=\"Cr\u00e9dit photo : Delphine Joly, Yoga Photorama\" class=\"wp-image-7872\" width=\"383\" height=\"574\"\/><figcaption><em>Cr\u00e9dit photo : Delphine Joly, Yoga Photorama<\/em><\/figcaption><\/figure><\/div>\n          <\/div>\n        <\/div>\n      <\/div>\n\n      <\/section>\n\n<section class=\"block-grid-wrapper block-grid-for-core-heading\">\n      <div class=\"default-editor-content grid-for-core-heading container-fluid container-px-1\">\n        <div class=\"row row-cols-1 align-center\">\n          <div class=\"cell\">\n            \n<h2 class=\"wp-block-heading\">Voici quelques questions pour prolonger votre r\u00e9flexion seul(e) ou avec vos proches :<\/h2>\n          <\/div>\n        <\/div>\n      <\/div>\n\n      <\/section>\n\n<section class=\"block-grid-wrapper block-grid-for-core-list\">\n      <div class=\"default-editor-content grid-for-core-list container-fluid container-px-1\">\n        <div class=\"row row-cols-1 align-center\">\n          <div class=\"cell\">\n            \n<ul class=\"wp-block-list\"><li>Comment ressentez-vous les polarit\u00e9s yin et yang de votre personnalit\u00e9 ?<\/li><li>Lorsqu\u2019un conflit surgit, parvenez-vous \u00e0 entendre un point de vue oppos\u00e9 au v\u00f4tre ?<\/li><li>Avez-vous une vision binaire de la vie avec un avis tranch\u00e9 sur certaines questions ?<\/li><li>Pensez-vous que l\u2019impartialit\u00e9 soit un outil efficace pour parvenir \u00e0 la paix ?<\/li><li>Vous arrive-t-il de r\u00e9primer ce que vous avez sur le c\u0153ur par souci de diplomatie ?<\/li><li>\u00cates-vous ind\u00e9cise ?<\/li><\/ul>\n          <\/div>\n        <\/div>\n      <\/div>\n\n      <\/section>\n\n<section class=\"block-grid-wrapper block-grid-for-core-paragraph\">\n      <div class=\"default-editor-content grid-for-core-paragraph container-fluid container-px-1\">\n        <div class=\"row row-cols-1 align-center\">\n          <div class=\"cell\">\n            \n<p><em>Extrait du livre <strong><a href=\"https:\/\/www.moonsistersparis.com\/mon-livre?utm_medium=social&amp;utm_source=linktree&amp;utm_campaign=d%C3%A9couvrir+mon+livre+%3A+femme+pr%C3%AAtresse+%E2%9C%A8\" data-type=\"URL\" data-id=\"https:\/\/www.moonsistersparis.com\/mon-livre?utm_medium=social&amp;utm_source=linktree&amp;utm_campaign=d%C3%A9couvrir+mon+livre+%3A+femme+pr%C3%AAtresse+%E2%9C%A8\" target=\"_blank\" rel=\"noreferrer noopener\">Femme Pr\u00eatresse<\/a><\/strong>, Editions Leduc 2021<\/em><\/p>\n          <\/div>\n        <\/div>\n      <\/div>\n\n      <\/section>\n\n<section class=\"block-grid-wrapper block-grid-for-core-spacer\">\n      <div class=\"default-editor-content grid-for-core-spacer container-fluid container-px-1\">\n        <div class=\"row row-cols-1 align-center\">\n          <div class=\"cell\">\n            \n<div style=\"height:21px\" aria-hidden=\"true\" class=\"wp-block-spacer\"><\/div>\n          <\/div>\n        <\/div>\n      <\/div>\n\n      <\/section>\n\n<section class=\"block-grid-wrapper block-grid-for-core-image\">\n      <div class=\"default-editor-content grid-for-core-image container-fluid container-px-1\">\n        <div class=\"row row-cols-1 align-center\">\n          <div class=\"cell\">\n            \n<div class=\"wp-block-image\"><figure class=\"aligncenter size-large\"><img decoding=\"async\" src=\"https:\/\/beautytherapy.absolution-cosmetics.com\/wp-content\/uploads\/2021\/10\/image2-724x1024.png\" alt=\"\" class=\"wp-image-7874\"\/><\/figure><\/div>\n          <\/div>\n        <\/div>\n      <\/div>\n\n      <\/section>\n\n<section class=\"block-grid-wrapper block-grid-for-core-spacer\">\n      <div class=\"default-editor-content grid-for-core-spacer container-fluid container-px-1\">\n        <div class=\"row row-cols-1 align-center\">\n          <div class=\"cell\">\n            \n<div style=\"height:20px\" aria-hidden=\"true\" class=\"wp-block-spacer\"><\/div>\n          <\/div>\n        <\/div>\n      <\/div>\n\n      <\/section>\n\n<section class=\"block-grid-wrapper block-grid-for-core-paragraph\">\n      <div class=\"default-editor-content grid-for-core-paragraph container-fluid container-px-1\">\n        <div class=\"row row-cols-1 align-center\">\n          <div class=\"cell\">\n            \n<p>L\u2019\u00c9pouse \u00e9merge pour vous apporter sa temp\u00e9rance et son sens de l\u2019\u00e9quilibre. Elle vous demande d\u2019explorer la nature de vos relations avec les autres et avec vous-m\u00eame. Elle invite votre \u00e2me \u00e0 la r\u00e9conciliation pour vous hisser vers l\u2019harmonie divine et l\u2019\u00e9quanimit\u00e9.<\/p>\n          <\/div>\n        <\/div>\n      <\/div>\n\n      <\/section>\n\n<section class=\"block-grid-wrapper block-grid-for-core-spacer\">\n      <div class=\"default-editor-content grid-for-core-spacer container-fluid container-px-1\">\n        <div class=\"row row-cols-1 align-center\">\n          <div class=\"cell\">\n            \n<div style=\"height:63px\" aria-hidden=\"true\" class=\"wp-block-spacer\"><\/div>\n          <\/div>\n        <\/div>\n      <\/div>\n\n      <\/section>","protected":false},"excerpt":{"rendered":"<p>A la rencontre des arch\u00e9types f\u00e9minins, un parcours initiatique pour se relier \u00e0 sa nature f\u00e9minine cyclique changeante. L&rsquo;Arch\u00e9type f\u00e9minin du mois d\u2019Octobre : L\u2019\u00e9pouse Sacr\u00e9e, celle qui unit. L\u2019\u00c9pouse nous accueille aux portes de l\u2019\u00e9quinoxe d\u2019automne, le passage qui symbolise la rencontre entre le jour et la nuit. C\u2019est ainsi qu\u2019elle tient l\u2019espace sacr\u00e9 [&hellip;]<\/p>\n","protected":false},"author":9,"featured_media":7876,"comment_status":"open","ping_status":"open","sticky":false,"template":"","format":"standard","meta":{"_acf_changed":false,"footnotes":""},"categories":[995,996],"tags":[],"class_list":["post-7868","post","type-post","status-publish","format-standard","has-post-thumbnail","hentry","category-bien-etre","category-spiritualite-2"],"acf":[],"yoast_head":"<!-- This site is optimized with the Yoast SEO plugin v27.5 - https:\/\/yoast.com\/product\/yoast-seo-wordpress\/ -->\n<title>L&#039;Arch\u00e9type f\u00e9minin du mois d\u2019Octobre : L\u2019\u00e9pouse Sacr\u00e9e, celle qui unit<\/title>\n<meta name=\"description\" content=\"L\u2019\u00c9pouse tient l\u2019espace sacr\u00e9 de l\u2019\u00e9quilibre entre la moiti\u00e9 lumineuse (printemps-\u00e9t\u00e9) et la moiti\u00e9 sombre (automne-hiver) de l\u2019ann\u00e9e.\" \/>\n<meta name=\"robots\" content=\"index, follow, max-snippet:-1, max-image-preview:large, max-video-preview:-1\" \/>\n<link rel=\"canonical\" href=\"https:\/\/beautytherapy.absolution-cosmetics.com\/fr\/bien-etre\/larchetype-feminin-du-mois-doctobre-lepouse-sacree-celle-qui-unit\/\" \/>\n<meta property=\"og:locale\" content=\"fr_FR\" \/>\n<meta property=\"og:type\" content=\"article\" \/>\n<meta property=\"og:title\" content=\"L&#039;Arch\u00e9type f\u00e9minin du mois d\u2019Octobre : L\u2019\u00e9pouse Sacr\u00e9e, celle qui unit\" \/>\n<meta property=\"og:description\" content=\"L\u2019\u00c9pouse tient l\u2019espace sacr\u00e9 de l\u2019\u00e9quilibre entre la moiti\u00e9 lumineuse (printemps-\u00e9t\u00e9) et la moiti\u00e9 sombre (automne-hiver) de l\u2019ann\u00e9e.\" \/>\n<meta property=\"og:url\" content=\"https:\/\/beautytherapy.absolution-cosmetics.com\/fr\/bien-etre\/larchetype-feminin-du-mois-doctobre-lepouse-sacree-celle-qui-unit\/\" \/>\n<meta property=\"og:site_name\" content=\"Beauty Therapy\" \/>\n<meta property=\"article:published_time\" content=\"2021-10-07T16:00:00+00:00\" \/>\n<meta property=\"article:modified_time\" content=\"2024-12-09T07:36:31+00:00\" \/>\n<meta property=\"og:image\" content=\"https:\/\/beautytherapy.absolution-cosmetics.com\/wp-content\/uploads\/2021\/10\/image3.jpg\" \/>\n\t<meta property=\"og:image:width\" content=\"1999\" \/>\n\t<meta property=\"og:image:height\" content=\"1333\" \/>\n\t<meta property=\"og:image:type\" content=\"image\/jpeg\" \/>\n<meta name=\"author\" content=\"Alexandra Fryda Marty\" \/>\n<meta name=\"twitter:card\" content=\"summary_large_image\" \/>\n<meta name=\"twitter:label1\" content=\"\u00c9crit par\" \/>\n\t<meta name=\"twitter:data1\" content=\"Alexandra Fryda Marty\" \/>\n\t<meta name=\"twitter:label2\" content=\"Dur\u00e9e de lecture estim\u00e9e\" \/>\n\t<meta name=\"twitter:data2\" content=\"3 minutes\" \/>\n<script type=\"application\/ld+json\" class=\"yoast-schema-graph\">{\"@context\":\"https:\\\/\\\/schema.org\",\"@graph\":[{\"@type\":\"Article\",\"@id\":\"https:\\\/\\\/beautytherapy.absolution-cosmetics.com\\\/fr\\\/bien-etre\\\/larchetype-feminin-du-mois-doctobre-lepouse-sacree-celle-qui-unit\\\/#article\",\"isPartOf\":{\"@id\":\"https:\\\/\\\/beautytherapy.absolution-cosmetics.com\\\/fr\\\/bien-etre\\\/larchetype-feminin-du-mois-doctobre-lepouse-sacree-celle-qui-unit\\\/\"},\"author\":{\"name\":\"Alexandra Fryda Marty\",\"@id\":\"https:\\\/\\\/beautytherapy.absolution-cosmetics.com\\\/fr\\\/#\\\/schema\\\/person\\\/e3c13e680b0fee5f22fec37ae80094d5\"},\"headline\":\"L&rsquo;Arch\u00e9type f\u00e9minin du mois d\u2019Octobre : L\u2019\u00e9pouse Sacr\u00e9e, celle qui unit\",\"datePublished\":\"2021-10-07T16:00:00+00:00\",\"dateModified\":\"2024-12-09T07:36:31+00:00\",\"mainEntityOfPage\":{\"@id\":\"https:\\\/\\\/beautytherapy.absolution-cosmetics.com\\\/fr\\\/bien-etre\\\/larchetype-feminin-du-mois-doctobre-lepouse-sacree-celle-qui-unit\\\/\"},\"wordCount\":597,\"commentCount\":0,\"publisher\":{\"@id\":\"https:\\\/\\\/beautytherapy.absolution-cosmetics.com\\\/fr\\\/#organization\"},\"image\":{\"@id\":\"https:\\\/\\\/beautytherapy.absolution-cosmetics.com\\\/fr\\\/bien-etre\\\/larchetype-feminin-du-mois-doctobre-lepouse-sacree-celle-qui-unit\\\/#primaryimage\"},\"thumbnailUrl\":\"https:\\\/\\\/beautytherapy.absolution-cosmetics.com\\\/wp-content\\\/uploads\\\/2021\\\/10\\\/image3.jpg\",\"articleSection\":[\"Bien-\u00eatre\",\"Spiritualit\u00e9\"],\"inLanguage\":\"fr-FR\",\"potentialAction\":[{\"@type\":\"CommentAction\",\"name\":\"Comment\",\"target\":[\"https:\\\/\\\/beautytherapy.absolution-cosmetics.com\\\/fr\\\/bien-etre\\\/larchetype-feminin-du-mois-doctobre-lepouse-sacree-celle-qui-unit\\\/#respond\"]}]},{\"@type\":\"WebPage\",\"@id\":\"https:\\\/\\\/beautytherapy.absolution-cosmetics.com\\\/fr\\\/bien-etre\\\/larchetype-feminin-du-mois-doctobre-lepouse-sacree-celle-qui-unit\\\/\",\"url\":\"https:\\\/\\\/beautytherapy.absolution-cosmetics.com\\\/fr\\\/bien-etre\\\/larchetype-feminin-du-mois-doctobre-lepouse-sacree-celle-qui-unit\\\/\",\"name\":\"L'Arch\u00e9type f\u00e9minin du mois d\u2019Octobre : L\u2019\u00e9pouse Sacr\u00e9e, celle qui unit\",\"isPartOf\":{\"@id\":\"https:\\\/\\\/beautytherapy.absolution-cosmetics.com\\\/fr\\\/#website\"},\"primaryImageOfPage\":{\"@id\":\"https:\\\/\\\/beautytherapy.absolution-cosmetics.com\\\/fr\\\/bien-etre\\\/larchetype-feminin-du-mois-doctobre-lepouse-sacree-celle-qui-unit\\\/#primaryimage\"},\"image\":{\"@id\":\"https:\\\/\\\/beautytherapy.absolution-cosmetics.com\\\/fr\\\/bien-etre\\\/larchetype-feminin-du-mois-doctobre-lepouse-sacree-celle-qui-unit\\\/#primaryimage\"},\"thumbnailUrl\":\"https:\\\/\\\/beautytherapy.absolution-cosmetics.com\\\/wp-content\\\/uploads\\\/2021\\\/10\\\/image3.jpg\",\"datePublished\":\"2021-10-07T16:00:00+00:00\",\"dateModified\":\"2024-12-09T07:36:31+00:00\",\"description\":\"L\u2019\u00c9pouse tient l\u2019espace sacr\u00e9 de l\u2019\u00e9quilibre entre la moiti\u00e9 lumineuse (printemps-\u00e9t\u00e9) et la moiti\u00e9 sombre (automne-hiver) de l\u2019ann\u00e9e.\",\"breadcrumb\":{\"@id\":\"https:\\\/\\\/beautytherapy.absolution-cosmetics.com\\\/fr\\\/bien-etre\\\/larchetype-feminin-du-mois-doctobre-lepouse-sacree-celle-qui-unit\\\/#breadcrumb\"},\"inLanguage\":\"fr-FR\",\"potentialAction\":[{\"@type\":\"ReadAction\",\"target\":[\"https:\\\/\\\/beautytherapy.absolution-cosmetics.com\\\/fr\\\/bien-etre\\\/larchetype-feminin-du-mois-doctobre-lepouse-sacree-celle-qui-unit\\\/\"]}]},{\"@type\":\"ImageObject\",\"inLanguage\":\"fr-FR\",\"@id\":\"https:\\\/\\\/beautytherapy.absolution-cosmetics.com\\\/fr\\\/bien-etre\\\/larchetype-feminin-du-mois-doctobre-lepouse-sacree-celle-qui-unit\\\/#primaryimage\",\"url\":\"https:\\\/\\\/beautytherapy.absolution-cosmetics.com\\\/wp-content\\\/uploads\\\/2021\\\/10\\\/image3.jpg\",\"contentUrl\":\"https:\\\/\\\/beautytherapy.absolution-cosmetics.com\\\/wp-content\\\/uploads\\\/2021\\\/10\\\/image3.jpg\",\"width\":1999,\"height\":1333},{\"@type\":\"BreadcrumbList\",\"@id\":\"https:\\\/\\\/beautytherapy.absolution-cosmetics.com\\\/fr\\\/bien-etre\\\/larchetype-feminin-du-mois-doctobre-lepouse-sacree-celle-qui-unit\\\/#breadcrumb\",\"itemListElement\":[{\"@type\":\"ListItem\",\"position\":1,\"name\":\"Home\",\"item\":\"https:\\\/\\\/beautytherapy.absolution-cosmetics.com\\\/fr\\\/\"},{\"@type\":\"ListItem\",\"position\":2,\"name\":\"Bien-\u00eatre\",\"item\":\"https:\\\/\\\/beautytherapy.absolution-cosmetics.com\\\/fr\\\/bien-etre\\\/\"},{\"@type\":\"ListItem\",\"position\":3,\"name\":\"Spiritualit\u00e9\",\"item\":\"https:\\\/\\\/beautytherapy.absolution-cosmetics.com\\\/fr\\\/bien-etre\\\/spiritualite-2\\\/\"},{\"@type\":\"ListItem\",\"position\":4,\"name\":\"L&#8217;Arch\u00e9type f\u00e9minin du mois d\u2019Octobre : L\u2019\u00e9pouse Sacr\u00e9e, celle qui unit\"}]},{\"@type\":\"WebSite\",\"@id\":\"https:\\\/\\\/beautytherapy.absolution-cosmetics.com\\\/fr\\\/#website\",\"url\":\"https:\\\/\\\/beautytherapy.absolution-cosmetics.com\\\/fr\\\/\",\"name\":\"Beauty Therapy\",\"description\":\"\",\"publisher\":{\"@id\":\"https:\\\/\\\/beautytherapy.absolution-cosmetics.com\\\/fr\\\/#organization\"},\"inLanguage\":\"fr-FR\"},{\"@type\":\"Organization\",\"@id\":\"https:\\\/\\\/beautytherapy.absolution-cosmetics.com\\\/fr\\\/#organization\",\"name\":\"Beauty Therapy\",\"url\":\"https:\\\/\\\/beautytherapy.absolution-cosmetics.com\\\/fr\\\/\",\"logo\":{\"@type\":\"ImageObject\",\"inLanguage\":\"fr-FR\",\"@id\":\"https:\\\/\\\/beautytherapy.absolution-cosmetics.com\\\/fr\\\/#\\\/schema\\\/logo\\\/image\\\/\",\"url\":\"https:\\\/\\\/beautytherapy.absolution-cosmetics.com\\\/wp-content\\\/uploads\\\/2020\\\/02\\\/beauty-therapy-logo.png\",\"contentUrl\":\"https:\\\/\\\/beautytherapy.absolution-cosmetics.com\\\/wp-content\\\/uploads\\\/2020\\\/02\\\/beauty-therapy-logo.png\",\"width\":424,\"height\":212,\"caption\":\"Beauty Therapy\"},\"image\":{\"@id\":\"https:\\\/\\\/beautytherapy.absolution-cosmetics.com\\\/fr\\\/#\\\/schema\\\/logo\\\/image\\\/\"}},{\"@type\":\"Person\",\"@id\":\"https:\\\/\\\/beautytherapy.absolution-cosmetics.com\\\/fr\\\/#\\\/schema\\\/person\\\/e3c13e680b0fee5f22fec37ae80094d5\",\"name\":\"Alexandra Fryda Marty\",\"description\":\"Alexandra est facilitatrice de cercles de femmes et d\u2019ateliers sur le f\u00e9minin sacr\u00e9. Passionn\u00e9e de spiritualit\u00e9 multiculturelle et initi\u00e9e aux voies myst\u00e9rieuses du f\u00e9minin par deux pr\u00eatresses am\u00e9ricaines, Alexandra transmet ces enseignements \u00e0 travers sa formation en ligne : L\u2019Ecole des 13 Lunes. \\\" Rendre aux femmes leur savoir, leur sagesse, leurs connaissances inn\u00e9es sur ce qui les relie \u00e0 leur nature cyclique et changeante.\u201d C\u00e9r\u00e9monies pour c\u00e9l\u00e9brer les saisons, rituels pour honorer la lune, m\u00e9ditations sonores au bols de cristal ou cercles de paroles, entrez dans l'univers mystique et sacr\u00e9 des sagesses ancestrales f\u00e9minines et de la sororit\u00e9. Retrouvez le Beauty Interview d'Alexandra juste ici et suivez Alexandra sur Instagram @moonsistersparis pour d\u00e9couvrir tout son univers.\",\"sameAs\":[\"https:\\\/\\\/www.moonsistersparis.com\\\/\",\"https:\\\/\\\/www.instagram.com\\\/moonsistersparis\\\/\"],\"url\":\"https:\\\/\\\/beautytherapy.absolution-cosmetics.com\\\/fr\\\/author\\\/moonsisters-paris\\\/\"}]}<\/script>\n<!-- \/ Yoast SEO plugin. -->","yoast_head_json":{"title":"L'Arch\u00e9type f\u00e9minin du mois d\u2019Octobre : L\u2019\u00e9pouse Sacr\u00e9e, celle qui unit","description":"L\u2019\u00c9pouse tient l\u2019espace sacr\u00e9 de l\u2019\u00e9quilibre entre la moiti\u00e9 lumineuse (printemps-\u00e9t\u00e9) et la moiti\u00e9 sombre (automne-hiver) de l\u2019ann\u00e9e.","robots":{"index":"index","follow":"follow","max-snippet":"max-snippet:-1","max-image-preview":"max-image-preview:large","max-video-preview":"max-video-preview:-1"},"canonical":"https:\/\/beautytherapy.absolution-cosmetics.com\/fr\/bien-etre\/larchetype-feminin-du-mois-doctobre-lepouse-sacree-celle-qui-unit\/","og_locale":"fr_FR","og_type":"article","og_title":"L'Arch\u00e9type f\u00e9minin du mois d\u2019Octobre : L\u2019\u00e9pouse Sacr\u00e9e, celle qui unit","og_description":"L\u2019\u00c9pouse tient l\u2019espace sacr\u00e9 de l\u2019\u00e9quilibre entre la moiti\u00e9 lumineuse (printemps-\u00e9t\u00e9) et la moiti\u00e9 sombre (automne-hiver) de l\u2019ann\u00e9e.","og_url":"https:\/\/beautytherapy.absolution-cosmetics.com\/fr\/bien-etre\/larchetype-feminin-du-mois-doctobre-lepouse-sacree-celle-qui-unit\/","og_site_name":"Beauty Therapy","article_published_time":"2021-10-07T16:00:00+00:00","article_modified_time":"2024-12-09T07:36:31+00:00","og_image":[{"width":1999,"height":1333,"url":"https:\/\/beautytherapy.absolution-cosmetics.com\/wp-content\/uploads\/2021\/10\/image3.jpg","type":"image\/jpeg"}],"author":"Alexandra Fryda Marty","twitter_card":"summary_large_image","twitter_misc":{"\u00c9crit par":"Alexandra Fryda Marty","Dur\u00e9e de lecture estim\u00e9e":"3 minutes"},"schema":{"@context":"https:\/\/schema.org","@graph":[{"@type":"Article","@id":"https:\/\/beautytherapy.absolution-cosmetics.com\/fr\/bien-etre\/larchetype-feminin-du-mois-doctobre-lepouse-sacree-celle-qui-unit\/#article","isPartOf":{"@id":"https:\/\/beautytherapy.absolution-cosmetics.com\/fr\/bien-etre\/larchetype-feminin-du-mois-doctobre-lepouse-sacree-celle-qui-unit\/"},"author":{"name":"Alexandra Fryda Marty","@id":"https:\/\/beautytherapy.absolution-cosmetics.com\/fr\/#\/schema\/person\/e3c13e680b0fee5f22fec37ae80094d5"},"headline":"L&rsquo;Arch\u00e9type f\u00e9minin du mois d\u2019Octobre : L\u2019\u00e9pouse Sacr\u00e9e, celle qui unit","datePublished":"2021-10-07T16:00:00+00:00","dateModified":"2024-12-09T07:36:31+00:00","mainEntityOfPage":{"@id":"https:\/\/beautytherapy.absolution-cosmetics.com\/fr\/bien-etre\/larchetype-feminin-du-mois-doctobre-lepouse-sacree-celle-qui-unit\/"},"wordCount":597,"commentCount":0,"publisher":{"@id":"https:\/\/beautytherapy.absolution-cosmetics.com\/fr\/#organization"},"image":{"@id":"https:\/\/beautytherapy.absolution-cosmetics.com\/fr\/bien-etre\/larchetype-feminin-du-mois-doctobre-lepouse-sacree-celle-qui-unit\/#primaryimage"},"thumbnailUrl":"https:\/\/beautytherapy.absolution-cosmetics.com\/wp-content\/uploads\/2021\/10\/image3.jpg","articleSection":["Bien-\u00eatre","Spiritualit\u00e9"],"inLanguage":"fr-FR","potentialAction":[{"@type":"CommentAction","name":"Comment","target":["https:\/\/beautytherapy.absolution-cosmetics.com\/fr\/bien-etre\/larchetype-feminin-du-mois-doctobre-lepouse-sacree-celle-qui-unit\/#respond"]}]},{"@type":"WebPage","@id":"https:\/\/beautytherapy.absolution-cosmetics.com\/fr\/bien-etre\/larchetype-feminin-du-mois-doctobre-lepouse-sacree-celle-qui-unit\/","url":"https:\/\/beautytherapy.absolution-cosmetics.com\/fr\/bien-etre\/larchetype-feminin-du-mois-doctobre-lepouse-sacree-celle-qui-unit\/","name":"L'Arch\u00e9type f\u00e9minin du mois d\u2019Octobre : L\u2019\u00e9pouse Sacr\u00e9e, celle qui unit","isPartOf":{"@id":"https:\/\/beautytherapy.absolution-cosmetics.com\/fr\/#website"},"primaryImageOfPage":{"@id":"https:\/\/beautytherapy.absolution-cosmetics.com\/fr\/bien-etre\/larchetype-feminin-du-mois-doctobre-lepouse-sacree-celle-qui-unit\/#primaryimage"},"image":{"@id":"https:\/\/beautytherapy.absolution-cosmetics.com\/fr\/bien-etre\/larchetype-feminin-du-mois-doctobre-lepouse-sacree-celle-qui-unit\/#primaryimage"},"thumbnailUrl":"https:\/\/beautytherapy.absolution-cosmetics.com\/wp-content\/uploads\/2021\/10\/image3.jpg","datePublished":"2021-10-07T16:00:00+00:00","dateModified":"2024-12-09T07:36:31+00:00","description":"L\u2019\u00c9pouse tient l\u2019espace sacr\u00e9 de l\u2019\u00e9quilibre entre la moiti\u00e9 lumineuse (printemps-\u00e9t\u00e9) et la moiti\u00e9 sombre (automne-hiver) de l\u2019ann\u00e9e.","breadcrumb":{"@id":"https:\/\/beautytherapy.absolution-cosmetics.com\/fr\/bien-etre\/larchetype-feminin-du-mois-doctobre-lepouse-sacree-celle-qui-unit\/#breadcrumb"},"inLanguage":"fr-FR","potentialAction":[{"@type":"ReadAction","target":["https:\/\/beautytherapy.absolution-cosmetics.com\/fr\/bien-etre\/larchetype-feminin-du-mois-doctobre-lepouse-sacree-celle-qui-unit\/"]}]},{"@type":"ImageObject","inLanguage":"fr-FR","@id":"https:\/\/beautytherapy.absolution-cosmetics.com\/fr\/bien-etre\/larchetype-feminin-du-mois-doctobre-lepouse-sacree-celle-qui-unit\/#primaryimage","url":"https:\/\/beautytherapy.absolution-cosmetics.com\/wp-content\/uploads\/2021\/10\/image3.jpg","contentUrl":"https:\/\/beautytherapy.absolution-cosmetics.com\/wp-content\/uploads\/2021\/10\/image3.jpg","width":1999,"height":1333},{"@type":"BreadcrumbList","@id":"https:\/\/beautytherapy.absolution-cosmetics.com\/fr\/bien-etre\/larchetype-feminin-du-mois-doctobre-lepouse-sacree-celle-qui-unit\/#breadcrumb","itemListElement":[{"@type":"ListItem","position":1,"name":"Home","item":"https:\/\/beautytherapy.absolution-cosmetics.com\/fr\/"},{"@type":"ListItem","position":2,"name":"Bien-\u00eatre","item":"https:\/\/beautytherapy.absolution-cosmetics.com\/fr\/bien-etre\/"},{"@type":"ListItem","position":3,"name":"Spiritualit\u00e9","item":"https:\/\/beautytherapy.absolution-cosmetics.com\/fr\/bien-etre\/spiritualite-2\/"},{"@type":"ListItem","position":4,"name":"L&#8217;Arch\u00e9type f\u00e9minin du mois d\u2019Octobre : L\u2019\u00e9pouse Sacr\u00e9e, celle qui unit"}]},{"@type":"WebSite","@id":"https:\/\/beautytherapy.absolution-cosmetics.com\/fr\/#website","url":"https:\/\/beautytherapy.absolution-cosmetics.com\/fr\/","name":"Beauty Therapy","description":"","publisher":{"@id":"https:\/\/beautytherapy.absolution-cosmetics.com\/fr\/#organization"},"inLanguage":"fr-FR"},{"@type":"Organization","@id":"https:\/\/beautytherapy.absolution-cosmetics.com\/fr\/#organization","name":"Beauty Therapy","url":"https:\/\/beautytherapy.absolution-cosmetics.com\/fr\/","logo":{"@type":"ImageObject","inLanguage":"fr-FR","@id":"https:\/\/beautytherapy.absolution-cosmetics.com\/fr\/#\/schema\/logo\/image\/","url":"https:\/\/beautytherapy.absolution-cosmetics.com\/wp-content\/uploads\/2020\/02\/beauty-therapy-logo.png","contentUrl":"https:\/\/beautytherapy.absolution-cosmetics.com\/wp-content\/uploads\/2020\/02\/beauty-therapy-logo.png","width":424,"height":212,"caption":"Beauty Therapy"},"image":{"@id":"https:\/\/beautytherapy.absolution-cosmetics.com\/fr\/#\/schema\/logo\/image\/"}},{"@type":"Person","@id":"https:\/\/beautytherapy.absolution-cosmetics.com\/fr\/#\/schema\/person\/e3c13e680b0fee5f22fec37ae80094d5","name":"Alexandra Fryda Marty","description":"Alexandra est facilitatrice de cercles de femmes et d\u2019ateliers sur le f\u00e9minin sacr\u00e9. Passionn\u00e9e de spiritualit\u00e9 multiculturelle et initi\u00e9e aux voies myst\u00e9rieuses du f\u00e9minin par deux pr\u00eatresses am\u00e9ricaines, Alexandra transmet ces enseignements \u00e0 travers sa formation en ligne : L\u2019Ecole des 13 Lunes. \" Rendre aux femmes leur savoir, leur sagesse, leurs connaissances inn\u00e9es sur ce qui les relie \u00e0 leur nature cyclique et changeante.\u201d C\u00e9r\u00e9monies pour c\u00e9l\u00e9brer les saisons, rituels pour honorer la lune, m\u00e9ditations sonores au bols de cristal ou cercles de paroles, entrez dans l'univers mystique et sacr\u00e9 des sagesses ancestrales f\u00e9minines et de la sororit\u00e9. Retrouvez le Beauty Interview d'Alexandra juste ici et suivez Alexandra sur Instagram @moonsistersparis pour d\u00e9couvrir tout son univers.","sameAs":["https:\/\/www.moonsistersparis.com\/","https:\/\/www.instagram.com\/moonsistersparis\/"],"url":"https:\/\/beautytherapy.absolution-cosmetics.com\/fr\/author\/moonsisters-paris\/"}]}},"_links":{"self":[{"href":"https:\/\/beautytherapy.absolution-cosmetics.com\/fr\/wp-json\/wp\/v2\/posts\/7868","targetHints":{"allow":["GET"]}}],"collection":[{"href":"https:\/\/beautytherapy.absolution-cosmetics.com\/fr\/wp-json\/wp\/v2\/posts"}],"about":[{"href":"https:\/\/beautytherapy.absolution-cosmetics.com\/fr\/wp-json\/wp\/v2\/types\/post"}],"author":[{"embeddable":true,"href":"https:\/\/beautytherapy.absolution-cosmetics.com\/fr\/wp-json\/wp\/v2\/users\/9"}],"replies":[{"embeddable":true,"href":"https:\/\/beautytherapy.absolution-cosmetics.com\/fr\/wp-json\/wp\/v2\/comments?post=7868"}],"version-history":[{"count":6,"href":"https:\/\/beautytherapy.absolution-cosmetics.com\/fr\/wp-json\/wp\/v2\/posts\/7868\/revisions"}],"predecessor-version":[{"id":23968,"href":"https:\/\/beautytherapy.absolution-cosmetics.com\/fr\/wp-json\/wp\/v2\/posts\/7868\/revisions\/23968"}],"wp:featuredmedia":[{"embeddable":true,"href":"https:\/\/beautytherapy.absolution-cosmetics.com\/fr\/wp-json\/wp\/v2\/media\/7876"}],"wp:attachment":[{"href":"https:\/\/beautytherapy.absolution-cosmetics.com\/fr\/wp-json\/wp\/v2\/media?parent=7868"}],"wp:term":[{"taxonomy":"category","embeddable":true,"href":"https:\/\/beautytherapy.absolution-cosmetics.com\/fr\/wp-json\/wp\/v2\/categories?post=7868"},{"taxonomy":"post_tag","embeddable":true,"href":"https:\/\/beautytherapy.absolution-cosmetics.com\/fr\/wp-json\/wp\/v2\/tags?post=7868"}],"curies":[{"name":"wp","href":"https:\/\/api.w.org\/{rel}","templated":true}]}}