{"id":9599,"date":"2023-05-17T17:58:06","date_gmt":"2023-05-17T15:58:06","guid":{"rendered":"https:\/\/beautytherapy.absolution-cosmetics.com\/?p=9599"},"modified":"2024-12-09T08:33:29","modified_gmt":"2024-12-09T07:33:29","slug":"meditation-temps","status":"publish","type":"post","link":"https:\/\/beautytherapy.absolution-cosmetics.com\/fr\/bien-etre\/meditation-temps\/","title":{"rendered":"Combien de temps faut-il m\u00e9diter pour observer des effets positifs\u2009?\u00a0"},"content":{"rendered":"<section class=\"block-grid-wrapper block-grid-for-core-paragraph\">\n      <div class=\"default-editor-content grid-for-core-paragraph container-fluid container-px-1\">\n        <div class=\"row row-cols-1 align-center\">\n          <div class=\"cell\">\n            \n<p><\/p>\n          <\/div>\n        <\/div>\n      <\/div>\n\n      <\/section>\n\n<section class=\"block-grid-wrapper block-grid-for-core-paragraph\">\n      <div class=\"default-editor-content grid-for-core-paragraph container-fluid container-px-1\">\n        <div class=\"row row-cols-1 align-center\">\n          <div class=\"cell\">\n            \n<p>Lorsque l\u2019on d\u00e9bute dans la <strong>m\u00e9ditation,<\/strong> les premi\u00e8res sessions sont souvent difficiles. Entre l\u2019agitation mentale, les sensations physiques d\u00e9sagr\u00e9ables et les pens\u00e9es invasives, <strong>l\u00e2cher prise <\/strong>s\u2019av\u00e8re finalement compliqu\u00e9. <strong>Combien de temps faut-il m\u00e9diter<\/strong> pour obtenir des r\u00e9sultats positifs\u2009? La rigueur et l\u2019assiduit\u00e9 sont les \u00e9l\u00e9ments cl\u00e9s pour r\u00e9colter les premiers b\u00e9n\u00e9fices de cette pratique. Alors, <strong>au bout de combien de temps la m\u00e9ditation fait-elle effet\u2009? <\/strong>Beauty Therapy vous<strong> <\/strong>\u00e9claire sur le sujet.\u00a0<\/p>\n          <\/div>\n        <\/div>\n      <\/div>\n\n      <\/section>\n\n<section class=\"block-grid-wrapper block-grid-for-core-paragraph\">\n      <div class=\"default-editor-content grid-for-core-paragraph container-fluid container-px-1\">\n        <div class=\"row row-cols-1 align-center\">\n          <div class=\"cell\">\n            \n<p><\/p>\n          <\/div>\n        <\/div>\n      <\/div>\n\n      <\/section>\n\n<section class=\"block-grid-wrapper block-grid-for-core-heading\">\n      <div class=\"default-editor-content grid-for-core-heading container-fluid container-px-1\">\n        <div class=\"row row-cols-1 align-center\">\n          <div class=\"cell\">\n            \n<h2 class=\"wp-block-heading\">Combien de temps m\u00e9diter\u2009? Nos recommandations\u00a0\u00a0<\/h2>\n          <\/div>\n        <\/div>\n      <\/div>\n\n      <\/section>\n\n<section class=\"block-grid-wrapper block-grid-for-core-paragraph\">\n      <div class=\"default-editor-content grid-for-core-paragraph container-fluid container-px-1\">\n        <div class=\"row row-cols-1 align-center\">\n          <div class=\"cell\">\n            \n<p><\/p>\n          <\/div>\n        <\/div>\n      <\/div>\n\n      <\/section>\n\n<section class=\"block-grid-wrapper block-grid-for-core-paragraph\">\n      <div class=\"default-editor-content grid-for-core-paragraph container-fluid container-px-1\">\n        <div class=\"row row-cols-1 align-center\">\n          <div class=\"cell\">\n            \n<p><strong><em>Quelle est la dur\u00e9e optimale pour pratiquer la m\u00e9ditation\u2009?\u00a0<\/em><\/strong><\/p>\n          <\/div>\n        <\/div>\n      <\/div>\n\n      <\/section>\n\n<section class=\"block-grid-wrapper block-grid-for-core-image\">\n      <div class=\"default-editor-content grid-for-core-image container-fluid container-px-1\">\n        <div class=\"row row-cols-1 align-center\">\n          <div class=\"cell\">\n            \n<figure class=\"wp-block-image size-large\"><img decoding=\"async\" src=\"https:\/\/beautytherapy.absolution-cosmetics.com\/wp-content\/uploads\/2023\/05\/02_MEDITATION_COMBIEN_DE_TEMPS-1024x683.jpg\" alt=\"\" class=\"wp-image-9600\"\/><\/figure>\n          <\/div>\n        <\/div>\n      <\/div>\n\n      <\/section>\n\n<section class=\"block-grid-wrapper block-grid-for-core-paragraph\">\n      <div class=\"default-editor-content grid-for-core-paragraph container-fluid container-px-1\">\n        <div class=\"row row-cols-1 align-center\">\n          <div class=\"cell\">\n            \n<p>Des <a href=\"https:\/\/www.frontiersin.org\/journals\/human-neuroscience\/articles\/10.3389\/fnhum.2018.00315\/full?utm_source=Email_to_authors_&amp;utm_medium=Email&amp;utm_content=T1_11.5e1_author&amp;utm_campaign=Email_publication&amp;field&amp;journalName=Frontiers_in_Human_Neuroscience&amp;id=277779\" target=\"_blank\" rel=\"noreferrer noopener\">\u00e9tudes scientifiques<\/a> ont d\u00e9montr\u00e9 que les effets de la m\u00e9ditation apparaissent d\u00e8s les premi\u00e8res minutes de la pratique. L\u2019intention que vous mettez dans cette d\u00e9marche peut d\u00e9j\u00e0 \u00eatre b\u00e9n\u00e9fique sur votre \u00e9tat mental. Alors, combien de temps faut-il m\u00e9diter\u2009? Eh bien, il n\u2019y a pas de r\u00e9ponse juste \u00e0 cette question. Votre situation personnelle et votre motivation d\u00e9terminent la dur\u00e9e qui vous convient. Si vous vous forcez, vous n\u2019en tirerez aucun b\u00e9n\u00e9fice et vous serez vite d\u00e9courag\u00e9.&nbsp;&nbsp;<\/p>\n          <\/div>\n        <\/div>\n      <\/div>\n\n      <\/section>\n\n<section class=\"block-grid-wrapper block-grid-for-core-paragraph\">\n      <div class=\"default-editor-content grid-for-core-paragraph container-fluid container-px-1\">\n        <div class=\"row row-cols-1 align-center\">\n          <div class=\"cell\">\n            \n<p>L\u2019id\u00e9al est de commencer par des sessions de 5 \u00e0 10\u202fminutes par jour. D\u00e8s la premi\u00e8re semaine, vous ressentirez des effets positifs sur votre corps. Au fil du temps, les s\u00e9ances de m\u00e9ditation deviendront m\u00eame tr\u00e8s agr\u00e9ables. Les pens\u00e9es seront moins invasives et votre niveau de stress et d\u2019anxi\u00e9t\u00e9 aura diminu\u00e9. Vous allez vite vous apercevoir que vos tensions mentales se dissolvent et vous vous sentirez plus calme et plein d\u2019\u00e9nergie. Il est pr\u00e9f\u00e9rable de mettre en place cette activit\u00e9 d\u00e8s le matin afin de mieux appr\u00e9hender la journ\u00e9e.\u00a0\u00a0<\/p>\n          <\/div>\n        <\/div>\n      <\/div>\n\n      <\/section>\n\n<section class=\"block-grid-wrapper block-grid-for-core-paragraph\">\n      <div class=\"default-editor-content grid-for-core-paragraph container-fluid container-px-1\">\n        <div class=\"row row-cols-1 align-center\">\n          <div class=\"cell\">\n            \n<p><\/p>\n          <\/div>\n        <\/div>\n      <\/div>\n\n      <\/section>\n\n<section class=\"block-grid-wrapper block-grid-for-core-paragraph\">\n      <div class=\"default-editor-content grid-for-core-paragraph container-fluid container-px-1\">\n        <div class=\"row row-cols-1 align-center\">\n          <div class=\"cell\">\n            \n<p><strong><em>\u00c0 quelle fr\u00e9quence faut-il m\u00e9diter\u2009?\u00a0<\/em><\/strong><\/p>\n          <\/div>\n        <\/div>\n      <\/div>\n\n      <\/section>\n\n<section class=\"block-grid-wrapper block-grid-for-core-paragraph\">\n      <div class=\"default-editor-content grid-for-core-paragraph container-fluid container-px-1\">\n        <div class=\"row row-cols-1 align-center\">\n          <div class=\"cell\">\n            \n<p>Les effets de la m\u00e9ditation d\u00e9pendent de la fr\u00e9quence \u00e0 laquelle vous la pratiquez. M\u00e9diter une fois de temps en temps ne montre aucun r\u00e9sultat sur le long terme. Pour am\u00e9liorer la qualit\u00e9 de votre vie, nous pr\u00e9conisons d\u2019int\u00e9grer cette habitude au quotidien. Ne soyez pas trop exigeant : pour rester motiv\u00e9, faites de courtes sessions. Une fois que vous \u00eates \u00e0 l\u2019aise, allongez vos s\u00e9ances de m\u00e9ditation. Il est important de faire preuve d\u2019assiduit\u00e9 et de prendre du plaisir afin d\u2019en tirer le meilleur parti. Les m\u00e9ditants exp\u00e9riment\u00e9s d\u00e9veloppent des capacit\u00e9s remarquables au bout de dizaine et de milliers d\u2019heures de pratique. Le temps et la r\u00e9gularit\u00e9 sont vos alli\u00e9s pour profiter pleinement des bienfaits de la m\u00e9ditation.\u00a0<\/p>\n          <\/div>\n        <\/div>\n      <\/div>\n\n      <\/section>\n\n<section class=\"block-grid-wrapper block-grid-for-core-paragraph\">\n      <div class=\"default-editor-content grid-for-core-paragraph container-fluid container-px-1\">\n        <div class=\"row row-cols-1 align-center\">\n          <div class=\"cell\">\n            \n<p><\/p>\n          <\/div>\n        <\/div>\n      <\/div>\n\n      <\/section>\n\n<section class=\"block-grid-wrapper block-grid-for-core-heading\">\n      <div class=\"default-editor-content grid-for-core-heading container-fluid container-px-1\">\n        <div class=\"row row-cols-1 align-center\">\n          <div class=\"cell\">\n            \n<h2 class=\"wp-block-heading\">Les bienfaits de la m\u00e9ditation&nbsp;<\/h2>\n          <\/div>\n        <\/div>\n      <\/div>\n\n      <\/section>\n\n<section class=\"block-grid-wrapper block-grid-for-core-paragraph\">\n      <div class=\"default-editor-content grid-for-core-paragraph container-fluid container-px-1\">\n        <div class=\"row row-cols-1 align-center\">\n          <div class=\"cell\">\n            \n<p><strong><em>Pourquoi m\u00e9diter tous les jours\u2009?\u00a0<\/em><\/strong><\/p>\n          <\/div>\n        <\/div>\n      <\/div>\n\n      <\/section>\n\n<section class=\"block-grid-wrapper block-grid-for-core-paragraph\">\n      <div class=\"default-editor-content grid-for-core-paragraph container-fluid container-px-1\">\n        <div class=\"row row-cols-1 align-center\">\n          <div class=\"cell\">\n            \n<p>La m\u00e9ditation est une m\u00e9thode de relaxation tr\u00e8s facile d\u2019acc\u00e8s dont on peut tirer des b\u00e9n\u00e9fices rapidement. Elle permet de se connecter \u00e0 son monde int\u00e9rieur et d\u2019\u00eatre plus \u00e0 l\u2019\u00e9coute de soi. Une pratique quotidienne permet au cerveau de se muscler et de lib\u00e9rer des hormones de bien-\u00eatre telles que l\u2019ocytocine et l\u2019endorphine. Elle diminue \u00e9galement la production de cortisol, principale hormone du stress.&nbsp;&nbsp;<\/p>\n          <\/div>\n        <\/div>\n      <\/div>\n\n      <\/section>\n\n<section class=\"block-grid-wrapper block-grid-for-core-paragraph\">\n      <div class=\"default-editor-content grid-for-core-paragraph container-fluid container-px-1\">\n        <div class=\"row row-cols-1 align-center\">\n          <div class=\"cell\">\n            \n<p>D\u2019ailleurs, une <a href=\"https:\/\/www.cortex-mag.net\/comment-la-meditation-agit-sur-le-cerveau\/\" target=\"_blank\" rel=\"noreferrer noopener\">\u00e9tude men\u00e9e<\/a> par le chercheur Antoine Lutz a permis d\u2019analyser que la pratique de la m\u00e9ditation modifie le fonctionnement et la structure de notre cerveau. On appelle cela la neuroplasticit\u00e9. C\u2019est la facult\u00e9 \u00e0 muscler notre cerveau afin d\u2019\u00eatre plus attentif comme on le ferait pour transformer notre corps.&nbsp;&nbsp;<\/p>\n          <\/div>\n        <\/div>\n      <\/div>\n\n      <\/section>\n\n<section class=\"block-grid-wrapper block-grid-for-core-paragraph\">\n      <div class=\"default-editor-content grid-for-core-paragraph container-fluid container-px-1\">\n        <div class=\"row row-cols-1 align-center\">\n          <div class=\"cell\">\n            \n<p>Prendre le temps de m\u00e9diter r\u00e9guli\u00e8rement peut aider \u00e0 d\u00e9velopper certaines comp\u00e9tences et \u00e0 pr\u00e9venir des maladies. La m\u00e9ditation peut apporter de nombreux bienfaits dans plusieurs sph\u00e8res de notre vie, notamment pour\u202f:&nbsp;&nbsp;<\/p>\n          <\/div>\n        <\/div>\n      <\/div>\n\n      <\/section>\n\n<section class=\"block-grid-wrapper block-grid-for-core-list\">\n      <div class=\"default-editor-content grid-for-core-list container-fluid container-px-1\">\n        <div class=\"row row-cols-1 align-center\">\n          <div class=\"cell\">\n            \n<ul class=\"wp-block-list\"><li>r\u00e9duire les \u00e9motions n\u00e9gatives\u2009;\u00a0\u00a0<\/li><li>booster la cr\u00e9ativit\u00e9 et l\u2019imagination\u2009;\u00a0<\/li><\/ul>\n          <\/div>\n        <\/div>\n      <\/div>\n\n      <\/section>\n\n<section class=\"block-grid-wrapper block-grid-for-core-list\">\n      <div class=\"default-editor-content grid-for-core-list container-fluid container-px-1\">\n        <div class=\"row row-cols-1 align-center\">\n          <div class=\"cell\">\n            \n<ul class=\"wp-block-list\"><li>renforcer l\u2019attention et la concentration\u2009;&nbsp;<\/li><li>am\u00e9liorer l\u2019humeur et le bien-\u00eatre mental\u2009;&nbsp;<\/li><li>aider \u00e0 l\u00e2cher prise et \u00e0 prendre du recul\u2009;&nbsp;<\/li><li>favoriser la qualit\u00e9 du sommeil\u2009;&nbsp;<\/li><li>augmenter la patience et la tol\u00e9rance\u2009;&nbsp;<\/li><\/ul>\n          <\/div>\n        <\/div>\n      <\/div>\n\n      <\/section>\n\n<section class=\"block-grid-wrapper block-grid-for-core-list\">\n      <div class=\"default-editor-content grid-for-core-list container-fluid container-px-1\">\n        <div class=\"row row-cols-1 align-center\">\n          <div class=\"cell\">\n            \n<ul class=\"wp-block-list\"><li>r\u00e9duire la perception de la douleur ;\u00a0<\/li><li>pr\u00e9venir la d\u00e9pression ;\u00a0<\/li><li>am\u00e9liorer ses rapports avec les autres.\u00a0<\/li><\/ul>\n          <\/div>\n        <\/div>\n      <\/div>\n\n      <\/section>\n\n<section class=\"block-grid-wrapper block-grid-for-core-paragraph\">\n      <div class=\"default-editor-content grid-for-core-paragraph container-fluid container-px-1\">\n        <div class=\"row row-cols-1 align-center\">\n          <div class=\"cell\">\n            \n<p><\/p>\n          <\/div>\n        <\/div>\n      <\/div>\n\n      <\/section>\n\n<section class=\"block-grid-wrapper block-grid-for-core-paragraph\">\n      <div class=\"default-editor-content grid-for-core-paragraph container-fluid container-px-1\">\n        <div class=\"row row-cols-1 align-center\">\n          <div class=\"cell\">\n            \n<p><strong><em>Comment savoir si on fait une bonne m\u00e9ditation\u2009?\u00a0<\/em><\/strong><\/p>\n          <\/div>\n        <\/div>\n      <\/div>\n\n      <\/section>\n\n<section class=\"block-grid-wrapper block-grid-for-core-paragraph\">\n      <div class=\"default-editor-content grid-for-core-paragraph container-fluid container-px-1\">\n        <div class=\"row row-cols-1 align-center\">\n          <div class=\"cell\">\n            \n<p>Chaque jour, nos pens\u00e9es sont occup\u00e9es par des ruminations mentales. Lorsque notre esprit se projette dans les pires sc\u00e9narios, cela g\u00e9n\u00e8re des \u00e9motions n\u00e9gatives. La m\u00e9ditation permet de se recentrer sur le moment pr\u00e9sent, d\u2019observer nos pens\u00e9es et de les laisser repartir sans les juger. Il est impossible de s\u2019arr\u00eater de penser. La m\u00e9ditation de pleine conscience nous aide \u00e0 nous concentrer sur notre souffle et sur nos sensations. Le but de cet exercice est de prendre du recul sur nos pens\u00e9es et de retrouver la paix int\u00e9rieure. Lorsque votre cerveau divague et que vous vous en rendez compte, revenez \u00e0 votre respiration. C\u2019est ce travail de reconnexion \u00e0 soi qui permet de confirmer que vous faites une bonne m\u00e9ditation. Au bout de quelques semaines, l\u2019exercice devient plus simple, mais certains jours peuvent \u00eatre compliqu\u00e9s m\u00eame apr\u00e8s des ann\u00e9es de pratique.\u00a0<\/p>\n          <\/div>\n        <\/div>\n      <\/div>\n\n      <\/section>\n\n<section class=\"block-grid-wrapper block-grid-for-core-paragraph\">\n      <div class=\"default-editor-content grid-for-core-paragraph container-fluid container-px-1\">\n        <div class=\"row row-cols-1 align-center\">\n          <div class=\"cell\">\n            \n<p><\/p>\n          <\/div>\n        <\/div>\n      <\/div>\n\n      <\/section>\n\n<section class=\"block-grid-wrapper block-grid-for-core-heading\">\n      <div class=\"default-editor-content grid-for-core-heading container-fluid container-px-1\">\n        <div class=\"row row-cols-1 align-center\">\n          <div class=\"cell\">\n            \n<h2 class=\"wp-block-heading\">La m\u00e9ditation pour se recentrer&nbsp;<\/h2>\n          <\/div>\n        <\/div>\n      <\/div>\n\n      <\/section>\n\n<section class=\"block-grid-wrapper block-grid-for-core-image\">\n      <div class=\"default-editor-content grid-for-core-image container-fluid container-px-1\">\n        <div class=\"row row-cols-1 align-center\">\n          <div class=\"cell\">\n            \n<figure class=\"wp-block-image size-large\"><img decoding=\"async\" src=\"https:\/\/beautytherapy.absolution-cosmetics.com\/wp-content\/uploads\/2023\/05\/03_MEDITATION_COMBIEN_DE_TEMPS-1024x683.jpg\" alt=\"\" class=\"wp-image-9602\"\/><\/figure>\n          <\/div>\n        <\/div>\n      <\/div>\n\n      <\/section>\n\n<section class=\"block-grid-wrapper block-grid-for-core-paragraph\">\n      <div class=\"default-editor-content grid-for-core-paragraph container-fluid container-px-1\">\n        <div class=\"row row-cols-1 align-center\">\n          <div class=\"cell\">\n            \n<p><strong><em>\u00catre \u00e0 l\u2019\u00e9coute de soi\u00a0\u00a0<\/em><\/strong><\/p>\n          <\/div>\n        <\/div>\n      <\/div>\n\n      <\/section>\n\n<section class=\"block-grid-wrapper block-grid-for-core-paragraph\">\n      <div class=\"default-editor-content grid-for-core-paragraph container-fluid container-px-1\">\n        <div class=\"row row-cols-1 align-center\">\n          <div class=\"cell\">\n            \n<p>La m\u00e9ditation nous invite \u00e0 \u00eatre plus \u00e0 l\u2019\u00e9coute de nos sensations physiques et mentales. Souvent, on se pr\u00e9occupe de notre \u00e9tat de sant\u00e9 lorsque notre corps exprime un mal-\u00eatre par les maux. M\u00e9diter d\u00e9veloppe la conscience de soi et aide \u00e0 comprendre ce que l\u2019on ressent au fond de nous. La m\u00e9ditation nous apprend l\u2019int\u00e9roception, c\u2019est-\u00e0-dire la capacit\u00e9 \u00e0 percevoir les signaux de notre corps.&nbsp;&nbsp;<\/p>\n          <\/div>\n        <\/div>\n      <\/div>\n\n      <\/section>\n\n<section class=\"block-grid-wrapper block-grid-for-core-paragraph\">\n      <div class=\"default-editor-content grid-for-core-paragraph container-fluid container-px-1\">\n        <div class=\"row row-cols-1 align-center\">\n          <div class=\"cell\">\n            \n<p>La <a href=\"https:\/\/beautytherapy.absolution-cosmetics.com\/fr\/bien-etre\/meditation-apaiser-colere\/\" target=\"_blank\" rel=\"noreferrer noopener\">m\u00e9ditation pour l\u00e2cher prise<\/a> consiste \u00e0 \u00eatre pr\u00e9sent et conscient de ce qui se passe en soi et autour de soi. Elle permet de profiter pleinement de chaque exp\u00e9rience et plaisir au quotidien. \u00c0 force de pratique, vous pourrez ressentir les effets sur votre \u00e9tat avant, pendant et apr\u00e8s une s\u00e9ance de m\u00e9ditation. La r\u00e9gularit\u00e9 et le plaisir ont donc leur importance pour obtenir des r\u00e9sultats positifs.\u00a0\u00a0\u00a0<\/p>\n          <\/div>\n        <\/div>\n      <\/div>\n\n      <\/section>\n\n<section class=\"block-grid-wrapper block-grid-for-core-paragraph\">\n      <div class=\"default-editor-content grid-for-core-paragraph container-fluid container-px-1\">\n        <div class=\"row row-cols-1 align-center\">\n          <div class=\"cell\">\n            \n<p><\/p>\n          <\/div>\n        <\/div>\n      <\/div>\n\n      <\/section>\n\n<section class=\"block-grid-wrapper block-grid-for-core-paragraph\">\n      <div class=\"default-editor-content grid-for-core-paragraph container-fluid container-px-1\">\n        <div class=\"row row-cols-1 align-center\">\n          <div class=\"cell\">\n            \n<p><strong><em>Faire de la m\u00e9ditation une habitude\u00a0<\/em><\/strong><\/p>\n          <\/div>\n        <\/div>\n      <\/div>\n\n      <\/section>\n\n<section class=\"block-grid-wrapper block-grid-for-core-paragraph\">\n      <div class=\"default-editor-content grid-for-core-paragraph container-fluid container-px-1\">\n        <div class=\"row row-cols-1 align-center\">\n          <div class=\"cell\">\n            \n<p>Pour tirer parti de tous les avantages de la m\u00e9ditation, le mieux est d\u2019en faire une habitude. Choisissez le meilleur moment de votre journ\u00e9e pour int\u00e9grer cette pratique dans votre quotidien. Cela peut \u00eatre d\u00e8s le r\u00e9veil pour d\u00e9marrer la journ\u00e9e avec s\u00e9r\u00e9nit\u00e9, \u00e0 la pause d\u00e9jeuner ou le soir pour vous endormir. Si vous d\u00e9butez dans cette discipline, nous pr\u00e9conisons de commencer par de petites sessions. L\u2019important, c\u2019est d\u2019appr\u00e9cier l\u2019instant pr\u00e9sent et de vous faire du bien. Pour rappel, nous ne sommes pas des professionnels de la sant\u00e9. Les conseils que nous d\u00e9livrons sont le fruit de nos recherches et sont uniquement \u00e0 titre informatif.&nbsp;&nbsp;<\/p>\n          <\/div>\n        <\/div>\n      <\/div>\n\n      <\/section>\n\n<section class=\"block-grid-wrapper block-grid-for-core-paragraph\">\n      <div class=\"default-editor-content grid-for-core-paragraph container-fluid container-px-1\">\n        <div class=\"row row-cols-1 align-center\">\n          <div class=\"cell\">\n            \n<p>La meilleure mani\u00e8re de savoir combien de temps faut-il m\u00e9diter est d\u2019exp\u00e9rimenter. Il n\u2019y a pas de r\u00e8gle absolue, chacun est libre de faire comme il en a envie. La m\u00e9ditation d\u00e9veloppe nos capacit\u00e9s d\u2019\u00e9coute et notre perception \u00e0 la pens\u00e9e positive. Quelques minutes de m\u00e9ditation quotidienne suffisent pour b\u00e9n\u00e9ficier de tous les bienfaits de cette discipline.&nbsp;<\/p>\n          <\/div>\n        <\/div>\n      <\/div>\n\n      <\/section>","protected":false},"excerpt":{"rendered":"<p>Lorsque l\u2019on d\u00e9bute dans la m\u00e9ditation, les premi\u00e8res sessions sont souvent difficiles. Entre l\u2019agitation mentale, les sensations physiques d\u00e9sagr\u00e9ables et les pens\u00e9es invasives, l\u00e2cher prise s\u2019av\u00e8re finalement compliqu\u00e9. Combien de temps faut-il m\u00e9diter pour obtenir des r\u00e9sultats positifs\u2009? La rigueur et l\u2019assiduit\u00e9 sont les \u00e9l\u00e9ments cl\u00e9s pour r\u00e9colter les premiers b\u00e9n\u00e9fices de cette pratique. Alors, [&hellip;]<\/p>\n","protected":false},"author":24,"featured_media":9604,"comment_status":"open","ping_status":"open","sticky":false,"template":"","format":"standard","meta":{"_acf_changed":false,"footnotes":""},"categories":[995,996,998],"tags":[],"class_list":["post-9599","post","type-post","status-publish","format-standard","has-post-thumbnail","hentry","category-bien-etre","category-spiritualite-2","category-yoga"],"acf":[],"yoast_head":"<!-- This site is optimized with the Yoast SEO plugin v27.5 - https:\/\/yoast.com\/product\/yoast-seo-wordpress\/ -->\n<title>Combien de temps faut-il m\u00e9diter pour observer des effets positifs\u2009?\u00a0 - Beauty Therapy<\/title>\n<meta name=\"description\" content=\"La rigueur et l\u2019assiduit\u00e9 sont les \u00e9l\u00e9ments cl\u00e9s pour r\u00e9colter les premiers b\u00e9n\u00e9fices de la m\u00e9ditation. Alors, au bout de combien de temps la m\u00e9ditation fait-elle effet\u2009?\" \/>\n<meta name=\"robots\" content=\"index, follow, max-snippet:-1, max-image-preview:large, max-video-preview:-1\" \/>\n<link rel=\"canonical\" href=\"https:\/\/beautytherapy.absolution-cosmetics.com\/fr\/bien-etre\/meditation-temps\/\" \/>\n<meta property=\"og:locale\" content=\"fr_FR\" \/>\n<meta property=\"og:type\" content=\"article\" \/>\n<meta property=\"og:title\" content=\"Combien de temps faut-il m\u00e9diter pour observer des effets positifs\u2009?\u00a0 - Beauty Therapy\" \/>\n<meta property=\"og:description\" content=\"La rigueur et l\u2019assiduit\u00e9 sont les \u00e9l\u00e9ments cl\u00e9s pour r\u00e9colter les premiers b\u00e9n\u00e9fices de la m\u00e9ditation. Alors, au bout de combien de temps la m\u00e9ditation fait-elle effet\u2009?\" \/>\n<meta property=\"og:url\" content=\"https:\/\/beautytherapy.absolution-cosmetics.com\/fr\/bien-etre\/meditation-temps\/\" \/>\n<meta property=\"og:site_name\" content=\"Beauty Therapy\" \/>\n<meta property=\"article:author\" content=\"https:\/\/www.facebook.com\/absolutioncosmetics\" \/>\n<meta property=\"article:published_time\" content=\"2023-05-17T15:58:06+00:00\" \/>\n<meta property=\"article:modified_time\" content=\"2024-12-09T07:33:29+00:00\" \/>\n<meta property=\"og:image\" content=\"https:\/\/beautytherapy.absolution-cosmetics.com\/wp-content\/uploads\/2023\/05\/01_MEDITATION_COMBIEN_DE_TEMPS_COUV.jpg\" \/>\n\t<meta property=\"og:image:width\" content=\"1500\" \/>\n\t<meta property=\"og:image:height\" content=\"1000\" \/>\n\t<meta property=\"og:image:type\" content=\"image\/jpeg\" \/>\n<meta name=\"author\" content=\"Edito Beauty Therapy\" \/>\n<meta name=\"twitter:card\" content=\"summary_large_image\" \/>\n<meta name=\"twitter:label1\" content=\"\u00c9crit par\" \/>\n\t<meta name=\"twitter:data1\" content=\"Edito Beauty Therapy\" \/>\n\t<meta name=\"twitter:label2\" content=\"Dur\u00e9e de lecture estim\u00e9e\" \/>\n\t<meta name=\"twitter:data2\" content=\"6 minutes\" \/>\n<script type=\"application\/ld+json\" class=\"yoast-schema-graph\">{\"@context\":\"https:\\\/\\\/schema.org\",\"@graph\":[{\"@type\":\"Article\",\"@id\":\"https:\\\/\\\/beautytherapy.absolution-cosmetics.com\\\/fr\\\/bien-etre\\\/meditation-temps\\\/#article\",\"isPartOf\":{\"@id\":\"https:\\\/\\\/beautytherapy.absolution-cosmetics.com\\\/fr\\\/bien-etre\\\/meditation-temps\\\/\"},\"author\":{\"name\":\"Edito Beauty Therapy\",\"@id\":\"https:\\\/\\\/beautytherapy.absolution-cosmetics.com\\\/fr\\\/#\\\/schema\\\/person\\\/39fa4ed518c548c2f2b7d6a399786b66\"},\"headline\":\"Combien de temps faut-il m\u00e9diter pour observer des effets positifs\u2009?\u00a0\",\"datePublished\":\"2023-05-17T15:58:06+00:00\",\"dateModified\":\"2024-12-09T07:33:29+00:00\",\"mainEntityOfPage\":{\"@id\":\"https:\\\/\\\/beautytherapy.absolution-cosmetics.com\\\/fr\\\/bien-etre\\\/meditation-temps\\\/\"},\"wordCount\":1266,\"commentCount\":0,\"publisher\":{\"@id\":\"https:\\\/\\\/beautytherapy.absolution-cosmetics.com\\\/fr\\\/#organization\"},\"image\":{\"@id\":\"https:\\\/\\\/beautytherapy.absolution-cosmetics.com\\\/fr\\\/bien-etre\\\/meditation-temps\\\/#primaryimage\"},\"thumbnailUrl\":\"https:\\\/\\\/beautytherapy.absolution-cosmetics.com\\\/wp-content\\\/uploads\\\/2023\\\/05\\\/01_MEDITATION_COMBIEN_DE_TEMPS_COUV.jpg\",\"articleSection\":[\"Bien-\u00eatre\",\"Spiritualit\u00e9\",\"Yoga\"],\"inLanguage\":\"fr-FR\",\"potentialAction\":[{\"@type\":\"CommentAction\",\"name\":\"Comment\",\"target\":[\"https:\\\/\\\/beautytherapy.absolution-cosmetics.com\\\/fr\\\/bien-etre\\\/meditation-temps\\\/#respond\"]}]},{\"@type\":\"WebPage\",\"@id\":\"https:\\\/\\\/beautytherapy.absolution-cosmetics.com\\\/fr\\\/bien-etre\\\/meditation-temps\\\/\",\"url\":\"https:\\\/\\\/beautytherapy.absolution-cosmetics.com\\\/fr\\\/bien-etre\\\/meditation-temps\\\/\",\"name\":\"Combien de temps faut-il m\u00e9diter pour observer des effets positifs\u2009?\u00a0 - Beauty Therapy\",\"isPartOf\":{\"@id\":\"https:\\\/\\\/beautytherapy.absolution-cosmetics.com\\\/fr\\\/#website\"},\"primaryImageOfPage\":{\"@id\":\"https:\\\/\\\/beautytherapy.absolution-cosmetics.com\\\/fr\\\/bien-etre\\\/meditation-temps\\\/#primaryimage\"},\"image\":{\"@id\":\"https:\\\/\\\/beautytherapy.absolution-cosmetics.com\\\/fr\\\/bien-etre\\\/meditation-temps\\\/#primaryimage\"},\"thumbnailUrl\":\"https:\\\/\\\/beautytherapy.absolution-cosmetics.com\\\/wp-content\\\/uploads\\\/2023\\\/05\\\/01_MEDITATION_COMBIEN_DE_TEMPS_COUV.jpg\",\"datePublished\":\"2023-05-17T15:58:06+00:00\",\"dateModified\":\"2024-12-09T07:33:29+00:00\",\"description\":\"La rigueur et l\u2019assiduit\u00e9 sont les \u00e9l\u00e9ments cl\u00e9s pour r\u00e9colter les premiers b\u00e9n\u00e9fices de la m\u00e9ditation. Alors, au bout de combien de temps la m\u00e9ditation fait-elle effet\u2009?\",\"breadcrumb\":{\"@id\":\"https:\\\/\\\/beautytherapy.absolution-cosmetics.com\\\/fr\\\/bien-etre\\\/meditation-temps\\\/#breadcrumb\"},\"inLanguage\":\"fr-FR\",\"potentialAction\":[{\"@type\":\"ReadAction\",\"target\":[\"https:\\\/\\\/beautytherapy.absolution-cosmetics.com\\\/fr\\\/bien-etre\\\/meditation-temps\\\/\"]}]},{\"@type\":\"ImageObject\",\"inLanguage\":\"fr-FR\",\"@id\":\"https:\\\/\\\/beautytherapy.absolution-cosmetics.com\\\/fr\\\/bien-etre\\\/meditation-temps\\\/#primaryimage\",\"url\":\"https:\\\/\\\/beautytherapy.absolution-cosmetics.com\\\/wp-content\\\/uploads\\\/2023\\\/05\\\/01_MEDITATION_COMBIEN_DE_TEMPS_COUV.jpg\",\"contentUrl\":\"https:\\\/\\\/beautytherapy.absolution-cosmetics.com\\\/wp-content\\\/uploads\\\/2023\\\/05\\\/01_MEDITATION_COMBIEN_DE_TEMPS_COUV.jpg\",\"width\":1500,\"height\":1000},{\"@type\":\"BreadcrumbList\",\"@id\":\"https:\\\/\\\/beautytherapy.absolution-cosmetics.com\\\/fr\\\/bien-etre\\\/meditation-temps\\\/#breadcrumb\",\"itemListElement\":[{\"@type\":\"ListItem\",\"position\":1,\"name\":\"Home\",\"item\":\"https:\\\/\\\/beautytherapy.absolution-cosmetics.com\\\/fr\\\/\"},{\"@type\":\"ListItem\",\"position\":2,\"name\":\"Bien-\u00eatre\",\"item\":\"https:\\\/\\\/beautytherapy.absolution-cosmetics.com\\\/fr\\\/bien-etre\\\/\"},{\"@type\":\"ListItem\",\"position\":3,\"name\":\"Spiritualit\u00e9\",\"item\":\"https:\\\/\\\/beautytherapy.absolution-cosmetics.com\\\/fr\\\/bien-etre\\\/spiritualite-2\\\/\"},{\"@type\":\"ListItem\",\"position\":4,\"name\":\"Combien de temps faut-il m\u00e9diter pour observer des effets positifs\u2009?\u00a0\"}]},{\"@type\":\"WebSite\",\"@id\":\"https:\\\/\\\/beautytherapy.absolution-cosmetics.com\\\/fr\\\/#website\",\"url\":\"https:\\\/\\\/beautytherapy.absolution-cosmetics.com\\\/fr\\\/\",\"name\":\"Beauty Therapy\",\"description\":\"\",\"publisher\":{\"@id\":\"https:\\\/\\\/beautytherapy.absolution-cosmetics.com\\\/fr\\\/#organization\"},\"inLanguage\":\"fr-FR\"},{\"@type\":\"Organization\",\"@id\":\"https:\\\/\\\/beautytherapy.absolution-cosmetics.com\\\/fr\\\/#organization\",\"name\":\"Beauty Therapy\",\"url\":\"https:\\\/\\\/beautytherapy.absolution-cosmetics.com\\\/fr\\\/\",\"logo\":{\"@type\":\"ImageObject\",\"inLanguage\":\"fr-FR\",\"@id\":\"https:\\\/\\\/beautytherapy.absolution-cosmetics.com\\\/fr\\\/#\\\/schema\\\/logo\\\/image\\\/\",\"url\":\"https:\\\/\\\/beautytherapy.absolution-cosmetics.com\\\/wp-content\\\/uploads\\\/2020\\\/02\\\/beauty-therapy-logo.png\",\"contentUrl\":\"https:\\\/\\\/beautytherapy.absolution-cosmetics.com\\\/wp-content\\\/uploads\\\/2020\\\/02\\\/beauty-therapy-logo.png\",\"width\":424,\"height\":212,\"caption\":\"Beauty Therapy\"},\"image\":{\"@id\":\"https:\\\/\\\/beautytherapy.absolution-cosmetics.com\\\/fr\\\/#\\\/schema\\\/logo\\\/image\\\/\"}},{\"@type\":\"Person\",\"@id\":\"https:\\\/\\\/beautytherapy.absolution-cosmetics.com\\\/fr\\\/#\\\/schema\\\/person\\\/39fa4ed518c548c2f2b7d6a399786b66\",\"name\":\"Edito Beauty Therapy\",\"description\":\"L\u2019objectif d\u2019Absolution est \u00e0 la fois tout simple et merveilleusement complexe : retrouver la Beaut\u00e9 ! Celle du monde qui nous entoure, celle du monde que l\u2019on contient... celle qui se cache dans votre reflet le matin ! Les soins Absolution effacent les scories de nos vies d\u2019urbains : chaque jour ils offrent \u00e0 notre peau un retour \u00e0 sa beaut\u00e9 originelle en restaurant son \u00e9cosyst\u00e8me naturel et en l\u2019amenant \u00e0 son \u00e9tat optimum. \u00c9labor\u00e9e \u00e0 partir d\u2019extraits v\u00e9g\u00e9taux certifi\u00e9s bio ou sauvages, de min\u00e9raux et de vitamines, Absolution allie d\u00e9licatesse des textures et des senteurs, simplicit\u00e9 d\u2019utilisation et totale efficacit\u00e9 des formules. Absolution c\u2019est aussi une volont\u00e9 : celle de transmettre une fa\u00e7on de voir le monde qui fait \u00e9merger la beaut\u00e9 partout o\u00f9 elle est. Partagez-la avec nous ! @absolution_cosmetics #absolutioncosmetics #retrouverlabeaut\u00e9\",\"sameAs\":[\"https:\\\/\\\/www.absolution-cosmetics.com\\\/fr\\\/\",\"https:\\\/\\\/www.facebook.com\\\/absolutioncosmetics\",\"https:\\\/\\\/www.instagram.com\\\/absolution_cosmetics\\\/\"],\"url\":\"https:\\\/\\\/beautytherapy.absolution-cosmetics.com\\\/fr\\\/author\\\/l-equipe-absolution\\\/\"}]}<\/script>\n<!-- \/ Yoast SEO plugin. -->","yoast_head_json":{"title":"Combien de temps faut-il m\u00e9diter pour observer des effets positifs\u2009?\u00a0 - Beauty Therapy","description":"La rigueur et l\u2019assiduit\u00e9 sont les \u00e9l\u00e9ments cl\u00e9s pour r\u00e9colter les premiers b\u00e9n\u00e9fices de la m\u00e9ditation. Alors, au bout de combien de temps la m\u00e9ditation fait-elle effet\u2009?","robots":{"index":"index","follow":"follow","max-snippet":"max-snippet:-1","max-image-preview":"max-image-preview:large","max-video-preview":"max-video-preview:-1"},"canonical":"https:\/\/beautytherapy.absolution-cosmetics.com\/fr\/bien-etre\/meditation-temps\/","og_locale":"fr_FR","og_type":"article","og_title":"Combien de temps faut-il m\u00e9diter pour observer des effets positifs\u2009?\u00a0 - Beauty Therapy","og_description":"La rigueur et l\u2019assiduit\u00e9 sont les \u00e9l\u00e9ments cl\u00e9s pour r\u00e9colter les premiers b\u00e9n\u00e9fices de la m\u00e9ditation. Alors, au bout de combien de temps la m\u00e9ditation fait-elle effet\u2009?","og_url":"https:\/\/beautytherapy.absolution-cosmetics.com\/fr\/bien-etre\/meditation-temps\/","og_site_name":"Beauty Therapy","article_author":"https:\/\/www.facebook.com\/absolutioncosmetics","article_published_time":"2023-05-17T15:58:06+00:00","article_modified_time":"2024-12-09T07:33:29+00:00","og_image":[{"width":1500,"height":1000,"url":"https:\/\/beautytherapy.absolution-cosmetics.com\/wp-content\/uploads\/2023\/05\/01_MEDITATION_COMBIEN_DE_TEMPS_COUV.jpg","type":"image\/jpeg"}],"author":"Edito Beauty Therapy","twitter_card":"summary_large_image","twitter_misc":{"\u00c9crit par":"Edito Beauty Therapy","Dur\u00e9e de lecture estim\u00e9e":"6 minutes"},"schema":{"@context":"https:\/\/schema.org","@graph":[{"@type":"Article","@id":"https:\/\/beautytherapy.absolution-cosmetics.com\/fr\/bien-etre\/meditation-temps\/#article","isPartOf":{"@id":"https:\/\/beautytherapy.absolution-cosmetics.com\/fr\/bien-etre\/meditation-temps\/"},"author":{"name":"Edito Beauty Therapy","@id":"https:\/\/beautytherapy.absolution-cosmetics.com\/fr\/#\/schema\/person\/39fa4ed518c548c2f2b7d6a399786b66"},"headline":"Combien de temps faut-il m\u00e9diter pour observer des effets positifs\u2009?\u00a0","datePublished":"2023-05-17T15:58:06+00:00","dateModified":"2024-12-09T07:33:29+00:00","mainEntityOfPage":{"@id":"https:\/\/beautytherapy.absolution-cosmetics.com\/fr\/bien-etre\/meditation-temps\/"},"wordCount":1266,"commentCount":0,"publisher":{"@id":"https:\/\/beautytherapy.absolution-cosmetics.com\/fr\/#organization"},"image":{"@id":"https:\/\/beautytherapy.absolution-cosmetics.com\/fr\/bien-etre\/meditation-temps\/#primaryimage"},"thumbnailUrl":"https:\/\/beautytherapy.absolution-cosmetics.com\/wp-content\/uploads\/2023\/05\/01_MEDITATION_COMBIEN_DE_TEMPS_COUV.jpg","articleSection":["Bien-\u00eatre","Spiritualit\u00e9","Yoga"],"inLanguage":"fr-FR","potentialAction":[{"@type":"CommentAction","name":"Comment","target":["https:\/\/beautytherapy.absolution-cosmetics.com\/fr\/bien-etre\/meditation-temps\/#respond"]}]},{"@type":"WebPage","@id":"https:\/\/beautytherapy.absolution-cosmetics.com\/fr\/bien-etre\/meditation-temps\/","url":"https:\/\/beautytherapy.absolution-cosmetics.com\/fr\/bien-etre\/meditation-temps\/","name":"Combien de temps faut-il m\u00e9diter pour observer des effets positifs\u2009?\u00a0 - Beauty Therapy","isPartOf":{"@id":"https:\/\/beautytherapy.absolution-cosmetics.com\/fr\/#website"},"primaryImageOfPage":{"@id":"https:\/\/beautytherapy.absolution-cosmetics.com\/fr\/bien-etre\/meditation-temps\/#primaryimage"},"image":{"@id":"https:\/\/beautytherapy.absolution-cosmetics.com\/fr\/bien-etre\/meditation-temps\/#primaryimage"},"thumbnailUrl":"https:\/\/beautytherapy.absolution-cosmetics.com\/wp-content\/uploads\/2023\/05\/01_MEDITATION_COMBIEN_DE_TEMPS_COUV.jpg","datePublished":"2023-05-17T15:58:06+00:00","dateModified":"2024-12-09T07:33:29+00:00","description":"La rigueur et l\u2019assiduit\u00e9 sont les \u00e9l\u00e9ments cl\u00e9s pour r\u00e9colter les premiers b\u00e9n\u00e9fices de la m\u00e9ditation. Alors, au bout de combien de temps la m\u00e9ditation fait-elle effet\u2009?","breadcrumb":{"@id":"https:\/\/beautytherapy.absolution-cosmetics.com\/fr\/bien-etre\/meditation-temps\/#breadcrumb"},"inLanguage":"fr-FR","potentialAction":[{"@type":"ReadAction","target":["https:\/\/beautytherapy.absolution-cosmetics.com\/fr\/bien-etre\/meditation-temps\/"]}]},{"@type":"ImageObject","inLanguage":"fr-FR","@id":"https:\/\/beautytherapy.absolution-cosmetics.com\/fr\/bien-etre\/meditation-temps\/#primaryimage","url":"https:\/\/beautytherapy.absolution-cosmetics.com\/wp-content\/uploads\/2023\/05\/01_MEDITATION_COMBIEN_DE_TEMPS_COUV.jpg","contentUrl":"https:\/\/beautytherapy.absolution-cosmetics.com\/wp-content\/uploads\/2023\/05\/01_MEDITATION_COMBIEN_DE_TEMPS_COUV.jpg","width":1500,"height":1000},{"@type":"BreadcrumbList","@id":"https:\/\/beautytherapy.absolution-cosmetics.com\/fr\/bien-etre\/meditation-temps\/#breadcrumb","itemListElement":[{"@type":"ListItem","position":1,"name":"Home","item":"https:\/\/beautytherapy.absolution-cosmetics.com\/fr\/"},{"@type":"ListItem","position":2,"name":"Bien-\u00eatre","item":"https:\/\/beautytherapy.absolution-cosmetics.com\/fr\/bien-etre\/"},{"@type":"ListItem","position":3,"name":"Spiritualit\u00e9","item":"https:\/\/beautytherapy.absolution-cosmetics.com\/fr\/bien-etre\/spiritualite-2\/"},{"@type":"ListItem","position":4,"name":"Combien de temps faut-il m\u00e9diter pour observer des effets positifs\u2009?\u00a0"}]},{"@type":"WebSite","@id":"https:\/\/beautytherapy.absolution-cosmetics.com\/fr\/#website","url":"https:\/\/beautytherapy.absolution-cosmetics.com\/fr\/","name":"Beauty Therapy","description":"","publisher":{"@id":"https:\/\/beautytherapy.absolution-cosmetics.com\/fr\/#organization"},"inLanguage":"fr-FR"},{"@type":"Organization","@id":"https:\/\/beautytherapy.absolution-cosmetics.com\/fr\/#organization","name":"Beauty Therapy","url":"https:\/\/beautytherapy.absolution-cosmetics.com\/fr\/","logo":{"@type":"ImageObject","inLanguage":"fr-FR","@id":"https:\/\/beautytherapy.absolution-cosmetics.com\/fr\/#\/schema\/logo\/image\/","url":"https:\/\/beautytherapy.absolution-cosmetics.com\/wp-content\/uploads\/2020\/02\/beauty-therapy-logo.png","contentUrl":"https:\/\/beautytherapy.absolution-cosmetics.com\/wp-content\/uploads\/2020\/02\/beauty-therapy-logo.png","width":424,"height":212,"caption":"Beauty Therapy"},"image":{"@id":"https:\/\/beautytherapy.absolution-cosmetics.com\/fr\/#\/schema\/logo\/image\/"}},{"@type":"Person","@id":"https:\/\/beautytherapy.absolution-cosmetics.com\/fr\/#\/schema\/person\/39fa4ed518c548c2f2b7d6a399786b66","name":"Edito Beauty Therapy","description":"L\u2019objectif d\u2019Absolution est \u00e0 la fois tout simple et merveilleusement complexe : retrouver la Beaut\u00e9 ! Celle du monde qui nous entoure, celle du monde que l\u2019on contient... celle qui se cache dans votre reflet le matin ! Les soins Absolution effacent les scories de nos vies d\u2019urbains : chaque jour ils offrent \u00e0 notre peau un retour \u00e0 sa beaut\u00e9 originelle en restaurant son \u00e9cosyst\u00e8me naturel et en l\u2019amenant \u00e0 son \u00e9tat optimum. \u00c9labor\u00e9e \u00e0 partir d\u2019extraits v\u00e9g\u00e9taux certifi\u00e9s bio ou sauvages, de min\u00e9raux et de vitamines, Absolution allie d\u00e9licatesse des textures et des senteurs, simplicit\u00e9 d\u2019utilisation et totale efficacit\u00e9 des formules. Absolution c\u2019est aussi une volont\u00e9 : celle de transmettre une fa\u00e7on de voir le monde qui fait \u00e9merger la beaut\u00e9 partout o\u00f9 elle est. Partagez-la avec nous ! @absolution_cosmetics #absolutioncosmetics #retrouverlabeaut\u00e9","sameAs":["https:\/\/www.absolution-cosmetics.com\/fr\/","https:\/\/www.facebook.com\/absolutioncosmetics","https:\/\/www.instagram.com\/absolution_cosmetics\/"],"url":"https:\/\/beautytherapy.absolution-cosmetics.com\/fr\/author\/l-equipe-absolution\/"}]}},"_links":{"self":[{"href":"https:\/\/beautytherapy.absolution-cosmetics.com\/fr\/wp-json\/wp\/v2\/posts\/9599","targetHints":{"allow":["GET"]}}],"collection":[{"href":"https:\/\/beautytherapy.absolution-cosmetics.com\/fr\/wp-json\/wp\/v2\/posts"}],"about":[{"href":"https:\/\/beautytherapy.absolution-cosmetics.com\/fr\/wp-json\/wp\/v2\/types\/post"}],"author":[{"embeddable":true,"href":"https:\/\/beautytherapy.absolution-cosmetics.com\/fr\/wp-json\/wp\/v2\/users\/24"}],"replies":[{"embeddable":true,"href":"https:\/\/beautytherapy.absolution-cosmetics.com\/fr\/wp-json\/wp\/v2\/comments?post=9599"}],"version-history":[{"count":3,"href":"https:\/\/beautytherapy.absolution-cosmetics.com\/fr\/wp-json\/wp\/v2\/posts\/9599\/revisions"}],"predecessor-version":[{"id":23624,"href":"https:\/\/beautytherapy.absolution-cosmetics.com\/fr\/wp-json\/wp\/v2\/posts\/9599\/revisions\/23624"}],"wp:featuredmedia":[{"embeddable":true,"href":"https:\/\/beautytherapy.absolution-cosmetics.com\/fr\/wp-json\/wp\/v2\/media\/9604"}],"wp:attachment":[{"href":"https:\/\/beautytherapy.absolution-cosmetics.com\/fr\/wp-json\/wp\/v2\/media?parent=9599"}],"wp:term":[{"taxonomy":"category","embeddable":true,"href":"https:\/\/beautytherapy.absolution-cosmetics.com\/fr\/wp-json\/wp\/v2\/categories?post=9599"},{"taxonomy":"post_tag","embeddable":true,"href":"https:\/\/beautytherapy.absolution-cosmetics.com\/fr\/wp-json\/wp\/v2\/tags?post=9599"}],"curies":[{"name":"wp","href":"https:\/\/api.w.org\/{rel}","templated":true}]}}