{"id":9616,"date":"2023-05-26T19:00:59","date_gmt":"2023-05-26T17:00:59","guid":{"rendered":"https:\/\/beautytherapy.absolution-cosmetics.com\/?p=9616"},"modified":"2024-12-09T08:33:28","modified_gmt":"2024-12-09T07:33:28","slug":"preparation-retraite-spirituelle","status":"publish","type":"post","link":"https:\/\/beautytherapy.absolution-cosmetics.com\/fr\/bien-etre\/preparation-retraite-spirituelle\/","title":{"rendered":"Comment se pr\u00e9parer \u00e0 une retraite spirituelle\u2009?\u00a0"},"content":{"rendered":"<section class=\"block-grid-wrapper block-grid-for-core-paragraph\">\n      <div class=\"default-editor-content grid-for-core-paragraph container-fluid container-px-1\">\n        <div class=\"row row-cols-1 align-center\">\n          <div class=\"cell\">\n            \n<p><\/p>\n          <\/div>\n        <\/div>\n      <\/div>\n\n      <\/section>\n\n<section class=\"block-grid-wrapper block-grid-for-core-paragraph\">\n      <div class=\"default-editor-content grid-for-core-paragraph container-fluid container-px-1\">\n        <div class=\"row row-cols-1 align-center\">\n          <div class=\"cell\">\n            \n<p>Vous vous sentez \u00e9puis\u00e9\u2e31e et d\u00e9pass\u00e9\u2e31e par la fr\u00e9n\u00e9sie de votre vie quotidienne\u2009? Vous ressentez le besoin de <strong>l\u00e2cher prise<\/strong> et de vous <strong>d\u00e9connecter du monde ext\u00e9rieur\u2009?<\/strong> Une <strong>retraite spirituelle<\/strong> peut \u00eatre l\u2019occasion de<strong> prendre du recul <\/strong>et de vous offrir une<strong> pause<\/strong> bien m\u00e9rit\u00e9e. <strong>Se ressourcer<\/strong> dans un cadre paisible et agr\u00e9able pour vous concentrer sur votre<strong> bien-\u00eatre.<\/strong> <strong>Comment se pr\u00e9parer \u00e0 une retraite spirituelle\u2009?<\/strong> Pour profiter pleinement de cette exp\u00e9rience, Beauty Therapy souhaite vous accompagner dans cette d\u00e9marche. D\u00e9couvrez tous nos conseils pour vivre une retraite spirituelle inoubliable.\u00a0<\/p>\n          <\/div>\n        <\/div>\n      <\/div>\n\n      <\/section>\n\n<section class=\"block-grid-wrapper block-grid-for-core-paragraph\">\n      <div class=\"default-editor-content grid-for-core-paragraph container-fluid container-px-1\">\n        <div class=\"row row-cols-1 align-center\">\n          <div class=\"cell\">\n            \n<p><\/p>\n          <\/div>\n        <\/div>\n      <\/div>\n\n      <\/section>\n\n<section class=\"block-grid-wrapper block-grid-for-core-heading\">\n      <div class=\"default-editor-content grid-for-core-heading container-fluid container-px-1\">\n        <div class=\"row row-cols-1 align-center\">\n          <div class=\"cell\">\n            \n<h2 class=\"wp-block-heading\">Quel est le but d\u2019une retraite spirituelle\u2009?&nbsp;<\/h2>\n          <\/div>\n        <\/div>\n      <\/div>\n\n      <\/section>\n\n<section class=\"block-grid-wrapper block-grid-for-core-paragraph\">\n      <div class=\"default-editor-content grid-for-core-paragraph container-fluid container-px-1\">\n        <div class=\"row row-cols-1 align-center\">\n          <div class=\"cell\">\n            \n<p><strong><em>Qu\u2019est-ce qu\u2019une retraite spirituelle\u2009?\u00a0\u00a0<\/em><\/strong><\/p>\n          <\/div>\n        <\/div>\n      <\/div>\n\n      <\/section>\n\n<section class=\"block-grid-wrapper block-grid-for-core-paragraph\">\n      <div class=\"default-editor-content grid-for-core-paragraph container-fluid container-px-1\">\n        <div class=\"row row-cols-1 align-center\">\n          <div class=\"cell\">\n            \n<p>Une retraite spirituelle est un temps de repos privil\u00e9gi\u00e9 que l\u2019on s\u2019accorde hors du rythme effr\u00e9n\u00e9 du quotidien pour cultiver son monde int\u00e9rieur. C\u2019est une p\u00e9riode de r\u00e9pit de quelques jours pour se reposer, prier, r\u00e9fl\u00e9chir et m\u00e9diter seul ou accompagn\u00e9 d\u2019un membre de la communaut\u00e9. Elle s\u2019effectue g\u00e9n\u00e9ralement dans le silence afin de favoriser l\u2019apaisement du mental.&nbsp;<\/p>\n          <\/div>\n        <\/div>\n      <\/div>\n\n      <\/section>\n\n<section class=\"block-grid-wrapper block-grid-for-core-paragraph\">\n      <div class=\"default-editor-content grid-for-core-paragraph container-fluid container-px-1\">\n        <div class=\"row row-cols-1 align-center\">\n          <div class=\"cell\">\n            \n<p>Faire une retraite spirituelle permet de se retrouver avec soi-m\u00eame \u00e0 l\u2019\u00e9cart des soucis de tous les jours. Cette parenth\u00e8se au calme vous aide \u00e0 prendre du recul sur votre vie pour entrer dans une nouvelle dimension spirituelle. Se retirer du monde ext\u00e9rieur de temps en temps permet de\u202f:&nbsp;&nbsp;<\/p>\n          <\/div>\n        <\/div>\n      <\/div>\n\n      <\/section>\n\n<section class=\"block-grid-wrapper block-grid-for-core-list\">\n      <div class=\"default-editor-content grid-for-core-list container-fluid container-px-1\">\n        <div class=\"row row-cols-1 align-center\">\n          <div class=\"cell\">\n            \n<ul class=\"wp-block-list\"><li>se vider la t\u00eate ;&nbsp;<\/li><li>\u00eatre plus cr\u00e9atif ;&nbsp;<\/li><li>\u00e9vacuer le stress ;&nbsp;<\/li><li>retrouver la paix ;&nbsp;<\/li><li>revoir ses priorit\u00e9s.&nbsp;<\/li><\/ul>\n          <\/div>\n        <\/div>\n      <\/div>\n\n      <\/section>\n\n<section class=\"block-grid-wrapper block-grid-for-core-paragraph\">\n      <div class=\"default-editor-content grid-for-core-paragraph container-fluid container-px-1\">\n        <div class=\"row row-cols-1 align-center\">\n          <div class=\"cell\">\n            \n<p>Pour participer \u00e0 ce type de retraite, aucun pr\u00e9requis n\u2019est n\u00e9cessaire, juste le d\u00e9sir de prendre soin de soi. Les retraites spirituelles sont ouvertes \u00e0 toutes les personnes seules ou en couple. Pour vivre pleinement cette exp\u00e9rience unique, il est essentiel de bien se pr\u00e9parer \u00e0 une retraite spirituelle.\u00a0\u00a0<\/p>\n          <\/div>\n        <\/div>\n      <\/div>\n\n      <\/section>\n\n<section class=\"block-grid-wrapper block-grid-for-core-image\">\n      <div class=\"default-editor-content grid-for-core-image container-fluid container-px-1\">\n        <div class=\"row row-cols-1 align-center\">\n          <div class=\"cell\">\n            \n<figure class=\"wp-block-image size-large\"><img decoding=\"async\" src=\"https:\/\/beautytherapy.absolution-cosmetics.com\/wp-content\/uploads\/2023\/05\/03_PREPARATION_RETRAITE_SPIRITUELLE-1-1024x683.jpg\" alt=\"\" class=\"wp-image-9621\"\/><\/figure>\n          <\/div>\n        <\/div>\n      <\/div>\n\n      <\/section>\n\n<section class=\"block-grid-wrapper block-grid-for-core-paragraph\">\n      <div class=\"default-editor-content grid-for-core-paragraph container-fluid container-px-1\">\n        <div class=\"row row-cols-1 align-center\">\n          <div class=\"cell\">\n            \n<p><\/p>\n          <\/div>\n        <\/div>\n      <\/div>\n\n      <\/section>\n\n<section class=\"block-grid-wrapper block-grid-for-core-paragraph\">\n      <div class=\"default-editor-content grid-for-core-paragraph container-fluid container-px-1\">\n        <div class=\"row row-cols-1 align-center\">\n          <div class=\"cell\">\n            \n<p><strong><em>Quels sont les diff\u00e9rents types de retraites spirituelles\u2009?\u00a0<\/em><\/strong><\/p>\n          <\/div>\n        <\/div>\n      <\/div>\n\n      <\/section>\n\n<section class=\"block-grid-wrapper block-grid-for-core-paragraph\">\n      <div class=\"default-editor-content grid-for-core-paragraph container-fluid container-px-1\">\n        <div class=\"row row-cols-1 align-center\">\n          <div class=\"cell\">\n            \n<p>Il existe diff\u00e9rents types de retraites spirituelles situ\u00e9es dans des lieux insolites en bord de mer, en for\u00eat ou \u00e0 la montagne. G\u00e9n\u00e9ralement, nous choisissons l\u2019endroit en fonction de notre religion ou de notre attirance spirituelle. Voici les principales formes de retraites spirituelles\u202f:&nbsp;&nbsp;<\/p>\n          <\/div>\n        <\/div>\n      <\/div>\n\n      <\/section>\n\n<section class=\"block-grid-wrapper block-grid-for-core-list\">\n      <div class=\"default-editor-content grid-for-core-list container-fluid container-px-1\">\n        <div class=\"row row-cols-1 align-center\">\n          <div class=\"cell\">\n            \n<ul class=\"wp-block-list\"><li>Les retraites religieuses\u202f: elles consistent \u00e0 passer un s\u00e9jour dans un centre religieux comme un temple catholique ou un monast\u00e8re bouddhiste afin de prier et se rapprocher de Dieu. On peut retrouver de nombreuses retraites catholiques et <a href=\"https:\/\/beautytherapy.absolution-cosmetics.com\/fr\/bien-etre\/medecines-alternatives\/retraites-spirituelles-france\/\" target=\"_blank\" rel=\"noreferrer noopener\">retraites bouddhiste en France<\/a>.\u00a0<\/li><li>Les retraites de yoga\u202f: c\u2019est une exp\u00e9rience \u00e0 la fois spirituelle et physique qui a pour but de se d\u00e9connecter du quotidien et de pratiquer le yoga de fa\u00e7on plus intensive qu\u2019\u00e0 l\u2019ordinaire.\u00a0\u00a0<\/li><li>Les retraites de m\u00e9ditation\u202f: l\u2019objectif de cette retraite est de pratiquer diff\u00e9rentes formes de m\u00e9ditations pour se purifier l\u2019esprit.\u00a0<\/li><\/ul>\n          <\/div>\n        <\/div>\n      <\/div>\n\n      <\/section>\n\n<section class=\"block-grid-wrapper block-grid-for-core-paragraph\">\n      <div class=\"default-editor-content grid-for-core-paragraph container-fluid container-px-1\">\n        <div class=\"row row-cols-1 align-center\">\n          <div class=\"cell\">\n            \n<p><\/p>\n          <\/div>\n        <\/div>\n      <\/div>\n\n      <\/section>\n\n<section class=\"block-grid-wrapper block-grid-for-core-heading\">\n      <div class=\"default-editor-content grid-for-core-heading container-fluid container-px-1\">\n        <div class=\"row row-cols-1 align-center\">\n          <div class=\"cell\">\n            \n<h2 class=\"wp-block-heading\">Nos conseils pour se pr\u00e9parer \u00e0 une retraite spirituelle&nbsp;<\/h2>\n          <\/div>\n        <\/div>\n      <\/div>\n\n      <\/section>\n\n<section class=\"block-grid-wrapper block-grid-for-core-paragraph\">\n      <div class=\"default-editor-content grid-for-core-paragraph container-fluid container-px-1\">\n        <div class=\"row row-cols-1 align-center\">\n          <div class=\"cell\">\n            \n<p><strong><em>Faire une introspection personnelle\u00a0<\/em><\/strong><\/p>\n          <\/div>\n        <\/div>\n      <\/div>\n\n      <\/section>\n\n<section class=\"block-grid-wrapper block-grid-for-core-paragraph\">\n      <div class=\"default-editor-content grid-for-core-paragraph container-fluid container-px-1\">\n        <div class=\"row row-cols-1 align-center\">\n          <div class=\"cell\">\n            \n<p>Avant de partir en retraite spirituelle, il est important de se pr\u00e9parer au sens spirituel. Pourquoi souhaitez-vous faire une retraite\u2009? Quels sont vos objectifs personnels\u2009? Il est essentiel de r\u00e9fl\u00e9chir \u00e0 vos aspirations et de d\u00e9finir vos intentions avant votre d\u00e9part. L\u2019envie de vous d\u00e9connecter du monde ext\u00e9rieur doit \u00eatre r\u00e9elle pour en tirer les meilleurs b\u00e9n\u00e9fices. C\u2019est \u00e9galement le moment de r\u00e9fl\u00e9chir \u00e0 vos croyances et \u00e0 vos valeurs pour mieux appr\u00e9hender l\u2019isolement. Essayez de vous pr\u00e9parer \u00e0 cette retraite lorsqu\u2019il n\u2019y a personne \u00e0 la maison pour vous d\u00e9ranger.\u00a0<\/p>\n          <\/div>\n        <\/div>\n      <\/div>\n\n      <\/section>\n\n<section class=\"block-grid-wrapper block-grid-for-core-paragraph\">\n      <div class=\"default-editor-content grid-for-core-paragraph container-fluid container-px-1\">\n        <div class=\"row row-cols-1 align-center\">\n          <div class=\"cell\">\n            \n<p><\/p>\n          <\/div>\n        <\/div>\n      <\/div>\n\n      <\/section>\n\n<section class=\"block-grid-wrapper block-grid-for-core-paragraph\">\n      <div class=\"default-editor-content grid-for-core-paragraph container-fluid container-px-1\">\n        <div class=\"row row-cols-1 align-center\">\n          <div class=\"cell\">\n            \n<p><strong><em>Se d\u00e9connecter des sources de distraction\u00a0<\/em><\/strong><\/p>\n          <\/div>\n        <\/div>\n      <\/div>\n\n      <\/section>\n\n<section class=\"block-grid-wrapper block-grid-for-core-paragraph\">\n      <div class=\"default-editor-content grid-for-core-paragraph container-fluid container-px-1\">\n        <div class=\"row row-cols-1 align-center\">\n          <div class=\"cell\">\n            \n<p>Souvent, les retraitants sont invit\u00e9s \u00e0 couper leur t\u00e9l\u00e9phone portable et leur ordinateur pendant toute la dur\u00e9e du s\u00e9jour. C\u2019est l\u2019occasion de faire une d\u00e9tox num\u00e9rique et d\u2019apprendre \u00e0 se d\u00e9tacher des \u00e9crans qui alimentent \u00e0 la d\u00e9pendance avec l\u2019ext\u00e9rieur. Pour se d\u00e9faire de cette technologie, vous pouvez commencer \u00e0 mettre en place certaines habitudes quelques jours avant. Il s\u2019agit de d\u00e9sactiver les notifications, les applications et les r\u00e9seaux sociaux qui nous interpellent tout au long de la journ\u00e9e. Vous pouvez \u00e9galement r\u00e9duire votre consommation t\u00e9l\u00e9phonique afin d\u2019\u00eatre pr\u00eat\u2e31e \u00e0 vous retrouver avec vous-m\u00eame.\u00a0<\/p>\n          <\/div>\n        <\/div>\n      <\/div>\n\n      <\/section>\n\n<section class=\"block-grid-wrapper block-grid-for-core-image\">\n      <div class=\"default-editor-content grid-for-core-image container-fluid container-px-1\">\n        <div class=\"row row-cols-1 align-center\">\n          <div class=\"cell\">\n            \n<figure class=\"wp-block-image size-large\"><img decoding=\"async\" src=\"https:\/\/beautytherapy.absolution-cosmetics.com\/wp-content\/uploads\/2023\/05\/02_PREPARATION_RETRAITE_SPIRITUELLE-1024x683.jpg\" alt=\"\" class=\"wp-image-9619\"\/><\/figure>\n          <\/div>\n        <\/div>\n      <\/div>\n\n      <\/section>\n\n<section class=\"block-grid-wrapper block-grid-for-core-paragraph\">\n      <div class=\"default-editor-content grid-for-core-paragraph container-fluid container-px-1\">\n        <div class=\"row row-cols-1 align-center\">\n          <div class=\"cell\">\n            \n<p><\/p>\n          <\/div>\n        <\/div>\n      <\/div>\n\n      <\/section>\n\n<section class=\"block-grid-wrapper block-grid-for-core-paragraph\">\n      <div class=\"default-editor-content grid-for-core-paragraph container-fluid container-px-1\">\n        <div class=\"row row-cols-1 align-center\">\n          <div class=\"cell\">\n            \n<p><strong><em>Apprendre les techniques de m\u00e9ditation\u00a0<\/em><\/strong><\/p>\n          <\/div>\n        <\/div>\n      <\/div>\n\n      <\/section>\n\n<section class=\"block-grid-wrapper block-grid-for-core-paragraph\">\n      <div class=\"default-editor-content grid-for-core-paragraph container-fluid container-px-1\">\n        <div class=\"row row-cols-1 align-center\">\n          <div class=\"cell\">\n            \n<p>Lors d\u2019un s\u00e9jour en retraite spirituelle, vous avez la possibilit\u00e9 de pratiquer certaines disciplines comme la m\u00e9ditation, le yoga et d\u2019autres exercices spirituels. Elles seront marqu\u00e9es par un accompagnement individuel ou en groupe. La m\u00e9ditation est l\u2019\u00e9l\u00e9ment central dans une retraite de bien-\u00eatre. Il est int\u00e9ressant d\u2019int\u00e9grer une routine m\u00e9ditative afin d\u2019\u00eatre plus \u00e0 l\u2019aise et plus concentr\u00e9 durant votre s\u00e9jour. En effet, la m\u00e9ditation de pleine conscience requiert certaines techniques de respirations et demande une attention particuli\u00e8re pour s\u2019ancrer dans le moment pr\u00e9sent. Vous pouvez commencer par de courtes s\u00e9ances de 5 \u00e0 10\u202fminutes quotidiennes de m\u00e9ditation guid\u00e9e.\u00a0\u00a0<\/p>\n          <\/div>\n        <\/div>\n      <\/div>\n\n      <\/section>\n\n<section class=\"block-grid-wrapper block-grid-for-core-paragraph\">\n      <div class=\"default-editor-content grid-for-core-paragraph container-fluid container-px-1\">\n        <div class=\"row row-cols-1 align-center\">\n          <div class=\"cell\">\n            \n<p><\/p>\n          <\/div>\n        <\/div>\n      <\/div>\n\n      <\/section>\n\n<section class=\"block-grid-wrapper block-grid-for-core-paragraph\">\n      <div class=\"default-editor-content grid-for-core-paragraph container-fluid container-px-1\">\n        <div class=\"row row-cols-1 align-center\">\n          <div class=\"cell\">\n            \n<p><strong><em>Pr\u00e9parer son n\u00e9cessaire personnel\u00a0<\/em><\/strong><\/p>\n          <\/div>\n        <\/div>\n      <\/div>\n\n      <\/section>\n\n<section class=\"block-grid-wrapper block-grid-for-core-paragraph\">\n      <div class=\"default-editor-content grid-for-core-paragraph container-fluid container-px-1\">\n        <div class=\"row row-cols-1 align-center\">\n          <div class=\"cell\">\n            \n<p>Lorsque l\u2019on part en retraite spirituelle, on peut se demander quel mat\u00e9riel apporter.&nbsp;&nbsp; L\u2019objectif \u00e9tant de se d\u00e9tacher d\u2019un maximum de distractions, vous n\u2019aurez pas besoin de grand-chose. De plus, les centres spirituels sont g\u00e9n\u00e9ralement \u00e9quip\u00e9s pour assurer un s\u00e9jour dans les meilleures conditions possibles. Renseignez-vous aupr\u00e8s du centre pour savoir si vous devez apporter draps et serviettes de toilette ou si tout est \u00e0 disposition sur place.&nbsp;&nbsp;<\/p>\n          <\/div>\n        <\/div>\n      <\/div>\n\n      <\/section>\n\n<section class=\"block-grid-wrapper block-grid-for-core-paragraph\">\n      <div class=\"default-editor-content grid-for-core-paragraph container-fluid container-px-1\">\n        <div class=\"row row-cols-1 align-center\">\n          <div class=\"cell\">\n            \n<p>Selon la m\u00e9t\u00e9o et le lieu o\u00f9 vous allez passer votre retraite, pr\u00e9voyez des v\u00eatements chauds ou l\u00e9gers. Nous conseillons d\u2019opter pour des tenues confortables pour \u00eatre \u00e0 l\u2019aise durant les diff\u00e9rentes pratiques. Pensez \u00e9galement \u00e0 prendre une paire de baskets et un imperm\u00e9able pour les balades. Munissez-vous d\u2019une trousse de toilette avec le strict n\u00e9cessaire pour vous laver\u202f: brosse \u00e0 dents, dentifrice, savon, d\u00e9odorant, maquillage, produit de rasage, etc. Prenez un pyjama pour la nuit et des chaussettes pour r\u00e9chauffer vos pieds. Vous pouvez aussi emporter un livre pour occuper votre temps libre. Pour rester dans la d\u00e9marche sur laquelle vous \u00eates venue, il est int\u00e9ressant de lire un livre sur la spiritualit\u00e9 plut\u00f4t qu\u2019un roman.\u00a0<\/p>\n          <\/div>\n        <\/div>\n      <\/div>\n\n      <\/section>\n\n<section class=\"block-grid-wrapper block-grid-for-core-paragraph\">\n      <div class=\"default-editor-content grid-for-core-paragraph container-fluid container-px-1\">\n        <div class=\"row row-cols-1 align-center\">\n          <div class=\"cell\">\n            \n<p><\/p>\n          <\/div>\n        <\/div>\n      <\/div>\n\n      <\/section>\n\n<section class=\"block-grid-wrapper block-grid-for-core-heading\">\n      <div class=\"default-editor-content grid-for-core-heading container-fluid container-px-1\">\n        <div class=\"row row-cols-1 align-center\">\n          <div class=\"cell\">\n            \n<h2 class=\"wp-block-heading\">Quels sont les avantages d\u2019une retraite spirituelle\u2009?&nbsp;<\/h2>\n          <\/div>\n        <\/div>\n      <\/div>\n\n      <\/section>\n\n<section class=\"block-grid-wrapper block-grid-for-core-paragraph\">\n      <div class=\"default-editor-content grid-for-core-paragraph container-fluid container-px-1\">\n        <div class=\"row row-cols-1 align-center\">\n          <div class=\"cell\">\n            \n<p>Les retraites spirituelles sont bien plus qu\u2019un simple lieu de d\u00e9tente. Elles permettent de faire le plein d\u2019\u00e9nergie et de revenir \u00e0 l\u2019essentiel. La plupart des monast\u00e8res ou des centres spirituels sont implant\u00e9s au c\u0153ur de paysages \u00e9poustouflants. Partir au contact de la nature donne une r\u00e9elle sensation d\u2019\u00eatre en vacances loin des tumultes du quotidien. C\u2019est l\u2019occasion de r\u00e9fl\u00e9chir sereinement et de faire le point sur sa vie tout en profitant d\u2019un cadre exceptionnel. La retraite spirituelle encourage la compr\u00e9hension et la connaissance de soi pour (re)trouver l\u2019amour de soi. Peu importe vos croyances, c\u2019est une exp\u00e9rience unique o\u00f9 vous en ressortirez forc\u00e9ment grandi.&nbsp;&nbsp;<\/p>\n          <\/div>\n        <\/div>\n      <\/div>\n\n      <\/section>\n\n<section class=\"block-grid-wrapper block-grid-for-core-paragraph\">\n      <div class=\"default-editor-content grid-for-core-paragraph container-fluid container-px-1\">\n        <div class=\"row row-cols-1 align-center\">\n          <div class=\"cell\">\n            \n<p>La dur\u00e9e du s\u00e9jour d\u2019une retraite spirituelle d\u00e9pend de vos objectifs et de votre disposition int\u00e9rieure. Vous pouvez faire le choix de partir vous ressourcer une journ\u00e9e, un week-end ou plusieurs semaines. Pour ceux qui vivent une premi\u00e8re retraite, nous recommandons de commencer par un court s\u00e9jour. Prendre du temps pour soi, c\u2019est s\u2019accorder de l\u2019importance pour am\u00e9liorer sa relation avec soi et avec les autres.&nbsp;<\/p>\n          <\/div>\n        <\/div>\n      <\/div>\n\n      <\/section>\n\n<section class=\"block-grid-wrapper block-grid-for-core-paragraph\">\n      <div class=\"default-editor-content grid-for-core-paragraph container-fluid container-px-1\">\n        <div class=\"row row-cols-1 align-center\">\n          <div class=\"cell\">\n            \n<p>Se pr\u00e9parer \u00e0 une retraite spirituelle est une \u00e9tape essentielle pour pouvoir profiter pleinement des bienfaits et retrouver le chemin vers soi.&nbsp;<\/p>\n          <\/div>\n        <\/div>\n      <\/div>\n\n      <\/section>","protected":false},"excerpt":{"rendered":"<p>Vous vous sentez \u00e9puis\u00e9\u2e31e et d\u00e9pass\u00e9\u2e31e par la fr\u00e9n\u00e9sie de votre vie quotidienne\u2009? Vous ressentez le besoin de l\u00e2cher prise et de vous d\u00e9connecter du monde ext\u00e9rieur\u2009? Une retraite spirituelle peut \u00eatre l\u2019occasion de prendre du recul et de vous offrir une pause bien m\u00e9rit\u00e9e. Se ressourcer dans un cadre paisible et agr\u00e9able pour vous [&hellip;]<\/p>\n","protected":false},"author":24,"featured_media":9623,"comment_status":"open","ping_status":"open","sticky":false,"template":"","format":"standard","meta":{"_acf_changed":false,"footnotes":""},"categories":[995,997,996],"tags":[],"class_list":["post-9616","post","type-post","status-publish","format-standard","has-post-thumbnail","hentry","category-bien-etre","category-bien-etre-et-beaute","category-spiritualite-2"],"acf":[],"yoast_head":"<!-- This site is optimized with the Yoast SEO plugin v27.4 - https:\/\/yoast.com\/product\/yoast-seo-wordpress\/ -->\n<title>Comment se pr\u00e9parer \u00e0 une retraite spirituelle\u2009?\u00a0 - Beauty Therapy<\/title>\n<meta name=\"description\" content=\"Vous vous sentez \u00e9puis\u00e9\u2e31e et d\u00e9pass\u00e9\u2e31e par la fr\u00e9n\u00e9sie de votre vie quotidienne\u2009? Vous ressentez le besoin de l\u00e2cher prise et de vous d\u00e9connecter du monde ext\u00e9rieur\u2009? Une retraite spirituelle peut \u00eatre l\u2019occasion de prendre du recul et de vous offrir une pause bien m\u00e9rit\u00e9e.\" \/>\n<meta name=\"robots\" content=\"index, follow, max-snippet:-1, max-image-preview:large, max-video-preview:-1\" \/>\n<link rel=\"canonical\" href=\"https:\/\/beautytherapy.absolution-cosmetics.com\/fr\/bien-etre\/preparation-retraite-spirituelle\/\" \/>\n<meta property=\"og:locale\" content=\"fr_FR\" \/>\n<meta property=\"og:type\" content=\"article\" \/>\n<meta property=\"og:title\" content=\"Comment se pr\u00e9parer \u00e0 une retraite spirituelle\u2009?\u00a0 - Beauty Therapy\" \/>\n<meta property=\"og:description\" content=\"Vous vous sentez \u00e9puis\u00e9\u2e31e et d\u00e9pass\u00e9\u2e31e par la fr\u00e9n\u00e9sie de votre vie quotidienne\u2009? Vous ressentez le besoin de l\u00e2cher prise et de vous d\u00e9connecter du monde ext\u00e9rieur\u2009? Une retraite spirituelle peut \u00eatre l\u2019occasion de prendre du recul et de vous offrir une pause bien m\u00e9rit\u00e9e.\" \/>\n<meta property=\"og:url\" content=\"https:\/\/beautytherapy.absolution-cosmetics.com\/fr\/bien-etre\/preparation-retraite-spirituelle\/\" \/>\n<meta property=\"og:site_name\" content=\"Beauty Therapy\" \/>\n<meta property=\"article:author\" content=\"https:\/\/www.facebook.com\/absolutioncosmetics\" \/>\n<meta property=\"article:published_time\" content=\"2023-05-26T17:00:59+00:00\" \/>\n<meta property=\"article:modified_time\" content=\"2024-12-09T07:33:28+00:00\" \/>\n<meta property=\"og:image\" content=\"https:\/\/beautytherapy.absolution-cosmetics.com\/wp-content\/uploads\/2023\/05\/01_PREPARATION_RETRAITE_SPIRITUELLE_COUV.jpg\" \/>\n\t<meta property=\"og:image:width\" content=\"1500\" \/>\n\t<meta property=\"og:image:height\" content=\"1000\" \/>\n\t<meta property=\"og:image:type\" content=\"image\/jpeg\" \/>\n<meta name=\"author\" content=\"Edito Beauty Therapy\" \/>\n<meta name=\"twitter:card\" content=\"summary_large_image\" \/>\n<meta name=\"twitter:label1\" content=\"\u00c9crit par\" \/>\n\t<meta name=\"twitter:data1\" content=\"Edito Beauty Therapy\" \/>\n\t<meta name=\"twitter:label2\" content=\"Dur\u00e9e de lecture estim\u00e9e\" \/>\n\t<meta name=\"twitter:data2\" content=\"7 minutes\" \/>\n<script type=\"application\/ld+json\" class=\"yoast-schema-graph\">{\"@context\":\"https:\\\/\\\/schema.org\",\"@graph\":[{\"@type\":\"Article\",\"@id\":\"https:\\\/\\\/beautytherapy.absolution-cosmetics.com\\\/fr\\\/bien-etre\\\/preparation-retraite-spirituelle\\\/#article\",\"isPartOf\":{\"@id\":\"https:\\\/\\\/beautytherapy.absolution-cosmetics.com\\\/fr\\\/bien-etre\\\/preparation-retraite-spirituelle\\\/\"},\"author\":{\"name\":\"Edito Beauty Therapy\",\"@id\":\"https:\\\/\\\/beautytherapy.absolution-cosmetics.com\\\/fr\\\/#\\\/schema\\\/person\\\/39fa4ed518c548c2f2b7d6a399786b66\"},\"headline\":\"Comment se pr\u00e9parer \u00e0 une retraite spirituelle\u2009?\u00a0\",\"datePublished\":\"2023-05-26T17:00:59+00:00\",\"dateModified\":\"2024-12-09T07:33:28+00:00\",\"mainEntityOfPage\":{\"@id\":\"https:\\\/\\\/beautytherapy.absolution-cosmetics.com\\\/fr\\\/bien-etre\\\/preparation-retraite-spirituelle\\\/\"},\"wordCount\":1317,\"commentCount\":0,\"publisher\":{\"@id\":\"https:\\\/\\\/beautytherapy.absolution-cosmetics.com\\\/fr\\\/#organization\"},\"image\":{\"@id\":\"https:\\\/\\\/beautytherapy.absolution-cosmetics.com\\\/fr\\\/bien-etre\\\/preparation-retraite-spirituelle\\\/#primaryimage\"},\"thumbnailUrl\":\"https:\\\/\\\/beautytherapy.absolution-cosmetics.com\\\/wp-content\\\/uploads\\\/2023\\\/05\\\/01_PREPARATION_RETRAITE_SPIRITUELLE_COUV.jpg\",\"articleSection\":[\"Bien-\u00eatre\",\"Bien-\u00eatre et beaut\u00e9\",\"Spiritualit\u00e9\"],\"inLanguage\":\"fr-FR\",\"potentialAction\":[{\"@type\":\"CommentAction\",\"name\":\"Comment\",\"target\":[\"https:\\\/\\\/beautytherapy.absolution-cosmetics.com\\\/fr\\\/bien-etre\\\/preparation-retraite-spirituelle\\\/#respond\"]}]},{\"@type\":\"WebPage\",\"@id\":\"https:\\\/\\\/beautytherapy.absolution-cosmetics.com\\\/fr\\\/bien-etre\\\/preparation-retraite-spirituelle\\\/\",\"url\":\"https:\\\/\\\/beautytherapy.absolution-cosmetics.com\\\/fr\\\/bien-etre\\\/preparation-retraite-spirituelle\\\/\",\"name\":\"Comment se pr\u00e9parer \u00e0 une retraite spirituelle\u2009?\u00a0 - Beauty Therapy\",\"isPartOf\":{\"@id\":\"https:\\\/\\\/beautytherapy.absolution-cosmetics.com\\\/fr\\\/#website\"},\"primaryImageOfPage\":{\"@id\":\"https:\\\/\\\/beautytherapy.absolution-cosmetics.com\\\/fr\\\/bien-etre\\\/preparation-retraite-spirituelle\\\/#primaryimage\"},\"image\":{\"@id\":\"https:\\\/\\\/beautytherapy.absolution-cosmetics.com\\\/fr\\\/bien-etre\\\/preparation-retraite-spirituelle\\\/#primaryimage\"},\"thumbnailUrl\":\"https:\\\/\\\/beautytherapy.absolution-cosmetics.com\\\/wp-content\\\/uploads\\\/2023\\\/05\\\/01_PREPARATION_RETRAITE_SPIRITUELLE_COUV.jpg\",\"datePublished\":\"2023-05-26T17:00:59+00:00\",\"dateModified\":\"2024-12-09T07:33:28+00:00\",\"description\":\"Vous vous sentez \u00e9puis\u00e9\u2e31e et d\u00e9pass\u00e9\u2e31e par la fr\u00e9n\u00e9sie de votre vie quotidienne\u2009? Vous ressentez le besoin de l\u00e2cher prise et de vous d\u00e9connecter du monde ext\u00e9rieur\u2009? Une retraite spirituelle peut \u00eatre l\u2019occasion de prendre du recul et de vous offrir une pause bien m\u00e9rit\u00e9e.\",\"breadcrumb\":{\"@id\":\"https:\\\/\\\/beautytherapy.absolution-cosmetics.com\\\/fr\\\/bien-etre\\\/preparation-retraite-spirituelle\\\/#breadcrumb\"},\"inLanguage\":\"fr-FR\",\"potentialAction\":[{\"@type\":\"ReadAction\",\"target\":[\"https:\\\/\\\/beautytherapy.absolution-cosmetics.com\\\/fr\\\/bien-etre\\\/preparation-retraite-spirituelle\\\/\"]}]},{\"@type\":\"ImageObject\",\"inLanguage\":\"fr-FR\",\"@id\":\"https:\\\/\\\/beautytherapy.absolution-cosmetics.com\\\/fr\\\/bien-etre\\\/preparation-retraite-spirituelle\\\/#primaryimage\",\"url\":\"https:\\\/\\\/beautytherapy.absolution-cosmetics.com\\\/wp-content\\\/uploads\\\/2023\\\/05\\\/01_PREPARATION_RETRAITE_SPIRITUELLE_COUV.jpg\",\"contentUrl\":\"https:\\\/\\\/beautytherapy.absolution-cosmetics.com\\\/wp-content\\\/uploads\\\/2023\\\/05\\\/01_PREPARATION_RETRAITE_SPIRITUELLE_COUV.jpg\",\"width\":1500,\"height\":1000},{\"@type\":\"BreadcrumbList\",\"@id\":\"https:\\\/\\\/beautytherapy.absolution-cosmetics.com\\\/fr\\\/bien-etre\\\/preparation-retraite-spirituelle\\\/#breadcrumb\",\"itemListElement\":[{\"@type\":\"ListItem\",\"position\":1,\"name\":\"Home\",\"item\":\"https:\\\/\\\/beautytherapy.absolution-cosmetics.com\\\/fr\\\/\"},{\"@type\":\"ListItem\",\"position\":2,\"name\":\"Bien-\u00eatre\",\"item\":\"https:\\\/\\\/beautytherapy.absolution-cosmetics.com\\\/fr\\\/bien-etre\\\/\"},{\"@type\":\"ListItem\",\"position\":3,\"name\":\"Bien-\u00eatre et beaut\u00e9\",\"item\":\"https:\\\/\\\/beautytherapy.absolution-cosmetics.com\\\/fr\\\/bien-etre\\\/bien-etre-et-beaute\\\/\"},{\"@type\":\"ListItem\",\"position\":4,\"name\":\"Comment se pr\u00e9parer \u00e0 une retraite spirituelle\u2009?\u00a0\"}]},{\"@type\":\"WebSite\",\"@id\":\"https:\\\/\\\/beautytherapy.absolution-cosmetics.com\\\/fr\\\/#website\",\"url\":\"https:\\\/\\\/beautytherapy.absolution-cosmetics.com\\\/fr\\\/\",\"name\":\"Beauty Therapy\",\"description\":\"\",\"publisher\":{\"@id\":\"https:\\\/\\\/beautytherapy.absolution-cosmetics.com\\\/fr\\\/#organization\"},\"inLanguage\":\"fr-FR\"},{\"@type\":\"Organization\",\"@id\":\"https:\\\/\\\/beautytherapy.absolution-cosmetics.com\\\/fr\\\/#organization\",\"name\":\"Beauty Therapy\",\"url\":\"https:\\\/\\\/beautytherapy.absolution-cosmetics.com\\\/fr\\\/\",\"logo\":{\"@type\":\"ImageObject\",\"inLanguage\":\"fr-FR\",\"@id\":\"https:\\\/\\\/beautytherapy.absolution-cosmetics.com\\\/fr\\\/#\\\/schema\\\/logo\\\/image\\\/\",\"url\":\"https:\\\/\\\/beautytherapy.absolution-cosmetics.com\\\/wp-content\\\/uploads\\\/2020\\\/02\\\/beauty-therapy-logo.png\",\"contentUrl\":\"https:\\\/\\\/beautytherapy.absolution-cosmetics.com\\\/wp-content\\\/uploads\\\/2020\\\/02\\\/beauty-therapy-logo.png\",\"width\":424,\"height\":212,\"caption\":\"Beauty Therapy\"},\"image\":{\"@id\":\"https:\\\/\\\/beautytherapy.absolution-cosmetics.com\\\/fr\\\/#\\\/schema\\\/logo\\\/image\\\/\"}},{\"@type\":\"Person\",\"@id\":\"https:\\\/\\\/beautytherapy.absolution-cosmetics.com\\\/fr\\\/#\\\/schema\\\/person\\\/39fa4ed518c548c2f2b7d6a399786b66\",\"name\":\"Edito Beauty Therapy\",\"description\":\"L\u2019objectif d\u2019Absolution est \u00e0 la fois tout simple et merveilleusement complexe : retrouver la Beaut\u00e9 ! Celle du monde qui nous entoure, celle du monde que l\u2019on contient... celle qui se cache dans votre reflet le matin ! Les soins Absolution effacent les scories de nos vies d\u2019urbains : chaque jour ils offrent \u00e0 notre peau un retour \u00e0 sa beaut\u00e9 originelle en restaurant son \u00e9cosyst\u00e8me naturel et en l\u2019amenant \u00e0 son \u00e9tat optimum. \u00c9labor\u00e9e \u00e0 partir d\u2019extraits v\u00e9g\u00e9taux certifi\u00e9s bio ou sauvages, de min\u00e9raux et de vitamines, Absolution allie d\u00e9licatesse des textures et des senteurs, simplicit\u00e9 d\u2019utilisation et totale efficacit\u00e9 des formules. Absolution c\u2019est aussi une volont\u00e9 : celle de transmettre une fa\u00e7on de voir le monde qui fait \u00e9merger la beaut\u00e9 partout o\u00f9 elle est. Partagez-la avec nous ! @absolution_cosmetics #absolutioncosmetics #retrouverlabeaut\u00e9\",\"sameAs\":[\"https:\\\/\\\/www.absolution-cosmetics.com\\\/fr\\\/\",\"https:\\\/\\\/www.facebook.com\\\/absolutioncosmetics\",\"https:\\\/\\\/www.instagram.com\\\/absolution_cosmetics\\\/\"],\"url\":\"https:\\\/\\\/beautytherapy.absolution-cosmetics.com\\\/fr\\\/author\\\/l-equipe-absolution\\\/\"}]}<\/script>\n<!-- \/ Yoast SEO plugin. -->","yoast_head_json":{"title":"Comment se pr\u00e9parer \u00e0 une retraite spirituelle\u2009?\u00a0 - Beauty Therapy","description":"Vous vous sentez \u00e9puis\u00e9\u2e31e et d\u00e9pass\u00e9\u2e31e par la fr\u00e9n\u00e9sie de votre vie quotidienne\u2009? Vous ressentez le besoin de l\u00e2cher prise et de vous d\u00e9connecter du monde ext\u00e9rieur\u2009? Une retraite spirituelle peut \u00eatre l\u2019occasion de prendre du recul et de vous offrir une pause bien m\u00e9rit\u00e9e.","robots":{"index":"index","follow":"follow","max-snippet":"max-snippet:-1","max-image-preview":"max-image-preview:large","max-video-preview":"max-video-preview:-1"},"canonical":"https:\/\/beautytherapy.absolution-cosmetics.com\/fr\/bien-etre\/preparation-retraite-spirituelle\/","og_locale":"fr_FR","og_type":"article","og_title":"Comment se pr\u00e9parer \u00e0 une retraite spirituelle\u2009?\u00a0 - Beauty Therapy","og_description":"Vous vous sentez \u00e9puis\u00e9\u2e31e et d\u00e9pass\u00e9\u2e31e par la fr\u00e9n\u00e9sie de votre vie quotidienne\u2009? Vous ressentez le besoin de l\u00e2cher prise et de vous d\u00e9connecter du monde ext\u00e9rieur\u2009? Une retraite spirituelle peut \u00eatre l\u2019occasion de prendre du recul et de vous offrir une pause bien m\u00e9rit\u00e9e.","og_url":"https:\/\/beautytherapy.absolution-cosmetics.com\/fr\/bien-etre\/preparation-retraite-spirituelle\/","og_site_name":"Beauty Therapy","article_author":"https:\/\/www.facebook.com\/absolutioncosmetics","article_published_time":"2023-05-26T17:00:59+00:00","article_modified_time":"2024-12-09T07:33:28+00:00","og_image":[{"width":1500,"height":1000,"url":"https:\/\/beautytherapy.absolution-cosmetics.com\/wp-content\/uploads\/2023\/05\/01_PREPARATION_RETRAITE_SPIRITUELLE_COUV.jpg","type":"image\/jpeg"}],"author":"Edito Beauty Therapy","twitter_card":"summary_large_image","twitter_misc":{"\u00c9crit par":"Edito Beauty Therapy","Dur\u00e9e de lecture estim\u00e9e":"7 minutes"},"schema":{"@context":"https:\/\/schema.org","@graph":[{"@type":"Article","@id":"https:\/\/beautytherapy.absolution-cosmetics.com\/fr\/bien-etre\/preparation-retraite-spirituelle\/#article","isPartOf":{"@id":"https:\/\/beautytherapy.absolution-cosmetics.com\/fr\/bien-etre\/preparation-retraite-spirituelle\/"},"author":{"name":"Edito Beauty Therapy","@id":"https:\/\/beautytherapy.absolution-cosmetics.com\/fr\/#\/schema\/person\/39fa4ed518c548c2f2b7d6a399786b66"},"headline":"Comment se pr\u00e9parer \u00e0 une retraite spirituelle\u2009?\u00a0","datePublished":"2023-05-26T17:00:59+00:00","dateModified":"2024-12-09T07:33:28+00:00","mainEntityOfPage":{"@id":"https:\/\/beautytherapy.absolution-cosmetics.com\/fr\/bien-etre\/preparation-retraite-spirituelle\/"},"wordCount":1317,"commentCount":0,"publisher":{"@id":"https:\/\/beautytherapy.absolution-cosmetics.com\/fr\/#organization"},"image":{"@id":"https:\/\/beautytherapy.absolution-cosmetics.com\/fr\/bien-etre\/preparation-retraite-spirituelle\/#primaryimage"},"thumbnailUrl":"https:\/\/beautytherapy.absolution-cosmetics.com\/wp-content\/uploads\/2023\/05\/01_PREPARATION_RETRAITE_SPIRITUELLE_COUV.jpg","articleSection":["Bien-\u00eatre","Bien-\u00eatre et beaut\u00e9","Spiritualit\u00e9"],"inLanguage":"fr-FR","potentialAction":[{"@type":"CommentAction","name":"Comment","target":["https:\/\/beautytherapy.absolution-cosmetics.com\/fr\/bien-etre\/preparation-retraite-spirituelle\/#respond"]}]},{"@type":"WebPage","@id":"https:\/\/beautytherapy.absolution-cosmetics.com\/fr\/bien-etre\/preparation-retraite-spirituelle\/","url":"https:\/\/beautytherapy.absolution-cosmetics.com\/fr\/bien-etre\/preparation-retraite-spirituelle\/","name":"Comment se pr\u00e9parer \u00e0 une retraite spirituelle\u2009?\u00a0 - Beauty Therapy","isPartOf":{"@id":"https:\/\/beautytherapy.absolution-cosmetics.com\/fr\/#website"},"primaryImageOfPage":{"@id":"https:\/\/beautytherapy.absolution-cosmetics.com\/fr\/bien-etre\/preparation-retraite-spirituelle\/#primaryimage"},"image":{"@id":"https:\/\/beautytherapy.absolution-cosmetics.com\/fr\/bien-etre\/preparation-retraite-spirituelle\/#primaryimage"},"thumbnailUrl":"https:\/\/beautytherapy.absolution-cosmetics.com\/wp-content\/uploads\/2023\/05\/01_PREPARATION_RETRAITE_SPIRITUELLE_COUV.jpg","datePublished":"2023-05-26T17:00:59+00:00","dateModified":"2024-12-09T07:33:28+00:00","description":"Vous vous sentez \u00e9puis\u00e9\u2e31e et d\u00e9pass\u00e9\u2e31e par la fr\u00e9n\u00e9sie de votre vie quotidienne\u2009? Vous ressentez le besoin de l\u00e2cher prise et de vous d\u00e9connecter du monde ext\u00e9rieur\u2009? Une retraite spirituelle peut \u00eatre l\u2019occasion de prendre du recul et de vous offrir une pause bien m\u00e9rit\u00e9e.","breadcrumb":{"@id":"https:\/\/beautytherapy.absolution-cosmetics.com\/fr\/bien-etre\/preparation-retraite-spirituelle\/#breadcrumb"},"inLanguage":"fr-FR","potentialAction":[{"@type":"ReadAction","target":["https:\/\/beautytherapy.absolution-cosmetics.com\/fr\/bien-etre\/preparation-retraite-spirituelle\/"]}]},{"@type":"ImageObject","inLanguage":"fr-FR","@id":"https:\/\/beautytherapy.absolution-cosmetics.com\/fr\/bien-etre\/preparation-retraite-spirituelle\/#primaryimage","url":"https:\/\/beautytherapy.absolution-cosmetics.com\/wp-content\/uploads\/2023\/05\/01_PREPARATION_RETRAITE_SPIRITUELLE_COUV.jpg","contentUrl":"https:\/\/beautytherapy.absolution-cosmetics.com\/wp-content\/uploads\/2023\/05\/01_PREPARATION_RETRAITE_SPIRITUELLE_COUV.jpg","width":1500,"height":1000},{"@type":"BreadcrumbList","@id":"https:\/\/beautytherapy.absolution-cosmetics.com\/fr\/bien-etre\/preparation-retraite-spirituelle\/#breadcrumb","itemListElement":[{"@type":"ListItem","position":1,"name":"Home","item":"https:\/\/beautytherapy.absolution-cosmetics.com\/fr\/"},{"@type":"ListItem","position":2,"name":"Bien-\u00eatre","item":"https:\/\/beautytherapy.absolution-cosmetics.com\/fr\/bien-etre\/"},{"@type":"ListItem","position":3,"name":"Bien-\u00eatre et beaut\u00e9","item":"https:\/\/beautytherapy.absolution-cosmetics.com\/fr\/bien-etre\/bien-etre-et-beaute\/"},{"@type":"ListItem","position":4,"name":"Comment se pr\u00e9parer \u00e0 une retraite spirituelle\u2009?\u00a0"}]},{"@type":"WebSite","@id":"https:\/\/beautytherapy.absolution-cosmetics.com\/fr\/#website","url":"https:\/\/beautytherapy.absolution-cosmetics.com\/fr\/","name":"Beauty Therapy","description":"","publisher":{"@id":"https:\/\/beautytherapy.absolution-cosmetics.com\/fr\/#organization"},"inLanguage":"fr-FR"},{"@type":"Organization","@id":"https:\/\/beautytherapy.absolution-cosmetics.com\/fr\/#organization","name":"Beauty Therapy","url":"https:\/\/beautytherapy.absolution-cosmetics.com\/fr\/","logo":{"@type":"ImageObject","inLanguage":"fr-FR","@id":"https:\/\/beautytherapy.absolution-cosmetics.com\/fr\/#\/schema\/logo\/image\/","url":"https:\/\/beautytherapy.absolution-cosmetics.com\/wp-content\/uploads\/2020\/02\/beauty-therapy-logo.png","contentUrl":"https:\/\/beautytherapy.absolution-cosmetics.com\/wp-content\/uploads\/2020\/02\/beauty-therapy-logo.png","width":424,"height":212,"caption":"Beauty Therapy"},"image":{"@id":"https:\/\/beautytherapy.absolution-cosmetics.com\/fr\/#\/schema\/logo\/image\/"}},{"@type":"Person","@id":"https:\/\/beautytherapy.absolution-cosmetics.com\/fr\/#\/schema\/person\/39fa4ed518c548c2f2b7d6a399786b66","name":"Edito Beauty Therapy","description":"L\u2019objectif d\u2019Absolution est \u00e0 la fois tout simple et merveilleusement complexe : retrouver la Beaut\u00e9 ! Celle du monde qui nous entoure, celle du monde que l\u2019on contient... celle qui se cache dans votre reflet le matin ! Les soins Absolution effacent les scories de nos vies d\u2019urbains : chaque jour ils offrent \u00e0 notre peau un retour \u00e0 sa beaut\u00e9 originelle en restaurant son \u00e9cosyst\u00e8me naturel et en l\u2019amenant \u00e0 son \u00e9tat optimum. \u00c9labor\u00e9e \u00e0 partir d\u2019extraits v\u00e9g\u00e9taux certifi\u00e9s bio ou sauvages, de min\u00e9raux et de vitamines, Absolution allie d\u00e9licatesse des textures et des senteurs, simplicit\u00e9 d\u2019utilisation et totale efficacit\u00e9 des formules. Absolution c\u2019est aussi une volont\u00e9 : celle de transmettre une fa\u00e7on de voir le monde qui fait \u00e9merger la beaut\u00e9 partout o\u00f9 elle est. Partagez-la avec nous ! @absolution_cosmetics #absolutioncosmetics #retrouverlabeaut\u00e9","sameAs":["https:\/\/www.absolution-cosmetics.com\/fr\/","https:\/\/www.facebook.com\/absolutioncosmetics","https:\/\/www.instagram.com\/absolution_cosmetics\/"],"url":"https:\/\/beautytherapy.absolution-cosmetics.com\/fr\/author\/l-equipe-absolution\/"}]}},"_links":{"self":[{"href":"https:\/\/beautytherapy.absolution-cosmetics.com\/fr\/wp-json\/wp\/v2\/posts\/9616","targetHints":{"allow":["GET"]}}],"collection":[{"href":"https:\/\/beautytherapy.absolution-cosmetics.com\/fr\/wp-json\/wp\/v2\/posts"}],"about":[{"href":"https:\/\/beautytherapy.absolution-cosmetics.com\/fr\/wp-json\/wp\/v2\/types\/post"}],"author":[{"embeddable":true,"href":"https:\/\/beautytherapy.absolution-cosmetics.com\/fr\/wp-json\/wp\/v2\/users\/24"}],"replies":[{"embeddable":true,"href":"https:\/\/beautytherapy.absolution-cosmetics.com\/fr\/wp-json\/wp\/v2\/comments?post=9616"}],"version-history":[{"count":2,"href":"https:\/\/beautytherapy.absolution-cosmetics.com\/fr\/wp-json\/wp\/v2\/posts\/9616\/revisions"}],"predecessor-version":[{"id":23619,"href":"https:\/\/beautytherapy.absolution-cosmetics.com\/fr\/wp-json\/wp\/v2\/posts\/9616\/revisions\/23619"}],"wp:featuredmedia":[{"embeddable":true,"href":"https:\/\/beautytherapy.absolution-cosmetics.com\/fr\/wp-json\/wp\/v2\/media\/9623"}],"wp:attachment":[{"href":"https:\/\/beautytherapy.absolution-cosmetics.com\/fr\/wp-json\/wp\/v2\/media?parent=9616"}],"wp:term":[{"taxonomy":"category","embeddable":true,"href":"https:\/\/beautytherapy.absolution-cosmetics.com\/fr\/wp-json\/wp\/v2\/categories?post=9616"},{"taxonomy":"post_tag","embeddable":true,"href":"https:\/\/beautytherapy.absolution-cosmetics.com\/fr\/wp-json\/wp\/v2\/tags?post=9616"}],"curies":[{"name":"wp","href":"https:\/\/api.w.org\/{rel}","templated":true}]}}